{"id":4468,"date":"2017-03-27T21:07:28","date_gmt":"2017-03-28T00:07:28","guid":{"rendered":"https:\/\/fatosfotoseregistros.wordpress.com\/?p=4468"},"modified":"2026-08-09T12:24:19","modified_gmt":"2026-08-09T15:24:19","slug":"ieclb-igreja-evangelica-de-confissao-luterana-no-brasil-pomerode-centro","status":"publish","type":"post","link":"https:\/\/www.kanenberg.com.br\/fatosfotoseregistros\/ieclb-igreja-evangelica-de-confissao-luterana-no-brasil-pomerode-centro\/","title":{"rendered":"IECLB &#8211; Igreja Evang\u00e9lica de Confiss\u00e3o Luterana no Brasil Pomerode Centro"},"content":{"rendered":"<p style=\"text-align: justify;\">Igreja Evang\u00e9lica de Confiss\u00e3o Luterana no Brasil Pomerode Centro &#8211; Igreja da Paz.<\/p>\n<p style=\"text-align: justify;\"><img loading=\"lazy\" decoding=\"async\" data-attachment-id=\"4475\" data-permalink=\"https:\/\/www.kanenberg.com.br\/fatosfotoseregistros\/ieclb-igreja-evangelica-de-confissao-luterana-no-brasil-pomerode-centro\/ieclb1\/\" data-orig-file=\"https:\/\/www.kanenberg.com.br\/fatosfotoseregistros\/wp-content\/uploads\/2017\/03\/ieclb1.jpg\" data-orig-size=\"720,960\" data-comments-opened=\"1\" data-image-meta=\"{&quot;aperture&quot;:&quot;0&quot;,&quot;credit&quot;:&quot;&quot;,&quot;camera&quot;:&quot;&quot;,&quot;caption&quot;:&quot;&quot;,&quot;created_timestamp&quot;:&quot;0&quot;,&quot;copyright&quot;:&quot;&quot;,&quot;focal_length&quot;:&quot;0&quot;,&quot;iso&quot;:&quot;0&quot;,&quot;shutter_speed&quot;:&quot;0&quot;,&quot;title&quot;:&quot;&quot;,&quot;orientation&quot;:&quot;0&quot;}\" data-image-title=\"ieclb1\" data-image-description=\"\" data-image-caption=\"\" data-large-file=\"https:\/\/www.kanenberg.com.br\/fatosfotoseregistros\/wp-content\/uploads\/2017\/03\/ieclb1.jpg\" class=\"aligncenter wp-image-4475 size-full\" src=\"https:\/\/www.kanenberg.com.br\/fatosfotoseregistros\/wp-content\/uploads\/2017\/03\/ieclb1.jpg\" alt=\"ieclb1\" width=\"720\" height=\"960\" srcset=\"https:\/\/www.kanenberg.com.br\/fatosfotoseregistros\/wp-content\/uploads\/2017\/03\/ieclb1.jpg 720w, https:\/\/www.kanenberg.com.br\/fatosfotoseregistros\/wp-content\/uploads\/2017\/03\/ieclb1-225x300.jpg 225w\" sizes=\"auto, (max-width: 720px) 100vw, 720px\" \/><\/p>\n<p style=\"text-align: justify;\">Esta \u00e9 a segunda igreja mais antiga da cidade de Pomerode (SC) da Comunidade Evang\u00e9lica de Confiss\u00e3o Luterana no Brasil.<\/p>\n<p style=\"text-align: justify;\">A constru\u00e7\u00e3o foi um marco na hist\u00f3ria do desenvolvimento da cidade, conta o pastor Rolf Roeder. A obra teve in\u00edcio em 1884 e a igreja foi inaugurada em 1\u00ba de novembro de 1885. Mas a estrutura foi conclu\u00edda apenas 15 anos depois.<\/p>\n<p style=\"text-align: justify;\">A torre com os tr\u00eas sinos foi constru\u00edda s\u00f3 em 1900, depois da proclama\u00e7\u00e3o da Rep\u00fablica. Antes n\u00e3o podia porque, como a religi\u00e3o oficial do Imp\u00e9rio era a cat\u00f3lica, as outras cren\u00e7as podiam construir seus templos, mas eles n\u00e3o podiam ter aspecto de igreja. Depois de 1889 \u00e9 que se p\u00f4de construir a torre para os sinos \u2013 revela.<\/p>\n<p style=\"text-align: justify;\"><img loading=\"lazy\" decoding=\"async\" data-attachment-id=\"4476\" data-permalink=\"https:\/\/www.kanenberg.com.br\/fatosfotoseregistros\/ieclb-igreja-evangelica-de-confissao-luterana-no-brasil-pomerode-centro\/ieclb2\/\" data-orig-file=\"https:\/\/www.kanenberg.com.br\/fatosfotoseregistros\/wp-content\/uploads\/2017\/03\/ieclb2.jpg\" data-orig-size=\"500,770\" data-comments-opened=\"1\" data-image-meta=\"{&quot;aperture&quot;:&quot;0&quot;,&quot;credit&quot;:&quot;&quot;,&quot;camera&quot;:&quot;&quot;,&quot;caption&quot;:&quot;&quot;,&quot;created_timestamp&quot;:&quot;0&quot;,&quot;copyright&quot;:&quot;&quot;,&quot;focal_length&quot;:&quot;0&quot;,&quot;iso&quot;:&quot;0&quot;,&quot;shutter_speed&quot;:&quot;0&quot;,&quot;title&quot;:&quot;&quot;,&quot;orientation&quot;:&quot;0&quot;}\" data-image-title=\"ieclb2\" data-image-description=\"\" data-image-caption=\"\" data-large-file=\"https:\/\/www.kanenberg.com.br\/fatosfotoseregistros\/wp-content\/uploads\/2017\/03\/ieclb2.jpg\" class=\"aligncenter wp-image-4476 size-full\" src=\"https:\/\/www.kanenberg.com.br\/fatosfotoseregistros\/wp-content\/uploads\/2017\/03\/ieclb2.jpg\" alt=\"ieclb2\" width=\"500\" height=\"770\" srcset=\"https:\/\/www.kanenberg.com.br\/fatosfotoseregistros\/wp-content\/uploads\/2017\/03\/ieclb2.jpg 500w, https:\/\/www.kanenberg.com.br\/fatosfotoseregistros\/wp-content\/uploads\/2017\/03\/ieclb2-195x300.jpg 195w\" sizes=\"auto, (max-width: 500px) 100vw, 500px\" \/><\/p>\n<p style=\"text-align: justify;\">Os sinos, ali\u00e1s, vieram da Alemanha diretamente para a igreja. Os tr\u00eas s\u00e3o feitos de a\u00e7o e o primeiro, que \u00e9 maior, tem forjada a inscri\u00e7\u00e3o \u201camai os irm\u00e3os\u201d em alem\u00e3o. Eles foram enviados de navio para o porto de Itaja\u00ed e depois seguiram em tr\u00eas carro\u00e7as at\u00e9 Pomerode. A cidade cresceu praticamente ao redor do templo luterano, que atualmente fica exatamente no Centro, e at\u00e9 hoje tem uma das maiores comunidades luteranas da regi\u00e3o. O pastor Roeder estima que, dos 31,1 mil habitantes, entre 14 e 16 mil sejam praticantes da religi\u00e3o:<\/p>\n<p style=\"text-align: justify;\">\u2013 Ultimamente tem mudado um pouco, j\u00e1 que a cidade recebeu muitos imigrantes e eles trazem as suas religi\u00f5es, ent\u00e3o a cat\u00f3lica e tamb\u00e9m as pentecostais t\u00eam crescido bastante, mas a comunidade luterana ainda \u00e9 muito significativa.<\/p>\n<p style=\"text-align: justify;\">A Arquitetura da Igreja da Paz em Pomerode &#8211; apresenta elementos g\u00f3ticos, no desenho de suas janelas com a presen\u00e7a dos arco ogival, &#8220;pseudos&#8221; contrafortes, torre, ros\u00e1ceas, e uma verticalidade proporcional a suas dimens\u00f5es. O estilo adotado pode ser considerado como o estilo neog\u00f3tico ou goticismo.<\/p>\n<p style=\"text-align: justify;\">Logo ap\u00f3s a Proclama\u00e7\u00e3o da Rep\u00fablica &#8211; final do anos de 1889, iniciou-se provid\u00eancias para a constru\u00e7\u00e3o da torre da igreja. Em 1900, com a separa\u00e7\u00e3o da Igreja cat\u00f3lica do Estado, foi constru\u00edda uma torre na frente da edifica\u00e7\u00e3o religiosa com uma altura total de 35 metros.<\/p>\n<p style=\"text-align: justify;\">Na frente da igreja &#8211; originalmente est\u00e1 o Cemit\u00e9rio do Imigrante, talvez ali estejam sepultados os mesmos que participaram de sua constru\u00e7\u00e3o.<\/p>\n<p style=\"text-align: justify;\"><img loading=\"lazy\" decoding=\"async\" data-attachment-id=\"4477\" data-permalink=\"https:\/\/www.kanenberg.com.br\/fatosfotoseregistros\/ieclb-igreja-evangelica-de-confissao-luterana-no-brasil-pomerode-centro\/ieclb3\/\" data-orig-file=\"https:\/\/www.kanenberg.com.br\/fatosfotoseregistros\/wp-content\/uploads\/2017\/03\/ieclb3.jpg\" data-orig-size=\"632,960\" data-comments-opened=\"1\" data-image-meta=\"{&quot;aperture&quot;:&quot;0&quot;,&quot;credit&quot;:&quot;&quot;,&quot;camera&quot;:&quot;&quot;,&quot;caption&quot;:&quot;&quot;,&quot;created_timestamp&quot;:&quot;0&quot;,&quot;copyright&quot;:&quot;&quot;,&quot;focal_length&quot;:&quot;0&quot;,&quot;iso&quot;:&quot;0&quot;,&quot;shutter_speed&quot;:&quot;0&quot;,&quot;title&quot;:&quot;&quot;,&quot;orientation&quot;:&quot;0&quot;}\" data-image-title=\"ieclb3\" data-image-description=\"\" data-image-caption=\"\" data-large-file=\"https:\/\/www.kanenberg.com.br\/fatosfotoseregistros\/wp-content\/uploads\/2017\/03\/ieclb3.jpg\" class=\"aligncenter wp-image-4477 size-full\" src=\"https:\/\/www.kanenberg.com.br\/fatosfotoseregistros\/wp-content\/uploads\/2017\/03\/ieclb3.jpg\" alt=\"ieclb3\" width=\"632\" height=\"960\" srcset=\"https:\/\/www.kanenberg.com.br\/fatosfotoseregistros\/wp-content\/uploads\/2017\/03\/ieclb3.jpg 632w, https:\/\/www.kanenberg.com.br\/fatosfotoseregistros\/wp-content\/uploads\/2017\/03\/ieclb3-198x300.jpg 198w\" sizes=\"auto, (max-width: 632px) 100vw, 632px\" \/><\/p>\n<p style=\"text-align: justify;\">A implanta\u00e7\u00e3o da igreja no terreno no contexto atual ficou um pouco sem sentido, porque a maneira de transitar na cidade mudou. Na \u00e9poca de sua constru\u00e7\u00e3o, na frente da igreja passava um estrada, atravessava o rio (local onde era mais raso). Cogitava-se de construir uma ponte ligando as duas margens do rio. Sem ponte sobre o rio, ocorria sua travessia pelas carro\u00e7as e transeuntes a p\u00e9.<\/p>\n<p style=\"text-align: justify;\"><img loading=\"lazy\" decoding=\"async\" data-attachment-id=\"4478\" data-permalink=\"https:\/\/www.kanenberg.com.br\/fatosfotoseregistros\/ieclb-igreja-evangelica-de-confissao-luterana-no-brasil-pomerode-centro\/ieclb4\/\" data-orig-file=\"https:\/\/www.kanenberg.com.br\/fatosfotoseregistros\/wp-content\/uploads\/2017\/03\/ieclb4.jpg\" data-orig-size=\"707,960\" data-comments-opened=\"1\" data-image-meta=\"{&quot;aperture&quot;:&quot;0&quot;,&quot;credit&quot;:&quot;&quot;,&quot;camera&quot;:&quot;&quot;,&quot;caption&quot;:&quot;&quot;,&quot;created_timestamp&quot;:&quot;0&quot;,&quot;copyright&quot;:&quot;&quot;,&quot;focal_length&quot;:&quot;0&quot;,&quot;iso&quot;:&quot;0&quot;,&quot;shutter_speed&quot;:&quot;0&quot;,&quot;title&quot;:&quot;&quot;,&quot;orientation&quot;:&quot;0&quot;}\" data-image-title=\"ieclb4\" data-image-description=\"\" data-image-caption=\"\" data-large-file=\"https:\/\/www.kanenberg.com.br\/fatosfotoseregistros\/wp-content\/uploads\/2017\/03\/ieclb4.jpg\" class=\"aligncenter wp-image-4478 size-full\" src=\"https:\/\/www.kanenberg.com.br\/fatosfotoseregistros\/wp-content\/uploads\/2017\/03\/ieclb4.jpg\" alt=\"ieclb4\" width=\"707\" height=\"960\" srcset=\"https:\/\/www.kanenberg.com.br\/fatosfotoseregistros\/wp-content\/uploads\/2017\/03\/ieclb4.jpg 707w, https:\/\/www.kanenberg.com.br\/fatosfotoseregistros\/wp-content\/uploads\/2017\/03\/ieclb4-221x300.jpg 221w\" sizes=\"auto, (max-width: 707px) 100vw, 707px\" \/><\/p>\n<p style=\"text-align: justify;\">No dia 15 de novembro de 2015, a Igreja da Paz, comemorou seu jubileu de 130 anos.<\/p>\n","protected":false},"excerpt":{"rendered":"<p>Esta \u00e9 a segunda igreja mais antiga da cidade de Pomerode (SC) da Comunidade Evang\u00e9lica de Confiss\u00e3o Luterana no Brasil.<\/p>\n","protected":false},"author":1,"featured_media":0,"comment_status":"open","ping_status":"open","sticky":false,"template":"","format":"standard","meta":{"_exactmetrics_skip_tracking":false,"_jetpack_newsletter_access":"","_jetpack_dont_email_post_to_subs":false,"_jetpack_newsletter_tier_id":0,"_jetpack_memberships_contains_paywalled_content":false,"_jetpack_feature_clip_id":0,"_jetpack_memberships_contains_paid_content":false,"footnotes":"","jetpack_publicize_message":"","jetpack_publicize_feature_enabled":true,"jetpack_social_post_already_shared":true,"jetpack_social_options":{"image_generator_settings":{"template":"highway","default_image_id":0,"font":"","enabled":false},"version":2},"jetpack_post_was_ever_published":false},"categories":[282],"tags":[299,261,300,301],"class_list":["post-4468","post","type-post","status-publish","format-standard","hentry","category-lugares","tag-ieclb","tag-igrejas","tag-pomerode","tag-santa-catarina"],"jetpack_publicize_connections":[],"jetpack_sharing_enabled":true,"jetpack_shortlink":"https:\/\/wp.me\/phkM1X-1a4","jetpack-related-posts":[{"id":6149,"url":"https:\/\/www.kanenberg.com.br\/fatosfotoseregistros\/igreja_antiga_se_rio_de_janeiro\/","url_meta":{"origin":4468,"position":0},"title":"Testemunha da Hist\u00f3ria: Conhe\u00e7a a Igreja de Nossa Senhora do Carmo da Antiga S\u00e9","author":"kanenberg","date":"19 de julho de 2026","format":false,"excerpt":"Se voc\u00ea passa pela agita\u00e7\u00e3o do Centro do Rio de Janeiro, na altura da Pra\u00e7a XV, \u00e9 imposs\u00edvel n\u00e3o notar um imponente conjunto arquitet\u00f4nico que respira o passado colonial e imperial do Brasil. No cora\u00e7\u00e3o desse complexo est\u00e1 a Igreja de Nossa Senhora do Carmo da Antiga S\u00e9.","rel":"","context":"Em &quot;Imagem&quot;","block_context":{"text":"Imagem","link":"https:\/\/www.kanenberg.com.br\/fatosfotoseregistros\/category\/imagem\/"},"img":{"alt_text":"Restos mortais de Pedro \u00c1lvares Cabral","src":"https:\/\/i0.wp.com\/www.kanenberg.com.br\/fatosfotoseregistros\/wp-content\/uploads\/2026\/07\/cabral_cripta.jpg?resize=350%2C200&ssl=1","width":350,"height":200},"classes":[]},{"id":1357,"url":"https:\/\/www.kanenberg.com.br\/fatosfotoseregistros\/central-do-brasil\/","url_meta":{"origin":4468,"position":1},"title":"Central do Brasil","author":"kanenberg","date":"28 de junho de 2016","format":false,"excerpt":"Central do Brasil, lugar conhecido por alguns e desconhecido por outros, admirado por uns e temido por outros, para alguns \u00e9 caminho obrigat\u00f3rio no dia-a-dia, enfim, um lugar cheio de hist\u00f3rias e curiosidades.","rel":"","context":"Em &quot;Imagem&quot;","block_context":{"text":"Imagem","link":"https:\/\/www.kanenberg.com.br\/fatosfotoseregistros\/category\/imagem\/"},"img":{"alt_text":"","src":"https:\/\/i0.wp.com\/www.kanenberg.com.br\/fatosfotoseregistros\/wp-content\/uploads\/2016\/06\/pvargas.jpg?resize=350%2C200&ssl=1","width":350,"height":200,"srcset":"https:\/\/i0.wp.com\/www.kanenberg.com.br\/fatosfotoseregistros\/wp-content\/uploads\/2016\/06\/pvargas.jpg?resize=350%2C200&ssl=1 1x, https:\/\/i0.wp.com\/www.kanenberg.com.br\/fatosfotoseregistros\/wp-content\/uploads\/2016\/06\/pvargas.jpg?resize=525%2C300&ssl=1 1.5x"},"classes":[]},{"id":1230,"url":"https:\/\/www.kanenberg.com.br\/fatosfotoseregistros\/japeri\/","url_meta":{"origin":4468,"position":2},"title":"Cidade de Japeri","author":"kanenberg","date":"5 de julho de 2016","format":false,"excerpt":"A hist\u00f3ria de Japeri come\u00e7a no dia 13 de agosto de 1743, data de sua funda\u00e7\u00e3o, por In\u00e1cio Dias da C\u00e2mara Leme, denominado Morgado de Bel\u00e9m. A partir de 1750, as terras passaram a pertencer \u00e0 Freguesia de Sacra Fam\u00edlia de Tingu\u00e1, pois at\u00e9 ent\u00e3o pertenciam \u00e0 Freguesia de Paty\u2026","rel":"","context":"Em &quot;Imagem&quot;","block_context":{"text":"Imagem","link":"https:\/\/www.kanenberg.com.br\/fatosfotoseregistros\/category\/imagem\/"},"img":{"alt_text":"japeri_1928","src":"https:\/\/i0.wp.com\/www.kanenberg.com.br\/fatosfotoseregistros\/wp-content\/uploads\/2016\/07\/japeri_1928.jpg?resize=350%2C200&ssl=1","width":350,"height":200},"classes":[]},{"id":166,"url":"https:\/\/www.kanenberg.com.br\/fatosfotoseregistros\/historia-pelas-ruas-travessa-do-comercio\/","url_meta":{"origin":4468,"position":3},"title":"Hist\u00f3ria Pelas Ruas &#8211; Travessa do Com\u00e9rcio","author":"kanenberg","date":"30 de mar\u00e7o de 2016","format":false,"excerpt":"Gostaria de conhecer um pouco mais do \"Rio Antigo\", um lugar que parece que ficou parado no tempo? Um lugar onde voc\u00ea possa circular por algumas vielas e becos sem a interfer\u00eancia de autom\u00f3veis?","rel":"","context":"Em &quot;Lugares&quot;","block_context":{"text":"Lugares","link":"https:\/\/www.kanenberg.com.br\/fatosfotoseregistros\/category\/lugares\/"},"img":{"alt_text":"img_181012325919488-01.jpeg","src":"https:\/\/fatosfotoseregistros.files.wordpress.com\/2016\/03\/img_181012325919488-01.jpeg?w=350&h=200&crop=1","width":350,"height":200},"classes":[]},{"id":3588,"url":"https:\/\/www.kanenberg.com.br\/fatosfotoseregistros\/nau-do-descobrimento\/","url_meta":{"origin":4468,"position":4},"title":"Nau do Descobrimento","author":"kanenberg","date":"18 de setembro de 2016","format":false,"excerpt":"R\u00e9plica da Nau do Descobrimento do Brasil que se encontra atracada e pode ser visitada no Espa\u00e7o Cultural da Marinha","rel":"","context":"Em &quot;Imagem&quot;","block_context":{"text":"Imagem","link":"https:\/\/www.kanenberg.com.br\/fatosfotoseregistros\/category\/imagem\/"},"img":{"alt_text":"img_20160917_140857389","src":"https:\/\/fatosfotoseregistros.files.wordpress.com\/2016\/09\/img_20160917_140857389.jpg?w=350&h=200&crop=1","width":350,"height":200,"srcset":"https:\/\/fatosfotoseregistros.files.wordpress.com\/2016\/09\/img_20160917_140857389.jpg?w=350&h=200&crop=1 1x, https:\/\/fatosfotoseregistros.files.wordpress.com\/2016\/09\/img_20160917_140857389.jpg?w=525&h=300&crop=1 1.5x, https:\/\/fatosfotoseregistros.files.wordpress.com\/2016\/09\/img_20160917_140857389.jpg?w=700&h=400&crop=1 2x, https:\/\/fatosfotoseregistros.files.wordpress.com\/2016\/09\/img_20160917_140857389.jpg?w=1050&h=600&crop=1 3x, https:\/\/fatosfotoseregistros.files.wordpress.com\/2016\/09\/img_20160917_140857389.jpg?w=1400&h=800&crop=1 4x"},"classes":[]},{"id":68,"url":"https:\/\/www.kanenberg.com.br\/fatosfotoseregistros\/cachoeiras-do-mendanha\/","url_meta":{"origin":4468,"position":5},"title":"Cachoeiras do Mendanha","author":"kanenberg","date":"15 de mar\u00e7o de 2015","format":false,"excerpt":"As Cachoeiras do Mendanha est\u00e3o localizadas no bairro de Campo Grande, em plena zona oeste da cidade do Rio de Janeiro, local este que muitas vezes passa at\u00e9 por desconhecido para muitos moradores que residem na regi\u00e3o.","rel":"","context":"Em &quot;Lugares&quot;","block_context":{"text":"Lugares","link":"https:\/\/www.kanenberg.com.br\/fatosfotoseregistros\/category\/lugares\/"},"img":{"alt_text":"","src":"https:\/\/i0.wp.com\/www.kanenberg.com.br\/fatosfotoseregistros\/wp-content\/uploads\/2015\/03\/mendanha.png?resize=350%2C200&ssl=1","width":350,"height":200,"srcset":"https:\/\/i0.wp.com\/www.kanenberg.com.br\/fatosfotoseregistros\/wp-content\/uploads\/2015\/03\/mendanha.png?resize=350%2C200&ssl=1 1x, https:\/\/i0.wp.com\/www.kanenberg.com.br\/fatosfotoseregistros\/wp-content\/uploads\/2015\/03\/mendanha.png?resize=525%2C300&ssl=1 1.5x"},"classes":[]}],"jetpack_likes_enabled":true,"amp_enabled":true,"jetpack_featured_media_url":"","_links":{"self":[{"href":"https:\/\/www.kanenberg.com.br\/fatosfotoseregistros\/wp-json\/wp\/v2\/posts\/4468","targetHints":{"allow":["GET"]}}],"collection":[{"href":"https:\/\/www.kanenberg.com.br\/fatosfotoseregistros\/wp-json\/wp\/v2\/posts"}],"about":[{"href":"https:\/\/www.kanenberg.com.br\/fatosfotoseregistros\/wp-json\/wp\/v2\/types\/post"}],"author":[{"embeddable":true,"href":"https:\/\/www.kanenberg.com.br\/fatosfotoseregistros\/wp-json\/wp\/v2\/users\/1"}],"replies":[{"embeddable":true,"href":"https:\/\/www.kanenberg.com.br\/fatosfotoseregistros\/wp-json\/wp\/v2\/comments?post=4468"}],"version-history":[{"count":3,"href":"https:\/\/www.kanenberg.com.br\/fatosfotoseregistros\/wp-json\/wp\/v2\/posts\/4468\/revisions"}],"predecessor-version":[{"id":6240,"href":"https:\/\/www.kanenberg.com.br\/fatosfotoseregistros\/wp-json\/wp\/v2\/posts\/4468\/revisions\/6240"}],"wp:attachment":[{"href":"https:\/\/www.kanenberg.com.br\/fatosfotoseregistros\/wp-json\/wp\/v2\/media?parent=4468"}],"wp:term":[{"taxonomy":"category","embeddable":true,"href":"https:\/\/www.kanenberg.com.br\/fatosfotoseregistros\/wp-json\/wp\/v2\/categories?post=4468"},{"taxonomy":"post_tag","embeddable":true,"href":"https:\/\/www.kanenberg.com.br\/fatosfotoseregistros\/wp-json\/wp\/v2\/tags?post=4468"}],"curies":[{"name":"wp","href":"https:\/\/api.w.org\/{rel}","templated":true}]}}