{"id":4396,"date":"2017-03-06T20:54:15","date_gmt":"2017-03-06T23:54:15","guid":{"rendered":"https:\/\/fatosfotoseregistros.wordpress.com\/?p=4396"},"modified":"2026-08-09T12:45:29","modified_gmt":"2026-08-09T15:45:29","slug":"tour-conhecendo-nossa-ilha-pe","status":"publish","type":"post","link":"https:\/\/www.kanenberg.com.br\/fatosfotoseregistros\/tour-conhecendo-nossa-ilha-pe\/","title":{"rendered":"Tour &#8220;Conhecendo nossa ilha p\u00e9!&#8221;"},"content":{"rendered":"<p style=\"text-align: justify;\">Etapa: &#8220;Manguezal do Jequi\u00e1, Igreja do Morro do Ouro e past\u00e9is de feira, atrativos perfeitos para uma manh\u00e3 de s\u00e1bado pra l\u00e1 de agrad\u00e1vel!&#8221;<\/p>\n<p style=\"text-align: justify;\">No pr\u00f3ximo s\u00e1bado o guia Roberto Macchiute do grupo Aventuras do Rio far\u00e1\u00a0mais uma etapa do Projeto &#8220;Conhecendo nossa Ilha a P\u00e9&#8221; que tem como objetivo mostrar a Ilha do Governador a seus pr\u00f3prios moradores e aos visitantes. Na etapa do dia 11 teremos a oportunidade do contato com o principal rio da Ilha onde se localiza o nosso ber\u00e7\u00e1r<span class=\"text_exposed_show\">io marinho, o manguezal do Rio Jequi\u00e1. Em continua\u00e7\u00e3o, subiremos o Morro do Ouro para visitarmos a centen\u00e1ria Igreja da Sagrada Fam\u00edlia e e l\u00e1 curtirmos o fant\u00e1stico visual que se descortina de seu adro. Nossa caminhada se encerrar\u00e1 na principal feira da Ilha, a feira da Ribeira, bem na barraca do pastel e do caldo de cana, onde fecharemos nosso passeio com um gostoso pastel de queijo, carne, frango ou pizza feito ali, na hora.<\/span><\/p>\n<p><img loading=\"lazy\" decoding=\"async\" data-attachment-id=\"4402\" data-permalink=\"https:\/\/www.kanenberg.com.br\/fatosfotoseregistros\/tour-conhecendo-nossa-ilha-pe\/ilhagov\/\" data-orig-file=\"https:\/\/www.kanenberg.com.br\/fatosfotoseregistros\/wp-content\/uploads\/2017\/03\/ilhagov.jpg\" data-orig-size=\"960,720\" data-comments-opened=\"1\" data-image-meta=\"{&quot;aperture&quot;:&quot;0&quot;,&quot;credit&quot;:&quot;&quot;,&quot;camera&quot;:&quot;&quot;,&quot;caption&quot;:&quot;&quot;,&quot;created_timestamp&quot;:&quot;0&quot;,&quot;copyright&quot;:&quot;&quot;,&quot;focal_length&quot;:&quot;0&quot;,&quot;iso&quot;:&quot;0&quot;,&quot;shutter_speed&quot;:&quot;0&quot;,&quot;title&quot;:&quot;&quot;,&quot;orientation&quot;:&quot;0&quot;}\" data-image-title=\"ilhagov\" data-image-description=\"\" data-image-caption=\"\" data-large-file=\"https:\/\/www.kanenberg.com.br\/fatosfotoseregistros\/wp-content\/uploads\/2017\/03\/ilhagov.jpg\" class=\"aligncenter wp-image-4402 size-full\" src=\"https:\/\/www.kanenberg.com.br\/fatosfotoseregistros\/wp-content\/uploads\/2017\/03\/ilhagov.jpg\" alt=\"ilhagov\" width=\"960\" height=\"720\" srcset=\"https:\/\/www.kanenberg.com.br\/fatosfotoseregistros\/wp-content\/uploads\/2017\/03\/ilhagov.jpg 960w, https:\/\/www.kanenberg.com.br\/fatosfotoseregistros\/wp-content\/uploads\/2017\/03\/ilhagov-300x225.jpg 300w, https:\/\/www.kanenberg.com.br\/fatosfotoseregistros\/wp-content\/uploads\/2017\/03\/ilhagov-768x576.jpg 768w\" sizes=\"auto, (max-width: 960px) 100vw, 960px\" \/><\/p>\n<p><strong>Data<\/strong>: 11\/Mar\/2017<\/p>\n<p style=\"text-align: justify;\"><strong>Hor<\/strong><strong>\u00e1rio e Local<\/strong>:<br \/>\n9h00 \u2013\u00a0Ponte da Esta\u00e7\u00e3o R\u00e1dio da Marinha e da Col\u00f4nia de Pesca Z-10, na Ribeira, Ilha do Governador.<\/p>\n<p><strong>Dura\u00e7\u00e3o<\/strong>: 3\u00a0horas (estimada)<\/p>\n<p><strong>Custo<\/strong>: Gratuito.<\/p>\n<p><strong>Inscri\u00e7\u00e3o e informa\u00e7\u00f5es<\/strong>:\u00a0<a href=\"https:\/\/www.facebook.com\/groups\/aventurasdorio\/permalink\/1262329477184468\/\" target=\"_blank\" rel=\"noopener\">Grupo Aventuras do Rio<\/a><\/p>\n","protected":false},"excerpt":{"rendered":"<p>Etapa: &#8220;Manguezal do Jequi\u00e1, Igreja do Morro do Ouro e past\u00e9is de feira, atrativos perfeitos para uma manh\u00e3 de s\u00e1bado pra l\u00e1 de agrad\u00e1vel!&#8221;<\/p>\n","protected":false},"author":1,"featured_media":0,"comment_status":"open","ping_status":"open","sticky":false,"template":"","format":"standard","meta":{"_exactmetrics_skip_tracking":false,"_jetpack_newsletter_access":"","_jetpack_dont_email_post_to_subs":false,"_jetpack_newsletter_tier_id":0,"_jetpack_memberships_contains_paywalled_content":false,"_jetpack_feature_clip_id":0,"_jetpack_memberships_contains_paid_content":false,"footnotes":"","jetpack_publicize_message":"","jetpack_publicize_feature_enabled":true,"jetpack_social_post_already_shared":true,"jetpack_social_options":{"image_generator_settings":{"template":"highway","default_image_id":0,"font":"","enabled":false},"version":2},"jetpack_post_was_ever_published":false},"categories":[269],"tags":[296,297],"class_list":["post-4396","post","type-post","status-publish","format-standard","hentry","category-eventos","tag-ilha-do-governador","tag-ribeira"],"jetpack_publicize_connections":[],"jetpack_sharing_enabled":true,"jetpack_shortlink":"https:\/\/wp.me\/phkM1X-18U","jetpack-related-posts":[{"id":2169,"url":"https:\/\/www.kanenberg.com.br\/fatosfotoseregistros\/a-lenda-da-pedra-da-onca\/","url_meta":{"origin":4396,"position":0},"title":"A Lenda da Pedra da On\u00e7a","author":"kanenberg","date":"21 de julho de 2016","format":false,"excerpt":"Existe uma escultura de uma Gato Maracaj\u00e1 sobre a Pedra dos Amores que fica na praia do Bananal, na Ilha do Governador (cidade do Rio de Janeiro). Essa escultura, da d\u00e9cada de 1920, \u00e9 fruto de famosa lenda e se tornou um s\u00edmbolo daquele bairro.","rel":"","context":"Em &quot;Textos&quot;","block_context":{"text":"Textos","link":"https:\/\/www.kanenberg.com.br\/fatosfotoseregistros\/category\/textos\/"},"img":{"alt_text":"pedra_onca_1954","src":"https:\/\/fatosfotoseregistros.files.wordpress.com\/2016\/07\/pedra_onca_1954.jpg?w=350&h=200&crop=1","width":350,"height":200},"classes":[]},{"id":147,"url":"https:\/\/www.kanenberg.com.br\/fatosfotoseregistros\/morro-da-babilonia\/","url_meta":{"origin":4396,"position":1},"title":"Morro da Babil\u00f4nia","author":"kanenberg","date":"2 de julho de 2015","format":false,"excerpt":"O Morro da Babil\u00f4nia era uma \u00e1rea militar, usada como ponto estrat\u00e9gico no controle da entrada de embarca\u00e7\u00f5es na Ba\u00eda de Guanabara.","rel":"","context":"Em &quot;Imagem&quot;","block_context":{"text":"Imagem","link":"https:\/\/www.kanenberg.com.br\/fatosfotoseregistros\/category\/imagem\/"},"img":{"alt_text":"Copacabana - Babil\u00f4nia","src":"http:\/\/i0.wp.com\/fatosfotoseregistros.files.wordpress.com\/2015\/06\/wpid-wp-1434853041335.jpeg?w=528%3Fw%3D700&resize=350%2C200","width":350,"height":200,"srcset":"http:\/\/i0.wp.com\/fatosfotoseregistros.files.wordpress.com\/2015\/06\/wpid-wp-1434853041335.jpeg?w=528%3Fw%3D700&resize=350%2C200 1x, http:\/\/i0.wp.com\/fatosfotoseregistros.files.wordpress.com\/2015\/06\/wpid-wp-1434853041335.jpeg?w=528%3Fw%3D700&resize=525%2C300 1.5x, http:\/\/i0.wp.com\/fatosfotoseregistros.files.wordpress.com\/2015\/06\/wpid-wp-1434853041335.jpeg?w=528%3Fw%3D700&resize=700%2C400 2x"},"classes":[]},{"id":1077,"url":"https:\/\/www.kanenberg.com.br\/fatosfotoseregistros\/fortaleza-de-sao-jose-da-ponta-grossa\/","url_meta":{"origin":4396,"position":2},"title":"Fortaleza de S\u00e3o Jos\u00e9 da Ponta Grossa","author":"kanenberg","date":"7 de junho de 2016","format":false,"excerpt":"Est\u00e1 localizada ao norte da Ilha de Santa Catarina, entre as Praias do Forte e de Jurer\u00ea, em Florian\u00f3polis, no Estado de Santa Catarina. A constru\u00e7\u00e3o austera e imponente caracteriza-se pela riqueza da sua arquitetura, apresentando tra\u00e7os de influ\u00eancia renascentista.","rel":"","context":"Em &quot;Imagem&quot;","block_context":{"text":"Imagem","link":"https:\/\/www.kanenberg.com.br\/fatosfotoseregistros\/category\/imagem\/"},"img":{"alt_text":"pub_ponta_grossa_01","src":"https:\/\/fatosfotoseregistros.files.wordpress.com\/2016\/06\/pub_ponta_grossa_01.jpg?w=350&h=200&crop=1","width":350,"height":200,"srcset":"https:\/\/fatosfotoseregistros.files.wordpress.com\/2016\/06\/pub_ponta_grossa_01.jpg?w=350&h=200&crop=1 1x, https:\/\/fatosfotoseregistros.files.wordpress.com\/2016\/06\/pub_ponta_grossa_01.jpg?w=525&h=300&crop=1 1.5x"},"classes":[]},{"id":456,"url":"https:\/\/www.kanenberg.com.br\/fatosfotoseregistros\/lenda-maria-gorda\/","url_meta":{"origin":4396,"position":3},"title":"Ilha de Paquet\u00e1: A lenda do baob\u00e1 &#8220;Maria Gorda&#8221;","author":"kanenberg","date":"8 de abril de 2016","format":false,"excerpt":"A \"Maria Gorda\" \u00e9 um baob\u00e1 \u2014 \u00e1rvore majestosa localizada na Praia dos Tamoios, bem pr\u00f3ximo \u00e0 esquina com a Ladeira do Vicente. Origin\u00e1ria das savanas africanas, a esp\u00e9cie tamb\u00e9m \u00e9 famosa por sua presen\u00e7a no asteroide B-612, da obra O Pequeno Pr\u00edncipe, de Antoine de Saint-Exup\u00e9ry.","rel":"","context":"Em &quot;Lugares&quot;","block_context":{"text":"Lugares","link":"https:\/\/www.kanenberg.com.br\/fatosfotoseregistros\/category\/lugares\/"},"img":{"alt_text":"sam_1815-01.jpeg","src":"https:\/\/fatosfotoseregistros.files.wordpress.com\/2016\/04\/sam_1815-01.jpeg?w=350&h=200&crop=1","width":350,"height":200},"classes":[]},{"id":5325,"url":"https:\/\/www.kanenberg.com.br\/fatosfotoseregistros\/museu-ilha-das-flores\/","url_meta":{"origin":4396,"position":4},"title":"Museu da Imigra\u00e7\u00e3o da Ilha das Flores: um lugar de chegada, esperan\u00e7a e mem\u00f3ria","author":"kanenberg","date":"18 de fevereiro de 2019","format":false,"excerpt":"Na Ba\u00eda de Guanabara, no munic\u00edpio de S\u00e3o Gon\u00e7alo, encontra-se um lugar que guarda uma importante parte da hist\u00f3ria da imigra\u00e7\u00e3o no Brasil: a Ilha das Flores, onde funcionou, entre 1883 e 1966, a Hospedaria de Imigrantes da Ilha das Flores.","rel":"","context":"Em &quot;Lugares&quot;","block_context":{"text":"Lugares","link":"https:\/\/www.kanenberg.com.br\/fatosfotoseregistros\/category\/lugares\/"},"img":{"alt_text":"Vista do cais de entrada da Hospedaria de Imigrantes, na Ilha das Flores","src":"https:\/\/i0.wp.com\/www.kanenberg.com.br\/fatosfotoseregistros\/wp-content\/uploads\/2019\/02\/ilha_flores_00.jpg.jpg?resize=350%2C200&ssl=1","width":350,"height":200,"srcset":"https:\/\/i0.wp.com\/www.kanenberg.com.br\/fatosfotoseregistros\/wp-content\/uploads\/2019\/02\/ilha_flores_00.jpg.jpg?resize=350%2C200&ssl=1 1x, https:\/\/i0.wp.com\/www.kanenberg.com.br\/fatosfotoseregistros\/wp-content\/uploads\/2019\/02\/ilha_flores_00.jpg.jpg?resize=525%2C300&ssl=1 1.5x, https:\/\/i0.wp.com\/www.kanenberg.com.br\/fatosfotoseregistros\/wp-content\/uploads\/2019\/02\/ilha_flores_00.jpg.jpg?resize=700%2C400&ssl=1 2x, https:\/\/i0.wp.com\/www.kanenberg.com.br\/fatosfotoseregistros\/wp-content\/uploads\/2019\/02\/ilha_flores_00.jpg.jpg?resize=1050%2C600&ssl=1 3x, https:\/\/i0.wp.com\/www.kanenberg.com.br\/fatosfotoseregistros\/wp-content\/uploads\/2019\/02\/ilha_flores_00.jpg.jpg?resize=1400%2C800&ssl=1 4x"},"classes":[]},{"id":6084,"url":"https:\/\/www.kanenberg.com.br\/fatosfotoseregistros\/simmm-uma-figura-marcante-da-ilha-do-governador\/","url_meta":{"origin":4396,"position":5},"title":"Simmm &#8211; Uma figura marcante da Ilha do Governador","author":"kanenberg","date":"11 de julho de 2026","format":false,"excerpt":"Por volta de 1995, era comum encontrar, pelas ruas da Ilha do Governador, no Rio de Janeiro, um homem que se tornou bastante conhecido entre os moradores da regi\u00e3o. Chamava a aten\u00e7\u00e3o por desenhar figuras curiosas nas cal\u00e7adas, utilizando giz ou gesso, e por fazer longos discursos que, para muitos,\u2026","rel":"","context":"Em &quot;Personalidades&quot;","block_context":{"text":"Personalidades","link":"https:\/\/www.kanenberg.com.br\/fatosfotoseregistros\/category\/personalidades\/"},"img":{"alt_text":"Simmm","src":"https:\/\/i0.wp.com\/www.kanenberg.com.br\/fatosfotoseregistros\/wp-content\/uploads\/2026\/07\/simmm-609x1024.jpg?resize=350%2C200&ssl=1","width":350,"height":200,"srcset":"https:\/\/i0.wp.com\/www.kanenberg.com.br\/fatosfotoseregistros\/wp-content\/uploads\/2026\/07\/simmm-609x1024.jpg?resize=350%2C200&ssl=1 1x, https:\/\/i0.wp.com\/www.kanenberg.com.br\/fatosfotoseregistros\/wp-content\/uploads\/2026\/07\/simmm-609x1024.jpg?resize=525%2C300&ssl=1 1.5x"},"classes":[]}],"jetpack_likes_enabled":true,"amp_enabled":true,"jetpack_featured_media_url":"","_links":{"self":[{"href":"https:\/\/www.kanenberg.com.br\/fatosfotoseregistros\/wp-json\/wp\/v2\/posts\/4396","targetHints":{"allow":["GET"]}}],"collection":[{"href":"https:\/\/www.kanenberg.com.br\/fatosfotoseregistros\/wp-json\/wp\/v2\/posts"}],"about":[{"href":"https:\/\/www.kanenberg.com.br\/fatosfotoseregistros\/wp-json\/wp\/v2\/types\/post"}],"author":[{"embeddable":true,"href":"https:\/\/www.kanenberg.com.br\/fatosfotoseregistros\/wp-json\/wp\/v2\/users\/1"}],"replies":[{"embeddable":true,"href":"https:\/\/www.kanenberg.com.br\/fatosfotoseregistros\/wp-json\/wp\/v2\/comments?post=4396"}],"version-history":[{"count":2,"href":"https:\/\/www.kanenberg.com.br\/fatosfotoseregistros\/wp-json\/wp\/v2\/posts\/4396\/revisions"}],"predecessor-version":[{"id":6265,"href":"https:\/\/www.kanenberg.com.br\/fatosfotoseregistros\/wp-json\/wp\/v2\/posts\/4396\/revisions\/6265"}],"wp:attachment":[{"href":"https:\/\/www.kanenberg.com.br\/fatosfotoseregistros\/wp-json\/wp\/v2\/media?parent=4396"}],"wp:term":[{"taxonomy":"category","embeddable":true,"href":"https:\/\/www.kanenberg.com.br\/fatosfotoseregistros\/wp-json\/wp\/v2\/categories?post=4396"},{"taxonomy":"post_tag","embeddable":true,"href":"https:\/\/www.kanenberg.com.br\/fatosfotoseregistros\/wp-json\/wp\/v2\/tags?post=4396"}],"curies":[{"name":"wp","href":"https:\/\/api.w.org\/{rel}","templated":true}]}}