{"id":438,"date":"2016-04-06T20:30:03","date_gmt":"2016-04-06T23:30:03","guid":{"rendered":"https:\/\/fatosfotoseregistros.wordpress.com\/?p=438"},"modified":"2016-04-06T20:30:03","modified_gmt":"2016-04-06T23:30:03","slug":"cartas-de-pai-e-filha","status":"publish","type":"post","link":"https:\/\/www.kanenberg.com.br\/fatosfotoseregistros\/cartas-de-pai-e-filha\/","title":{"rendered":"Cartas de Pai e Filha"},"content":{"rendered":"<p align=\"justify\"><img loading=\"lazy\" decoding=\"async\" data-attachment-id=\"440\" data-permalink=\"https:\/\/www.kanenberg.com.br\/fatosfotoseregistros\/cartas-de-pai-e-filha\/letter\/\" data-orig-file=\"https:\/\/www.kanenberg.com.br\/fatosfotoseregistros\/wp-content\/uploads\/2016\/04\/letter.png\" data-orig-size=\"350,244\" data-comments-opened=\"1\" data-image-meta=\"{&quot;aperture&quot;:&quot;0&quot;,&quot;credit&quot;:&quot;&quot;,&quot;camera&quot;:&quot;&quot;,&quot;caption&quot;:&quot;&quot;,&quot;created_timestamp&quot;:&quot;0&quot;,&quot;copyright&quot;:&quot;&quot;,&quot;focal_length&quot;:&quot;0&quot;,&quot;iso&quot;:&quot;0&quot;,&quot;shutter_speed&quot;:&quot;0&quot;,&quot;title&quot;:&quot;&quot;,&quot;orientation&quot;:&quot;0&quot;}\" data-image-title=\"letter\" data-image-description=\"\" data-image-caption=\"\" data-large-file=\"https:\/\/www.kanenberg.com.br\/fatosfotoseregistros\/wp-content\/uploads\/2016\/04\/letter.png\" class=\" size-full wp-image-440 aligncenter\" src=\"https:\/\/fatosfotoseregistros.kanenberg.com.br\/wp-content\/uploads\/2016\/04\/letter.png\" alt=\"letter\" width=\"350\" height=\"244\" srcset=\"https:\/\/www.kanenberg.com.br\/fatosfotoseregistros\/wp-content\/uploads\/2016\/04\/letter.png 350w, https:\/\/www.kanenberg.com.br\/fatosfotoseregistros\/wp-content\/uploads\/2016\/04\/letter-300x209.png 300w\" sizes=\"auto, (max-width: 350px) 100vw, 350px\" \/><\/p>\n<p align=\"justify\">Um pai entrou no quarto da sua filha e encontrou uma carta sobre a cama que dizia o seguinte: \u201cQueridos papai e mam\u00e3e,Com muita pena sou obrigada a confessar que fugi com o meu namorado. Encontrei o amor da minha vida! Estou absolutamente fascinada com os seus piercings, cicatrizes e tatuagens. Mas n\u00e3o \u00e9 s\u00f3, estou gr\u00e1vida de g\u00eameos\u2026 Aprendi tamb\u00e9m que a maconha e a coca\u00edna n\u00e3o fazem mal a ningu\u00e9m. S\u00f3 rezo para que a Ci\u00eancia encontre a cura da AIDS, o Joaquim merece. N\u00e3o se preocupem com o dinheiro, o Joaquim conseguiu que eu entrasse em um filme com uns amigos: posso ganhar at\u00e9 R$ 50,00 a hora! Se for com mais de tr\u00eas homens s\u00e3o R$ 200,00! E se entrar o pastor alem\u00e3o do Joaquim aumenta para R$ 300,00! M\u00e3e, n\u00e3o se preocupem\u2026 J\u00e1 tenho 14 anos e sei cuidar de mim mesma. Com muito carinho, Silvinha.<\/p>\n<p align=\"justify\"><strong>PS: Brincadeirinha, pai! Estou assistindo dvd na casa da Ju. Eu s\u00f3 quis mostrar que h\u00e1 coisas piores do que as minhas notas\u2026<\/strong><\/p>\n<p align=\"justify\">A resposta do pai: \u201cQuerida Silvinha\u201d Entreguei a carta para tua m\u00e3e ler e ela teve um AVC. Ela est\u00e1 internada no CTI, entre a vida e a morte. Por causa disso e a conselho dos meus advogados, voc\u00ea foi retirada do testamento. Todas as coisas do teu quarto foram doadas e tamb\u00e9m mudamos a fechadura da nossa casa. N\u00e3o tente usar o cart\u00e3o de d\u00e9bito, porque a conta j\u00e1 foi cancelada. Cancelamos tamb\u00e9m seu celular. Demos tamb\u00e9m a tua cole\u00e7\u00e3o de CDs e ursinhos de pel\u00facia para sua irm\u00e3. Podes come\u00e7ar tamb\u00e9m a pensar em trabalhar. Com a tua idade e com esse corpinho estou certo que trabalho n\u00e3o vai faltar, apesar da concorr\u00eancia das profissionais. Enfim, espero que seja muito feliz na tua nova vida.<\/p>\n<p align=\"justify\">Te amo, Seu Pai.<\/p>\n<p align=\"justify\"><strong>PS: Filha querida, claro que \u00e9 tudo uma brincadeira. A tua m\u00e3e est\u00e1 aqui comigo, no quarto, vendo novela. S\u00f3 quer\u00edamos mostrar a voc\u00ea que h\u00e1 coisas bem piores que passar as pr\u00f3ximos 3 meses sem mesada, sem sair de casa, sem ir ao shopping, sem telefone, sem celular, sem internet e sem ver televis\u00e3o por causa das tuas notas e dessa tua brincadeira de merda.<\/strong><\/p>\n","protected":false},"excerpt":{"rendered":"<p>Um pai entrou no quarto da sua filha e encontrou uma carta sobre a cama que dizia o seguinte: \u201cQueridos[&#8230;]<\/p>\n","protected":false},"author":1,"featured_media":0,"comment_status":"open","ping_status":"open","sticky":false,"template":"","format":"standard","meta":{"_exactmetrics_skip_tracking":false,"_jetpack_newsletter_access":"","_jetpack_dont_email_post_to_subs":false,"_jetpack_newsletter_tier_id":0,"_jetpack_memberships_contains_paywalled_content":false,"_jetpack_feature_clip_id":0,"_jetpack_memberships_contains_paid_content":false,"footnotes":"","jetpack_publicize_message":"","jetpack_publicize_feature_enabled":true,"jetpack_social_post_already_shared":false,"jetpack_social_options":{"image_generator_settings":{"template":"highway","default_image_id":0,"font":"","enabled":false},"version":2},"jetpack_post_was_ever_published":false},"categories":[265],"tags":[304],"class_list":["post-438","post","type-post","status-publish","format-standard","hentry","category-textos","tag-refletir"],"jetpack_publicize_connections":[],"jetpack_sharing_enabled":true,"jetpack_shortlink":"https:\/\/wp.me\/phkM1X-74","jetpack-related-posts":[{"id":2215,"url":"https:\/\/www.kanenberg.com.br\/fatosfotoseregistros\/5-000-cruzeiros\/","url_meta":{"origin":438,"position":0},"title":"5.000 Cruzeiros","author":"kanenberg","date":"23 de julho de 2016","format":false,"excerpt":"Entre as moedas comemorativas mais conhecidas da d\u00e9cada de 1990 est\u00e1 a de 5.000 Cruzeiros, emitida em 1992 para celebrar o bicenten\u00e1rio da morte de Joaquim Jos\u00e9 da Silva Xavier, o Tiradentes (1792\u20131992), considerado um dos principais s\u00edmbolos da luta pela independ\u00eancia do Brasil.","rel":"","context":"Em &quot;Imagem&quot;","block_context":{"text":"Imagem","link":"https:\/\/www.kanenberg.com.br\/fatosfotoseregistros\/category\/imagem\/"},"img":{"alt_text":"Moeda de 5.000 Cruzeiros","src":"https:\/\/i0.wp.com\/www.kanenberg.com.br\/fatosfotoseregistros\/wp-content\/uploads\/2016\/07\/ChatGPT-Image-25-de-jul.-de-2026-20_37_13.png?resize=350%2C200&ssl=1","width":350,"height":200,"srcset":"https:\/\/i0.wp.com\/www.kanenberg.com.br\/fatosfotoseregistros\/wp-content\/uploads\/2016\/07\/ChatGPT-Image-25-de-jul.-de-2026-20_37_13.png?resize=350%2C200&ssl=1 1x, https:\/\/i0.wp.com\/www.kanenberg.com.br\/fatosfotoseregistros\/wp-content\/uploads\/2016\/07\/ChatGPT-Image-25-de-jul.-de-2026-20_37_13.png?resize=525%2C300&ssl=1 1.5x, https:\/\/i0.wp.com\/www.kanenberg.com.br\/fatosfotoseregistros\/wp-content\/uploads\/2016\/07\/ChatGPT-Image-25-de-jul.-de-2026-20_37_13.png?resize=700%2C400&ssl=1 2x, https:\/\/i0.wp.com\/www.kanenberg.com.br\/fatosfotoseregistros\/wp-content\/uploads\/2016\/07\/ChatGPT-Image-25-de-jul.-de-2026-20_37_13.png?resize=1050%2C600&ssl=1 3x, https:\/\/i0.wp.com\/www.kanenberg.com.br\/fatosfotoseregistros\/wp-content\/uploads\/2016\/07\/ChatGPT-Image-25-de-jul.-de-2026-20_37_13.png?resize=1400%2C800&ssl=1 4x"},"classes":[]},{"id":5527,"url":"https:\/\/www.kanenberg.com.br\/fatosfotoseregistros\/batismo-tiradentes\/","url_meta":{"origin":438,"position":1},"title":"Registro de batismo de Tiradentes","author":"kanenberg","date":"21 de abril de 2019","format":false,"excerpt":"C\u00f3pia digitalizada do registro de batismo de Joaquim Jos\u00e9 da Silva Xavier, o Tiradentes, que ocorreu em 12 de novembro de 1746 na Fazenda do Pombal...","rel":"","context":"Em &quot;Imagem&quot;","block_context":{"text":"Imagem","link":"https:\/\/www.kanenberg.com.br\/fatosfotoseregistros\/category\/imagem\/"},"img":{"alt_text":"Transcri\u00e7\u00e3o Registro Batismo Tiradentes","src":"https:\/\/i0.wp.com\/www.kanenberg.com.br\/fatosfotoseregistros\/wp-content\/uploads\/2019\/04\/batismo_tiradentes_2.jpg?resize=350%2C200&ssl=1","width":350,"height":200,"srcset":"https:\/\/i0.wp.com\/www.kanenberg.com.br\/fatosfotoseregistros\/wp-content\/uploads\/2019\/04\/batismo_tiradentes_2.jpg?resize=350%2C200&ssl=1 1x, https:\/\/i0.wp.com\/www.kanenberg.com.br\/fatosfotoseregistros\/wp-content\/uploads\/2019\/04\/batismo_tiradentes_2.jpg?resize=525%2C300&ssl=1 1.5x, https:\/\/i0.wp.com\/www.kanenberg.com.br\/fatosfotoseregistros\/wp-content\/uploads\/2019\/04\/batismo_tiradentes_2.jpg?resize=700%2C400&ssl=1 2x, https:\/\/i0.wp.com\/www.kanenberg.com.br\/fatosfotoseregistros\/wp-content\/uploads\/2019\/04\/batismo_tiradentes_2.jpg?resize=1050%2C600&ssl=1 3x"},"classes":[]},{"id":5427,"url":"https:\/\/www.kanenberg.com.br\/fatosfotoseregistros\/hino-nacional-nas-escolas\/","url_meta":{"origin":438,"position":2},"title":"Hino Nacional nas escolas","author":"kanenberg","date":"27 de fevereiro de 2019","format":false,"excerpt":"O Hino Nacional Brasileiro \u00e9 um dos quatro s\u00edmbolos oficiais da Rep\u00fablica Federativa do Brasil, conforme estabelece o art. 13, \u00a7 1.\u00ba, da Constitui\u00e7\u00e3o do Brasil.","rel":"","context":"Em &quot;Textos&quot;","block_context":{"text":"Textos","link":"https:\/\/www.kanenberg.com.br\/fatosfotoseregistros\/category\/textos\/"},"img":{"alt_text":"LEI N\u00ba 12.031, DE 21 DE SETEMBRO DE 2009","src":"https:\/\/i0.wp.com\/www.kanenberg.com.br\/fatosfotoseregistros\/wp-content\/uploads\/2019\/02\/hino_nacional.jpg?resize=350%2C200&ssl=1","width":350,"height":200,"srcset":"https:\/\/i0.wp.com\/www.kanenberg.com.br\/fatosfotoseregistros\/wp-content\/uploads\/2019\/02\/hino_nacional.jpg?resize=350%2C200&ssl=1 1x, https:\/\/i0.wp.com\/www.kanenberg.com.br\/fatosfotoseregistros\/wp-content\/uploads\/2019\/02\/hino_nacional.jpg?resize=525%2C300&ssl=1 1.5x"},"classes":[]},{"id":399,"url":"https:\/\/www.kanenberg.com.br\/fatosfotoseregistros\/cazuza-um-pessimo-exemplo\/","url_meta":{"origin":438,"position":3},"title":"Cazuza &#8211; Um P\u00e9ssimo Exemplo","author":"kanenberg","date":"4 de abril de 2016","format":false,"excerpt":"Conforme texto da Dra Karla Christine, psic\u00f3loga cl\u00ednica. \"Fui ver o filme Cazuza h\u00e1 alguns dias e me deparei com uma coisa estarrecedora. As pessoas est\u00e3o cultivando \u00eddolos errados. Como podemos cultivar um \u00eddolo como Cazuza? Concordo que suas letras s\u00e3o muito tocantes, mas, reverenciar um marginal como ele, \u00e9,\u2026","rel":"","context":"Em &quot;Textos&quot;","block_context":{"text":"Textos","link":"https:\/\/www.kanenberg.com.br\/fatosfotoseregistros\/category\/textos\/"},"img":{"alt_text":"","src":"","width":0,"height":0},"classes":[]},{"id":507,"url":"https:\/\/www.kanenberg.com.br\/fatosfotoseregistros\/jose-datrino\/","url_meta":{"origin":438,"position":4},"title":"Voc\u00ea sabe quem foi Jos\u00e9 Datrino?","author":"kanenberg","date":"14 de abril de 2016","format":false,"excerpt":"Talvez muitos v\u00e3o se lembrar da express\u00e3o Gentileza gera Gentileza, ou ainda v\u00e3o se lembrar das 56 inscri\u00e7\u00f5es ou prov\u00e9rbios nas pilastras do Viaduto do Gas\u00f4metro, no Rio de Janeiro, que v\u00e3o do Cemit\u00e9rio do Caj\u00fa at\u00e9 a Rodovi\u00e1ria Novo Rio.","rel":"","context":"Em &quot;Textos&quot;","block_context":{"text":"Textos","link":"https:\/\/www.kanenberg.com.br\/fatosfotoseregistros\/category\/textos\/"},"img":{"alt_text":"datrino1","src":"https:\/\/i0.wp.com\/fatosfotoseregistros.kanenberg.com.br\/wp-content\/uploads\/2016\/04\/datrino1.jpg?resize=350%2C200&ssl=1","width":350,"height":200},"classes":[]},{"id":290,"url":"https:\/\/www.kanenberg.com.br\/fatosfotoseregistros\/engenho-da-rainha\/","url_meta":{"origin":438,"position":5},"title":"Engenho da Rainha","author":"kanenberg","date":"14 de junho de 2016","format":false,"excerpt":"A regi\u00e3o acolhia uma resid\u00eancia adquirida pela Rainha Carlota Joaquina, esposa de D. Jo\u00e3o VI, por volta de 1810 com o objetivo de nela descansar, dai tamb\u00e9m a origem do nome do bairro.","rel":"","context":"Em &quot;Textos&quot;","block_context":{"text":"Textos","link":"https:\/\/www.kanenberg.com.br\/fatosfotoseregistros\/category\/textos\/"},"img":{"alt_text":"12717974_968432819919974_7760659722182098204_n","src":"https:\/\/fatosfotoseregistros.files.wordpress.com\/2016\/04\/12717974_968432819919974_7760659722182098204_n.jpg?w=350&h=200&crop=1","width":350,"height":200,"srcset":"https:\/\/fatosfotoseregistros.files.wordpress.com\/2016\/04\/12717974_968432819919974_7760659722182098204_n.jpg?w=350&h=200&crop=1 1x, https:\/\/fatosfotoseregistros.files.wordpress.com\/2016\/04\/12717974_968432819919974_7760659722182098204_n.jpg?w=525&h=300&crop=1 1.5x"},"classes":[]}],"jetpack_likes_enabled":true,"amp_enabled":true,"jetpack_featured_media_url":"","_links":{"self":[{"href":"https:\/\/www.kanenberg.com.br\/fatosfotoseregistros\/wp-json\/wp\/v2\/posts\/438","targetHints":{"allow":["GET"]}}],"collection":[{"href":"https:\/\/www.kanenberg.com.br\/fatosfotoseregistros\/wp-json\/wp\/v2\/posts"}],"about":[{"href":"https:\/\/www.kanenberg.com.br\/fatosfotoseregistros\/wp-json\/wp\/v2\/types\/post"}],"author":[{"embeddable":true,"href":"https:\/\/www.kanenberg.com.br\/fatosfotoseregistros\/wp-json\/wp\/v2\/users\/1"}],"replies":[{"embeddable":true,"href":"https:\/\/www.kanenberg.com.br\/fatosfotoseregistros\/wp-json\/wp\/v2\/comments?post=438"}],"version-history":[{"count":0,"href":"https:\/\/www.kanenberg.com.br\/fatosfotoseregistros\/wp-json\/wp\/v2\/posts\/438\/revisions"}],"wp:attachment":[{"href":"https:\/\/www.kanenberg.com.br\/fatosfotoseregistros\/wp-json\/wp\/v2\/media?parent=438"}],"wp:term":[{"taxonomy":"category","embeddable":true,"href":"https:\/\/www.kanenberg.com.br\/fatosfotoseregistros\/wp-json\/wp\/v2\/categories?post=438"},{"taxonomy":"post_tag","embeddable":true,"href":"https:\/\/www.kanenberg.com.br\/fatosfotoseregistros\/wp-json\/wp\/v2\/tags?post=438"}],"curies":[{"name":"wp","href":"https:\/\/api.w.org\/{rel}","templated":true}]}}