{"id":432,"date":"2016-04-05T21:58:20","date_gmt":"2016-04-06T00:58:20","guid":{"rendered":"https:\/\/fatosfotoseregistros.wordpress.com\/?p=432"},"modified":"2016-04-05T21:58:20","modified_gmt":"2016-04-06T00:58:20","slug":"sexo-leis-e-paises","status":"publish","type":"post","link":"https:\/\/www.kanenberg.com.br\/fatosfotoseregistros\/sexo-leis-e-paises\/","title":{"rendered":"Sexo, leis e pa\u00edses"},"content":{"rendered":"<p>Conhe\u00e7a o que pode e o que n\u00e3o pode em v\u00e1rios pa\u00edses, em rela\u00e7\u00e3o \u00e0 sexo\u2026<\/p>\n<p><strong>Bahrain (Golfo P\u00e9rsico):<\/strong><\/p>\n<p align=\"justify\">O m\u00e9dico pode legalmente examinar a genit\u00e1lia feminina, mas ele \u00e9 proibido de olhar diretamente para ela durante o exame. Ele pode apenas olhar atrav\u00e9s de um espelho.<\/p>\n<p>P\u00f4r a m\u00e3o pode, olhar n\u00e3o!<\/p>\n<p><strong>Cali, na Col\u00f4mbia:<\/strong><\/p>\n<p align=\"justify\">Uma mulher s\u00f3 pode ter rela\u00e7\u00f5es sexuais com seu marido, quando na primeira vez que isso ocorrer, sua m\u00e3e estiver no quarto para testemunhar o ato.<\/p>\n<p align=\"justify\">Imagina a cena: voc\u00ea transando e a sogra l\u00e1 s\u00f3 assistindo\u2026 E se ela for boazuda\u2026<\/p>\n<p align=\"justify\"><img loading=\"lazy\" decoding=\"async\" data-attachment-id=\"436\" data-permalink=\"https:\/\/www.kanenberg.com.br\/fatosfotoseregistros\/sexo-leis-e-paises\/world\/\" data-orig-file=\"https:\/\/www.kanenberg.com.br\/fatosfotoseregistros\/wp-content\/uploads\/2016\/04\/world.png\" data-orig-size=\"500,276\" data-comments-opened=\"1\" data-image-meta=\"{&quot;aperture&quot;:&quot;0&quot;,&quot;credit&quot;:&quot;&quot;,&quot;camera&quot;:&quot;&quot;,&quot;caption&quot;:&quot;&quot;,&quot;created_timestamp&quot;:&quot;0&quot;,&quot;copyright&quot;:&quot;&quot;,&quot;focal_length&quot;:&quot;0&quot;,&quot;iso&quot;:&quot;0&quot;,&quot;shutter_speed&quot;:&quot;0&quot;,&quot;title&quot;:&quot;&quot;,&quot;orientation&quot;:&quot;0&quot;}\" data-image-title=\"world\" data-image-description=\"\" data-image-caption=\"\" data-large-file=\"https:\/\/www.kanenberg.com.br\/fatosfotoseregistros\/wp-content\/uploads\/2016\/04\/world.png\" class=\"aligncenter size-medium wp-image-436\" src=\"https:\/\/fatosfotoseregistros.kanenberg.com.br\/wp-content\/uploads\/2016\/04\/world.png?w=300\" alt=\"world\" width=\"300\" height=\"166\" srcset=\"https:\/\/www.kanenberg.com.br\/fatosfotoseregistros\/wp-content\/uploads\/2016\/04\/world.png 500w, https:\/\/www.kanenberg.com.br\/fatosfotoseregistros\/wp-content\/uploads\/2016\/04\/world-300x166.png 300w\" sizes=\"auto, (max-width: 300px) 100vw, 300px\" \/><\/p>\n<p><strong>Guam:<\/strong><\/p>\n<p align=\"justify\">H\u00e1 homens em Guam cujo emprego em tempo integral \u00e9 viajar pelo pa\u00eds e deflorar virgens, que os pagam pelo privil\u00e9gio de ter sexo pela primeira vez. Isso porque pelas leis de Guam, \u00e9 proibido virgens se casarem.<\/p>\n<p>Isso sim que \u00e9 um emprego bom!<\/p>\n<p><strong>Hong Kong:<\/strong><\/p>\n<p align=\"justify\">Uma mulher tra\u00edda pode legalmente matar seu marido ad\u00faltero, mas deve faz\u00ea-lo apenas com suas m\u00e3os. Em contrapartida, a mulher ad\u00faltera pode ser morta de qualquer outra maneira pelo marido.<\/p>\n<p><strong>Indon\u00e9sia:<\/strong><\/p>\n<p>A penalidade para a masturba\u00e7\u00e3o \u00e9 a decapita\u00e7\u00e3o!<\/p>\n<p>D\u00favida: De qual cabe\u00e7a???<\/p>\n<p><strong>L\u00edbano:<\/strong><\/p>\n<p align=\"justify\">Os homens podem legalmente ter rela\u00e7\u00f5es sexuais com animais, mas t\u00eam que ser f\u00eameas. Rela\u00e7\u00f5es sexuais com machos s\u00e3o pun\u00edveis com a morte.<\/p>\n<p><strong>Liverpool (Inglaterra):<\/strong><\/p>\n<p>A lei autoriza vendedoras a ficarem de topless, mas somente em lojas de peixes tropicais.<\/p>\n<p><strong>Maryland (EUA):<\/strong><\/p>\n<p align=\"justify\">Preservativos podem ser vendidos em m\u00e1quinas, somente em lugares onde s\u00e3o vendidas bebidas alco\u00f3licas para consumo no local.<\/p>\n<p><strong>Pa\u00edses de religi\u00e3o isl\u00e2mica mu\u00e7ulmana:<\/strong><\/p>\n<p align=\"justify\">Os mu\u00e7ulmanos n\u00e3o podem olhar os genitais de um cad\u00e1ver. Isto tamb\u00e9m se aplica aos funcion\u00e1rios da funer\u00e1ria. Os \u00f3rg\u00e3os sexuais do defunto devem estar sempre cobertos por um tijolo ou por um peda\u00e7o de madeira.<\/p>\n<p><strong>Santa Cruz (Bol\u00edvia):<\/strong><\/p>\n<p>\u00c9 ilegal um homem ter rela\u00e7\u00f5es com uma mulher e a filha dela ao mesmo tempo.<\/p>\n","protected":false},"excerpt":{"rendered":"<p>Conhe\u00e7a o que pode e o que n\u00e3o pode em v\u00e1rios pa\u00edses, em rela\u00e7\u00e3o \u00e0 sexo\u2026 Bahrain (Golfo P\u00e9rsico): O[&#8230;]<\/p>\n","protected":false},"author":1,"featured_media":0,"comment_status":"open","ping_status":"open","sticky":false,"template":"","format":"standard","meta":{"_exactmetrics_skip_tracking":false,"_jetpack_newsletter_access":"","_jetpack_dont_email_post_to_subs":false,"_jetpack_newsletter_tier_id":0,"_jetpack_memberships_contains_paywalled_content":false,"_jetpack_feature_clip_id":0,"_jetpack_memberships_contains_paid_content":false,"footnotes":"","jetpack_publicize_message":"","jetpack_publicize_feature_enabled":true,"jetpack_social_post_already_shared":false,"jetpack_social_options":{"image_generator_settings":{"template":"highway","default_image_id":0,"font":"","enabled":false},"version":2},"jetpack_post_was_ever_published":false},"categories":[265],"tags":[254],"class_list":["post-432","post","type-post","status-publish","format-standard","hentry","category-textos","tag-curiosidades"],"jetpack_publicize_connections":[],"jetpack_sharing_enabled":true,"jetpack_shortlink":"https:\/\/wp.me\/phkM1X-6Y","jetpack-related-posts":[{"id":6396,"url":"https:\/\/www.kanenberg.com.br\/fatosfotoseregistros\/dia-do-sexo\/","url_meta":{"origin":432,"position":0},"title":"6 de Setembro: Origem, Curiosidades e A Import\u00e2ncia do Dia do Sexo","author":"kanenberg","date":"6 de setembro de 2026","format":false,"excerpt":"O dia 6 de setembro \u00e9 marcado no Brasil como o Dia do Sexo. Al\u00e9m de render piadas e memes nas redes sociais, a data \u00e9 um convite para refletir sobre sa\u00fade sexual, bem-estar, consentimento e quebra de tabus.","rel":"","context":"Em &quot;Textos&quot;","block_context":{"text":"Textos","link":"https:\/\/www.kanenberg.com.br\/fatosfotoseregistros\/category\/textos\/"},"img":{"alt_text":"Dia do Sexo: 6 de setembro","src":"https:\/\/i0.wp.com\/www.kanenberg.com.br\/fatosfotoseregistros\/wp-content\/uploads\/2026\/09\/Dia-do-sexo.jpg?resize=350%2C200&ssl=1","width":350,"height":200,"srcset":"https:\/\/i0.wp.com\/www.kanenberg.com.br\/fatosfotoseregistros\/wp-content\/uploads\/2026\/09\/Dia-do-sexo.jpg?resize=350%2C200&ssl=1 1x, https:\/\/i0.wp.com\/www.kanenberg.com.br\/fatosfotoseregistros\/wp-content\/uploads\/2026\/09\/Dia-do-sexo.jpg?resize=525%2C300&ssl=1 1.5x, https:\/\/i0.wp.com\/www.kanenberg.com.br\/fatosfotoseregistros\/wp-content\/uploads\/2026\/09\/Dia-do-sexo.jpg?resize=700%2C400&ssl=1 2x, https:\/\/i0.wp.com\/www.kanenberg.com.br\/fatosfotoseregistros\/wp-content\/uploads\/2026\/09\/Dia-do-sexo.jpg?resize=1050%2C600&ssl=1 3x, https:\/\/i0.wp.com\/www.kanenberg.com.br\/fatosfotoseregistros\/wp-content\/uploads\/2026\/09\/Dia-do-sexo.jpg?resize=1400%2C800&ssl=1 4x"},"classes":[]},{"id":6122,"url":"https:\/\/www.kanenberg.com.br\/fatosfotoseregistros\/vila-mimosa-30-anos\/","url_meta":{"origin":432,"position":1},"title":"Vila Mimosa: 30 anos na Pra\u00e7a da Bandeira","author":"kanenberg","date":"13 de julho de 2026","format":false,"excerpt":"Em 2026, a Vila Mimosa completa 30 anos em sua atual localiza\u00e7\u00e3o, na regi\u00e3o da Pra\u00e7a da Bandeira, na Zona[\u2026]","rel":"","context":"Em &quot;Lugares&quot;","block_context":{"text":"Lugares","link":"https:\/\/www.kanenberg.com.br\/fatosfotoseregistros\/category\/lugares\/"},"img":{"alt_text":"","src":"https:\/\/i0.wp.com\/www.kanenberg.com.br\/fatosfotoseregistros\/wp-content\/uploads\/2026\/07\/vila_mimosa_old1629409711295348501.jpg?resize=350%2C200&ssl=1","width":350,"height":200,"srcset":"https:\/\/i0.wp.com\/www.kanenberg.com.br\/fatosfotoseregistros\/wp-content\/uploads\/2026\/07\/vila_mimosa_old1629409711295348501.jpg?resize=350%2C200&ssl=1 1x, https:\/\/i0.wp.com\/www.kanenberg.com.br\/fatosfotoseregistros\/wp-content\/uploads\/2026\/07\/vila_mimosa_old1629409711295348501.jpg?resize=525%2C300&ssl=1 1.5x"},"classes":[]},{"id":6289,"url":"https:\/\/www.kanenberg.com.br\/fatosfotoseregistros\/luz-del-fuego-a-pioneira-do-naturismo-das-cobras-e-da-liberdade-no-rio-de-janeiro\/","url_meta":{"origin":432,"position":2},"title":"Luz Del Fuego: A pioneira do naturismo, das cobras e da liberdade no Rio de Janeiro","author":"kanenberg","date":"13 de agosto de 2026","format":false,"excerpt":"Se voc\u00ea caminhar pela hist\u00f3ria cultural do Rio de Janeiro em meados do s\u00e9culo XX, encontrar\u00e1 figuras fascinantes, mas poucas foram t\u00e3o ousadas, vision\u00e1rias e pol\u00eamicas quanto Luz Del Fuego. Artista, bailarina, ativista e pioneira do naturismo no Brasil, ela desafiou a moral conservadora de sua \u00e9poca e transformou uma\u2026","rel":"","context":"Em &quot;Lugares&quot;","block_context":{"text":"Lugares","link":"https:\/\/www.kanenberg.com.br\/fatosfotoseregistros\/category\/lugares\/"},"img":{"alt_text":"Luz Del Fuego e suas famosas cobras. Fonte: Wikip\u00e9dia \/ Luz del Fuego \u2013 Wikip\u00e9dia, a enciclop\u00e9dia livre","src":"https:\/\/i0.wp.com\/www.kanenberg.com.br\/fatosfotoseregistros\/wp-content\/uploads\/2026\/08\/Luz-Del-Fuego.jpg?resize=350%2C200&ssl=1","width":350,"height":200},"classes":[]},{"id":251,"url":"https:\/\/www.kanenberg.com.br\/fatosfotoseregistros\/ainda-ha-tempo\/","url_meta":{"origin":432,"position":3},"title":"Ainda h\u00e1 tempo","author":"kanenberg","date":"23 de mar\u00e7o de 2016","format":false,"excerpt":"Era uma vez um garoto que nasceu com uma doen\u00e7a que n\u00e3o tinha cura. Tinha 17 anos e podia morrer a qualquer momento. Sempre viveu na casa de seus pais, sob o cuidado constante de sua m\u00e3e. Um dia decidiu sair sozinho e, com a permiss\u00e3o da m\u00e3e, caminhou pela\u2026","rel":"","context":"Em &quot;Textos&quot;","block_context":{"text":"Textos","link":"https:\/\/www.kanenberg.com.br\/fatosfotoseregistros\/category\/textos\/"},"img":{"alt_text":"wp-1458694381585.jpg","src":"https:\/\/fatosfotoseregistros.files.wordpress.com\/2016\/03\/wp-1458694381585.jpg?w=350&h=200&crop=1","width":350,"height":200},"classes":[]},{"id":5427,"url":"https:\/\/www.kanenberg.com.br\/fatosfotoseregistros\/hino-nacional-nas-escolas\/","url_meta":{"origin":432,"position":4},"title":"Hino Nacional nas escolas","author":"kanenberg","date":"27 de fevereiro de 2019","format":false,"excerpt":"O Hino Nacional Brasileiro \u00e9 um dos quatro s\u00edmbolos oficiais da Rep\u00fablica Federativa do Brasil, conforme estabelece o art. 13, \u00a7 1.\u00ba, da Constitui\u00e7\u00e3o do Brasil.","rel":"","context":"Em &quot;Textos&quot;","block_context":{"text":"Textos","link":"https:\/\/www.kanenberg.com.br\/fatosfotoseregistros\/category\/textos\/"},"img":{"alt_text":"LEI N\u00ba 12.031, DE 21 DE SETEMBRO DE 2009","src":"https:\/\/i0.wp.com\/www.kanenberg.com.br\/fatosfotoseregistros\/wp-content\/uploads\/2019\/02\/hino_nacional.jpg?resize=350%2C200&ssl=1","width":350,"height":200,"srcset":"https:\/\/i0.wp.com\/www.kanenberg.com.br\/fatosfotoseregistros\/wp-content\/uploads\/2019\/02\/hino_nacional.jpg?resize=350%2C200&ssl=1 1x, https:\/\/i0.wp.com\/www.kanenberg.com.br\/fatosfotoseregistros\/wp-content\/uploads\/2019\/02\/hino_nacional.jpg?resize=525%2C300&ssl=1 1.5x"},"classes":[]},{"id":6173,"url":"https:\/\/www.kanenberg.com.br\/fatosfotoseregistros\/25-de-julho-dia-da-imigracao-alema\/","url_meta":{"origin":432,"position":5},"title":"25 de julho: Dia da Imigra\u00e7\u00e3o Alem\u00e3","author":"kanenberg","date":"25 de julho de 2026","format":false,"excerpt":"O dia 25 de julho ocupa um lugar especial na hist\u00f3ria do Brasil. Nesta data, celebra-se o Dia da Imigra\u00e7\u00e3o Alem\u00e3, uma homenagem \u00e0 chegada dos primeiros imigrantes alem\u00e3es ao pa\u00eds, em 1824, quando desembarcaram na ent\u00e3o Col\u00f4nia de S\u00e3o Leopoldo, no Rio Grande do Sul. A partir daquele momento,\u2026","rel":"","context":"Em &quot;Textos&quot;","block_context":{"text":"Textos","link":"https:\/\/www.kanenberg.com.br\/fatosfotoseregistros\/category\/textos\/"},"img":{"alt_text":"25 de julho: Dia da Imigra\u00e7\u00e3o Alem\u00e3 O dia 25 de julho ocupa um lugar especial na hist\u00f3ria do Brasi","src":"https:\/\/i0.wp.com\/www.kanenberg.com.br\/fatosfotoseregistros\/wp-content\/uploads\/2026\/07\/ChatGPT-Image-25-de-jul.-de-2026-19_37_25.png?resize=350%2C200&ssl=1","width":350,"height":200,"srcset":"https:\/\/i0.wp.com\/www.kanenberg.com.br\/fatosfotoseregistros\/wp-content\/uploads\/2026\/07\/ChatGPT-Image-25-de-jul.-de-2026-19_37_25.png?resize=350%2C200&ssl=1 1x, https:\/\/i0.wp.com\/www.kanenberg.com.br\/fatosfotoseregistros\/wp-content\/uploads\/2026\/07\/ChatGPT-Image-25-de-jul.-de-2026-19_37_25.png?resize=525%2C300&ssl=1 1.5x, https:\/\/i0.wp.com\/www.kanenberg.com.br\/fatosfotoseregistros\/wp-content\/uploads\/2026\/07\/ChatGPT-Image-25-de-jul.-de-2026-19_37_25.png?resize=700%2C400&ssl=1 2x, https:\/\/i0.wp.com\/www.kanenberg.com.br\/fatosfotoseregistros\/wp-content\/uploads\/2026\/07\/ChatGPT-Image-25-de-jul.-de-2026-19_37_25.png?resize=1050%2C600&ssl=1 3x, https:\/\/i0.wp.com\/www.kanenberg.com.br\/fatosfotoseregistros\/wp-content\/uploads\/2026\/07\/ChatGPT-Image-25-de-jul.-de-2026-19_37_25.png?resize=1400%2C800&ssl=1 4x"},"classes":[]}],"jetpack_likes_enabled":true,"amp_enabled":true,"jetpack_featured_media_url":"","_links":{"self":[{"href":"https:\/\/www.kanenberg.com.br\/fatosfotoseregistros\/wp-json\/wp\/v2\/posts\/432","targetHints":{"allow":["GET"]}}],"collection":[{"href":"https:\/\/www.kanenberg.com.br\/fatosfotoseregistros\/wp-json\/wp\/v2\/posts"}],"about":[{"href":"https:\/\/www.kanenberg.com.br\/fatosfotoseregistros\/wp-json\/wp\/v2\/types\/post"}],"author":[{"embeddable":true,"href":"https:\/\/www.kanenberg.com.br\/fatosfotoseregistros\/wp-json\/wp\/v2\/users\/1"}],"replies":[{"embeddable":true,"href":"https:\/\/www.kanenberg.com.br\/fatosfotoseregistros\/wp-json\/wp\/v2\/comments?post=432"}],"version-history":[{"count":0,"href":"https:\/\/www.kanenberg.com.br\/fatosfotoseregistros\/wp-json\/wp\/v2\/posts\/432\/revisions"}],"wp:attachment":[{"href":"https:\/\/www.kanenberg.com.br\/fatosfotoseregistros\/wp-json\/wp\/v2\/media?parent=432"}],"wp:term":[{"taxonomy":"category","embeddable":true,"href":"https:\/\/www.kanenberg.com.br\/fatosfotoseregistros\/wp-json\/wp\/v2\/categories?post=432"},{"taxonomy":"post_tag","embeddable":true,"href":"https:\/\/www.kanenberg.com.br\/fatosfotoseregistros\/wp-json\/wp\/v2\/tags?post=432"}],"curies":[{"name":"wp","href":"https:\/\/api.w.org\/{rel}","templated":true}]}}