{"id":4172,"date":"2017-02-15T23:26:03","date_gmt":"2017-02-16T01:26:03","guid":{"rendered":"https:\/\/fatosfotoseregistros.wordpress.com\/?p=4172"},"modified":"2026-08-09T12:26:41","modified_gmt":"2026-08-09T15:26:41","slug":"parque-natural-municipal-de-nova-iguacu","status":"publish","type":"post","link":"https:\/\/www.kanenberg.com.br\/fatosfotoseregistros\/parque-natural-municipal-de-nova-iguacu\/","title":{"rendered":"Parque Natural Municipal de Nova Igua\u00e7u"},"content":{"rendered":"<p style=\"text-align: justify;\">O Parque Natural Municipal de Nova Igua\u00e7u est\u00e1 localizado no conjunto orogr\u00e1fico do Maci\u00e7o do Mendanha formado pelas serras do Mendanha, Gericin\u00f3 e Madureira, possuindo uma \u00e1rea de 11 km\u00b2, tendo sido oficialmente criado no ano de 1998.<\/p>\n<p style=\"text-align: justify;\">O parque\u00a0abriga\u00a0trilhas, aproximadamente 14 po\u00e7os e cachoeiras abertas para uso recreativo. Um belo local para caminhadas, trilhas, rapel, banhos e muito mais.<\/p>\n<p style=\"text-align: justify;\">O Parque Municipal de Nova Igua\u00e7u \u00e9 um importante remanescente da Mata Atl\u00e2ntica onde se destacam v\u00e1rios exemplos da flora e fauna da regi\u00e3o, bem como, um patrim\u00f4nio cient\u00edfico que exp\u00f5e as estruturas subterr\u00e2neas abaixo de vulc\u00e3o tal como condutos subvulc\u00e2nicos.<\/p>\n<p style=\"text-align: justify;\">O\u00a0Parque ainda abriga valores hist\u00f3ricos e culturais como a sede da Fazenda Dona Eug\u00eania (conhecida atualmente como casar\u00e3o, constru\u00eddo no final do s\u00e9culo XIX, as ru\u00ednas do clube Dom Felipe, que funcionou at\u00e9 meados da d\u00e9cada de 1960, que j\u00e1 indicava a voca\u00e7\u00e3o para lazer na natureza da \u00e1rea; e o Quilombo, \u00e1rea de ocupa\u00e7\u00e3o quilombola perto da pedra da Contenda.<\/p>\n<p style=\"text-align: center;\"><span style=\"color: #800000;\"><strong>COMO CHEGAR<\/strong><\/span><\/p>\n<p style=\"text-align: justify;\">O acesso mais f\u00e1cil ao parque \u00e9 pela Estrada da Cachoeira ao longo do Rio Dona Eug\u00eania em Mesquita.<\/p>\n<p style=\"text-align: justify;\">Um ponto de refer\u00eancia para chegar ao parque \u00e9 partindo da esta\u00e7\u00e3o de trem Presidente Juscelino pelo lado da av. Feliciano Sodr\u00e9.<\/p>\n<p style=\"text-align: justify;\">Entre na Rua Porto Alegre continuando pela Rua Sergipe. Prossiga at\u00e9 o Rio Dona Eug\u00eania, onde se deve cruzar a 1\u00aa ponte e entrar a direita. Siga ao lado do rio, passando em frente ao Abrigo Irm\u00e3 Catarina, at\u00e9 a 2\u00aa ponte. Atravesse-a e pegue uma estrada de terra a esquerda (a Estrada da Cachoeira). Siga em frente e em aproximadamente 1,5 km chegar\u00e1 a guarita do Parque.<\/p>\n<p style=\"text-align: justify;\"><img loading=\"lazy\" decoding=\"async\" data-attachment-id=\"4211\" data-permalink=\"https:\/\/www.kanenberg.com.br\/fatosfotoseregistros\/parque-natural-municipal-de-nova-iguacu\/entrada_parque\/\" data-orig-file=\"https:\/\/www.kanenberg.com.br\/fatosfotoseregistros\/wp-content\/uploads\/2017\/02\/entrada_parque.png\" data-orig-size=\"600,340\" data-comments-opened=\"1\" data-image-meta=\"{&quot;aperture&quot;:&quot;0&quot;,&quot;credit&quot;:&quot;&quot;,&quot;camera&quot;:&quot;&quot;,&quot;caption&quot;:&quot;&quot;,&quot;created_timestamp&quot;:&quot;0&quot;,&quot;copyright&quot;:&quot;&quot;,&quot;focal_length&quot;:&quot;0&quot;,&quot;iso&quot;:&quot;0&quot;,&quot;shutter_speed&quot;:&quot;0&quot;,&quot;title&quot;:&quot;&quot;,&quot;orientation&quot;:&quot;0&quot;}\" data-image-title=\"entrada_parque\" data-image-description=\"\" data-image-caption=\"\" data-large-file=\"https:\/\/www.kanenberg.com.br\/fatosfotoseregistros\/wp-content\/uploads\/2017\/02\/entrada_parque.png\" class=\"aligncenter wp-image-4211 size-full\" src=\"https:\/\/www.kanenberg.com.br\/fatosfotoseregistros\/wp-content\/uploads\/2017\/02\/entrada_parque.png\" alt=\"entrada_parque\" width=\"600\" height=\"340\" srcset=\"https:\/\/www.kanenberg.com.br\/fatosfotoseregistros\/wp-content\/uploads\/2017\/02\/entrada_parque.png 600w, https:\/\/www.kanenberg.com.br\/fatosfotoseregistros\/wp-content\/uploads\/2017\/02\/entrada_parque-300x170.png 300w\" sizes=\"auto, (max-width: 600px) 100vw, 600px\" \/><\/p>\n<p style=\"text-align: center;\"><span style=\"color: #800000;\"><strong>ATRATIVOS<\/strong><\/span><\/p>\n<p style=\"text-align: justify;\">Um dos atrativos mais visitados do parque \u00e9 o Caminho das \u00c1guas que se inicia j\u00e1 logo na entrada do parque na Represa Epaminondas Ramos.<\/p>\n<p style=\"text-align: justify;\">O Caminho das \u00c1guas \u00e9 um roteiro segue o curso d&#8217;\u00e1gua do rio Dona Eug\u00eania, passando pela represa, diversos po\u00e7os, alguns atrativos hist\u00f3ricos como o Casar\u00e3o da Fazenda Dona Eug\u00eania e por fim a cachoeira V\u00e9u de Noiva.<\/p>\n<p style=\"text-align: justify;\">Segue a descri\u00e7\u00e3o de alguns dos atrativos.<\/p>\n<p><strong>Represa Epaminondas Ramos<\/strong><\/p>\n<p style=\"text-align: justify;\">A represa, que outrora j\u00e1 foi usada para abastecimento da regi\u00e3o, atualmente est\u00e1 desativada para fins de abastecimento e o banho no local tamb\u00e9m n\u00e3o \u00e9 permitido.<\/p>\n<p><img loading=\"lazy\" decoding=\"async\" data-attachment-id=\"4212\" data-permalink=\"https:\/\/www.kanenberg.com.br\/fatosfotoseregistros\/parque-natural-municipal-de-nova-iguacu\/represa\/\" data-orig-file=\"https:\/\/www.kanenberg.com.br\/fatosfotoseregistros\/wp-content\/uploads\/2017\/02\/represa.png\" data-orig-size=\"600,340\" data-comments-opened=\"1\" data-image-meta=\"{&quot;aperture&quot;:&quot;0&quot;,&quot;credit&quot;:&quot;&quot;,&quot;camera&quot;:&quot;&quot;,&quot;caption&quot;:&quot;&quot;,&quot;created_timestamp&quot;:&quot;0&quot;,&quot;copyright&quot;:&quot;&quot;,&quot;focal_length&quot;:&quot;0&quot;,&quot;iso&quot;:&quot;0&quot;,&quot;shutter_speed&quot;:&quot;0&quot;,&quot;title&quot;:&quot;&quot;,&quot;orientation&quot;:&quot;0&quot;}\" data-image-title=\"represa\" data-image-description=\"\" data-image-caption=\"\" data-large-file=\"https:\/\/www.kanenberg.com.br\/fatosfotoseregistros\/wp-content\/uploads\/2017\/02\/represa.png\" class=\"aligncenter wp-image-4212 size-full\" src=\"https:\/\/www.kanenberg.com.br\/fatosfotoseregistros\/wp-content\/uploads\/2017\/02\/represa.png\" alt=\"represa\" width=\"600\" height=\"340\" srcset=\"https:\/\/www.kanenberg.com.br\/fatosfotoseregistros\/wp-content\/uploads\/2017\/02\/represa.png 600w, https:\/\/www.kanenberg.com.br\/fatosfotoseregistros\/wp-content\/uploads\/2017\/02\/represa-300x170.png 300w\" sizes=\"auto, (max-width: 600px) 100vw, 600px\" \/><br \/>\n<strong>Po\u00e7o das Cobras<\/strong><\/p>\n<p style=\"text-align: justify;\">N\u00e3o se assuste, apesar de na natureza ser sempre poss\u00edvel encontrar alguma, este \u00e9 apenas o nome de um dos po\u00e7os\u00a0po\u00e7os mais frequentados do parque. No local h\u00e1 uma grande queda d&#8217;\u00e1gua de quase 6 metros de altura em uma espa\u00e7osa piscina natural.<\/p>\n<p><img loading=\"lazy\" decoding=\"async\" data-attachment-id=\"4218\" data-permalink=\"https:\/\/www.kanenberg.com.br\/fatosfotoseregistros\/parque-natural-municipal-de-nova-iguacu\/poco_cobras\/\" data-orig-file=\"https:\/\/www.kanenberg.com.br\/fatosfotoseregistros\/wp-content\/uploads\/2017\/02\/poco_cobras.png\" data-orig-size=\"600,340\" data-comments-opened=\"1\" data-image-meta=\"{&quot;aperture&quot;:&quot;0&quot;,&quot;credit&quot;:&quot;&quot;,&quot;camera&quot;:&quot;&quot;,&quot;caption&quot;:&quot;&quot;,&quot;created_timestamp&quot;:&quot;0&quot;,&quot;copyright&quot;:&quot;&quot;,&quot;focal_length&quot;:&quot;0&quot;,&quot;iso&quot;:&quot;0&quot;,&quot;shutter_speed&quot;:&quot;0&quot;,&quot;title&quot;:&quot;&quot;,&quot;orientation&quot;:&quot;0&quot;}\" data-image-title=\"poco_cobras\" data-image-description=\"\" data-image-caption=\"\" data-large-file=\"https:\/\/www.kanenberg.com.br\/fatosfotoseregistros\/wp-content\/uploads\/2017\/02\/poco_cobras.png\" class=\"aligncenter wp-image-4218 size-full\" src=\"https:\/\/www.kanenberg.com.br\/fatosfotoseregistros\/wp-content\/uploads\/2017\/02\/poco_cobras.png\" alt=\"poco_cobras\" width=\"600\" height=\"340\" srcset=\"https:\/\/www.kanenberg.com.br\/fatosfotoseregistros\/wp-content\/uploads\/2017\/02\/poco_cobras.png 600w, https:\/\/www.kanenberg.com.br\/fatosfotoseregistros\/wp-content\/uploads\/2017\/02\/poco_cobras-300x170.png 300w\" sizes=\"auto, (max-width: 600px) 100vw, 600px\" \/><br \/>\n<strong>Casar\u00e3o<\/strong><\/p>\n<p style=\"text-align: justify;\">O Casar\u00e3o foi a sede da fazenda Dona Eug\u00eania, \u00e9 a casa mais antiga do munic\u00edpio de Nova Igua\u00e7u. Com estilo colonial, reduta do s\u00e9culo XIX e foi constru\u00edda com as tecnologias de taipa de pil\u00e3o e pau a pique. A casa serviu tamb\u00e9m para a produ\u00e7\u00e3o de aguardente.<\/p>\n<p style=\"text-align: justify;\">Pr\u00f3ximo ao Casar\u00e3o, \u00e9 poss\u00edvel acessar a trilha Pau Pereira.<\/p>\n<p style=\"text-align: justify;\"><img loading=\"lazy\" decoding=\"async\" data-attachment-id=\"4234\" data-permalink=\"https:\/\/www.kanenberg.com.br\/fatosfotoseregistros\/parque-natural-municipal-de-nova-iguacu\/casarao\/\" data-orig-file=\"https:\/\/www.kanenberg.com.br\/fatosfotoseregistros\/wp-content\/uploads\/2017\/02\/casarao.png\" data-orig-size=\"600,340\" data-comments-opened=\"1\" data-image-meta=\"{&quot;aperture&quot;:&quot;0&quot;,&quot;credit&quot;:&quot;&quot;,&quot;camera&quot;:&quot;&quot;,&quot;caption&quot;:&quot;&quot;,&quot;created_timestamp&quot;:&quot;0&quot;,&quot;copyright&quot;:&quot;&quot;,&quot;focal_length&quot;:&quot;0&quot;,&quot;iso&quot;:&quot;0&quot;,&quot;shutter_speed&quot;:&quot;0&quot;,&quot;title&quot;:&quot;&quot;,&quot;orientation&quot;:&quot;0&quot;}\" data-image-title=\"casarao\" data-image-description=\"\" data-image-caption=\"\" data-large-file=\"https:\/\/www.kanenberg.com.br\/fatosfotoseregistros\/wp-content\/uploads\/2017\/02\/casarao.png\" class=\"aligncenter wp-image-4234 size-full\" src=\"https:\/\/www.kanenberg.com.br\/fatosfotoseregistros\/wp-content\/uploads\/2017\/02\/casarao.png\" alt=\"casarao\" width=\"600\" height=\"340\" srcset=\"https:\/\/www.kanenberg.com.br\/fatosfotoseregistros\/wp-content\/uploads\/2017\/02\/casarao.png 600w, https:\/\/www.kanenberg.com.br\/fatosfotoseregistros\/wp-content\/uploads\/2017\/02\/casarao-300x170.png 300w\" sizes=\"auto, (max-width: 600px) 100vw, 600px\" \/><\/p>\n<p style=\"text-align: justify;\"><strong>Cachoeira V\u00e9u da Noiva<\/strong><\/p>\n<p style=\"text-align: justify;\">\u00c9 a maior queda d&#8217;\u00e1gua do parque com 55 metros de altura, um dos principais e mais bonitos dos atrativos do roteiro do Caminho das \u00c1guas pela extens\u00e3o do rio Dona Eug\u00eania.<\/p>\n<p style=\"text-align: justify;\">Existem grampos fixados nesta cachoeira para pr\u00e1tica de rapel, por\u00e9m \u00e9 necess\u00e1rio solicitar autoriza\u00e7\u00e3o na administra\u00e7\u00e3o do parque.<\/p>\n<p><img loading=\"lazy\" decoding=\"async\" data-attachment-id=\"4239\" data-permalink=\"https:\/\/www.kanenberg.com.br\/fatosfotoseregistros\/parque-natural-municipal-de-nova-iguacu\/veu_noiva\/\" data-orig-file=\"https:\/\/www.kanenberg.com.br\/fatosfotoseregistros\/wp-content\/uploads\/2017\/02\/veu_noiva.png\" data-orig-size=\"592,630\" data-comments-opened=\"1\" data-image-meta=\"{&quot;aperture&quot;:&quot;0&quot;,&quot;credit&quot;:&quot;&quot;,&quot;camera&quot;:&quot;&quot;,&quot;caption&quot;:&quot;&quot;,&quot;created_timestamp&quot;:&quot;0&quot;,&quot;copyright&quot;:&quot;&quot;,&quot;focal_length&quot;:&quot;0&quot;,&quot;iso&quot;:&quot;0&quot;,&quot;shutter_speed&quot;:&quot;0&quot;,&quot;title&quot;:&quot;&quot;,&quot;orientation&quot;:&quot;0&quot;}\" data-image-title=\"veu_noiva\" data-image-description=\"\" data-image-caption=\"\" data-large-file=\"https:\/\/www.kanenberg.com.br\/fatosfotoseregistros\/wp-content\/uploads\/2017\/02\/veu_noiva.png\" class=\"aligncenter wp-image-4239 size-full\" src=\"https:\/\/www.kanenberg.com.br\/fatosfotoseregistros\/wp-content\/uploads\/2017\/02\/veu_noiva.png\" alt=\"veu_noiva\" width=\"592\" height=\"630\" srcset=\"https:\/\/www.kanenberg.com.br\/fatosfotoseregistros\/wp-content\/uploads\/2017\/02\/veu_noiva.png 592w, https:\/\/www.kanenberg.com.br\/fatosfotoseregistros\/wp-content\/uploads\/2017\/02\/veu_noiva-282x300.png 282w\" sizes=\"auto, (max-width: 592px) 100vw, 592px\" \/><br \/>\n<strong>Pedreira S\u00e3o Jos\u00e9<\/strong><\/p>\n<p style=\"text-align: justify;\">O local conta com uma vasta \u00e1rea de gramado e um pared\u00e3o de pedra com aproximadamente 40 metros de altura onde \u00e9 poss\u00edvel a realiza\u00e7\u00e3o da pr\u00e1tica de rapel mediante pr\u00e9via autoriza\u00e7\u00e3o obtida na administra\u00e7\u00e3o do parque.<\/p>\n<p style=\"text-align: justify;\">O local \u00e9 excelente para encontro de grupos, para brincadeiras ou piquenique, tendo ainda banheiro p\u00fablico pr\u00f3ximo ao local.<\/p>\n<p style=\"text-align: justify;\">Pr\u00f3ximo ao pared\u00e3o come\u00e7a a Trilha da Varginha que possui um pouco mais de 2Km de caminhada em meio a uma bela paisagem onde se pode aproveitar para conhecer algumas das rochas do Complexo Vulc\u00e2nico de Nova Igua\u00e7u al\u00e9m de contemplar belos mirantes.<\/p>\n<p><img loading=\"lazy\" decoding=\"async\" data-attachment-id=\"4243\" data-permalink=\"https:\/\/www.kanenberg.com.br\/fatosfotoseregistros\/parque-natural-municipal-de-nova-iguacu\/pedreira\/\" data-orig-file=\"https:\/\/www.kanenberg.com.br\/fatosfotoseregistros\/wp-content\/uploads\/2017\/02\/pedreira.png\" data-orig-size=\"600,340\" data-comments-opened=\"1\" data-image-meta=\"{&quot;aperture&quot;:&quot;0&quot;,&quot;credit&quot;:&quot;&quot;,&quot;camera&quot;:&quot;&quot;,&quot;caption&quot;:&quot;&quot;,&quot;created_timestamp&quot;:&quot;0&quot;,&quot;copyright&quot;:&quot;&quot;,&quot;focal_length&quot;:&quot;0&quot;,&quot;iso&quot;:&quot;0&quot;,&quot;shutter_speed&quot;:&quot;0&quot;,&quot;title&quot;:&quot;&quot;,&quot;orientation&quot;:&quot;0&quot;}\" data-image-title=\"pedreira\" data-image-description=\"\" data-image-caption=\"\" data-large-file=\"https:\/\/www.kanenberg.com.br\/fatosfotoseregistros\/wp-content\/uploads\/2017\/02\/pedreira.png\" class=\"aligncenter wp-image-4243 size-full\" src=\"https:\/\/www.kanenberg.com.br\/fatosfotoseregistros\/wp-content\/uploads\/2017\/02\/pedreira.png\" alt=\"pedreira\" width=\"600\" height=\"340\" srcset=\"https:\/\/www.kanenberg.com.br\/fatosfotoseregistros\/wp-content\/uploads\/2017\/02\/pedreira.png 600w, https:\/\/www.kanenberg.com.br\/fatosfotoseregistros\/wp-content\/uploads\/2017\/02\/pedreira-300x170.png 300w\" sizes=\"auto, (max-width: 600px) 100vw, 600px\" \/><\/p>\n<p style=\"text-align: center;\"><span style=\"color: #800000;\"><strong>V\u00cdDEOS<\/strong><\/span><\/p>\n<p><span class=\"embed-youtube\" style=\"text-align:center; display: block;\"><iframe loading=\"lazy\" class=\"youtube-player\" width=\"840\" height=\"473\" src=\"https:\/\/www.youtube.com\/embed\/d_vD3vpTK2U?version=3&#038;rel=1&#038;showsearch=0&#038;showinfo=1&#038;iv_load_policy=1&#038;fs=1&#038;hl=pt-BR&#038;autohide=2&#038;wmode=transparent\" allowfullscreen=\"true\" style=\"border:0;\" sandbox=\"allow-scripts allow-same-origin allow-popups allow-presentation allow-popups-to-escape-sandbox\"><\/iframe><\/span><\/p>\n<p style=\"text-align: center;\"><span style=\"color: #800000;\"><strong>FOTOS<\/strong><\/span><\/p>\n<p><img loading=\"lazy\" decoding=\"async\" data-attachment-id=\"4257\" data-permalink=\"https:\/\/www.kanenberg.com.br\/fatosfotoseregistros\/parque-natural-municipal-de-nova-iguacu\/paredao\/\" data-orig-file=\"https:\/\/www.kanenberg.com.br\/fatosfotoseregistros\/wp-content\/uploads\/2017\/02\/paredao.png\" data-orig-size=\"600,340\" data-comments-opened=\"1\" data-image-meta=\"{&quot;aperture&quot;:&quot;0&quot;,&quot;credit&quot;:&quot;&quot;,&quot;camera&quot;:&quot;&quot;,&quot;caption&quot;:&quot;&quot;,&quot;created_timestamp&quot;:&quot;0&quot;,&quot;copyright&quot;:&quot;&quot;,&quot;focal_length&quot;:&quot;0&quot;,&quot;iso&quot;:&quot;0&quot;,&quot;shutter_speed&quot;:&quot;0&quot;,&quot;title&quot;:&quot;&quot;,&quot;orientation&quot;:&quot;0&quot;}\" data-image-title=\"paredao\" data-image-description=\"\" data-image-caption=\"\" data-large-file=\"https:\/\/www.kanenberg.com.br\/fatosfotoseregistros\/wp-content\/uploads\/2017\/02\/paredao.png\" class=\"aligncenter wp-image-4257 size-full\" src=\"https:\/\/www.kanenberg.com.br\/fatosfotoseregistros\/wp-content\/uploads\/2017\/02\/paredao.png\" alt=\"paredao\" width=\"600\" height=\"340\" srcset=\"https:\/\/www.kanenberg.com.br\/fatosfotoseregistros\/wp-content\/uploads\/2017\/02\/paredao.png 600w, https:\/\/www.kanenberg.com.br\/fatosfotoseregistros\/wp-content\/uploads\/2017\/02\/paredao-300x170.png 300w\" sizes=\"auto, (max-width: 600px) 100vw, 600px\" \/><img loading=\"lazy\" decoding=\"async\" data-attachment-id=\"4258\" data-permalink=\"https:\/\/www.kanenberg.com.br\/fatosfotoseregistros\/parque-natural-municipal-de-nova-iguacu\/poco\/\" data-orig-file=\"https:\/\/www.kanenberg.com.br\/fatosfotoseregistros\/wp-content\/uploads\/2017\/02\/poco.png\" data-orig-size=\"600,340\" data-comments-opened=\"1\" data-image-meta=\"{&quot;aperture&quot;:&quot;0&quot;,&quot;credit&quot;:&quot;&quot;,&quot;camera&quot;:&quot;&quot;,&quot;caption&quot;:&quot;&quot;,&quot;created_timestamp&quot;:&quot;0&quot;,&quot;copyright&quot;:&quot;&quot;,&quot;focal_length&quot;:&quot;0&quot;,&quot;iso&quot;:&quot;0&quot;,&quot;shutter_speed&quot;:&quot;0&quot;,&quot;title&quot;:&quot;&quot;,&quot;orientation&quot;:&quot;0&quot;}\" data-image-title=\"poco\" data-image-description=\"\" data-image-caption=\"\" data-large-file=\"https:\/\/www.kanenberg.com.br\/fatosfotoseregistros\/wp-content\/uploads\/2017\/02\/poco.png\" class=\"aligncenter wp-image-4258 size-full\" src=\"https:\/\/www.kanenberg.com.br\/fatosfotoseregistros\/wp-content\/uploads\/2017\/02\/poco.png\" alt=\"poco\" width=\"600\" height=\"340\" srcset=\"https:\/\/www.kanenberg.com.br\/fatosfotoseregistros\/wp-content\/uploads\/2017\/02\/poco.png 600w, https:\/\/www.kanenberg.com.br\/fatosfotoseregistros\/wp-content\/uploads\/2017\/02\/poco-300x170.png 300w\" sizes=\"auto, (max-width: 600px) 100vw, 600px\" \/><img loading=\"lazy\" decoding=\"async\" data-attachment-id=\"4259\" data-permalink=\"https:\/\/www.kanenberg.com.br\/fatosfotoseregistros\/parque-natural-municipal-de-nova-iguacu\/varginha\/\" data-orig-file=\"https:\/\/www.kanenberg.com.br\/fatosfotoseregistros\/wp-content\/uploads\/2017\/02\/varginha.png\" data-orig-size=\"600,340\" data-comments-opened=\"1\" data-image-meta=\"{&quot;aperture&quot;:&quot;0&quot;,&quot;credit&quot;:&quot;&quot;,&quot;camera&quot;:&quot;&quot;,&quot;caption&quot;:&quot;&quot;,&quot;created_timestamp&quot;:&quot;0&quot;,&quot;copyright&quot;:&quot;&quot;,&quot;focal_length&quot;:&quot;0&quot;,&quot;iso&quot;:&quot;0&quot;,&quot;shutter_speed&quot;:&quot;0&quot;,&quot;title&quot;:&quot;&quot;,&quot;orientation&quot;:&quot;0&quot;}\" data-image-title=\"varginha\" data-image-description=\"\" data-image-caption=\"\" data-large-file=\"https:\/\/www.kanenberg.com.br\/fatosfotoseregistros\/wp-content\/uploads\/2017\/02\/varginha.png\" class=\"aligncenter wp-image-4259 size-full\" src=\"https:\/\/www.kanenberg.com.br\/fatosfotoseregistros\/wp-content\/uploads\/2017\/02\/varginha.png\" alt=\"varginha\" width=\"600\" height=\"340\" srcset=\"https:\/\/www.kanenberg.com.br\/fatosfotoseregistros\/wp-content\/uploads\/2017\/02\/varginha.png 600w, https:\/\/www.kanenberg.com.br\/fatosfotoseregistros\/wp-content\/uploads\/2017\/02\/varginha-300x170.png 300w\" sizes=\"auto, (max-width: 600px) 100vw, 600px\" \/><\/p>\n<p style=\"text-align: center;\"><span style=\"color: #800000;\"><strong>LINKS<\/strong><\/span><\/p>\n<p><strong>Wikiloc<\/strong>: https:\/\/pt.wikiloc.com\/wikiloc\/view.do?id=16246125<br \/>\n<strong>Facebook<\/strong>:\u00a0https:\/\/www.facebook.com\/parquenaturalnovaiguacu<\/p>\n","protected":false},"excerpt":{"rendered":"<p>O parque abriga trilhas, aproximadamente 14 po\u00e7os e cachoeiras abertas para uso recreativo. Um belo local para caminhadas, trilhas, rapel, banhos e muito mais.<\/p>\n","protected":false},"author":1,"featured_media":0,"comment_status":"open","ping_status":"open","sticky":false,"template":"","format":"standard","meta":{"_exactmetrics_skip_tracking":false,"_jetpack_newsletter_access":"","_jetpack_dont_email_post_to_subs":false,"_jetpack_newsletter_tier_id":0,"_jetpack_memberships_contains_paywalled_content":false,"_jetpack_feature_clip_id":0,"_jetpack_memberships_contains_paid_content":false,"footnotes":"","jetpack_publicize_message":"","jetpack_publicize_feature_enabled":true,"jetpack_social_post_already_shared":true,"jetpack_social_options":{"image_generator_settings":{"template":"highway","default_image_id":0,"font":"","enabled":false},"version":2},"jetpack_post_was_ever_published":false},"categories":[282],"tags":[314,315],"class_list":["post-4172","post","type-post","status-publish","format-standard","hentry","category-lugares","tag-nova-iguacu","tag-parques"],"jetpack_publicize_connections":[],"jetpack_sharing_enabled":true,"jetpack_shortlink":"https:\/\/wp.me\/phkM1X-15i","jetpack-related-posts":[{"id":938,"url":"https:\/\/www.kanenberg.com.br\/fatosfotoseregistros\/morro-da-babilonia-2\/","url_meta":{"origin":4172,"position":0},"title":"Morro da Babil\u00f4nia","author":"kanenberg","date":"25 de maio de 2016","format":false,"excerpt":"O Morro da Babil\u00f4nia esta localizado na divisa entre os bairros do Leme, Botafogo, Urca e Copacabana. A localidade abriga as comunidades do Morro da Babil\u00f4nia e a do Chap\u00e9u Mangueira al\u00e9m de uma ampla \u00e1rea de prote\u00e7\u00e3o ambiental fazendo parte do Parque Natural Municipal Paisagem Carioca.","rel":"","context":"Em &quot;Lugares&quot;","block_context":{"text":"Lugares","link":"https:\/\/www.kanenberg.com.br\/fatosfotoseregistros\/category\/lugares\/"},"img":{"alt_text":"2015-04-19 11.38.46","src":"https:\/\/fatosfotoseregistros.files.wordpress.com\/2016\/05\/2015-04-19-11-38-46.jpg?w=350&h=200&crop=1","width":350,"height":200,"srcset":"https:\/\/fatosfotoseregistros.files.wordpress.com\/2016\/05\/2015-04-19-11-38-46.jpg?w=350&h=200&crop=1 1x, https:\/\/fatosfotoseregistros.files.wordpress.com\/2016\/05\/2015-04-19-11-38-46.jpg?w=525&h=300&crop=1 1.5x, https:\/\/fatosfotoseregistros.files.wordpress.com\/2016\/05\/2015-04-19-11-38-46.jpg?w=700&h=400&crop=1 2x"},"classes":[]},{"id":1848,"url":"https:\/\/www.kanenberg.com.br\/fatosfotoseregistros\/favela-da-catacumba\/","url_meta":{"origin":4172,"position":1},"title":"Favela da Catacumba","author":"kanenberg","date":"12 de julho de 2016","format":false,"excerpt":"Em 1970, durante gest\u00e3o de Negr\u00e3o de Lima, a favela ali instalada foi removida. Na ocasi\u00e3o, a favela contava com mais de 2000 barracos onde viviam mais de 10000 pessoas em p\u00e9ssimas condi\u00e7\u00f5es, sem servi\u00e7o de \u00e1gua pot\u00e1vel e o esgoto in natura sendo despejado diretamente na Lagoa Rodrigo de\u2026","rel":"","context":"Em &quot;Imagem&quot;","block_context":{"text":"Imagem","link":"https:\/\/www.kanenberg.com.br\/fatosfotoseregistros\/category\/imagem\/"},"img":{"alt_text":"jb_09-09-1967","src":"https:\/\/fatosfotoseregistros.files.wordpress.com\/2016\/07\/jb_09-09-1967.jpg?w=350&h=200&crop=1","width":350,"height":200},"classes":[]},{"id":2877,"url":"https:\/\/www.kanenberg.com.br\/fatosfotoseregistros\/locais-para-conhecer-rj-1\/","url_meta":{"origin":4172,"position":2},"title":"Locais para conhecer no Rio de Janeiro &#8211; Parte 1","author":"kanenberg","date":"16 de agosto de 2016","format":false,"excerpt":"A cidade do Rio de Janeiro, guarda lugares fant\u00e1sticos, alguns desconhecidos at\u00e9 mesmo pelos pr\u00f3prios cariocas. Conhe\u00e7a alguns destes lugares lindos e cheios de hist\u00f3ria.","rel":"","context":"Em &quot;Imagem&quot;","block_context":{"text":"Imagem","link":"https:\/\/www.kanenberg.com.br\/fatosfotoseregistros\/category\/imagem\/"},"img":{"alt_text":"valongo1","src":"https:\/\/fatosfotoseregistros.files.wordpress.com\/2016\/08\/valongo1.jpg?w=350&h=200&crop=1","width":350,"height":200,"srcset":"https:\/\/fatosfotoseregistros.files.wordpress.com\/2016\/08\/valongo1.jpg?w=350&h=200&crop=1 1x, https:\/\/fatosfotoseregistros.files.wordpress.com\/2016\/08\/valongo1.jpg?w=525&h=300&crop=1 1.5x"},"classes":[]},{"id":3030,"url":"https:\/\/www.kanenberg.com.br\/fatosfotoseregistros\/2-trilhas-no-rio-de-janeiro-para-iniciantes\/","url_meta":{"origin":4172,"position":3},"title":"2 trilhas no Rio de Janeiro para iniciantes","author":"kanenberg","date":"24 de agosto de 2016","format":false,"excerpt":"Gostaria de se aventurar fazendo alguma trilha no Rio de Janeiro mas n\u00e3o sabe qual e por onde come\u00e7ar? Confira duas trilhas para iniciantes...","rel":"","context":"Em &quot;Imagem&quot;","block_context":{"text":"Imagem","link":"https:\/\/www.kanenberg.com.br\/fatosfotoseregistros\/category\/imagem\/"},"img":{"alt_text":"2015-11-22_12-21-57_o","src":"https:\/\/fatosfotoseregistros.files.wordpress.com\/2016\/08\/2015-11-22_12-21-57_o.jpg?w=350&h=200&crop=1","width":350,"height":200,"srcset":"https:\/\/fatosfotoseregistros.files.wordpress.com\/2016\/08\/2015-11-22_12-21-57_o.jpg?w=350&h=200&crop=1 1x, https:\/\/fatosfotoseregistros.files.wordpress.com\/2016\/08\/2015-11-22_12-21-57_o.jpg?w=525&h=300&crop=1 1.5x"},"classes":[]},{"id":1230,"url":"https:\/\/www.kanenberg.com.br\/fatosfotoseregistros\/japeri\/","url_meta":{"origin":4172,"position":4},"title":"Cidade de Japeri","author":"kanenberg","date":"5 de julho de 2016","format":false,"excerpt":"A hist\u00f3ria de Japeri come\u00e7a no dia 13 de agosto de 1743, data de sua funda\u00e7\u00e3o, por In\u00e1cio Dias da C\u00e2mara Leme, denominado Morgado de Bel\u00e9m. A partir de 1750, as terras passaram a pertencer \u00e0 Freguesia de Sacra Fam\u00edlia de Tingu\u00e1, pois at\u00e9 ent\u00e3o pertenciam \u00e0 Freguesia de Paty\u2026","rel":"","context":"Em &quot;Imagem&quot;","block_context":{"text":"Imagem","link":"https:\/\/www.kanenberg.com.br\/fatosfotoseregistros\/category\/imagem\/"},"img":{"alt_text":"japeri_1928","src":"https:\/\/i0.wp.com\/www.kanenberg.com.br\/fatosfotoseregistros\/wp-content\/uploads\/2016\/07\/japeri_1928.jpg?resize=350%2C200&ssl=1","width":350,"height":200},"classes":[]},{"id":5408,"url":"https:\/\/www.kanenberg.com.br\/fatosfotoseregistros\/40-museus\/","url_meta":{"origin":4172,"position":5},"title":"40 museus para visitar de gra\u00e7a no Rio de Janeiro","author":"kanenberg","date":"23 de fevereiro de 2019","format":false,"excerpt":"Com uma lista destas, com certeza n\u00e3o vai falta op\u00e7\u00e3o de passeio para a fam\u00edlia inteira. Ainda mais que, muitos destes museus al\u00e9m das exposi\u00e7\u00f5es permanentes ou de longa dura\u00e7\u00e3o ainda com frequ\u00eancia mudam as exposi\u00e7\u00f5es tempor\u00e1rias. Bor\u00e1 l\u00e1 aproveitar?","rel":"","context":"Em &quot;Lugares&quot;","block_context":{"text":"Lugares","link":"https:\/\/www.kanenberg.com.br\/fatosfotoseregistros\/category\/lugares\/"},"img":{"alt_text":"MAR Rio","src":"https:\/\/i0.wp.com\/www.kanenberg.com.br\/fatosfotoseregistros\/wp-content\/uploads\/2019\/02\/mar_rio.jpg?resize=350%2C200&ssl=1","width":350,"height":200,"srcset":"https:\/\/i0.wp.com\/www.kanenberg.com.br\/fatosfotoseregistros\/wp-content\/uploads\/2019\/02\/mar_rio.jpg?resize=350%2C200&ssl=1 1x, https:\/\/i0.wp.com\/www.kanenberg.com.br\/fatosfotoseregistros\/wp-content\/uploads\/2019\/02\/mar_rio.jpg?resize=525%2C300&ssl=1 1.5x, https:\/\/i0.wp.com\/www.kanenberg.com.br\/fatosfotoseregistros\/wp-content\/uploads\/2019\/02\/mar_rio.jpg?resize=700%2C400&ssl=1 2x, https:\/\/i0.wp.com\/www.kanenberg.com.br\/fatosfotoseregistros\/wp-content\/uploads\/2019\/02\/mar_rio.jpg?resize=1050%2C600&ssl=1 3x"},"classes":[]}],"jetpack_likes_enabled":true,"amp_enabled":true,"jetpack_featured_media_url":"","_links":{"self":[{"href":"https:\/\/www.kanenberg.com.br\/fatosfotoseregistros\/wp-json\/wp\/v2\/posts\/4172","targetHints":{"allow":["GET"]}}],"collection":[{"href":"https:\/\/www.kanenberg.com.br\/fatosfotoseregistros\/wp-json\/wp\/v2\/posts"}],"about":[{"href":"https:\/\/www.kanenberg.com.br\/fatosfotoseregistros\/wp-json\/wp\/v2\/types\/post"}],"author":[{"embeddable":true,"href":"https:\/\/www.kanenberg.com.br\/fatosfotoseregistros\/wp-json\/wp\/v2\/users\/1"}],"replies":[{"embeddable":true,"href":"https:\/\/www.kanenberg.com.br\/fatosfotoseregistros\/wp-json\/wp\/v2\/comments?post=4172"}],"version-history":[{"count":3,"href":"https:\/\/www.kanenberg.com.br\/fatosfotoseregistros\/wp-json\/wp\/v2\/posts\/4172\/revisions"}],"predecessor-version":[{"id":6243,"href":"https:\/\/www.kanenberg.com.br\/fatosfotoseregistros\/wp-json\/wp\/v2\/posts\/4172\/revisions\/6243"}],"wp:attachment":[{"href":"https:\/\/www.kanenberg.com.br\/fatosfotoseregistros\/wp-json\/wp\/v2\/media?parent=4172"}],"wp:term":[{"taxonomy":"category","embeddable":true,"href":"https:\/\/www.kanenberg.com.br\/fatosfotoseregistros\/wp-json\/wp\/v2\/categories?post=4172"},{"taxonomy":"post_tag","embeddable":true,"href":"https:\/\/www.kanenberg.com.br\/fatosfotoseregistros\/wp-json\/wp\/v2\/tags?post=4172"}],"curies":[{"name":"wp","href":"https:\/\/api.w.org\/{rel}","templated":true}]}}