{"id":4071,"date":"2017-01-25T21:12:58","date_gmt":"2017-01-25T23:12:58","guid":{"rendered":"https:\/\/fatosfotoseregistros.wordpress.com\/?p=4071"},"modified":"2026-07-25T20:16:53","modified_gmt":"2026-07-25T23:16:53","slug":"cemiterio-de-gatos","status":"publish","type":"post","link":"https:\/\/www.kanenberg.com.br\/fatosfotoseregistros\/cemiterio-de-gatos\/","title":{"rendered":"O curioso Cemit\u00e9rio dos Gatos de Blumenau"},"content":{"rendered":"<p style=\"text-align: justify;\">Existem cemit\u00e9rios que chamam a aten\u00e7\u00e3o n\u00e3o apenas por sua hist\u00f3ria, mas tamb\u00e9m pela singularidade de sua exist\u00eancia. Ao redor do mundo h\u00e1 exemplos dedicados a animais, como o conhecido Cemit\u00e9rio de P\u00e1ssaros da Ilha de Paquet\u00e1, no Rio de Janeiro. Em Blumenau, Santa Catarina, um dos locais mais curiosos \u00e9 o <strong>Cemit\u00e9rio dos Gatos<\/strong>, criado por iniciativa de Edith Gaertner, uma mulher muito \u00e0 frente de seu tempo e profundamente ligada aos animais.<\/p>\n<p style=\"text-align: justify;\"><img loading=\"lazy\" decoding=\"async\" class=\" size-full wp-image-4062 aligncenter\" src=\"https:\/\/fatosfotoseregistros.files.wordpress.com\/2017\/01\/img_20161228_150137441_hdr-01.jpeg\" alt=\"img_20161228_150137441_hdr-01.jpeg\" width=\"2340\" height=\"4160\" \/><\/p>\n<p class=\"isSelectedEnd\" style=\"text-align: justify;\">Nascida em Blumenau em 22 de mar\u00e7o de 1882, Edith Gaertner era sobrinha-neta de Hermann Bruno Otto Blumenau (1819\u20131899), fundador da cidade. Dona de uma personalidade independente para os padr\u00f5es da \u00e9poca, aos 20 anos viajou para a Alemanha, onde estudou na Academia de Arte Dram\u00e1tica de Berlim. Posteriormente, percorreu importantes cidades europeias, apresentando-se nos mais renomados teatros do continente.<\/p>\n<p class=\"isSelectedEnd\" style=\"text-align: justify;\">Em 1924, retornou a Blumenau para cuidar de seus irm\u00e3os enfermos. A partir de ent\u00e3o, sua vida tornou-se mais reservada. Cercada por livros, plantas e animais, encontrou em sua resid\u00eancia um verdadeiro ref\u00fagio, onde viveu at\u00e9 o fim de seus dias.<\/p>\n<p class=\"isSelectedEnd\" style=\"text-align: justify;\">Algum tempo depois, ao saber que parte de sua propriedade \u2014 um dos mais expressivos remanescentes da coloniza\u00e7\u00e3o alem\u00e3 na cidade \u2014 poderia ser desapropriada para a abertura de uma nova rua, Edith tomou uma decis\u00e3o que garantiria a preserva\u00e7\u00e3o daquele patrim\u00f4nio. Doou ao munic\u00edpio uma \u00e1rea de 1.775 m\u00b2, impondo como condi\u00e7\u00e3o que o local permanecesse exatamente como ela o havia organizado, assegurando sua tranquilidade durante a vida e a conserva\u00e7\u00e3o do conjunto ap\u00f3s sua morte.<\/p>\n<p class=\"isSelectedEnd\" style=\"text-align: justify;\">Edith Gaertner faleceu em 15 de setembro de 1967. Sua resid\u00eancia, o horto e as demais benfeitorias foram incorporados ao patrim\u00f4nio p\u00fablico e deram origem ao atual <strong>Museu da Fam\u00edlia Colonial<\/strong> e ao <strong>Parque Bot\u00e2nico Edith Gaertner<\/strong>, importantes espa\u00e7os de preserva\u00e7\u00e3o da hist\u00f3ria e da mem\u00f3ria de Blumenau.<\/p>\n<p class=\"isSelectedEnd\" style=\"text-align: justify;\">Entre suas maiores paix\u00f5es estavam os gatos. Edith registrava em fotografias tanto as flores de seu jardim quanto seus insepar\u00e1veis companheiros felinos. O carinho que dedicava aos animais era t\u00e3o grande que, quando um deles morria, organizava um pequeno funeral, acompanhado de cortejo at\u00e9 um espa\u00e7o reservado em seu jardim, onde era realizado o sepultamento.<\/p>\n<p class=\"isSelectedEnd\" style=\"text-align: justify;\">Foi assim que surgiu o hoje famoso <strong>Cemit\u00e9rio dos Gatos<\/strong>, um pequeno e delicado memorial onde repousam alguns de seus companheiros de estima\u00e7\u00e3o: <strong>Pepito, Mirko, Bum, Peterle, Musch, Schnurr, Sittah, Putze e Mirl<\/strong>. Cada sepultura recebeu uma pequena l\u00e1pide com o nome do animal, preservando at\u00e9 hoje a mem\u00f3ria daqueles que fizeram parte de sua vida.<\/p>\n<p class=\"isSelectedEnd\" style=\"text-align: justify;\">Ao longo das d\u00e9cadas, esse inusitado cemit\u00e9rio transformou-se em uma das curiosidades mais conhecidas de Blumenau, despertando a aten\u00e7\u00e3o de visitantes e da imprensa. O local tornou-se atra\u00e7\u00e3o tur\u00edstica justamente por representar uma rara demonstra\u00e7\u00e3o do profundo v\u00ednculo afetivo entre uma pessoa e seus animais de estima\u00e7\u00e3o, algo pouco comum para a \u00e9poca.<\/p>\n<p style=\"text-align: justify;\">O legado de Edith permanece vivo na cidade. Al\u00e9m do parque bot\u00e2nico que leva seu nome, existe tamb\u00e9m a <strong>Sala de Teatro Edith Gaertner<\/strong>, localizada na Funda\u00e7\u00e3o Cultural de Blumenau, e parte de sua trajet\u00f3ria foi retratada no longa-metragem <em>Outra Mem\u00f3ria<\/em>, dirigido por Chico Faganello.<\/p>\n<p style=\"text-align: justify;\"><img loading=\"lazy\" decoding=\"async\" class=\" size-full wp-image-4061 aligncenter\" src=\"https:\/\/fatosfotoseregistros.files.wordpress.com\/2017\/01\/img_20161228_150316649-01.jpeg\" alt=\"img_20161228_150316649-01.jpeg\" width=\"4160\" height=\"2340\" \/><\/p>\n<h3>Curiosidade<\/h3>\n<p style=\"text-align: justify;\">Em 2000, o Cemit\u00e9rio dos Gatos ganhou proje\u00e7\u00e3o nacional ao ser apresentado em uma reportagem exibida pelo programa <strong>Fant\u00e1stico<\/strong>, da TV Globo, levando essa curiosa hist\u00f3ria a milh\u00f5es de brasileiros.<\/p>\n<p><span class=\"embed-youtube\" style=\"text-align:center; display: block;\"><iframe loading=\"lazy\" class=\"youtube-player\" width=\"840\" height=\"473\" src=\"https:\/\/www.youtube.com\/embed\/X0ZS6M26JMk?version=3&#038;rel=1&#038;showsearch=0&#038;showinfo=1&#038;iv_load_policy=1&#038;fs=1&#038;hl=pt-BR&#038;autohide=2&#038;wmode=transparent\" allowfullscreen=\"true\" style=\"border:0;\" sandbox=\"allow-scripts allow-same-origin allow-popups allow-presentation allow-popups-to-escape-sandbox\"><\/iframe><\/span><\/p>\n<h3>Visita\u00e7\u00e3o<\/h3>\n<p style=\"text-align: justify;\">O Cemit\u00e9rio dos Gatos est\u00e1 localizado dentro do complexo do Museu da Fam\u00edlia Colonial, na <strong>Alameda Duque de Caxias, n\u00ba 64 (Rua das Palmeiras)<\/strong>, no centro de Blumenau (SC), podendo ser visitado juntamente com os demais atrativos hist\u00f3ricos e culturais do local.<\/p>\n<p><img loading=\"lazy\" decoding=\"async\" class=\" size-full wp-image-4060 aligncenter\" src=\"https:\/\/fatosfotoseregistros.files.wordpress.com\/2017\/01\/img_20161228_150210341-01.jpeg\" alt=\"img_20161228_150210341-01.jpeg\" width=\"4160\" height=\"2340\" \/><\/p>\n","protected":false},"excerpt":{"rendered":"<p>Existem cemit\u00e9rios que chamam a aten\u00e7\u00e3o n\u00e3o apenas por sua hist\u00f3ria, mas tamb\u00e9m pela singularidade de sua exist\u00eancia. Ao redor do mundo h\u00e1 exemplos dedicados a animais, como o conhecido Cemit\u00e9rio de P\u00e1ssaros da Ilha de Paquet\u00e1, no Rio de Janeiro. Em Blumenau, Santa Catarina, um dos locais mais curiosos \u00e9 o Cemit\u00e9rio dos Gatos, criado por iniciativa de Edith Gaertner, uma mulher muito \u00e0 frente de seu tempo e profundamente ligada aos animais.<\/p>\n","protected":false},"author":1,"featured_media":0,"comment_status":"open","ping_status":"open","sticky":false,"template":"","format":"standard","meta":{"_exactmetrics_skip_tracking":false,"_jetpack_newsletter_access":"","_jetpack_dont_email_post_to_subs":false,"_jetpack_newsletter_tier_id":0,"_jetpack_memberships_contains_paywalled_content":false,"_jetpack_feature_clip_id":0,"_jetpack_memberships_contains_paid_content":false,"footnotes":"","jetpack_publicize_message":"","jetpack_publicize_feature_enabled":true,"jetpack_social_post_already_shared":true,"jetpack_social_options":{"image_generator_settings":{"template":"highway","default_image_id":0,"font":"","enabled":false},"version":2},"jetpack_post_was_ever_published":false},"categories":[262,282],"tags":[305,421,254,255],"class_list":["post-4071","post","type-post","status-publish","format-standard","hentry","category-imagem","category-lugares","tag-blumenau","tag-cemiterios","tag-curiosidades","tag-historia"],"jetpack_publicize_connections":[],"jetpack_sharing_enabled":true,"jetpack_shortlink":"https:\/\/wp.me\/phkM1X-13F","jetpack-related-posts":[{"id":4019,"url":"https:\/\/www.kanenberg.com.br\/fatosfotoseregistros\/museu-da-familia-colonial\/","url_meta":{"origin":4071,"position":0},"title":"Museu da Fam\u00edlia Colonial","author":"kanenberg","date":"3 de janeiro de 2017","format":false,"excerpt":"O Museu da Fam\u00edlia Colonial, situado na cidade de Blumenau, objetiva mostrar \u00e0s atuais gera\u00e7\u00f5es como vivia uma fam\u00edlia de classe m\u00e9dia alta nos primeiros anos da coloniza\u00e7\u00e3o da cidade.","rel":"","context":"Em &quot;Lugares&quot;","block_context":{"text":"Lugares","link":"https:\/\/www.kanenberg.com.br\/fatosfotoseregistros\/category\/lugares\/"},"img":{"alt_text":"","src":"https:\/\/i0.wp.com\/www.kanenberg.com.br\/fatosfotoseregistros\/wp-content\/uploads\/2017\/01\/img_20161228_140857451.jpg?resize=350%2C200&ssl=1","width":350,"height":200,"srcset":"https:\/\/i0.wp.com\/www.kanenberg.com.br\/fatosfotoseregistros\/wp-content\/uploads\/2017\/01\/img_20161228_140857451.jpg?resize=350%2C200&ssl=1 1x, https:\/\/i0.wp.com\/www.kanenberg.com.br\/fatosfotoseregistros\/wp-content\/uploads\/2017\/01\/img_20161228_140857451.jpg?resize=525%2C300&ssl=1 1.5x, https:\/\/i0.wp.com\/www.kanenberg.com.br\/fatosfotoseregistros\/wp-content\/uploads\/2017\/01\/img_20161228_140857451.jpg?resize=700%2C400&ssl=1 2x"},"classes":[]},{"id":4045,"url":"https:\/\/www.kanenberg.com.br\/fatosfotoseregistros\/locomotiva-macuca\/","url_meta":{"origin":4071,"position":1},"title":"Locomotiva Macuca","author":"kanenberg","date":"14 de janeiro de 2017","format":false,"excerpt":"Primeira locomotiva de Blumenau. Importada da Alemanha em 1908, chegou ao Brasil a bordo do Vapor Klobenz...","rel":"","context":"Em &quot;Lugares&quot;","block_context":{"text":"Lugares","link":"https:\/\/www.kanenberg.com.br\/fatosfotoseregistros\/category\/lugares\/"},"img":{"alt_text":"img_20161228_095640085_hdr-01.jpeg","src":"https:\/\/fatosfotoseregistros.files.wordpress.com\/2017\/01\/img_20161228_095640085_hdr-01.jpeg?w=350&h=200&crop=1","width":350,"height":200,"srcset":"https:\/\/fatosfotoseregistros.files.wordpress.com\/2017\/01\/img_20161228_095640085_hdr-01.jpeg?w=350&h=200&crop=1 1x, https:\/\/fatosfotoseregistros.files.wordpress.com\/2017\/01\/img_20161228_095640085_hdr-01.jpeg?w=525&h=300&crop=1 1.5x, https:\/\/fatosfotoseregistros.files.wordpress.com\/2017\/01\/img_20161228_095640085_hdr-01.jpeg?w=700&h=400&crop=1 2x, https:\/\/fatosfotoseregistros.files.wordpress.com\/2017\/01\/img_20161228_095640085_hdr-01.jpeg?w=1050&h=600&crop=1 3x, https:\/\/fatosfotoseregistros.files.wordpress.com\/2017\/01\/img_20161228_095640085_hdr-01.jpeg?w=1400&h=800&crop=1 4x"},"classes":[]},{"id":6292,"url":"https:\/\/www.kanenberg.com.br\/fatosfotoseregistros\/branquinha-de-avare\/","url_meta":{"origin":4071,"position":2},"title":"A Lealdade Al\u00e9m do Tempo: A Hist\u00f3ria de Branquinha, a Anja Guardi\u00e3 de Avar\u00e9","author":"kanenberg","date":"16 de agosto de 2026","format":false,"excerpt":"H\u00e1 hist\u00f3rias que desafiam a nossa compreens\u00e3o sobre a profundidade do afeto animal, e a de Branquinha, a emblem\u00e1tica cachorrinha do Cemit\u00e9rio Municipal de Avar\u00e9 (SP), \u00e9 um desses relatos que merecem ficar gravados na mem\u00f3ria coletiva.","rel":"","context":"Em &quot;Lugares&quot;","block_context":{"text":"Lugares","link":"https:\/\/www.kanenberg.com.br\/fatosfotoseregistros\/category\/lugares\/"},"img":{"alt_text":"Branquinha de Avar\u00e9","src":"https:\/\/i0.wp.com\/www.kanenberg.com.br\/fatosfotoseregistros\/wp-content\/uploads\/2026\/08\/branquinha.jpg?resize=350%2C200&ssl=1","width":350,"height":200,"srcset":"https:\/\/i0.wp.com\/www.kanenberg.com.br\/fatosfotoseregistros\/wp-content\/uploads\/2026\/08\/branquinha.jpg?resize=350%2C200&ssl=1 1x, https:\/\/i0.wp.com\/www.kanenberg.com.br\/fatosfotoseregistros\/wp-content\/uploads\/2026\/08\/branquinha.jpg?resize=525%2C300&ssl=1 1.5x"},"classes":[]},{"id":6327,"url":"https:\/\/www.kanenberg.com.br\/fatosfotoseregistros\/o-caso-taninha-e-a-fera-da-penha\/","url_meta":{"origin":4071,"position":3},"title":"O Caso Taninha e a &#8220;Fera da Penha&#8221;: Trag\u00e9dia, Devocion\u00e1rio e Cinema","author":"kanenberg","date":"25 de agosto de 2026","format":false,"excerpt":"Um t\u00famulo rosa no Cemit\u00e9rio de Inha\u00fama\u00a0carrega uma das hist\u00f3rias de crimes reais mais famosas, tr\u00e1gicas e intrigantes da cr\u00f4nica urbana do Rio de Janeiro do s\u00e9culo XX.","rel":"","context":"Em &quot;Lugares&quot;","block_context":{"text":"Lugares","link":"https:\/\/www.kanenberg.com.br\/fatosfotoseregistros\/category\/lugares\/"},"img":{"alt_text":"","src":"https:\/\/i0.wp.com\/www.kanenberg.com.br\/fatosfotoseregistros\/wp-content\/uploads\/2026\/08\/Taninha_3.jpg?resize=350%2C200&ssl=1","width":350,"height":200,"srcset":"https:\/\/i0.wp.com\/www.kanenberg.com.br\/fatosfotoseregistros\/wp-content\/uploads\/2026\/08\/Taninha_3.jpg?resize=350%2C200&ssl=1 1x, https:\/\/i0.wp.com\/www.kanenberg.com.br\/fatosfotoseregistros\/wp-content\/uploads\/2026\/08\/Taninha_3.jpg?resize=525%2C300&ssl=1 1.5x"},"classes":[]},{"id":16,"url":"https:\/\/www.kanenberg.com.br\/fatosfotoseregistros\/cemiterio-de-passaros-ilha-de-paqueta\/","url_meta":{"origin":4071,"position":4},"title":"Cemit\u00e9rio de p\u00e1ssaros &#8211; Ilha de Paquet\u00e1","author":"kanenberg","date":"20 de fevereiro de 2015","format":false,"excerpt":"O Cemit\u00e9rio de p\u00e1ssaros da Ilha de Paquet\u00e1 no Rio de Janeiro, \u00fanico no Brasil, foi fundado em 1915. Foi idealizado pelo artista pl\u00e1stico Pedro Bruno e seu amigo Augusto Silva. O local possu\u00ed 24 pequenas covas, que possuem aproximadamente o tamanho de uma caixa de sapatos, o espa\u00e7o parece\u2026","rel":"","context":"Em &quot;Lugares&quot;","block_context":{"text":"Lugares","link":"https:\/\/www.kanenberg.com.br\/fatosfotoseregistros\/category\/lugares\/"},"img":{"alt_text":"","src":"https:\/\/i0.wp.com\/www.kanenberg.com.br\/fatosfotoseregistros\/wp-content\/uploads\/2015\/02\/cemiterio2.jpg?resize=350%2C200&ssl=1","width":350,"height":200},"classes":[]},{"id":3980,"url":"https:\/\/www.kanenberg.com.br\/fatosfotoseregistros\/ponte-vereador-aldo-pereira-de-andrade\/","url_meta":{"origin":4071,"position":5},"title":"Ponte Vereador Aldo Pereira de Andrade","author":"kanenberg","date":"1 de janeiro de 2017","format":false,"excerpt":"A Ponte da Estrada de Ferro que serviu de travessia sobre o Rio Itaja\u00ed-A\u00e7u para a ferrovia que ligava Blumenau \u00e0 Itaja\u00ed","rel":"","context":"Em &quot;Imagem&quot;","block_context":{"text":"Imagem","link":"https:\/\/www.kanenberg.com.br\/fatosfotoseregistros\/category\/imagem\/"},"img":{"alt_text":"","src":"https:\/\/i0.wp.com\/www.kanenberg.com.br\/fatosfotoseregistros\/wp-content\/uploads\/2017\/01\/ponte_ferro_blumenau.jpg?resize=350%2C200&ssl=1","width":350,"height":200,"srcset":"https:\/\/i0.wp.com\/www.kanenberg.com.br\/fatosfotoseregistros\/wp-content\/uploads\/2017\/01\/ponte_ferro_blumenau.jpg?resize=350%2C200&ssl=1 1x, https:\/\/i0.wp.com\/www.kanenberg.com.br\/fatosfotoseregistros\/wp-content\/uploads\/2017\/01\/ponte_ferro_blumenau.jpg?resize=525%2C300&ssl=1 1.5x, https:\/\/i0.wp.com\/www.kanenberg.com.br\/fatosfotoseregistros\/wp-content\/uploads\/2017\/01\/ponte_ferro_blumenau.jpg?resize=700%2C400&ssl=1 2x"},"classes":[]}],"jetpack_likes_enabled":true,"amp_enabled":true,"jetpack_featured_media_url":"","_links":{"self":[{"href":"https:\/\/www.kanenberg.com.br\/fatosfotoseregistros\/wp-json\/wp\/v2\/posts\/4071","targetHints":{"allow":["GET"]}}],"collection":[{"href":"https:\/\/www.kanenberg.com.br\/fatosfotoseregistros\/wp-json\/wp\/v2\/posts"}],"about":[{"href":"https:\/\/www.kanenberg.com.br\/fatosfotoseregistros\/wp-json\/wp\/v2\/types\/post"}],"author":[{"embeddable":true,"href":"https:\/\/www.kanenberg.com.br\/fatosfotoseregistros\/wp-json\/wp\/v2\/users\/1"}],"replies":[{"embeddable":true,"href":"https:\/\/www.kanenberg.com.br\/fatosfotoseregistros\/wp-json\/wp\/v2\/comments?post=4071"}],"version-history":[{"count":3,"href":"https:\/\/www.kanenberg.com.br\/fatosfotoseregistros\/wp-json\/wp\/v2\/posts\/4071\/revisions"}],"predecessor-version":[{"id":6177,"href":"https:\/\/www.kanenberg.com.br\/fatosfotoseregistros\/wp-json\/wp\/v2\/posts\/4071\/revisions\/6177"}],"wp:attachment":[{"href":"https:\/\/www.kanenberg.com.br\/fatosfotoseregistros\/wp-json\/wp\/v2\/media?parent=4071"}],"wp:term":[{"taxonomy":"category","embeddable":true,"href":"https:\/\/www.kanenberg.com.br\/fatosfotoseregistros\/wp-json\/wp\/v2\/categories?post=4071"},{"taxonomy":"post_tag","embeddable":true,"href":"https:\/\/www.kanenberg.com.br\/fatosfotoseregistros\/wp-json\/wp\/v2\/tags?post=4071"}],"curies":[{"name":"wp","href":"https:\/\/api.w.org\/{rel}","templated":true}]}}