{"id":4045,"date":"2017-01-14T09:09:29","date_gmt":"2017-01-14T11:09:29","guid":{"rendered":"https:\/\/fatosfotoseregistros.wordpress.com\/?p=4045"},"modified":"2026-08-09T12:27:14","modified_gmt":"2026-08-09T15:27:14","slug":"locomotiva-macuca","status":"publish","type":"post","link":"https:\/\/www.kanenberg.com.br\/fatosfotoseregistros\/locomotiva-macuca\/","title":{"rendered":"Locomotiva Macuca"},"content":{"rendered":"<p><img loading=\"lazy\" decoding=\"async\" class=\"aligncenter wp-image-4044 size-full\" src=\"https:\/\/fatosfotoseregistros.files.wordpress.com\/2017\/01\/img_20161228_095640085_hdr-01.jpeg\" alt=\"img_20161228_095640085_hdr-01.jpeg\" width=\"4160\" height=\"2340\" \/><\/p>\n<p style=\"text-align: justify;\"><span style=\"font-weight: 400;\">Primeira locomotiva de Blumenau. Importada da Alemanha em 1908, chegou ao Brasil a bordo do Vapor Klobenz que tamb\u00e9m trazia oitocentas toneladas de material para a Estrada de Ferro Santa Catarina.<\/span><span style=\"font-weight: 400;\"><br \/>\n<\/span><\/p>\n<p style=\"text-align: justify;\"><span style=\"font-weight: 400;\"><strong>Curiosidade<\/strong>: O apelido \u201cMacuca\u201d foi dado devido \u00e0 semelhan\u00e7a com a ave macuco, pois o apito lembrava seu pio e o ru\u00eddo da descarga de sua caldeira parecia com o som produzido pelas suas asas.<\/span><\/p>\n","protected":false},"excerpt":{"rendered":"<p>Primeira locomotiva de Blumenau. Importada da Alemanha em 1908, chegou ao Brasil a bordo do Vapor Klobenz&#8230;<\/p>\n","protected":false},"author":1,"featured_media":0,"comment_status":"open","ping_status":"open","sticky":false,"template":"","format":"standard","meta":{"_exactmetrics_skip_tracking":false,"_jetpack_newsletter_access":"","_jetpack_dont_email_post_to_subs":false,"_jetpack_newsletter_tier_id":0,"_jetpack_memberships_contains_paywalled_content":false,"_jetpack_feature_clip_id":0,"_jetpack_memberships_contains_paid_content":false,"footnotes":"","jetpack_publicize_message":"","jetpack_publicize_feature_enabled":true,"jetpack_social_post_already_shared":true,"jetpack_social_options":{"image_generator_settings":{"template":"highway","default_image_id":0,"font":"","enabled":false},"version":2},"jetpack_post_was_ever_published":false},"categories":[282],"tags":[305,254,255],"class_list":["post-4045","post","type-post","status-publish","format-standard","hentry","category-lugares","tag-blumenau","tag-curiosidades","tag-historia"],"jetpack_publicize_connections":[],"jetpack_sharing_enabled":true,"jetpack_shortlink":"https:\/\/wp.me\/phkM1X-13f","jetpack-related-posts":[{"id":3980,"url":"https:\/\/www.kanenberg.com.br\/fatosfotoseregistros\/ponte-vereador-aldo-pereira-de-andrade\/","url_meta":{"origin":4045,"position":0},"title":"Ponte Vereador Aldo Pereira de Andrade","author":"kanenberg","date":"1 de janeiro de 2017","format":false,"excerpt":"A Ponte da Estrada de Ferro que serviu de travessia sobre o Rio Itaja\u00ed-A\u00e7u para a ferrovia que ligava Blumenau \u00e0 Itaja\u00ed","rel":"","context":"Em &quot;Imagem&quot;","block_context":{"text":"Imagem","link":"https:\/\/www.kanenberg.com.br\/fatosfotoseregistros\/category\/imagem\/"},"img":{"alt_text":"","src":"https:\/\/i0.wp.com\/www.kanenberg.com.br\/fatosfotoseregistros\/wp-content\/uploads\/2017\/01\/ponte_ferro_blumenau.jpg?resize=350%2C200&ssl=1","width":350,"height":200,"srcset":"https:\/\/i0.wp.com\/www.kanenberg.com.br\/fatosfotoseregistros\/wp-content\/uploads\/2017\/01\/ponte_ferro_blumenau.jpg?resize=350%2C200&ssl=1 1x, https:\/\/i0.wp.com\/www.kanenberg.com.br\/fatosfotoseregistros\/wp-content\/uploads\/2017\/01\/ponte_ferro_blumenau.jpg?resize=525%2C300&ssl=1 1.5x, https:\/\/i0.wp.com\/www.kanenberg.com.br\/fatosfotoseregistros\/wp-content\/uploads\/2017\/01\/ponte_ferro_blumenau.jpg?resize=700%2C400&ssl=1 2x"},"classes":[]},{"id":4071,"url":"https:\/\/www.kanenberg.com.br\/fatosfotoseregistros\/cemiterio-de-gatos\/","url_meta":{"origin":4045,"position":1},"title":"O curioso Cemit\u00e9rio dos Gatos de Blumenau","author":"kanenberg","date":"25 de janeiro de 2017","format":false,"excerpt":"Existem cemit\u00e9rios que chamam a aten\u00e7\u00e3o n\u00e3o apenas por sua hist\u00f3ria, mas tamb\u00e9m pela singularidade de sua exist\u00eancia. Ao redor do mundo h\u00e1 exemplos dedicados a animais, como o conhecido Cemit\u00e9rio de P\u00e1ssaros da Ilha de Paquet\u00e1, no Rio de Janeiro. Em Blumenau, Santa Catarina, um dos locais mais curiosos\u2026","rel":"","context":"Em &quot;Imagem&quot;","block_context":{"text":"Imagem","link":"https:\/\/www.kanenberg.com.br\/fatosfotoseregistros\/category\/imagem\/"},"img":{"alt_text":"img_20161228_150137441_hdr-01.jpeg","src":"https:\/\/fatosfotoseregistros.files.wordpress.com\/2017\/01\/img_20161228_150137441_hdr-01.jpeg?w=350&h=200&crop=1","width":350,"height":200,"srcset":"https:\/\/fatosfotoseregistros.files.wordpress.com\/2017\/01\/img_20161228_150137441_hdr-01.jpeg?w=350&h=200&crop=1 1x, https:\/\/fatosfotoseregistros.files.wordpress.com\/2017\/01\/img_20161228_150137441_hdr-01.jpeg?w=525&h=300&crop=1 1.5x, https:\/\/fatosfotoseregistros.files.wordpress.com\/2017\/01\/img_20161228_150137441_hdr-01.jpeg?w=700&h=400&crop=1 2x, https:\/\/fatosfotoseregistros.files.wordpress.com\/2017\/01\/img_20161228_150137441_hdr-01.jpeg?w=1050&h=600&crop=1 3x, https:\/\/fatosfotoseregistros.files.wordpress.com\/2017\/01\/img_20161228_150137441_hdr-01.jpeg?w=1400&h=800&crop=1 4x"},"classes":[]},{"id":1357,"url":"https:\/\/www.kanenberg.com.br\/fatosfotoseregistros\/central-do-brasil\/","url_meta":{"origin":4045,"position":2},"title":"Central do Brasil","author":"kanenberg","date":"28 de junho de 2016","format":false,"excerpt":"Central do Brasil, lugar conhecido por alguns e desconhecido por outros, admirado por uns e temido por outros, para alguns \u00e9 caminho obrigat\u00f3rio no dia-a-dia, enfim, um lugar cheio de hist\u00f3rias e curiosidades.","rel":"","context":"Em &quot;Imagem&quot;","block_context":{"text":"Imagem","link":"https:\/\/www.kanenberg.com.br\/fatosfotoseregistros\/category\/imagem\/"},"img":{"alt_text":"","src":"https:\/\/i0.wp.com\/www.kanenberg.com.br\/fatosfotoseregistros\/wp-content\/uploads\/2016\/06\/pvargas.jpg?resize=350%2C200&ssl=1","width":350,"height":200,"srcset":"https:\/\/i0.wp.com\/www.kanenberg.com.br\/fatosfotoseregistros\/wp-content\/uploads\/2016\/06\/pvargas.jpg?resize=350%2C200&ssl=1 1x, https:\/\/i0.wp.com\/www.kanenberg.com.br\/fatosfotoseregistros\/wp-content\/uploads\/2016\/06\/pvargas.jpg?resize=525%2C300&ssl=1 1.5x"},"classes":[]},{"id":4019,"url":"https:\/\/www.kanenberg.com.br\/fatosfotoseregistros\/museu-da-familia-colonial\/","url_meta":{"origin":4045,"position":3},"title":"Museu da Fam\u00edlia Colonial","author":"kanenberg","date":"3 de janeiro de 2017","format":false,"excerpt":"O Museu da Fam\u00edlia Colonial, situado na cidade de Blumenau, objetiva mostrar \u00e0s atuais gera\u00e7\u00f5es como vivia uma fam\u00edlia de classe m\u00e9dia alta nos primeiros anos da coloniza\u00e7\u00e3o da cidade.","rel":"","context":"Em &quot;Lugares&quot;","block_context":{"text":"Lugares","link":"https:\/\/www.kanenberg.com.br\/fatosfotoseregistros\/category\/lugares\/"},"img":{"alt_text":"","src":"https:\/\/i0.wp.com\/www.kanenberg.com.br\/fatosfotoseregistros\/wp-content\/uploads\/2017\/01\/img_20161228_140857451.jpg?resize=350%2C200&ssl=1","width":350,"height":200,"srcset":"https:\/\/i0.wp.com\/www.kanenberg.com.br\/fatosfotoseregistros\/wp-content\/uploads\/2017\/01\/img_20161228_140857451.jpg?resize=350%2C200&ssl=1 1x, https:\/\/i0.wp.com\/www.kanenberg.com.br\/fatosfotoseregistros\/wp-content\/uploads\/2017\/01\/img_20161228_140857451.jpg?resize=525%2C300&ssl=1 1.5x, https:\/\/i0.wp.com\/www.kanenberg.com.br\/fatosfotoseregistros\/wp-content\/uploads\/2017\/01\/img_20161228_140857451.jpg?resize=700%2C400&ssl=1 2x"},"classes":[]},{"id":6066,"url":"https:\/\/www.kanenberg.com.br\/fatosfotoseregistros\/voce-sabia-invencoes-e-criacoes-de-origem-alema\/","url_meta":{"origin":4045,"position":4},"title":"Voc\u00ea sabia? Inven\u00e7\u00f5es e cria\u00e7\u00f5es de origem alem\u00e3","author":"kanenberg","date":"14 de janeiro de 2026","format":false,"excerpt":"Ao longo da hist\u00f3ria, muitas das inven\u00e7\u00f5es, objetos e conceitos que fazem parte do nosso cotidiano tiveram origem em um mesmo territ\u00f3rio: a Alemanha. Seja por meio do engenho de inventores individuais, do ambiente favor\u00e1vel \u00e0 pesquisa cient\u00edfica ou do surgimento de empresas que apostaram em inova\u00e7\u00e3o, o espa\u00e7o germ\u00e2nico\u2026","rel":"","context":"Em &quot;Lugares&quot;","block_context":{"text":"Lugares","link":"https:\/\/www.kanenberg.com.br\/fatosfotoseregistros\/category\/lugares\/"},"img":{"alt_text":"Alemanha","src":"https:\/\/i0.wp.com\/www.kanenberg.com.br\/fatosfotoseregistros\/wp-content\/uploads\/2026\/01\/mapa-alemanha.png?resize=350%2C200&ssl=1","width":350,"height":200},"classes":[]},{"id":1794,"url":"https:\/\/www.kanenberg.com.br\/fatosfotoseregistros\/estacao-central-da-companhia-cantareira\/","url_meta":{"origin":4045,"position":5},"title":"Esta\u00e7\u00e3o Central da Companhia Cantareira","author":"kanenberg","date":"8 de julho de 2016","format":false,"excerpt":"Erguida no ano de 1908, a Esta\u00e7\u00e3o Central da Companhia Cantareira e Via\u00e7\u00e3o Fluminense foi um marco fundamental para a infraestrutura e a integra\u00e7\u00e3o do Estado do Rio de Janeiro.","rel":"","context":"Em &quot;Imagem&quot;","block_context":{"text":"Imagem","link":"https:\/\/www.kanenberg.com.br\/fatosfotoseregistros\/category\/imagem\/"},"img":{"alt_text":"","src":"https:\/\/i0.wp.com\/www.kanenberg.com.br\/fatosfotoseregistros\/wp-content\/uploads\/2016\/07\/cantareira.jpg?resize=350%2C200&ssl=1","width":350,"height":200,"srcset":"https:\/\/i0.wp.com\/www.kanenberg.com.br\/fatosfotoseregistros\/wp-content\/uploads\/2016\/07\/cantareira.jpg?resize=350%2C200&ssl=1 1x, https:\/\/i0.wp.com\/www.kanenberg.com.br\/fatosfotoseregistros\/wp-content\/uploads\/2016\/07\/cantareira.jpg?resize=525%2C300&ssl=1 1.5x, https:\/\/i0.wp.com\/www.kanenberg.com.br\/fatosfotoseregistros\/wp-content\/uploads\/2016\/07\/cantareira.jpg?resize=700%2C400&ssl=1 2x, https:\/\/i0.wp.com\/www.kanenberg.com.br\/fatosfotoseregistros\/wp-content\/uploads\/2016\/07\/cantareira.jpg?resize=1050%2C600&ssl=1 3x, https:\/\/i0.wp.com\/www.kanenberg.com.br\/fatosfotoseregistros\/wp-content\/uploads\/2016\/07\/cantareira.jpg?resize=1400%2C800&ssl=1 4x"},"classes":[]}],"jetpack_likes_enabled":true,"amp_enabled":true,"jetpack_featured_media_url":"","_links":{"self":[{"href":"https:\/\/www.kanenberg.com.br\/fatosfotoseregistros\/wp-json\/wp\/v2\/posts\/4045","targetHints":{"allow":["GET"]}}],"collection":[{"href":"https:\/\/www.kanenberg.com.br\/fatosfotoseregistros\/wp-json\/wp\/v2\/posts"}],"about":[{"href":"https:\/\/www.kanenberg.com.br\/fatosfotoseregistros\/wp-json\/wp\/v2\/types\/post"}],"author":[{"embeddable":true,"href":"https:\/\/www.kanenberg.com.br\/fatosfotoseregistros\/wp-json\/wp\/v2\/users\/1"}],"replies":[{"embeddable":true,"href":"https:\/\/www.kanenberg.com.br\/fatosfotoseregistros\/wp-json\/wp\/v2\/comments?post=4045"}],"version-history":[{"count":3,"href":"https:\/\/www.kanenberg.com.br\/fatosfotoseregistros\/wp-json\/wp\/v2\/posts\/4045\/revisions"}],"predecessor-version":[{"id":6245,"href":"https:\/\/www.kanenberg.com.br\/fatosfotoseregistros\/wp-json\/wp\/v2\/posts\/4045\/revisions\/6245"}],"wp:attachment":[{"href":"https:\/\/www.kanenberg.com.br\/fatosfotoseregistros\/wp-json\/wp\/v2\/media?parent=4045"}],"wp:term":[{"taxonomy":"category","embeddable":true,"href":"https:\/\/www.kanenberg.com.br\/fatosfotoseregistros\/wp-json\/wp\/v2\/categories?post=4045"},{"taxonomy":"post_tag","embeddable":true,"href":"https:\/\/www.kanenberg.com.br\/fatosfotoseregistros\/wp-json\/wp\/v2\/tags?post=4045"}],"curies":[{"name":"wp","href":"https:\/\/api.w.org\/{rel}","templated":true}]}}