{"id":399,"date":"2016-04-04T23:15:41","date_gmt":"2016-04-05T02:15:41","guid":{"rendered":"https:\/\/fatosfotoseregistros.wordpress.com\/?p=399"},"modified":"2016-04-04T23:15:41","modified_gmt":"2016-04-05T02:15:41","slug":"cazuza-um-pessimo-exemplo","status":"publish","type":"post","link":"https:\/\/www.kanenberg.com.br\/fatosfotoseregistros\/cazuza-um-pessimo-exemplo\/","title":{"rendered":"Cazuza &#8211; Um P\u00e9ssimo Exemplo"},"content":{"rendered":"<p>Conforme texto da Dra Karla Christine, psic\u00f3loga cl\u00ednica.<\/p>\n<p align=\"justify\">&#8220;Fui ver o filme Cazuza h\u00e1 alguns dias e me deparei com uma coisa estarrecedora. As pessoas est\u00e3o cultivando \u00eddolos errados. Como podemos cultivar um \u00eddolo como Cazuza? Concordo que suas letras s\u00e3o muito tocantes, mas, reverenciar um marginal como ele, \u00e9, no m\u00ednimo, inadmiss\u00edvel. Trata-se de um marginal. Marginal, sim, Cazuza foi uma pessoa que viveu \u00e0 margem da sociedade, pelo menos uma sociedade que tentamos construir (ao menos eu) com conceitos de certo e errado. No filme, vi um rapaz mimado, filhinho de papai que nunca precisou trabalhar para conseguir nada, j\u00e1 tinha tudo nas m\u00e3os. A m\u00e3e vivia para satisfazer usas vontades e loucuras. O pai preferiu se afastar das suas responsabilidades e deixou a vida correr solta. S\u00e3o esses pais que devemos ter como exemplo? Cazuza s\u00f3 come\u00e7ou a gravar porque o pai era diretor de uma grande gravadora. Existem v\u00e1rios talentos que n\u00e3o s\u00e3o revelados por falta de oportunidade ou por n\u00e3o terem algum conhecido importante.<\/p>\n<p align=\"justify\">Cazuza era um traficante, como sua m\u00e3e revela no seu livro; admitiu que ele trouxe drogas da Inglaterra, um verdadeiro criminoso. Concordo com o juiz Siro Darlan quando diz que a \u00fanica diferen\u00e7a entre Cazuza e Fernandinho Beira-Mar \u00e9 que um nasceu na zona sul e outro n\u00e3o.<\/p>\n<p align=\"justify\">Fiquei horrorizada com o culto que fizeram a esse rapaz, principalmente por minha filha adolescente ter visto o filme. Precisei conversar muito para que ela n\u00e3o come\u00e7asse a pensar que usar drogas, participar de bacanais, beber at\u00e9 cair e outras coisas, fossem certas, j\u00e1 que foi isso que o filme mostrou.<\/p>\n<p align=\"justify\">Porque n\u00e3o s\u00e3o feitos filmes de pessoas realmente importantes que tenham algo de bom para essa juventude j\u00e1 t\u00e3o transviada? Ser\u00e1 que ser correto n\u00e3o d\u00e1 Ibope, n\u00e3o rende bilheteria?<\/p>\n<p align=\"justify\">Como ensina o comercial da Fiat, precisamos rever nossos conceitos, s\u00f3 assim teremos um mundo melhor.<\/p>\n<p align=\"justify\">Devo lembrar aos pais que a morte de Cazuza foi conseq\u00fc\u00eancia da educa\u00e7\u00e3o err\u00f4nea a que foi submetido. Ser\u00e1 que Cazuza teria morrido do mesmo jeito se tivesse tido pais que dissessem N\u00c3O quando necess\u00e1rio? Lembrem-se, dizer &#8220;n\u00e3o&#8221; \u00e9 a prova mais dif\u00edcil de amor. N\u00e3o deixem seus filhos \u00e0 revelia para que n\u00e3o precisem se arrepender mais tarde. A principal fun\u00e7\u00e3o dos pais \u00e9 educar. N\u00e3o se preocupe em ser &#8220;amigo&#8221; de seu filho e, sim, eduque-o e mais tarde ele ver\u00e1 que voc\u00ea foi a pessoa que mais o amou e foi, \u00e9, e sempre ser\u00e1, o seu melhor amigo, pois amigo n\u00e3o diz &#8220;sim&#8221; sempre&#8221;.<\/p>\n<p>Fonte: <a href=\"http:\/\/www.artigonal.com\/politica-artigos\/um-pessimo-exemplo-5187621.html\">www.artigonal.com<\/a><\/p>\n","protected":false},"excerpt":{"rendered":"<p>Conforme texto da Dra Karla Christine, psic\u00f3loga cl\u00ednica. &#8220;Fui ver o filme Cazuza h\u00e1 alguns dias e me deparei com[&#8230;]<\/p>\n","protected":false},"author":1,"featured_media":0,"comment_status":"open","ping_status":"open","sticky":false,"template":"","format":"standard","meta":{"_exactmetrics_skip_tracking":false,"_jetpack_newsletter_access":"","_jetpack_dont_email_post_to_subs":false,"_jetpack_newsletter_tier_id":0,"_jetpack_memberships_contains_paywalled_content":false,"_jetpack_feature_clip_id":0,"_jetpack_memberships_contains_paid_content":false,"footnotes":"","jetpack_publicize_message":"","jetpack_publicize_feature_enabled":true,"jetpack_social_post_already_shared":false,"jetpack_social_options":{"image_generator_settings":{"template":"highway","default_image_id":0,"font":"","enabled":false},"version":2},"jetpack_post_was_ever_published":false},"categories":[265],"tags":[368],"class_list":["post-399","post","type-post","status-publish","format-standard","hentry","category-textos","tag-cazuza"],"jetpack_publicize_connections":[],"jetpack_sharing_enabled":true,"jetpack_shortlink":"https:\/\/wp.me\/phkM1X-6r","jetpack-related-posts":[{"id":621,"url":"https:\/\/www.kanenberg.com.br\/fatosfotoseregistros\/22-anos-sem-ayrton-senna\/","url_meta":{"origin":399,"position":0},"title":"22 anos sem Ayrton Senna","author":"kanenberg","date":"1 de maio de 2016","format":false,"excerpt":"Hoje (01\/05\/2016), fazem exatamente 22 anos em que nosso domingo amanhece mais triste. Nunca mais tive um \u00eddolo deste tamanho em que pudesse acreditar. Saudades das vit\u00f3rias e alegrias que ele nos proporcionava.","rel":"","context":"Em &quot;Textos&quot;","block_context":{"text":"Textos","link":"https:\/\/www.kanenberg.com.br\/fatosfotoseregistros\/category\/textos\/"},"img":{"alt_text":"","src":"","width":0,"height":0},"classes":[]},{"id":4927,"url":"https:\/\/www.kanenberg.com.br\/fatosfotoseregistros\/banhos\/","url_meta":{"origin":399,"position":1},"title":"A absurda falta de higiene na idade m\u00e9dia","author":"kanenberg","date":"21 de mar\u00e7o de 2018","format":false,"excerpt":"A falta de higiene n\u00e3o era apenas um costume dos pobres, a rejei\u00e7\u00e3o pela \u00e1gua, chegava aos estratos mais altos da sociedade. As damas mais entusiastas do asseio tomavam banho, quando muito, duas vezes ao ano...","rel":"","context":"Em &quot;Textos&quot;","block_context":{"text":"Textos","link":"https:\/\/www.kanenberg.com.br\/fatosfotoseregistros\/category\/textos\/"},"img":{"alt_text":"banhos","src":"https:\/\/i0.wp.com\/fatosfotoseregistros.kanenberg.com.br\/wp-content\/uploads\/2018\/03\/banhos.png?resize=350%2C200&ssl=1","width":350,"height":200},"classes":[]},{"id":6173,"url":"https:\/\/www.kanenberg.com.br\/fatosfotoseregistros\/25-de-julho-dia-da-imigracao-alema\/","url_meta":{"origin":399,"position":2},"title":"25 de julho: Dia da Imigra\u00e7\u00e3o Alem\u00e3","author":"kanenberg","date":"25 de julho de 2026","format":false,"excerpt":"O dia 25 de julho ocupa um lugar especial na hist\u00f3ria do Brasil. Nesta data, celebra-se o Dia da Imigra\u00e7\u00e3o Alem\u00e3, uma homenagem \u00e0 chegada dos primeiros imigrantes alem\u00e3es ao pa\u00eds, em 1824, quando desembarcaram na ent\u00e3o Col\u00f4nia de S\u00e3o Leopoldo, no Rio Grande do Sul. A partir daquele momento,\u2026","rel":"","context":"Em &quot;Textos&quot;","block_context":{"text":"Textos","link":"https:\/\/www.kanenberg.com.br\/fatosfotoseregistros\/category\/textos\/"},"img":{"alt_text":"25 de julho: Dia da Imigra\u00e7\u00e3o Alem\u00e3 O dia 25 de julho ocupa um lugar especial na hist\u00f3ria do Brasi","src":"https:\/\/i0.wp.com\/www.kanenberg.com.br\/fatosfotoseregistros\/wp-content\/uploads\/2026\/07\/ChatGPT-Image-25-de-jul.-de-2026-19_37_25.png?resize=350%2C200&ssl=1","width":350,"height":200,"srcset":"https:\/\/i0.wp.com\/www.kanenberg.com.br\/fatosfotoseregistros\/wp-content\/uploads\/2026\/07\/ChatGPT-Image-25-de-jul.-de-2026-19_37_25.png?resize=350%2C200&ssl=1 1x, https:\/\/i0.wp.com\/www.kanenberg.com.br\/fatosfotoseregistros\/wp-content\/uploads\/2026\/07\/ChatGPT-Image-25-de-jul.-de-2026-19_37_25.png?resize=525%2C300&ssl=1 1.5x, https:\/\/i0.wp.com\/www.kanenberg.com.br\/fatosfotoseregistros\/wp-content\/uploads\/2026\/07\/ChatGPT-Image-25-de-jul.-de-2026-19_37_25.png?resize=700%2C400&ssl=1 2x, https:\/\/i0.wp.com\/www.kanenberg.com.br\/fatosfotoseregistros\/wp-content\/uploads\/2026\/07\/ChatGPT-Image-25-de-jul.-de-2026-19_37_25.png?resize=1050%2C600&ssl=1 3x, https:\/\/i0.wp.com\/www.kanenberg.com.br\/fatosfotoseregistros\/wp-content\/uploads\/2026\/07\/ChatGPT-Image-25-de-jul.-de-2026-19_37_25.png?resize=1400%2C800&ssl=1 4x"},"classes":[]},{"id":6327,"url":"https:\/\/www.kanenberg.com.br\/fatosfotoseregistros\/o-caso-taninha-e-a-fera-da-penha\/","url_meta":{"origin":399,"position":3},"title":"O Caso Taninha e a &#8220;Fera da Penha&#8221;: Trag\u00e9dia, Devocion\u00e1rio e Cinema","author":"kanenberg","date":"25 de agosto de 2026","format":false,"excerpt":"Um t\u00famulo rosa no Cemit\u00e9rio de Inha\u00fama\u00a0carrega uma das hist\u00f3rias de crimes reais mais famosas, tr\u00e1gicas e intrigantes da cr\u00f4nica urbana do Rio de Janeiro do s\u00e9culo XX.","rel":"","context":"Em &quot;Lugares&quot;","block_context":{"text":"Lugares","link":"https:\/\/www.kanenberg.com.br\/fatosfotoseregistros\/category\/lugares\/"},"img":{"alt_text":"","src":"https:\/\/i0.wp.com\/www.kanenberg.com.br\/fatosfotoseregistros\/wp-content\/uploads\/2026\/08\/Taninha_3.jpg?resize=350%2C200&ssl=1","width":350,"height":200,"srcset":"https:\/\/i0.wp.com\/www.kanenberg.com.br\/fatosfotoseregistros\/wp-content\/uploads\/2026\/08\/Taninha_3.jpg?resize=350%2C200&ssl=1 1x, https:\/\/i0.wp.com\/www.kanenberg.com.br\/fatosfotoseregistros\/wp-content\/uploads\/2026\/08\/Taninha_3.jpg?resize=525%2C300&ssl=1 1.5x"},"classes":[]},{"id":800,"url":"https:\/\/www.kanenberg.com.br\/fatosfotoseregistros\/18maio-dia-mundial-do-museu\/","url_meta":{"origin":399,"position":4},"title":"18\/Maio &#8211; Dia Mundial do Museu","author":"kanenberg","date":"18 de maio de 2016","format":false,"excerpt":"No dia 18 de maio \u00e9 comemorado o Dia Mundial do Museu. A data foi institu\u00edda pelo Comit\u00ea Internacional de Museus com o objetivo de chamar a aten\u00e7\u00e3o da sociedade e do p\u00fablico para a import\u00e2ncia dos museus","rel":"","context":"Em &quot;Textos&quot;","block_context":{"text":"Textos","link":"https:\/\/www.kanenberg.com.br\/fatosfotoseregistros\/category\/textos\/"},"img":{"alt_text":"fb_img_1463581297637.jpg","src":"https:\/\/fatosfotoseregistros.files.wordpress.com\/2016\/05\/fb_img_1463581297637.jpg?w=350&h=200&crop=1","width":350,"height":200,"srcset":"https:\/\/fatosfotoseregistros.files.wordpress.com\/2016\/05\/fb_img_1463581297637.jpg?w=350&h=200&crop=1 1x, https:\/\/fatosfotoseregistros.files.wordpress.com\/2016\/05\/fb_img_1463581297637.jpg?w=525&h=300&crop=1 1.5x, https:\/\/fatosfotoseregistros.files.wordpress.com\/2016\/05\/fb_img_1463581297637.jpg?w=700&h=400&crop=1 2x"},"classes":[]},{"id":228,"url":"https:\/\/www.kanenberg.com.br\/fatosfotoseregistros\/nao-trilhem\/","url_meta":{"origin":399,"position":5},"title":"N\u00e3o trilhem","author":"kanenberg","date":"18 de mar\u00e7o de 2016","format":false,"excerpt":"Se eu pudesse dar um \u00fanico conselho a voc\u00ea que est\u00e1 lendo este texto, seria esse: N\u00c3O TRILHEM. Acredite em mim, n\u00e3o trilhe. Trilhar \u00e9 um ato de loucura. Se voc\u00ea come\u00e7ar a Trilhar vai perceber isso, seu corpo vai doer, suas pernas v\u00e3o cansar, seus pulm\u00f5es ir\u00e3o sentir a\u2026","rel":"","context":"Em &quot;Textos&quot;","block_context":{"text":"Textos","link":"https:\/\/www.kanenberg.com.br\/fatosfotoseregistros\/category\/textos\/"},"img":{"alt_text":"nao_trilhar","src":"https:\/\/i0.wp.com\/fatosfotoseregistros.kanenberg.com.br\/wp-content\/uploads\/2016\/03\/nao_trilhar.jpg?resize=350%2C200&ssl=1","width":350,"height":200,"srcset":"https:\/\/i0.wp.com\/fatosfotoseregistros.kanenberg.com.br\/wp-content\/uploads\/2016\/03\/nao_trilhar.jpg?resize=350%2C200&ssl=1 1x, https:\/\/i0.wp.com\/fatosfotoseregistros.kanenberg.com.br\/wp-content\/uploads\/2016\/03\/nao_trilhar.jpg?resize=525%2C300&ssl=1 1.5x"},"classes":[]}],"jetpack_likes_enabled":true,"amp_enabled":true,"jetpack_featured_media_url":"","_links":{"self":[{"href":"https:\/\/www.kanenberg.com.br\/fatosfotoseregistros\/wp-json\/wp\/v2\/posts\/399","targetHints":{"allow":["GET"]}}],"collection":[{"href":"https:\/\/www.kanenberg.com.br\/fatosfotoseregistros\/wp-json\/wp\/v2\/posts"}],"about":[{"href":"https:\/\/www.kanenberg.com.br\/fatosfotoseregistros\/wp-json\/wp\/v2\/types\/post"}],"author":[{"embeddable":true,"href":"https:\/\/www.kanenberg.com.br\/fatosfotoseregistros\/wp-json\/wp\/v2\/users\/1"}],"replies":[{"embeddable":true,"href":"https:\/\/www.kanenberg.com.br\/fatosfotoseregistros\/wp-json\/wp\/v2\/comments?post=399"}],"version-history":[{"count":0,"href":"https:\/\/www.kanenberg.com.br\/fatosfotoseregistros\/wp-json\/wp\/v2\/posts\/399\/revisions"}],"wp:attachment":[{"href":"https:\/\/www.kanenberg.com.br\/fatosfotoseregistros\/wp-json\/wp\/v2\/media?parent=399"}],"wp:term":[{"taxonomy":"category","embeddable":true,"href":"https:\/\/www.kanenberg.com.br\/fatosfotoseregistros\/wp-json\/wp\/v2\/categories?post=399"},{"taxonomy":"post_tag","embeddable":true,"href":"https:\/\/www.kanenberg.com.br\/fatosfotoseregistros\/wp-json\/wp\/v2\/tags?post=399"}],"curies":[{"name":"wp","href":"https:\/\/api.w.org\/{rel}","templated":true}]}}