{"id":3852,"date":"2016-11-10T22:00:29","date_gmt":"2016-11-11T00:00:29","guid":{"rendered":"https:\/\/fatosfotoseregistros.wordpress.com\/?p=3852"},"modified":"2026-08-09T12:52:35","modified_gmt":"2026-08-09T15:52:35","slug":"morro-dois-irmaos-via-drone","status":"publish","type":"post","link":"https:\/\/www.kanenberg.com.br\/fatosfotoseregistros\/morro-dois-irmaos-via-drone\/","title":{"rendered":"Morro Dois Irm\u00e3os via Drone"},"content":{"rendered":"<p style=\"text-align: justify;\">J\u00e1 fiz a Trilha do Morro Dois Irm\u00e3os. Uma trilha relativamente f\u00e1cil com a recompensa de um visual fant\u00e1stico.<\/p>\n<p style=\"text-align: justify;\"><img loading=\"lazy\" decoding=\"async\" class=\"aligncenter wp-image-3860 size-full\" src=\"https:\/\/fatosfotoseregistros.files.wordpress.com\/2016\/11\/2irmao_drone.jpg\" alt=\"2irmao_drone\" width=\"600\" height=\"304\" \/><\/p>\n<p style=\"text-align: justify;\">Confira abaixo a filmagem feita via drone. Imagens sensacionais do Morro Dois Irm\u00e3os com um visual de cair o queixo!<\/p>\n<p style=\"text-align: justify;\">Ali\u00e1s, todas as filmagens via drone do Felipe Lombardi (autor dos v\u00eddeos) s\u00e3o espetaculares.<\/p>\n<p style=\"text-align: justify;\">DICA: Coloque o v\u00eddeo em HD e assista e tela cheia.<\/p>\n<p><span class=\"embed-youtube\" style=\"text-align:center; display: block;\"><iframe loading=\"lazy\" class=\"youtube-player\" width=\"840\" height=\"473\" src=\"https:\/\/www.youtube.com\/embed\/XIurlS0SLZ4?version=3&#038;rel=1&#038;showsearch=0&#038;showinfo=1&#038;iv_load_policy=1&#038;fs=1&#038;hl=pt-BR&#038;autohide=2&#038;wmode=transparent\" allowfullscreen=\"true\" style=\"border:0;\" sandbox=\"allow-scripts allow-same-origin allow-popups allow-presentation allow-popups-to-escape-sandbox\"><\/iframe><\/span><\/p>\n","protected":false},"excerpt":{"rendered":"<p>Imagens sensacionais do Morro Dois Irm\u00e3os com um visual de cair o queixo!<\/p>\n","protected":false},"author":1,"featured_media":0,"comment_status":"open","ping_status":"open","sticky":false,"template":"","format":"standard","meta":{"_exactmetrics_skip_tracking":false,"_jetpack_newsletter_access":"","_jetpack_dont_email_post_to_subs":false,"_jetpack_newsletter_tier_id":0,"_jetpack_memberships_contains_paywalled_content":false,"_jetpack_feature_clip_id":0,"_jetpack_memberships_contains_paid_content":false,"footnotes":"","jetpack_publicize_message":"","jetpack_publicize_feature_enabled":true,"jetpack_social_post_already_shared":true,"jetpack_social_options":{"image_generator_settings":{"template":"highway","default_image_id":0,"font":"","enabled":false},"version":2},"jetpack_post_was_ever_published":false},"categories":[310,278],"tags":[332,320],"class_list":["post-3852","post","type-post","status-publish","format-standard","hentry","category-sem-categoria","category-video","tag-aventuras","tag-trilhas"],"jetpack_publicize_connections":[],"jetpack_sharing_enabled":true,"jetpack_shortlink":"https:\/\/wp.me\/phkM1X-108","jetpack-related-posts":[{"id":147,"url":"https:\/\/www.kanenberg.com.br\/fatosfotoseregistros\/morro-da-babilonia\/","url_meta":{"origin":3852,"position":0},"title":"Morro da Babil\u00f4nia","author":"kanenberg","date":"2 de julho de 2015","format":false,"excerpt":"O Morro da Babil\u00f4nia era uma \u00e1rea militar, usada como ponto estrat\u00e9gico no controle da entrada de embarca\u00e7\u00f5es na Ba\u00eda de Guanabara.","rel":"","context":"Em &quot;Imagem&quot;","block_context":{"text":"Imagem","link":"https:\/\/www.kanenberg.com.br\/fatosfotoseregistros\/category\/imagem\/"},"img":{"alt_text":"Copacabana - Babil\u00f4nia","src":"http:\/\/i0.wp.com\/fatosfotoseregistros.files.wordpress.com\/2015\/06\/wpid-wp-1434853041335.jpeg?w=528%3Fw%3D700&resize=350%2C200","width":350,"height":200,"srcset":"http:\/\/i0.wp.com\/fatosfotoseregistros.files.wordpress.com\/2015\/06\/wpid-wp-1434853041335.jpeg?w=528%3Fw%3D700&resize=350%2C200 1x, http:\/\/i0.wp.com\/fatosfotoseregistros.files.wordpress.com\/2015\/06\/wpid-wp-1434853041335.jpeg?w=528%3Fw%3D700&resize=525%2C300 1.5x, http:\/\/i0.wp.com\/fatosfotoseregistros.files.wordpress.com\/2015\/06\/wpid-wp-1434853041335.jpeg?w=528%3Fw%3D700&resize=700%2C400 2x"},"classes":[]},{"id":2877,"url":"https:\/\/www.kanenberg.com.br\/fatosfotoseregistros\/locais-para-conhecer-rj-1\/","url_meta":{"origin":3852,"position":1},"title":"Locais para conhecer no Rio de Janeiro &#8211; Parte 1","author":"kanenberg","date":"16 de agosto de 2016","format":false,"excerpt":"A cidade do Rio de Janeiro, guarda lugares fant\u00e1sticos, alguns desconhecidos at\u00e9 mesmo pelos pr\u00f3prios cariocas. Conhe\u00e7a alguns destes lugares lindos e cheios de hist\u00f3ria.","rel":"","context":"Em &quot;Imagem&quot;","block_context":{"text":"Imagem","link":"https:\/\/www.kanenberg.com.br\/fatosfotoseregistros\/category\/imagem\/"},"img":{"alt_text":"valongo1","src":"https:\/\/fatosfotoseregistros.files.wordpress.com\/2016\/08\/valongo1.jpg?w=350&h=200&crop=1","width":350,"height":200,"srcset":"https:\/\/fatosfotoseregistros.files.wordpress.com\/2016\/08\/valongo1.jpg?w=350&h=200&crop=1 1x, https:\/\/fatosfotoseregistros.files.wordpress.com\/2016\/08\/valongo1.jpg?w=525&h=300&crop=1 1.5x"},"classes":[]},{"id":835,"url":"https:\/\/www.kanenberg.com.br\/fatosfotoseregistros\/pedra-do-telegrafo-pontal-e-mirante-do-caete\/","url_meta":{"origin":3852,"position":2},"title":"Pedra do Tel\u00e9grafo, Pontal e Mirante do Caet\u00e9","author":"kanenberg","date":"23 de maio de 2016","format":false,"excerpt":"Pedra do Tel\u00e9grafo, Pontal e Mirante do Caet\u00e9 filmados via drone. O local sem sombra de d\u00favida \u00e9 muito bonito e as imagens ent\u00e3o ficaram sensacionais!","rel":"","context":"Em &quot;V\u00eddeo&quot;","block_context":{"text":"V\u00eddeo","link":"https:\/\/www.kanenberg.com.br\/fatosfotoseregistros\/category\/video\/"},"img":{"alt_text":"sketchguru_20160523123920.jpg","src":"https:\/\/fatosfotoseregistros.files.wordpress.com\/2016\/05\/sketchguru_20160523123920.jpg?w=350&h=200&crop=1","width":350,"height":200},"classes":[]},{"id":938,"url":"https:\/\/www.kanenberg.com.br\/fatosfotoseregistros\/morro-da-babilonia-2\/","url_meta":{"origin":3852,"position":3},"title":"Morro da Babil\u00f4nia","author":"kanenberg","date":"25 de maio de 2016","format":false,"excerpt":"O Morro da Babil\u00f4nia esta localizado na divisa entre os bairros do Leme, Botafogo, Urca e Copacabana. A localidade abriga as comunidades do Morro da Babil\u00f4nia e a do Chap\u00e9u Mangueira al\u00e9m de uma ampla \u00e1rea de prote\u00e7\u00e3o ambiental fazendo parte do Parque Natural Municipal Paisagem Carioca.","rel":"","context":"Em &quot;Lugares&quot;","block_context":{"text":"Lugares","link":"https:\/\/www.kanenberg.com.br\/fatosfotoseregistros\/category\/lugares\/"},"img":{"alt_text":"2015-04-19 11.38.46","src":"https:\/\/fatosfotoseregistros.files.wordpress.com\/2016\/05\/2015-04-19-11-38-46.jpg?w=350&h=200&crop=1","width":350,"height":200,"srcset":"https:\/\/fatosfotoseregistros.files.wordpress.com\/2016\/05\/2015-04-19-11-38-46.jpg?w=350&h=200&crop=1 1x, https:\/\/fatosfotoseregistros.files.wordpress.com\/2016\/05\/2015-04-19-11-38-46.jpg?w=525&h=300&crop=1 1.5x, https:\/\/fatosfotoseregistros.files.wordpress.com\/2016\/05\/2015-04-19-11-38-46.jpg?w=700&h=400&crop=1 2x"},"classes":[]},{"id":99,"url":"https:\/\/www.kanenberg.com.br\/fatosfotoseregistros\/trilha-morro-da-babilonia\/","url_meta":{"origin":3852,"position":4},"title":"Trilha Morro da Babil\u00f4nia","author":"kanenberg","date":"27 de abril de 2015","format":false,"excerpt":"Entre os bairros do Leme, Botafogo, Urca, Babil\u00f4nia e Chap\u00e9u-Mangueira, uma linda trilha, a mais de 230 metros de altitude, guarda muitas surpresas: ru\u00ednas de casamatas...","rel":"","context":"Em &quot;Lugares&quot;","block_context":{"text":"Lugares","link":"https:\/\/www.kanenberg.com.br\/fatosfotoseregistros\/category\/lugares\/"},"img":{"alt_text":"Morro da Babil\u00f4nia","src":"https:\/\/i0.wp.com\/www.kanenberg.com.br\/fatosfotoseregistros\/wp-content\/uploads\/2015\/04\/2015-04-19-11-36-08.jpg?resize=350%2C200&ssl=1","width":350,"height":200,"srcset":"https:\/\/i0.wp.com\/www.kanenberg.com.br\/fatosfotoseregistros\/wp-content\/uploads\/2015\/04\/2015-04-19-11-36-08.jpg?resize=350%2C200&ssl=1 1x, https:\/\/i0.wp.com\/www.kanenberg.com.br\/fatosfotoseregistros\/wp-content\/uploads\/2015\/04\/2015-04-19-11-36-08.jpg?resize=525%2C300&ssl=1 1.5x, https:\/\/i0.wp.com\/www.kanenberg.com.br\/fatosfotoseregistros\/wp-content\/uploads\/2015\/04\/2015-04-19-11-36-08.jpg?resize=700%2C400&ssl=1 2x, https:\/\/i0.wp.com\/www.kanenberg.com.br\/fatosfotoseregistros\/wp-content\/uploads\/2015\/04\/2015-04-19-11-36-08.jpg?resize=1050%2C600&ssl=1 3x, https:\/\/i0.wp.com\/www.kanenberg.com.br\/fatosfotoseregistros\/wp-content\/uploads\/2015\/04\/2015-04-19-11-36-08.jpg?resize=1400%2C800&ssl=1 4x"},"classes":[]},{"id":4071,"url":"https:\/\/www.kanenberg.com.br\/fatosfotoseregistros\/cemiterio-de-gatos\/","url_meta":{"origin":3852,"position":5},"title":"O curioso Cemit\u00e9rio dos Gatos de Blumenau","author":"kanenberg","date":"25 de janeiro de 2017","format":false,"excerpt":"Existem cemit\u00e9rios que chamam a aten\u00e7\u00e3o n\u00e3o apenas por sua hist\u00f3ria, mas tamb\u00e9m pela singularidade de sua exist\u00eancia. Ao redor do mundo h\u00e1 exemplos dedicados a animais, como o conhecido Cemit\u00e9rio de P\u00e1ssaros da Ilha de Paquet\u00e1, no Rio de Janeiro. Em Blumenau, Santa Catarina, um dos locais mais curiosos\u2026","rel":"","context":"Em &quot;Imagem&quot;","block_context":{"text":"Imagem","link":"https:\/\/www.kanenberg.com.br\/fatosfotoseregistros\/category\/imagem\/"},"img":{"alt_text":"img_20161228_150137441_hdr-01.jpeg","src":"https:\/\/fatosfotoseregistros.files.wordpress.com\/2017\/01\/img_20161228_150137441_hdr-01.jpeg?w=350&h=200&crop=1","width":350,"height":200,"srcset":"https:\/\/fatosfotoseregistros.files.wordpress.com\/2017\/01\/img_20161228_150137441_hdr-01.jpeg?w=350&h=200&crop=1 1x, https:\/\/fatosfotoseregistros.files.wordpress.com\/2017\/01\/img_20161228_150137441_hdr-01.jpeg?w=525&h=300&crop=1 1.5x, https:\/\/fatosfotoseregistros.files.wordpress.com\/2017\/01\/img_20161228_150137441_hdr-01.jpeg?w=700&h=400&crop=1 2x, https:\/\/fatosfotoseregistros.files.wordpress.com\/2017\/01\/img_20161228_150137441_hdr-01.jpeg?w=1050&h=600&crop=1 3x, https:\/\/fatosfotoseregistros.files.wordpress.com\/2017\/01\/img_20161228_150137441_hdr-01.jpeg?w=1400&h=800&crop=1 4x"},"classes":[]}],"jetpack_likes_enabled":true,"amp_enabled":true,"jetpack_featured_media_url":"","_links":{"self":[{"href":"https:\/\/www.kanenberg.com.br\/fatosfotoseregistros\/wp-json\/wp\/v2\/posts\/3852","targetHints":{"allow":["GET"]}}],"collection":[{"href":"https:\/\/www.kanenberg.com.br\/fatosfotoseregistros\/wp-json\/wp\/v2\/posts"}],"about":[{"href":"https:\/\/www.kanenberg.com.br\/fatosfotoseregistros\/wp-json\/wp\/v2\/types\/post"}],"author":[{"embeddable":true,"href":"https:\/\/www.kanenberg.com.br\/fatosfotoseregistros\/wp-json\/wp\/v2\/users\/1"}],"replies":[{"embeddable":true,"href":"https:\/\/www.kanenberg.com.br\/fatosfotoseregistros\/wp-json\/wp\/v2\/comments?post=3852"}],"version-history":[{"count":2,"href":"https:\/\/www.kanenberg.com.br\/fatosfotoseregistros\/wp-json\/wp\/v2\/posts\/3852\/revisions"}],"predecessor-version":[{"id":6276,"href":"https:\/\/www.kanenberg.com.br\/fatosfotoseregistros\/wp-json\/wp\/v2\/posts\/3852\/revisions\/6276"}],"wp:attachment":[{"href":"https:\/\/www.kanenberg.com.br\/fatosfotoseregistros\/wp-json\/wp\/v2\/media?parent=3852"}],"wp:term":[{"taxonomy":"category","embeddable":true,"href":"https:\/\/www.kanenberg.com.br\/fatosfotoseregistros\/wp-json\/wp\/v2\/categories?post=3852"},{"taxonomy":"post_tag","embeddable":true,"href":"https:\/\/www.kanenberg.com.br\/fatosfotoseregistros\/wp-json\/wp\/v2\/tags?post=3852"}],"curies":[{"name":"wp","href":"https:\/\/api.w.org\/{rel}","templated":true}]}}