{"id":3807,"date":"2016-10-29T21:32:28","date_gmt":"2016-10-29T23:32:28","guid":{"rendered":"https:\/\/fatosfotoseregistros.wordpress.com\/?p=3807"},"modified":"2026-08-21T12:36:48","modified_gmt":"2026-08-21T15:36:48","slug":"barra-velha","status":"publish","type":"post","link":"https:\/\/www.kanenberg.com.br\/fatosfotoseregistros\/barra-velha\/","title":{"rendered":"Descubra os encantos de Barra Velha"},"content":{"rendered":"<p align=\"justify\">Barra Velha, localizada no Litoral Norte de Santa Catarina, combina riqueza hist\u00f3rica, praias e uma geografia \u00fanica.<\/p>\n<figure id=\"attachment_3806\" aria-describedby=\"caption-attachment-3806\" style=\"width: 680px\" class=\"wp-caption aligncenter\"><a href=\"http:\/\/fatosfotoseregistros.files.wordpress.com\/2016\/10\/wp-image-2074729432jpg.jpg\"><img loading=\"lazy\" decoding=\"async\" class=\"wp-image-3806 size-full\" title=\"Lagoa de Barra Velha\" src=\"http:\/\/fatosfotoseregistros.files.wordpress.com\/2016\/10\/wp-image-2074729432jpg.jpg\" alt=\"\" width=\"680\" height=\"382\" \/><\/a><figcaption id=\"caption-attachment-3806\" class=\"wp-caption-text\">Lagoa de Barra Velha<\/figcaption><\/figure>\n<h2>A Origem do Nome Barra Velha<\/h2>\n<p align=\"justify\">O nome da cidade est\u00e1 ligado \u00e0 din\u00e2mica do Rio Itapocu e \u00e0 for\u00e7a do mar. Originalmente, o rio desaguava no oceano Atl\u00e2ntico em um ponto espec\u00edfico da costa \u2014 a &#8220;barra&#8221;. Com o tempo, a a\u00e7\u00e3o dos ventos e do mar causou o assoreamento de areia e fechou essa antiga foz. A for\u00e7a da \u00e1gua acumulada abriu um novo canal no oceano (a atual &#8220;Boca da Barra&#8221;), e a barra desativada passou a ser chamada pelos moradores locais de &#8220;Barra Velha&#8221;, batizando o munic\u00edpio.<\/p>\n<h2>A Lagoa que \u00e9 Bra\u00e7o de Mar<\/h2>\n<p align=\"justify\">A Lagoa de Barra Velha n\u00e3o \u00e9 uma lagoa de \u00e1gua doce convencional, mas sim uma laguna formada por uma extens\u00e3o do mar paralela \u00e0 costa, onde desembocam as \u00e1guas do Rio Itapocu. Com cerca de 6 km de extens\u00e3o, a lagoa corre paralela ao oceano, separada apenas por uma restinga de areia, proporcionando \u00e1guas calmas ideais para esportes n\u00e1uticos como stand-up paddle, caiaque e jet ski.<\/p>\n<h2>O Naufr\u00e1gio e o Cost\u00e3o dos N\u00e1ufragos<\/h2>\n<p align=\"justify\">Em 1865, durante a Guerra do Paraguai, uma embarca\u00e7\u00e3o transportando combatentes brasileiros sofreu um naufr\u00e1gio nas rochas da costa devido ao mar revolto. Os sobreviventes conseguiram nadar at\u00e9 a praia e foram acolhidos pela comunidade local. Em mem\u00f3ria do acidente, ergueu-se um cruzeiro de madeira sobre as pedras, batizando a \u00e1rea como Cost\u00e3o dos N\u00e1ufragos (localizado na Praia Central), hoje um dos pontos tur\u00edsticos e hist\u00f3ricos mais conhecidos do munic\u00edpio.<\/p>\n<h2>Curiosidades e Fatos Hist\u00f3ricos<\/h2>\n<ul>\n<li><strong>Passado Baleeiro<\/strong>: No s\u00e9culo XIX, a regi\u00e3o funcionava como uma importante arma\u00e7\u00e3o baleeira. A carne e o \u00f3leo de baleia extra\u00eddos na \u00e1rea abasteciam o Rio de Janeiro, ent\u00e3o capital do Imp\u00e9rio.<\/li>\n<li><strong style=\"font-size: 1.0625rem;\">R\u00e9plica da Est\u00e1tua da Liberdade<\/strong><span style=\"font-size: 1.0625rem;\">: \u00c0s margens da rodovia BR-101, encontra-se uma das maiores r\u00e9plicas da Est\u00e1tua da Liberdade no Brasil, constru\u00edda pela rede Havan, que se tornou um ponto de parada famoso para fotos.<\/span><\/li>\n<li><strong style=\"font-size: 1.0625rem;\">Gastronomia T\u00edpica<\/strong><span style=\"font-size: 1.0625rem;\">: A coloniza\u00e7\u00e3o de origem a\u00e7oriana garante forte tradi\u00e7\u00e3o na pesca artesanal, destacando pratos \u00e0 base de frutos do mar frescos, mariscos e a piraquara.<\/span><\/li>\n<\/ul>\n<p><a href=\"https:\/\/commons.wikimedia.org\/wiki\/File:Barra_Velha.jpg#\/media\/Ficheiro:Barra_Velha.jpg\"><img loading=\"lazy\" decoding=\"async\" src=\"https:\/\/upload.wikimedia.org\/wikipedia\/commons\/3\/3b\/Barra_Velha.jpg?utm_source=pt.wikipedia.org&amp;utm_campaign=imageinfo&amp;utm_content=original\" alt=\"Barra Velha.jpg\" width=\"1600\" height=\"1200\" \/><\/a><br \/>\nPor <a class=\"extiw\" title=\"wikipedia:User:Agilberttx\" href=\"https:\/\/en.wikipedia.org\/wiki\/User:Agilberttx\">Agilberttx<\/a> em <a class=\"extiw\" title=\"wikipedia:\" href=\"https:\/\/en.wikipedia.org\/wiki\/\">Wikip\u00e9dia em ingl\u00eas<\/a> &#8211; <span class=\"int-own-work\" lang=\"\">Obra pr\u00f3pria do carregador original<\/span>, Dom\u00ednio p\u00fablico, <a href=\"https:\/\/commons.wikimedia.org\/w\/index.php?curid=29805089\">Hiperliga\u00e7\u00e3o<\/a><\/p>\n<div class=\"su-gmap su-u-responsive-media-yes\"><iframe loading=\"lazy\" width=\"600\" height=\"400\" src=\"\/\/maps.google.com\/maps?q=Barra%20Velha&amp;output=embed\" title=\"Barra Velha, Santa Catarina\"><\/iframe><\/div>\n","protected":false},"excerpt":{"rendered":"<p>Barra Velha &#8211; Cidade no litoral Norte Catarinense. Primeira pessoa vista pela BR-101 no sentido norte\/sul do estado&#8230;<\/p>\n","protected":false},"author":1,"featured_media":0,"comment_status":"open","ping_status":"open","sticky":false,"template":"","format":"standard","meta":{"_exactmetrics_skip_tracking":false,"_jetpack_newsletter_access":"","_jetpack_dont_email_post_to_subs":false,"_jetpack_newsletter_tier_id":0,"_jetpack_memberships_contains_paywalled_content":false,"_jetpack_feature_clip_id":0,"_jetpack_memberships_contains_paid_content":false,"footnotes":"","jetpack_publicize_message":"","jetpack_publicize_feature_enabled":true,"jetpack_social_post_already_shared":true,"jetpack_social_options":{"image_generator_settings":{"template":"highway","default_image_id":0,"font":"","enabled":false},"version":2},"jetpack_post_was_ever_published":false},"categories":[282,265],"tags":[331,328,427,301],"class_list":["post-3807","post","type-post","status-publish","format-standard","hentry","category-lugares","category-textos","tag-barra-velha","tag-estatua","tag-guerra-do-paraguai","tag-santa-catarina"],"jetpack_publicize_connections":[],"jetpack_sharing_enabled":true,"jetpack_shortlink":"https:\/\/wp.me\/phkM1X-Zp","jetpack-related-posts":[{"id":5343,"url":"https:\/\/www.kanenberg.com.br\/fatosfotoseregistros\/do-caminho-do-boi-aos-tabajaras-a-historia-e-as-curiosidades-de-uma-das-ladeiras-mais-famosas-do-rio\/","url_meta":{"origin":3807,"position":0},"title":"Do Caminho do Boi aos Tabajaras: A Hist\u00f3ria e as Curiosidades de uma das Ladeiras Mais Famosas do Rio","author":"kanenberg","date":"14 de fevereiro de 2019","format":false,"excerpt":"Quem passa hoje pelo in\u00edcio da Ladeira dos Tabajaras, logo na altura da Rua Siqueira Campos, em Copacabana, dificilmente imagina que aquele corredor urbano j\u00e1 foi uma rota estreita e poeirenta usada para o transporte de gado no s\u00e9culo XIX.","rel":"","context":"Em &quot;Lugares&quot;","block_context":{"text":"Lugares","link":"https:\/\/www.kanenberg.com.br\/fatosfotoseregistros\/category\/lugares\/"},"img":{"alt_text":"Ladeira dos Tabajaras","src":"https:\/\/i0.wp.com\/www.kanenberg.com.br\/fatosfotoseregistros\/wp-content\/uploads\/2019\/02\/FB_IMG_1550139554943.jpg?resize=350%2C200&ssl=1","width":350,"height":200,"srcset":"https:\/\/i0.wp.com\/www.kanenberg.com.br\/fatosfotoseregistros\/wp-content\/uploads\/2019\/02\/FB_IMG_1550139554943.jpg?resize=350%2C200&ssl=1 1x, https:\/\/i0.wp.com\/www.kanenberg.com.br\/fatosfotoseregistros\/wp-content\/uploads\/2019\/02\/FB_IMG_1550139554943.jpg?resize=525%2C300&ssl=1 1.5x, https:\/\/i0.wp.com\/www.kanenberg.com.br\/fatosfotoseregistros\/wp-content\/uploads\/2019\/02\/FB_IMG_1550139554943.jpg?resize=700%2C400&ssl=1 2x"},"classes":[]},{"id":1077,"url":"https:\/\/www.kanenberg.com.br\/fatosfotoseregistros\/fortaleza-de-sao-jose-da-ponta-grossa\/","url_meta":{"origin":3807,"position":1},"title":"Fortaleza de S\u00e3o Jos\u00e9 da Ponta Grossa","author":"kanenberg","date":"7 de junho de 2016","format":false,"excerpt":"Est\u00e1 localizada ao norte da Ilha de Santa Catarina, entre as Praias do Forte e de Jurer\u00ea, em Florian\u00f3polis, no Estado de Santa Catarina. A constru\u00e7\u00e3o austera e imponente caracteriza-se pela riqueza da sua arquitetura, apresentando tra\u00e7os de influ\u00eancia renascentista.","rel":"","context":"Em &quot;Imagem&quot;","block_context":{"text":"Imagem","link":"https:\/\/www.kanenberg.com.br\/fatosfotoseregistros\/category\/imagem\/"},"img":{"alt_text":"pub_ponta_grossa_01","src":"https:\/\/fatosfotoseregistros.files.wordpress.com\/2016\/06\/pub_ponta_grossa_01.jpg?w=350&h=200&crop=1","width":350,"height":200,"srcset":"https:\/\/fatosfotoseregistros.files.wordpress.com\/2016\/06\/pub_ponta_grossa_01.jpg?w=350&h=200&crop=1 1x, https:\/\/fatosfotoseregistros.files.wordpress.com\/2016\/06\/pub_ponta_grossa_01.jpg?w=525&h=300&crop=1 1.5x"},"classes":[]},{"id":623,"url":"https:\/\/www.kanenberg.com.br\/fatosfotoseregistros\/lenda-do-joao-de-barro\/","url_meta":{"origin":3807,"position":2},"title":"Lenda do Jo\u00e3o de Barro","author":"kanenberg","date":"8 de maio de 2016","format":false,"excerpt":"Segundo a lenda, h\u00e1 muito tempo, numa tribo do sul do Brasil, um jovem se apaixonou por uma mo\u00e7a de grande beleza. Jaeb\u00e9, o mo\u00e7o, foi pedi-la em casamento.","rel":"","context":"Em &quot;Textos&quot;","block_context":{"text":"Textos","link":"https:\/\/www.kanenberg.com.br\/fatosfotoseregistros\/category\/textos\/"},"img":{"alt_text":"517650214_21cbc1e212_z","src":"https:\/\/fatosfotoseregistros.files.wordpress.com\/2016\/05\/517650214_21cbc1e212_z.jpg?w=350&h=200&crop=1","width":350,"height":200},"classes":[]},{"id":2062,"url":"https:\/\/www.kanenberg.com.br\/fatosfotoseregistros\/museu-historico-do-exercito-e-forte-de-copacabana\/","url_meta":{"origin":3807,"position":3},"title":"Museu Hist\u00f3rico do Ex\u00e9rcito e Forte de Copacabana","author":"kanenberg","date":"19 de julho de 2016","format":false,"excerpt":"O local escolhido para a sua constru\u00e7\u00e3o consistia numa regi\u00e3o cujos rochedos avan\u00e7avam contra o mar em dire\u00e7\u00e3o \u00e0 entrada da Ba\u00eda de Guanabara.","rel":"","context":"Em &quot;Imagem&quot;","block_context":{"text":"Imagem","link":"https:\/\/www.kanenberg.com.br\/fatosfotoseregistros\/category\/imagem\/"},"img":{"alt_text":"","src":"https:\/\/i0.wp.com\/www.kanenberg.com.br\/fatosfotoseregistros\/wp-content\/uploads\/2016\/07\/1922-07-06-150x150.jpg?resize=350%2C200&ssl=1","width":350,"height":200,"srcset":"https:\/\/i0.wp.com\/www.kanenberg.com.br\/fatosfotoseregistros\/wp-content\/uploads\/2016\/07\/1922-07-06-150x150.jpg?resize=350%2C200&ssl=1 1x, https:\/\/i0.wp.com\/www.kanenberg.com.br\/fatosfotoseregistros\/wp-content\/uploads\/2016\/07\/1922-07-06-150x150.jpg?resize=525%2C300&ssl=1 1.5x"},"classes":[]},{"id":2353,"url":"https:\/\/www.kanenberg.com.br\/fatosfotoseregistros\/a-carta-de-pero-vaz-de-caminha\/","url_meta":{"origin":3807,"position":4},"title":"A Carta de Pero Vaz de Caminha","author":"kanenberg","date":"26 de julho de 2016","format":false,"excerpt":"A carta que o escriv\u00e3o Pero Vaz de Caminha escreveu ao rei d. Manuel \u00e9 considerada o primeiro documento da nossa hist\u00f3ria, e tamb\u00e9m como o primeiro texto liter\u00e1rio do Brasil.","rel":"","context":"Em &quot;Textos&quot;","block_context":{"text":"Textos","link":"https:\/\/www.kanenberg.com.br\/fatosfotoseregistros\/category\/textos\/"},"img":{"alt_text":"carta_caminha","src":"https:\/\/fatosfotoseregistros.files.wordpress.com\/2016\/07\/carta_caminha.png?w=350&h=200&crop=1","width":350,"height":200},"classes":[]},{"id":6353,"url":"https:\/\/www.kanenberg.com.br\/fatosfotoseregistros\/velho-oeste-historia-e-ficcao\/","url_meta":{"origin":3807,"position":5},"title":"Velho Oeste: Hist\u00f3ria e Fic\u00e7\u00e3o","author":"kanenberg","date":"2 de setembro de 2026","format":false,"excerpt":"A \u00e9poca retratada nos filmes de faroeste existiu de verdade e ficou conhecida na hist\u00f3ria como a era do Velho Oeste (ou Wild West \u2014 Oeste Selvagem).","rel":"","context":"Em &quot;Lugares&quot;","block_context":{"text":"Lugares","link":"https:\/\/www.kanenberg.com.br\/fatosfotoseregistros\/category\/lugares\/"},"img":{"alt_text":"Figura 1 - Dodge City, Kansas (1878): Uma das cidades mais famosas e violentas do Velho Oeste real. Fonte: Smithsonian Magazine","src":"https:\/\/i0.wp.com\/www.kanenberg.com.br\/fatosfotoseregistros\/wp-content\/uploads\/2026\/08\/Dodge-City.jpg?resize=350%2C200&ssl=1","width":350,"height":200,"srcset":"https:\/\/i0.wp.com\/www.kanenberg.com.br\/fatosfotoseregistros\/wp-content\/uploads\/2026\/08\/Dodge-City.jpg?resize=350%2C200&ssl=1 1x, https:\/\/i0.wp.com\/www.kanenberg.com.br\/fatosfotoseregistros\/wp-content\/uploads\/2026\/08\/Dodge-City.jpg?resize=525%2C300&ssl=1 1.5x"},"classes":[]}],"jetpack_likes_enabled":true,"amp_enabled":true,"jetpack_featured_media_url":"","_links":{"self":[{"href":"https:\/\/www.kanenberg.com.br\/fatosfotoseregistros\/wp-json\/wp\/v2\/posts\/3807","targetHints":{"allow":["GET"]}}],"collection":[{"href":"https:\/\/www.kanenberg.com.br\/fatosfotoseregistros\/wp-json\/wp\/v2\/posts"}],"about":[{"href":"https:\/\/www.kanenberg.com.br\/fatosfotoseregistros\/wp-json\/wp\/v2\/types\/post"}],"author":[{"embeddable":true,"href":"https:\/\/www.kanenberg.com.br\/fatosfotoseregistros\/wp-json\/wp\/v2\/users\/1"}],"replies":[{"embeddable":true,"href":"https:\/\/www.kanenberg.com.br\/fatosfotoseregistros\/wp-json\/wp\/v2\/comments?post=3807"}],"version-history":[{"count":5,"href":"https:\/\/www.kanenberg.com.br\/fatosfotoseregistros\/wp-json\/wp\/v2\/posts\/3807\/revisions"}],"predecessor-version":[{"id":6317,"href":"https:\/\/www.kanenberg.com.br\/fatosfotoseregistros\/wp-json\/wp\/v2\/posts\/3807\/revisions\/6317"}],"wp:attachment":[{"href":"https:\/\/www.kanenberg.com.br\/fatosfotoseregistros\/wp-json\/wp\/v2\/media?parent=3807"}],"wp:term":[{"taxonomy":"category","embeddable":true,"href":"https:\/\/www.kanenberg.com.br\/fatosfotoseregistros\/wp-json\/wp\/v2\/categories?post=3807"},{"taxonomy":"post_tag","embeddable":true,"href":"https:\/\/www.kanenberg.com.br\/fatosfotoseregistros\/wp-json\/wp\/v2\/tags?post=3807"}],"curies":[{"name":"wp","href":"https:\/\/api.w.org\/{rel}","templated":true}]}}