{"id":3603,"date":"2016-09-18T00:42:04","date_gmt":"2016-09-18T03:42:04","guid":{"rendered":"https:\/\/fatosfotoseregistros.wordpress.com\/?p=3603"},"modified":"2026-08-09T11:44:41","modified_gmt":"2026-08-09T14:44:41","slug":"monumento-a-mahatma-gandhi","status":"publish","type":"post","link":"https:\/\/www.kanenberg.com.br\/fatosfotoseregistros\/monumento-a-mahatma-gandhi\/","title":{"rendered":"Monumento a Mahatma Gandhi"},"content":{"rendered":"<p style=\"text-align: justify;\">Est\u00e1tua em bronze, do l\u00edder indiano Mahatma Gandhi feita pelo escultor hindu Sankho Chanduri. Inaugurada em 1949, apesar de imponente, ela passa v\u00e1rias vezes despercebida pelos transeuntes.<\/p>\n<p><img loading=\"lazy\" decoding=\"async\" class=\" size-full wp-image-3585 aligncenter\" src=\"https:\/\/fatosfotoseregistros.files.wordpress.com\/2016\/09\/img_20160917_152225712.jpg\" alt=\"img_20160917_152225712\" width=\"4160\" height=\"2340\" \/><\/p>\n<p style=\"text-align: justify;\">Doada pela \u00cdndia em 1964, a est\u00e1tua fica entre a Cinel\u00e2ndia e o Passeio P\u00fablico. Mahatma Gandhi tornou-se importante devido ao movimento pela paz e pela descoloniza\u00e7\u00e3o da \u00c1sia e \u00c1frica. Est\u00e1 relacionado ao decl\u00ednio do Imp\u00e9rio Brit\u00e2nico.<\/p>\n","protected":false},"excerpt":{"rendered":"<p>Est\u00e1tua em bronze, do l\u00edder indiano Mahatma Gandhi feita pelo escultor hindu Sankho Chanduri.<\/p>\n","protected":false},"author":1,"featured_media":0,"comment_status":"open","ping_status":"open","sticky":false,"template":"","format":"standard","meta":{"_exactmetrics_skip_tracking":false,"_jetpack_newsletter_access":"","_jetpack_dont_email_post_to_subs":false,"_jetpack_newsletter_tier_id":0,"_jetpack_memberships_contains_paywalled_content":false,"_jetpack_feature_clip_id":0,"_jetpack_memberships_contains_paid_content":false,"footnotes":"","jetpack_publicize_message":"","jetpack_publicize_feature_enabled":true,"jetpack_social_post_already_shared":true,"jetpack_social_options":{"image_generator_settings":{"template":"highway","default_image_id":0,"font":"","enabled":false},"version":2},"jetpack_post_was_ever_published":false},"categories":[262],"tags":[328],"class_list":["post-3603","post","type-post","status-publish","format-standard","hentry","category-imagem","tag-estatua"],"jetpack_publicize_connections":[],"jetpack_sharing_enabled":true,"jetpack_shortlink":"https:\/\/wp.me\/phkM1X-W7","jetpack-related-posts":[{"id":6292,"url":"https:\/\/www.kanenberg.com.br\/fatosfotoseregistros\/branquinha-de-avare\/","url_meta":{"origin":3603,"position":0},"title":"A Lealdade Al\u00e9m do Tempo: A Hist\u00f3ria de Branquinha, a Anja Guardi\u00e3 de Avar\u00e9","author":"kanenberg","date":"16 de agosto de 2026","format":false,"excerpt":"H\u00e1 hist\u00f3rias que desafiam a nossa compreens\u00e3o sobre a profundidade do afeto animal, e a de Branquinha, a emblem\u00e1tica cachorrinha do Cemit\u00e9rio Municipal de Avar\u00e9 (SP), \u00e9 um desses relatos que merecem ficar gravados na mem\u00f3ria coletiva.","rel":"","context":"Em &quot;Lugares&quot;","block_context":{"text":"Lugares","link":"https:\/\/www.kanenberg.com.br\/fatosfotoseregistros\/category\/lugares\/"},"img":{"alt_text":"Branquinha de Avar\u00e9","src":"https:\/\/i0.wp.com\/www.kanenberg.com.br\/fatosfotoseregistros\/wp-content\/uploads\/2026\/08\/branquinha.jpg?resize=350%2C200&ssl=1","width":350,"height":200,"srcset":"https:\/\/i0.wp.com\/www.kanenberg.com.br\/fatosfotoseregistros\/wp-content\/uploads\/2026\/08\/branquinha.jpg?resize=350%2C200&ssl=1 1x, https:\/\/i0.wp.com\/www.kanenberg.com.br\/fatosfotoseregistros\/wp-content\/uploads\/2026\/08\/branquinha.jpg?resize=525%2C300&ssl=1 1.5x"},"classes":[]},{"id":3807,"url":"https:\/\/www.kanenberg.com.br\/fatosfotoseregistros\/barra-velha\/","url_meta":{"origin":3603,"position":1},"title":"Descubra os encantos de Barra Velha","author":"kanenberg","date":"29 de outubro de 2016","format":false,"excerpt":"Barra Velha - Cidade no litoral Norte Catarinense. Primeira pessoa vista pela BR-101 no sentido norte\/sul do estado...","rel":"","context":"Em &quot;Lugares&quot;","block_context":{"text":"Lugares","link":"https:\/\/www.kanenberg.com.br\/fatosfotoseregistros\/category\/lugares\/"},"img":{"alt_text":"","src":"https:\/\/fatosfotoseregistros.files.wordpress.com\/2016\/10\/wp-image-2074729432jpg.jpg?w=350&h=200&crop=1","width":350,"height":200,"srcset":"https:\/\/fatosfotoseregistros.files.wordpress.com\/2016\/10\/wp-image-2074729432jpg.jpg?w=350&h=200&crop=1 1x, https:\/\/fatosfotoseregistros.files.wordpress.com\/2016\/10\/wp-image-2074729432jpg.jpg?w=525&h=300&crop=1 1.5x"},"classes":[]},{"id":1273,"url":"https:\/\/www.kanenberg.com.br\/fatosfotoseregistros\/as-aparencias-enganam\/","url_meta":{"origin":3603,"position":2},"title":"As apar\u00eancias enganam","author":"kanenberg","date":"22 de junho de 2016","format":false,"excerpt":"Uma mulher, usando um vestido de algod\u00e3o barato, e seu esposo, vestindo um humilde terno, desceram do trem em Boston e caminharam timidamente at\u00e9 o escrit\u00f3rio do Reitor da Universidade de Harvard...","rel":"","context":"Em &quot;Textos&quot;","block_context":{"text":"Textos","link":"https:\/\/www.kanenberg.com.br\/fatosfotoseregistros\/category\/textos\/"},"img":{"alt_text":"stanford","src":"https:\/\/fatosfotoseregistros.files.wordpress.com\/2016\/06\/stanford.jpg?w=350&h=200&crop=1","width":350,"height":200},"classes":[]},{"id":6204,"url":"https:\/\/www.kanenberg.com.br\/fatosfotoseregistros\/canhao-el-cristiano-historia-curiosidades-e-a-polemica-do-trofeu-de-guerra\/","url_meta":{"origin":3603,"position":3},"title":"Canh\u00e3o El Cristiano: Hist\u00f3ria, Curiosidades e a Pol\u00eamica do Trof\u00e9u de Guerra","author":"kanenberg","date":"2 de agosto de 2026","format":false,"excerpt":"O canh\u00e3o \"El Cristiano\" \u00e9 uma das pe\u00e7as mais simb\u00f3licas e controversas da hist\u00f3ria militar da Am\u00e9rica do Sul. Exposto no p\u00e1tio do Museu Hist\u00f3rico Nacional (MHN), no centro do Rio de Janeiro, ele voltou aos holofotes devido \u00e0s recorrentes tratativas diplom\u00e1ticas e apelos do governo paraguaio pela sua restitui\u00e7\u00e3o\u2026","rel":"","context":"Em &quot;Textos&quot;","block_context":{"text":"Textos","link":"https:\/\/www.kanenberg.com.br\/fatosfotoseregistros\/category\/textos\/"},"img":{"alt_text":"El Cristiano","src":"https:\/\/i0.wp.com\/www.kanenberg.com.br\/fatosfotoseregistros\/wp-content\/uploads\/2026\/08\/El-Cristiano-scaled.jpg?resize=350%2C200&ssl=1","width":350,"height":200,"srcset":"https:\/\/i0.wp.com\/www.kanenberg.com.br\/fatosfotoseregistros\/wp-content\/uploads\/2026\/08\/El-Cristiano-scaled.jpg?resize=350%2C200&ssl=1 1x, https:\/\/i0.wp.com\/www.kanenberg.com.br\/fatosfotoseregistros\/wp-content\/uploads\/2026\/08\/El-Cristiano-scaled.jpg?resize=525%2C300&ssl=1 1.5x, https:\/\/i0.wp.com\/www.kanenberg.com.br\/fatosfotoseregistros\/wp-content\/uploads\/2026\/08\/El-Cristiano-scaled.jpg?resize=700%2C400&ssl=1 2x, https:\/\/i0.wp.com\/www.kanenberg.com.br\/fatosfotoseregistros\/wp-content\/uploads\/2026\/08\/El-Cristiano-scaled.jpg?resize=1050%2C600&ssl=1 3x, https:\/\/i0.wp.com\/www.kanenberg.com.br\/fatosfotoseregistros\/wp-content\/uploads\/2026\/08\/El-Cristiano-scaled.jpg?resize=1400%2C800&ssl=1 4x"},"classes":[]},{"id":2062,"url":"https:\/\/www.kanenberg.com.br\/fatosfotoseregistros\/museu-historico-do-exercito-e-forte-de-copacabana\/","url_meta":{"origin":3603,"position":4},"title":"Museu Hist\u00f3rico do Ex\u00e9rcito e Forte de Copacabana","author":"kanenberg","date":"19 de julho de 2016","format":false,"excerpt":"O local escolhido para a sua constru\u00e7\u00e3o consistia numa regi\u00e3o cujos rochedos avan\u00e7avam contra o mar em dire\u00e7\u00e3o \u00e0 entrada da Ba\u00eda de Guanabara.","rel":"","context":"Em &quot;Imagem&quot;","block_context":{"text":"Imagem","link":"https:\/\/www.kanenberg.com.br\/fatosfotoseregistros\/category\/imagem\/"},"img":{"alt_text":"","src":"https:\/\/i0.wp.com\/www.kanenberg.com.br\/fatosfotoseregistros\/wp-content\/uploads\/2016\/07\/1922-07-06-150x150.jpg?resize=350%2C200&ssl=1","width":350,"height":200,"srcset":"https:\/\/i0.wp.com\/www.kanenberg.com.br\/fatosfotoseregistros\/wp-content\/uploads\/2016\/07\/1922-07-06-150x150.jpg?resize=350%2C200&ssl=1 1x, https:\/\/i0.wp.com\/www.kanenberg.com.br\/fatosfotoseregistros\/wp-content\/uploads\/2016\/07\/1922-07-06-150x150.jpg?resize=525%2C300&ssl=1 1.5x"},"classes":[]},{"id":5343,"url":"https:\/\/www.kanenberg.com.br\/fatosfotoseregistros\/do-caminho-do-boi-aos-tabajaras-a-historia-e-as-curiosidades-de-uma-das-ladeiras-mais-famosas-do-rio\/","url_meta":{"origin":3603,"position":5},"title":"Do Caminho do Boi aos Tabajaras: A Hist\u00f3ria e as Curiosidades de uma das Ladeiras Mais Famosas do Rio","author":"kanenberg","date":"14 de fevereiro de 2019","format":false,"excerpt":"Quem passa hoje pelo in\u00edcio da Ladeira dos Tabajaras, logo na altura da Rua Siqueira Campos, em Copacabana, dificilmente imagina que aquele corredor urbano j\u00e1 foi uma rota estreita e poeirenta usada para o transporte de gado no s\u00e9culo XIX.","rel":"","context":"Em &quot;Lugares&quot;","block_context":{"text":"Lugares","link":"https:\/\/www.kanenberg.com.br\/fatosfotoseregistros\/category\/lugares\/"},"img":{"alt_text":"Ladeira dos Tabajaras","src":"https:\/\/i0.wp.com\/www.kanenberg.com.br\/fatosfotoseregistros\/wp-content\/uploads\/2019\/02\/FB_IMG_1550139554943.jpg?resize=350%2C200&ssl=1","width":350,"height":200,"srcset":"https:\/\/i0.wp.com\/www.kanenberg.com.br\/fatosfotoseregistros\/wp-content\/uploads\/2019\/02\/FB_IMG_1550139554943.jpg?resize=350%2C200&ssl=1 1x, https:\/\/i0.wp.com\/www.kanenberg.com.br\/fatosfotoseregistros\/wp-content\/uploads\/2019\/02\/FB_IMG_1550139554943.jpg?resize=525%2C300&ssl=1 1.5x, https:\/\/i0.wp.com\/www.kanenberg.com.br\/fatosfotoseregistros\/wp-content\/uploads\/2019\/02\/FB_IMG_1550139554943.jpg?resize=700%2C400&ssl=1 2x"},"classes":[]}],"jetpack_likes_enabled":true,"amp_enabled":true,"jetpack_featured_media_url":"","_links":{"self":[{"href":"https:\/\/www.kanenberg.com.br\/fatosfotoseregistros\/wp-json\/wp\/v2\/posts\/3603","targetHints":{"allow":["GET"]}}],"collection":[{"href":"https:\/\/www.kanenberg.com.br\/fatosfotoseregistros\/wp-json\/wp\/v2\/posts"}],"about":[{"href":"https:\/\/www.kanenberg.com.br\/fatosfotoseregistros\/wp-json\/wp\/v2\/types\/post"}],"author":[{"embeddable":true,"href":"https:\/\/www.kanenberg.com.br\/fatosfotoseregistros\/wp-json\/wp\/v2\/users\/1"}],"replies":[{"embeddable":true,"href":"https:\/\/www.kanenberg.com.br\/fatosfotoseregistros\/wp-json\/wp\/v2\/comments?post=3603"}],"version-history":[{"count":3,"href":"https:\/\/www.kanenberg.com.br\/fatosfotoseregistros\/wp-json\/wp\/v2\/posts\/3603\/revisions"}],"predecessor-version":[{"id":6236,"href":"https:\/\/www.kanenberg.com.br\/fatosfotoseregistros\/wp-json\/wp\/v2\/posts\/3603\/revisions\/6236"}],"wp:attachment":[{"href":"https:\/\/www.kanenberg.com.br\/fatosfotoseregistros\/wp-json\/wp\/v2\/media?parent=3603"}],"wp:term":[{"taxonomy":"category","embeddable":true,"href":"https:\/\/www.kanenberg.com.br\/fatosfotoseregistros\/wp-json\/wp\/v2\/categories?post=3603"},{"taxonomy":"post_tag","embeddable":true,"href":"https:\/\/www.kanenberg.com.br\/fatosfotoseregistros\/wp-json\/wp\/v2\/tags?post=3603"}],"curies":[{"name":"wp","href":"https:\/\/api.w.org\/{rel}","templated":true}]}}