{"id":355,"date":"2016-04-01T12:46:51","date_gmt":"2016-04-01T15:46:51","guid":{"rendered":"https:\/\/fatosfotoseregistros.wordpress.com\/?p=355"},"modified":"2016-04-01T12:46:51","modified_gmt":"2016-04-01T15:46:51","slug":"primeiro-de-abril-dia-da-mentira","status":"publish","type":"post","link":"https:\/\/www.kanenberg.com.br\/fatosfotoseregistros\/primeiro-de-abril-dia-da-mentira\/","title":{"rendered":"Primeiro de Abril \u2013 Dia da Mentira"},"content":{"rendered":"<p align=\"justify\">\u00c9 tradi\u00e7\u00e3o! Assim nos respondem quando perguntamos os motivos pelos quais o dia primeiro de abril \u00e9 considerado o &#8220;dia da mentira&#8221;.<\/p>\n<p><img loading=\"lazy\" decoding=\"async\" class=\"aligncenter size-large wp-image-354\" src=\"https:\/\/fatosfotoseregistros.files.wordpress.com\/2016\/04\/i0011076-3alt005253lar003710largori004947altori007004-01-jpeg.jpg?w=768\" alt=\"i0011076-3alt005253lar003710largori004947altori007004-01.jpeg.jpg\" width=\"768\" height=\"1024\" \/><\/p>\n<p align=\"justify\">A resposta para essa quest\u00e3o foi publicada no jornal Correio da Manh\u00e3, de dois de abril de 1932 em editorial intitulado &#8220;Primeiro de Abril \u2013 Dia da mentira&#8221;.<\/p>\n<p align=\"justify\">Diz o jornal: Um velho uso importado da Fran\u00e7a, como modas e os beb\u00eas, consagra \u00e1 Mentira o dia 1\u00ba de abril. Nesse dia todo o mundo tem direito de engendrar hist\u00f3rias, contar vantagens, enganar os amigos, coisas que, ali\u00e1s, muita gente pratica sem licen\u00e7a, durante o anno inteiro\u2026 Conv\u00e9m inteirar os amigos leitores das origens dessa tradi\u00e7\u00e3o que n\u00e3o se perde nas noites dos tempos, como \u00e9 dever das tradi\u00e7\u00f5es que se prezam, mas data dos idos do s\u00e9culo XVI, por volta de 1564 para ser mais preciso.<\/p>\n<p align=\"justify\">At\u00e9 ent\u00e3o o anno come\u00e7ava a 1\u00ba de abril. O rei Carlos IX, por certas raz\u00f5es de Estado que as chronicas n\u00e3o referem, resolveu mudar o inicio do anno para 1\u00ba de janeiro\u2026 Naturalmente houve muita gente revoltada com a novidade \u2013 o passado teve tamb\u00e9m os seus passadistas \u2013 e a esses continuaram a dar, por tro\u00e7a, felicita\u00e7\u00f5es de 1\u00ba de abril e enviar-lhes presentes simulados com o fim garoto de mystifical-os: \u2013 sonhos de algod\u00e3o, balas de alho, tortas de rolha de corti\u00e7a, caixas de joia vasias, t\u00edtulos de emprestimos de Alagoas, etc&#8230;<\/p>\n<p align=\"justify\">Caso \u00e9 que, de simples brincadeira de ocasi\u00e3o, o &#8220;poison d\u2019Avril&#8221; impoz-se como um symbolo da mystifica\u00e7\u00e3o e o dia 1\u00ba do mez foi consagrado \u00e1 Mentira por consenso unanime dos povos&#8230;<\/p>\n<p align=\"justify\"><strong>Veja<\/strong>: <a href=\"http:\/\/bit.ly\/1EDS51U\" target=\"_blank\">Jornal Correio da Manh\u00e3<\/a>, de dois de abril de 1932 em editorial intitulado &#8220;Primeiro de Abril \u2013 Dia da mentira&#8221;.<\/p>\n<p align=\"justify\"><strong>Fonte<\/strong>: <a href=\"https:\/\/www.bn.br\/acontece\/noticias\/2015\/04\/primeiro-abril-dia-mentira-correio-manha-dois-abril\" target=\"_blank\">Biblioteca Nacional<\/a>.<\/p>\n","protected":false},"excerpt":{"rendered":"<p>\u00c9 tradi\u00e7\u00e3o! Assim nos respondem quando perguntamos os motivos pelos quais o dia primeiro de abril \u00e9 considerado o &#8220;dia[&#8230;]<\/p>\n","protected":false},"author":1,"featured_media":0,"comment_status":"open","ping_status":"open","sticky":false,"template":"","format":"standard","meta":{"_exactmetrics_skip_tracking":false,"_jetpack_newsletter_access":"","_jetpack_dont_email_post_to_subs":false,"_jetpack_newsletter_tier_id":0,"_jetpack_memberships_contains_paywalled_content":false,"_jetpack_feature_clip_id":0,"_jetpack_memberships_contains_paid_content":false,"footnotes":"","jetpack_publicize_message":"","jetpack_publicize_feature_enabled":true,"jetpack_social_post_already_shared":false,"jetpack_social_options":{"image_generator_settings":{"template":"highway","default_image_id":0,"font":"","enabled":false},"version":2},"jetpack_post_was_ever_published":false},"categories":[265],"tags":[257,291,254,334,255],"class_list":["post-355","post","type-post","status-publish","format-standard","hentry","category-textos","tag-acontecimentos","tag-comemoracao","tag-curiosidades","tag-data-especial","tag-historia"],"jetpack_publicize_connections":[],"jetpack_sharing_enabled":true,"jetpack_shortlink":"https:\/\/wp.me\/phkM1X-5J","jetpack-related-posts":[{"id":1230,"url":"https:\/\/www.kanenberg.com.br\/fatosfotoseregistros\/japeri\/","url_meta":{"origin":355,"position":0},"title":"Cidade de Japeri","author":"kanenberg","date":"5 de julho de 2016","format":false,"excerpt":"A hist\u00f3ria de Japeri come\u00e7a no dia 13 de agosto de 1743, data de sua funda\u00e7\u00e3o, por In\u00e1cio Dias da C\u00e2mara Leme, denominado Morgado de Bel\u00e9m. A partir de 1750, as terras passaram a pertencer \u00e0 Freguesia de Sacra Fam\u00edlia de Tingu\u00e1, pois at\u00e9 ent\u00e3o pertenciam \u00e0 Freguesia de Paty\u2026","rel":"","context":"Em &quot;Imagem&quot;","block_context":{"text":"Imagem","link":"https:\/\/www.kanenberg.com.br\/fatosfotoseregistros\/category\/imagem\/"},"img":{"alt_text":"japeri_1928","src":"https:\/\/i0.wp.com\/www.kanenberg.com.br\/fatosfotoseregistros\/wp-content\/uploads\/2016\/07\/japeri_1928.jpg?resize=350%2C200&ssl=1","width":350,"height":200},"classes":[]},{"id":507,"url":"https:\/\/www.kanenberg.com.br\/fatosfotoseregistros\/jose-datrino\/","url_meta":{"origin":355,"position":1},"title":"Voc\u00ea sabe quem foi Jos\u00e9 Datrino?","author":"kanenberg","date":"14 de abril de 2016","format":false,"excerpt":"Talvez muitos v\u00e3o se lembrar da express\u00e3o Gentileza gera Gentileza, ou ainda v\u00e3o se lembrar das 56 inscri\u00e7\u00f5es ou prov\u00e9rbios nas pilastras do Viaduto do Gas\u00f4metro, no Rio de Janeiro, que v\u00e3o do Cemit\u00e9rio do Caj\u00fa at\u00e9 a Rodovi\u00e1ria Novo Rio.","rel":"","context":"Em &quot;Textos&quot;","block_context":{"text":"Textos","link":"https:\/\/www.kanenberg.com.br\/fatosfotoseregistros\/category\/textos\/"},"img":{"alt_text":"datrino1","src":"https:\/\/i0.wp.com\/fatosfotoseregistros.kanenberg.com.br\/wp-content\/uploads\/2016\/04\/datrino1.jpg?resize=350%2C200&ssl=1","width":350,"height":200},"classes":[]},{"id":6353,"url":"https:\/\/www.kanenberg.com.br\/fatosfotoseregistros\/velho-oeste-historia-e-ficcao\/","url_meta":{"origin":355,"position":2},"title":"Velho Oeste: Hist\u00f3ria e Fic\u00e7\u00e3o","author":"kanenberg","date":"2 de setembro de 2026","format":false,"excerpt":"A \u00e9poca retratada nos filmes de faroeste existiu de verdade e ficou conhecida na hist\u00f3ria como a era do Velho Oeste (ou Wild West \u2014 Oeste Selvagem).","rel":"","context":"Em &quot;Lugares&quot;","block_context":{"text":"Lugares","link":"https:\/\/www.kanenberg.com.br\/fatosfotoseregistros\/category\/lugares\/"},"img":{"alt_text":"Figura 1 - Dodge City, Kansas (1878): Uma das cidades mais famosas e violentas do Velho Oeste real. Fonte: Smithsonian Magazine","src":"https:\/\/i0.wp.com\/www.kanenberg.com.br\/fatosfotoseregistros\/wp-content\/uploads\/2026\/08\/Dodge-City.jpg?resize=350%2C200&ssl=1","width":350,"height":200,"srcset":"https:\/\/i0.wp.com\/www.kanenberg.com.br\/fatosfotoseregistros\/wp-content\/uploads\/2026\/08\/Dodge-City.jpg?resize=350%2C200&ssl=1 1x, https:\/\/i0.wp.com\/www.kanenberg.com.br\/fatosfotoseregistros\/wp-content\/uploads\/2026\/08\/Dodge-City.jpg?resize=525%2C300&ssl=1 1.5x"},"classes":[]},{"id":938,"url":"https:\/\/www.kanenberg.com.br\/fatosfotoseregistros\/morro-da-babilonia-2\/","url_meta":{"origin":355,"position":3},"title":"Morro da Babil\u00f4nia","author":"kanenberg","date":"25 de maio de 2016","format":false,"excerpt":"O Morro da Babil\u00f4nia esta localizado na divisa entre os bairros do Leme, Botafogo, Urca e Copacabana. A localidade abriga as comunidades do Morro da Babil\u00f4nia e a do Chap\u00e9u Mangueira al\u00e9m de uma ampla \u00e1rea de prote\u00e7\u00e3o ambiental fazendo parte do Parque Natural Municipal Paisagem Carioca.","rel":"","context":"Em &quot;Lugares&quot;","block_context":{"text":"Lugares","link":"https:\/\/www.kanenberg.com.br\/fatosfotoseregistros\/category\/lugares\/"},"img":{"alt_text":"2015-04-19 11.38.46","src":"https:\/\/fatosfotoseregistros.files.wordpress.com\/2016\/05\/2015-04-19-11-38-46.jpg?w=350&h=200&crop=1","width":350,"height":200,"srcset":"https:\/\/fatosfotoseregistros.files.wordpress.com\/2016\/05\/2015-04-19-11-38-46.jpg?w=350&h=200&crop=1 1x, https:\/\/fatosfotoseregistros.files.wordpress.com\/2016\/05\/2015-04-19-11-38-46.jpg?w=525&h=300&crop=1 1.5x, https:\/\/fatosfotoseregistros.files.wordpress.com\/2016\/05\/2015-04-19-11-38-46.jpg?w=700&h=400&crop=1 2x"},"classes":[]},{"id":2215,"url":"https:\/\/www.kanenberg.com.br\/fatosfotoseregistros\/5-000-cruzeiros\/","url_meta":{"origin":355,"position":4},"title":"5.000 Cruzeiros","author":"kanenberg","date":"23 de julho de 2016","format":false,"excerpt":"Entre as moedas comemorativas mais conhecidas da d\u00e9cada de 1990 est\u00e1 a de 5.000 Cruzeiros, emitida em 1992 para celebrar o bicenten\u00e1rio da morte de Joaquim Jos\u00e9 da Silva Xavier, o Tiradentes (1792\u20131992), considerado um dos principais s\u00edmbolos da luta pela independ\u00eancia do Brasil.","rel":"","context":"Em &quot;Imagem&quot;","block_context":{"text":"Imagem","link":"https:\/\/www.kanenberg.com.br\/fatosfotoseregistros\/category\/imagem\/"},"img":{"alt_text":"Moeda de 5.000 Cruzeiros","src":"https:\/\/i0.wp.com\/www.kanenberg.com.br\/fatosfotoseregistros\/wp-content\/uploads\/2016\/07\/ChatGPT-Image-25-de-jul.-de-2026-20_37_13.png?resize=350%2C200&ssl=1","width":350,"height":200,"srcset":"https:\/\/i0.wp.com\/www.kanenberg.com.br\/fatosfotoseregistros\/wp-content\/uploads\/2016\/07\/ChatGPT-Image-25-de-jul.-de-2026-20_37_13.png?resize=350%2C200&ssl=1 1x, https:\/\/i0.wp.com\/www.kanenberg.com.br\/fatosfotoseregistros\/wp-content\/uploads\/2016\/07\/ChatGPT-Image-25-de-jul.-de-2026-20_37_13.png?resize=525%2C300&ssl=1 1.5x, https:\/\/i0.wp.com\/www.kanenberg.com.br\/fatosfotoseregistros\/wp-content\/uploads\/2016\/07\/ChatGPT-Image-25-de-jul.-de-2026-20_37_13.png?resize=700%2C400&ssl=1 2x, https:\/\/i0.wp.com\/www.kanenberg.com.br\/fatosfotoseregistros\/wp-content\/uploads\/2016\/07\/ChatGPT-Image-25-de-jul.-de-2026-20_37_13.png?resize=1050%2C600&ssl=1 3x, https:\/\/i0.wp.com\/www.kanenberg.com.br\/fatosfotoseregistros\/wp-content\/uploads\/2016\/07\/ChatGPT-Image-25-de-jul.-de-2026-20_37_13.png?resize=1400%2C800&ssl=1 4x"},"classes":[]},{"id":5275,"url":"https:\/\/www.kanenberg.com.br\/fatosfotoseregistros\/florianopolis-em-1976\/","url_meta":{"origin":355,"position":5},"title":"Florian\u00f3polis em 1976: Um Retrato Hist\u00f3rico da Capital Catarinense","author":"kanenberg","date":"6 de setembro de 2026","format":false,"excerpt":"O registro em v\u00eddeo resgata imagens da Ilha de Santa Catarina gravadas em 1976, per\u00edodo em que Florian\u00f3polis contava com cerca de 170 mil habitantes espalhados por seus 450 km\u00b2 de \u00e1rea territorial. As filmagens capturam a transi\u00e7\u00e3o entre a tradi\u00e7\u00e3o a\u00e7oriana e a moderniza\u00e7\u00e3o urbana da capital catarinense durante\u2026","rel":"","context":"Em &quot;Lugares&quot;","block_context":{"text":"Lugares","link":"https:\/\/www.kanenberg.com.br\/fatosfotoseregistros\/category\/lugares\/"},"img":{"alt_text":"onte Herc\u00edlio Luz, d\u00e9cada de 70. Vista do lado continental, ao fundo a Ilha de Santa Catarina.","src":"https:\/\/i0.wp.com\/www.kanenberg.com.br\/fatosfotoseregistros\/wp-content\/uploads\/2026\/09\/Ponte_Hercilio_Luz_1970.jpg?resize=350%2C200&ssl=1","width":350,"height":200,"srcset":"https:\/\/i0.wp.com\/www.kanenberg.com.br\/fatosfotoseregistros\/wp-content\/uploads\/2026\/09\/Ponte_Hercilio_Luz_1970.jpg?resize=350%2C200&ssl=1 1x, https:\/\/i0.wp.com\/www.kanenberg.com.br\/fatosfotoseregistros\/wp-content\/uploads\/2026\/09\/Ponte_Hercilio_Luz_1970.jpg?resize=525%2C300&ssl=1 1.5x, https:\/\/i0.wp.com\/www.kanenberg.com.br\/fatosfotoseregistros\/wp-content\/uploads\/2026\/09\/Ponte_Hercilio_Luz_1970.jpg?resize=700%2C400&ssl=1 2x, https:\/\/i0.wp.com\/www.kanenberg.com.br\/fatosfotoseregistros\/wp-content\/uploads\/2026\/09\/Ponte_Hercilio_Luz_1970.jpg?resize=1050%2C600&ssl=1 3x"},"classes":[]}],"jetpack_likes_enabled":true,"amp_enabled":true,"jetpack_featured_media_url":"","_links":{"self":[{"href":"https:\/\/www.kanenberg.com.br\/fatosfotoseregistros\/wp-json\/wp\/v2\/posts\/355","targetHints":{"allow":["GET"]}}],"collection":[{"href":"https:\/\/www.kanenberg.com.br\/fatosfotoseregistros\/wp-json\/wp\/v2\/posts"}],"about":[{"href":"https:\/\/www.kanenberg.com.br\/fatosfotoseregistros\/wp-json\/wp\/v2\/types\/post"}],"author":[{"embeddable":true,"href":"https:\/\/www.kanenberg.com.br\/fatosfotoseregistros\/wp-json\/wp\/v2\/users\/1"}],"replies":[{"embeddable":true,"href":"https:\/\/www.kanenberg.com.br\/fatosfotoseregistros\/wp-json\/wp\/v2\/comments?post=355"}],"version-history":[{"count":0,"href":"https:\/\/www.kanenberg.com.br\/fatosfotoseregistros\/wp-json\/wp\/v2\/posts\/355\/revisions"}],"wp:attachment":[{"href":"https:\/\/www.kanenberg.com.br\/fatosfotoseregistros\/wp-json\/wp\/v2\/media?parent=355"}],"wp:term":[{"taxonomy":"category","embeddable":true,"href":"https:\/\/www.kanenberg.com.br\/fatosfotoseregistros\/wp-json\/wp\/v2\/categories?post=355"},{"taxonomy":"post_tag","embeddable":true,"href":"https:\/\/www.kanenberg.com.br\/fatosfotoseregistros\/wp-json\/wp\/v2\/tags?post=355"}],"curies":[{"name":"wp","href":"https:\/\/api.w.org\/{rel}","templated":true}]}}