{"id":3471,"date":"2016-09-12T13:11:20","date_gmt":"2016-09-12T16:11:20","guid":{"rendered":"https:\/\/fatosfotoseregistros.wordpress.com\/?p=3471"},"modified":"2016-09-12T13:11:20","modified_gmt":"2016-09-12T16:11:20","slug":"12-de-setembro","status":"publish","type":"post","link":"https:\/\/www.kanenberg.com.br\/fatosfotoseregistros\/12-de-setembro\/","title":{"rendered":"12 de setembro"},"content":{"rendered":"<p style=\"text-align:justify;\">Hoje, 12 de setembro, comemoramos dois importantes fatos: A cria\u00e7\u00e3o do Instituto Benjamin Constant e a Inaugura\u00e7\u00e3o da R\u00e1dio Nacional.<\/p>\n<figure id=\"attachment_3476\" aria-describedby=\"caption-attachment-3476\" style=\"width: 600px\" class=\"wp-caption aligncenter\"><img loading=\"lazy\" decoding=\"async\" class=\" size-full wp-image-3476 aligncenter\" src=\"https:\/\/fatosfotoseregistros.files.wordpress.com\/2016\/09\/2015-04-05-11-38.jpg\" alt=\"2015-04-05-11-38\" width=\"600\" height=\"338\" \/><figcaption id=\"caption-attachment-3476\" class=\"wp-caption-text\">Instituto Benjamin Constant<\/figcaption><\/figure>\n<p style=\"text-align:justify;\">O <strong>Instituto Benjamin Constant<\/strong> foi criado pelo Imperador D.Pedro II atrav\u00e9s do Decreto Imperial n.\u00ba 1.428, de 12 de setembro de 1854, tendo sido inaugurado, solenemente, no dia 17 de setembro do mesmo ano, na presen\u00e7a do Imperador, da Imperatriz e de todo o Minist\u00e9rio, com o nome de Imperial Instituto dos Meninos Cegos. Este foi o primeiro passo concreto no Brasil para garantir ao cego o direito \u00e0 cidadania.<\/p>\n<p style=\"text-align:justify;\">Estruturando-se de acordo com os objetivos a alcan\u00e7ar, o Imperial Instituto dos Meninos Cegos foi pouco-a-pouco derrubando preconceitos e fez ver que a educa\u00e7\u00e3o das pessoas cegas n\u00e3o era utopia, bem como a profissionaliza\u00e7\u00e3o.<\/p>\n<p style=\"text-align:justify;\">Com o aumento da demanda foi idealizado e constru\u00eddo o pr\u00e9dio atual, que passou a ser utilizado a partir de 1890, ap\u00f3s a 1\u00aa etapa da constru\u00e7\u00e3o. Em 1891, o instituto recebeu o nome que tem hoje: Instituto Benjamin Constant (IBC), em homenagem ao seu terceiro diretor.<\/p>\n<figure id=\"attachment_3480\" aria-describedby=\"caption-attachment-3480\" style=\"width: 433px\" class=\"wp-caption aligncenter\"><img loading=\"lazy\" decoding=\"async\" class=\" size-full wp-image-3480 aligncenter\" src=\"https:\/\/fatosfotoseregistros.files.wordpress.com\/2016\/09\/rnacional.jpg\" alt=\"rnacional\" width=\"433\" height=\"411\" \/><figcaption id=\"caption-attachment-3480\" class=\"wp-caption-text\">Jornal A Noite 12 de setembro de 1936<\/figcaption><\/figure>\n<p style=\"text-align:justify;\">A R\u00e1dio Nacional foi inaugurada em 12 de setembro de 1936\u00a0no governo de Get\u00falio Vargas, com \u00a0transmiss\u00e3o inaugural que teve in\u00edcio \u00e0s 21 horas, com a voz de Celso Guimar\u00e3es, que anunciou: &#8220;Al\u00f4, al\u00f4 Brasil! Aqui fala a R\u00e1dio Nacional do Rio de Janeiro!&#8221;.<\/p>\n<p style=\"text-align:justify;\">A R\u00e1dio Nacional foi a primeira a ter alcance em praticamente todo o territ\u00f3rio do Brasil. Tinha, ent\u00e3o, o prefixo PRE-8, com o qual tamb\u00e9m era identificada pelos ouvintes. Entre os muitos programas transmitidos pela emissora, destacam-se as radionovelas, os esquetes de humor e o radiojornal\u00edstico Rep\u00f3rter Esso.<\/p>\n<p style=\"text-align:justify;\">Em 1941, a R\u00e1dio Nacional apresentou a primeira radionovela do pa\u00eds, &#8220;Em busca da Felicidade&#8221; e, em 1942, inaugurou a primeira emissora de ondas curtas, fato que deu aos seus programas uma dimens\u00e3o nacional.<\/p>\n<p style=\"text-align:justify;\">A instala\u00e7\u00e3o de seus\u00a0est\u00fadios ficavam localizados\u00a0no 21\u00ba andar do Edif\u00edcio &#8220;A Noite&#8221;, na Pra\u00e7a Mau\u00e1, no Centro da cidade do Rio de Janeiro.<\/p>\n","protected":false},"excerpt":{"rendered":"<p>Hoje, 12 de setembro, comemoramos dois importantes fatos: A cria\u00e7\u00e3o do Instituto Benjamin Constant e a Inaugura\u00e7\u00e3o da R\u00e1dio Nacional.<\/p>\n","protected":false},"author":1,"featured_media":0,"comment_status":"open","ping_status":"open","sticky":false,"template":"","format":"standard","meta":{"_exactmetrics_skip_tracking":false,"_jetpack_newsletter_access":"","_jetpack_dont_email_post_to_subs":false,"_jetpack_newsletter_tier_id":0,"_jetpack_memberships_contains_paywalled_content":false,"_jetpack_feature_clip_id":0,"_jetpack_memberships_contains_paid_content":false,"footnotes":"","jetpack_publicize_message":"","jetpack_publicize_feature_enabled":true,"jetpack_social_post_already_shared":false,"jetpack_social_options":{"image_generator_settings":{"template":"highway","default_image_id":0,"font":"","enabled":false},"version":2},"jetpack_post_was_ever_published":false},"categories":[265],"tags":[254,255,289],"class_list":["post-3471","post","type-post","status-publish","format-standard","hentry","category-textos","tag-curiosidades","tag-historia","tag-rio-de-janeiro"],"jetpack_publicize_connections":[],"jetpack_sharing_enabled":true,"jetpack_shortlink":"https:\/\/wp.me\/phkM1X-TZ","jetpack-related-posts":[{"id":5408,"url":"https:\/\/www.kanenberg.com.br\/fatosfotoseregistros\/40-museus\/","url_meta":{"origin":3471,"position":0},"title":"40 museus para visitar de gra\u00e7a no Rio de Janeiro","author":"kanenberg","date":"23 de fevereiro de 2019","format":false,"excerpt":"Com uma lista destas, com certeza n\u00e3o vai falta op\u00e7\u00e3o de passeio para a fam\u00edlia inteira. Ainda mais que, muitos destes museus al\u00e9m das exposi\u00e7\u00f5es permanentes ou de longa dura\u00e7\u00e3o ainda com frequ\u00eancia mudam as exposi\u00e7\u00f5es tempor\u00e1rias. Bor\u00e1 l\u00e1 aproveitar?","rel":"","context":"Em &quot;Lugares&quot;","block_context":{"text":"Lugares","link":"https:\/\/www.kanenberg.com.br\/fatosfotoseregistros\/category\/lugares\/"},"img":{"alt_text":"MAR Rio","src":"https:\/\/i0.wp.com\/www.kanenberg.com.br\/fatosfotoseregistros\/wp-content\/uploads\/2019\/02\/mar_rio.jpg?resize=350%2C200&ssl=1","width":350,"height":200,"srcset":"https:\/\/i0.wp.com\/www.kanenberg.com.br\/fatosfotoseregistros\/wp-content\/uploads\/2019\/02\/mar_rio.jpg?resize=350%2C200&ssl=1 1x, https:\/\/i0.wp.com\/www.kanenberg.com.br\/fatosfotoseregistros\/wp-content\/uploads\/2019\/02\/mar_rio.jpg?resize=525%2C300&ssl=1 1.5x, https:\/\/i0.wp.com\/www.kanenberg.com.br\/fatosfotoseregistros\/wp-content\/uploads\/2019\/02\/mar_rio.jpg?resize=700%2C400&ssl=1 2x, https:\/\/i0.wp.com\/www.kanenberg.com.br\/fatosfotoseregistros\/wp-content\/uploads\/2019\/02\/mar_rio.jpg?resize=1050%2C600&ssl=1 3x"},"classes":[]},{"id":6149,"url":"https:\/\/www.kanenberg.com.br\/fatosfotoseregistros\/igreja_antiga_se_rio_de_janeiro\/","url_meta":{"origin":3471,"position":1},"title":"Testemunha da Hist\u00f3ria: Conhe\u00e7a a Igreja de Nossa Senhora do Carmo da Antiga S\u00e9","author":"kanenberg","date":"19 de julho de 2026","format":false,"excerpt":"Se voc\u00ea passa pela agita\u00e7\u00e3o do Centro do Rio de Janeiro, na altura da Pra\u00e7a XV, \u00e9 imposs\u00edvel n\u00e3o notar um imponente conjunto arquitet\u00f4nico que respira o passado colonial e imperial do Brasil. No cora\u00e7\u00e3o desse complexo est\u00e1 a Igreja de Nossa Senhora do Carmo da Antiga S\u00e9.","rel":"","context":"Em &quot;Imagem&quot;","block_context":{"text":"Imagem","link":"https:\/\/www.kanenberg.com.br\/fatosfotoseregistros\/category\/imagem\/"},"img":{"alt_text":"Restos mortais de Pedro \u00c1lvares Cabral","src":"https:\/\/i0.wp.com\/www.kanenberg.com.br\/fatosfotoseregistros\/wp-content\/uploads\/2026\/07\/cabral_cripta.jpg?resize=350%2C200&ssl=1","width":350,"height":200},"classes":[]},{"id":6161,"url":"https:\/\/www.kanenberg.com.br\/fatosfotoseregistros\/dia-do-escritor-2026\/","url_meta":{"origin":3471,"position":2},"title":"O Imperador da Mente Versada: A Faceta Escritora e Tradutora de D. Pedro II","author":"kanenberg","date":"25 de julho de 2026","format":false,"excerpt":"Neste Dia do Escritor, celebrado em 25 de julho, costumamos lembrar das grandes mentes que moldaram a literatura brasileira, de Machado de Assis a Clarice Lispector. No entanto, h\u00e1 um cap\u00edtulo fascinante da nossa hist\u00f3ria liter\u00e1ria que muitas vezes permanece \u00e0 sombra da pol\u00edtica: a faceta de Dom Pedro II\u2026","rel":"","context":"Em &quot;Personalidades&quot;","block_context":{"text":"Personalidades","link":"https:\/\/www.kanenberg.com.br\/fatosfotoseregistros\/category\/personalidades\/"},"img":{"alt_text":"","src":"https:\/\/i0.wp.com\/www.kanenberg.com.br\/fatosfotoseregistros\/wp-content\/uploads\/2026\/07\/file_000000003a14820ea374c6653d068dae8963584501828690726.png?resize=350%2C200&ssl=1","width":350,"height":200,"srcset":"https:\/\/i0.wp.com\/www.kanenberg.com.br\/fatosfotoseregistros\/wp-content\/uploads\/2026\/07\/file_000000003a14820ea374c6653d068dae8963584501828690726.png?resize=350%2C200&ssl=1 1x, https:\/\/i0.wp.com\/www.kanenberg.com.br\/fatosfotoseregistros\/wp-content\/uploads\/2026\/07\/file_000000003a14820ea374c6653d068dae8963584501828690726.png?resize=525%2C300&ssl=1 1.5x, https:\/\/i0.wp.com\/www.kanenberg.com.br\/fatosfotoseregistros\/wp-content\/uploads\/2026\/07\/file_000000003a14820ea374c6653d068dae8963584501828690726.png?resize=700%2C400&ssl=1 2x, https:\/\/i0.wp.com\/www.kanenberg.com.br\/fatosfotoseregistros\/wp-content\/uploads\/2026\/07\/file_000000003a14820ea374c6653d068dae8963584501828690726.png?resize=1050%2C600&ssl=1 3x, https:\/\/i0.wp.com\/www.kanenberg.com.br\/fatosfotoseregistros\/wp-content\/uploads\/2026\/07\/file_000000003a14820ea374c6653d068dae8963584501828690726.png?resize=1400%2C800&ssl=1 4x"},"classes":[]},{"id":5325,"url":"https:\/\/www.kanenberg.com.br\/fatosfotoseregistros\/museu-ilha-das-flores\/","url_meta":{"origin":3471,"position":3},"title":"Museu da Imigra\u00e7\u00e3o da Ilha das Flores: um lugar de chegada, esperan\u00e7a e mem\u00f3ria","author":"kanenberg","date":"18 de fevereiro de 2019","format":false,"excerpt":"Na Ba\u00eda de Guanabara, no munic\u00edpio de S\u00e3o Gon\u00e7alo, encontra-se um lugar que guarda uma importante parte da hist\u00f3ria da imigra\u00e7\u00e3o no Brasil: a Ilha das Flores, onde funcionou, entre 1883 e 1966, a Hospedaria de Imigrantes da Ilha das Flores.","rel":"","context":"Em &quot;Lugares&quot;","block_context":{"text":"Lugares","link":"https:\/\/www.kanenberg.com.br\/fatosfotoseregistros\/category\/lugares\/"},"img":{"alt_text":"Vista do cais de entrada da Hospedaria de Imigrantes, na Ilha das Flores","src":"https:\/\/i0.wp.com\/www.kanenberg.com.br\/fatosfotoseregistros\/wp-content\/uploads\/2019\/02\/ilha_flores_00.jpg.jpg?resize=350%2C200&ssl=1","width":350,"height":200,"srcset":"https:\/\/i0.wp.com\/www.kanenberg.com.br\/fatosfotoseregistros\/wp-content\/uploads\/2019\/02\/ilha_flores_00.jpg.jpg?resize=350%2C200&ssl=1 1x, https:\/\/i0.wp.com\/www.kanenberg.com.br\/fatosfotoseregistros\/wp-content\/uploads\/2019\/02\/ilha_flores_00.jpg.jpg?resize=525%2C300&ssl=1 1.5x, https:\/\/i0.wp.com\/www.kanenberg.com.br\/fatosfotoseregistros\/wp-content\/uploads\/2019\/02\/ilha_flores_00.jpg.jpg?resize=700%2C400&ssl=1 2x, https:\/\/i0.wp.com\/www.kanenberg.com.br\/fatosfotoseregistros\/wp-content\/uploads\/2019\/02\/ilha_flores_00.jpg.jpg?resize=1050%2C600&ssl=1 3x, https:\/\/i0.wp.com\/www.kanenberg.com.br\/fatosfotoseregistros\/wp-content\/uploads\/2019\/02\/ilha_flores_00.jpg.jpg?resize=1400%2C800&ssl=1 4x"},"classes":[]},{"id":846,"url":"https:\/\/www.kanenberg.com.br\/fatosfotoseregistros\/ruinas-do-matadouro-de-santa-cruz\/","url_meta":{"origin":3471,"position":4},"title":"Ru\u00ednas do Matadouro de Santa Cruz","author":"kanenberg","date":"24 de maio de 2016","format":false,"excerpt":"O Matadouro de Santa Cruz foi uma importante unidade industrial para abastecimento de carne do munic\u00edpio do Rio de Janeiro que funcionou do final do s\u00e9culo XIX at\u00e9 a segunda metade do s\u00e9culo XX no bairro de Santa Cruz...","rel":"","context":"Em &quot;Imagem&quot;","block_context":{"text":"Imagem","link":"https:\/\/www.kanenberg.com.br\/fatosfotoseregistros\/category\/imagem\/"},"img":{"alt_text":"","src":"https:\/\/i0.wp.com\/www.kanenberg.com.br\/fatosfotoseregistros\/wp-content\/uploads\/2016\/05\/img_20150628_140955441.jpg?resize=350%2C200&ssl=1","width":350,"height":200,"srcset":"https:\/\/i0.wp.com\/www.kanenberg.com.br\/fatosfotoseregistros\/wp-content\/uploads\/2016\/05\/img_20150628_140955441.jpg?resize=350%2C200&ssl=1 1x, https:\/\/i0.wp.com\/www.kanenberg.com.br\/fatosfotoseregistros\/wp-content\/uploads\/2016\/05\/img_20150628_140955441.jpg?resize=525%2C300&ssl=1 1.5x, https:\/\/i0.wp.com\/www.kanenberg.com.br\/fatosfotoseregistros\/wp-content\/uploads\/2016\/05\/img_20150628_140955441.jpg?resize=700%2C400&ssl=1 2x, https:\/\/i0.wp.com\/www.kanenberg.com.br\/fatosfotoseregistros\/wp-content\/uploads\/2016\/05\/img_20150628_140955441.jpg?resize=1050%2C600&ssl=1 3x, https:\/\/i0.wp.com\/www.kanenberg.com.br\/fatosfotoseregistros\/wp-content\/uploads\/2016\/05\/img_20150628_140955441.jpg?resize=1400%2C800&ssl=1 4x"},"classes":[]},{"id":6193,"url":"https:\/\/www.kanenberg.com.br\/fatosfotoseregistros\/a-historia-do-telefone-no-brasil\/","url_meta":{"origin":3471,"position":5},"title":"A Hist\u00f3ria do Telefone no Brasil","author":"kanenberg","date":"2 de agosto de 2026","format":false,"excerpt":"A chegada do telefone ao Brasil \u00e9 repleta de momentos marcantes \u2014 e envolve diretamente a curiosidade cient\u00edfica de um dos governantes mais entusiastas do pa\u00eds: o imperador Dom Pedro II.","rel":"","context":"Em &quot;Textos&quot;","block_context":{"text":"Textos","link":"https:\/\/www.kanenberg.com.br\/fatosfotoseregistros\/category\/textos\/"},"img":{"alt_text":"Descoberta do telefone","src":"https:\/\/i0.wp.com\/www.kanenberg.com.br\/fatosfotoseregistros\/wp-content\/uploads\/2026\/08\/descoberta-do-telefone.png?resize=350%2C200&ssl=1","width":350,"height":200,"srcset":"https:\/\/i0.wp.com\/www.kanenberg.com.br\/fatosfotoseregistros\/wp-content\/uploads\/2026\/08\/descoberta-do-telefone.png?resize=350%2C200&ssl=1 1x, https:\/\/i0.wp.com\/www.kanenberg.com.br\/fatosfotoseregistros\/wp-content\/uploads\/2026\/08\/descoberta-do-telefone.png?resize=525%2C300&ssl=1 1.5x, https:\/\/i0.wp.com\/www.kanenberg.com.br\/fatosfotoseregistros\/wp-content\/uploads\/2026\/08\/descoberta-do-telefone.png?resize=700%2C400&ssl=1 2x, https:\/\/i0.wp.com\/www.kanenberg.com.br\/fatosfotoseregistros\/wp-content\/uploads\/2026\/08\/descoberta-do-telefone.png?resize=1050%2C600&ssl=1 3x, https:\/\/i0.wp.com\/www.kanenberg.com.br\/fatosfotoseregistros\/wp-content\/uploads\/2026\/08\/descoberta-do-telefone.png?resize=1400%2C800&ssl=1 4x"},"classes":[]}],"jetpack_likes_enabled":true,"amp_enabled":true,"jetpack_featured_media_url":"","_links":{"self":[{"href":"https:\/\/www.kanenberg.com.br\/fatosfotoseregistros\/wp-json\/wp\/v2\/posts\/3471","targetHints":{"allow":["GET"]}}],"collection":[{"href":"https:\/\/www.kanenberg.com.br\/fatosfotoseregistros\/wp-json\/wp\/v2\/posts"}],"about":[{"href":"https:\/\/www.kanenberg.com.br\/fatosfotoseregistros\/wp-json\/wp\/v2\/types\/post"}],"author":[{"embeddable":true,"href":"https:\/\/www.kanenberg.com.br\/fatosfotoseregistros\/wp-json\/wp\/v2\/users\/1"}],"replies":[{"embeddable":true,"href":"https:\/\/www.kanenberg.com.br\/fatosfotoseregistros\/wp-json\/wp\/v2\/comments?post=3471"}],"version-history":[{"count":0,"href":"https:\/\/www.kanenberg.com.br\/fatosfotoseregistros\/wp-json\/wp\/v2\/posts\/3471\/revisions"}],"wp:attachment":[{"href":"https:\/\/www.kanenberg.com.br\/fatosfotoseregistros\/wp-json\/wp\/v2\/media?parent=3471"}],"wp:term":[{"taxonomy":"category","embeddable":true,"href":"https:\/\/www.kanenberg.com.br\/fatosfotoseregistros\/wp-json\/wp\/v2\/categories?post=3471"},{"taxonomy":"post_tag","embeddable":true,"href":"https:\/\/www.kanenberg.com.br\/fatosfotoseregistros\/wp-json\/wp\/v2\/tags?post=3471"}],"curies":[{"name":"wp","href":"https:\/\/api.w.org\/{rel}","templated":true}]}}