{"id":3162,"date":"2016-08-26T12:06:14","date_gmt":"2016-08-26T15:06:14","guid":{"rendered":"https:\/\/fatosfotoseregistros.wordpress.com\/?p=3162"},"modified":"2026-08-27T20:23:16","modified_gmt":"2026-08-27T23:23:16","slug":"getulio-vargas-e-1o-automovel-licenciado","status":"publish","type":"post","link":"https:\/\/www.kanenberg.com.br\/fatosfotoseregistros\/getulio-vargas-e-1o-automovel-licenciado\/","title":{"rendered":"Get\u00falio Vargas e 1\u00ba autom\u00f3vel licenciado"},"content":{"rendered":"<p style=\"text-align: justify;\">Rio um passeio pela hist\u00f3ria com o professor Milton Teixeira, na sua coluna da R\u00e1dio BandNewsFM do dia 26\/08\/2016, falando sobre Get\u00falio Vargas e o primeiro autom\u00f3vel licenciado.<\/p>\n<p><img loading=\"lazy\" decoding=\"async\" class=\" size-full wp-image-3166 aligncenter\" src=\"https:\/\/fatosfotoseregistros.files.wordpress.com\/2016\/08\/getuliodornellesvargas_pq.jpg\" alt=\"getuliodornellesvargas_pq\" width=\"500\" height=\"375\" \/><\/p>\n<p><iframe loading=\"lazy\" title=\"Get\u00falio Vargas e 1\u00ba autom\u00f3vel licenciado\" src=\"https:\/\/audiomack.com\/embed\/song\/fatosfotoseregistros\/getlio-vargas-e-1-automvel-licenciado\" scrolling=\"no\" width=\"649\" height=\"252\" scrollbars=\"no\" frameborder=\"0\"><\/iframe><\/p>\n<p style=\"text-align: justify;\"><strong>Get\u00falio Vargas<\/strong> cometeu suic\u00eddio na madrugada de 24 de agosto de 1954, com um tiro no cora\u00e7\u00e3o, em seu quarto, no Pal\u00e1cio do Catete, na cidade do Rio de Janeiro, ent\u00e3o capital federal. Get\u00falio Vargas foi considerado o mais importante presidente da hist\u00f3ria do Brasil. Sua influ\u00eancia se estende at\u00e9 hoje. A sua heran\u00e7a pol\u00edtica \u00e9 invocada por pelo menos dois partidos pol\u00edticos atuais: o Partido Democr\u00e1tico Trabalhista (PDT) e o Partido Trabalhista Brasileiro (PTB). Get\u00falio Vargas foi inscrito no Livro dos Her\u00f3is da P\u00e1tria, em 15 de setembro de 2010, pela lei n\u00ba 12.326.<\/p>\n<p style=\"text-align: justify;\"><strong>O primeiro autom\u00f3vel do Brasil foi licenciado<\/strong>, no Rio de Janeiro, como propriedade de Francisco Leite de Bittencourt Sampaio, em 29 de agosto de 1903.<\/p>\n","protected":false},"excerpt":{"rendered":"<p>Rio um passeio pela hist\u00f3ria com o professor Milton Teixeira, na sua coluna da R\u00e1dio BandNewsFM do dia 26\/08\/2016, falando sobre Get\u00falio Vargas e o primeiro autom\u00f3vel licenciado<\/p>\n","protected":false},"author":1,"featured_media":0,"comment_status":"open","ping_status":"open","sticky":false,"template":"","format":"standard","meta":{"_exactmetrics_skip_tracking":false,"_jetpack_newsletter_access":"","_jetpack_dont_email_post_to_subs":false,"_jetpack_newsletter_tier_id":0,"_jetpack_memberships_contains_paywalled_content":false,"_jetpack_feature_clip_id":0,"_jetpack_memberships_contains_paid_content":false,"footnotes":"","jetpack_publicize_message":"","jetpack_publicize_feature_enabled":true,"jetpack_social_post_already_shared":true,"jetpack_social_options":{"image_generator_settings":{"template":"highway","default_image_id":0,"font":"","enabled":false},"version":2},"jetpack_post_was_ever_published":false},"categories":[251],"tags":[254,375,255,256],"class_list":["post-3162","post","type-post","status-publish","format-standard","hentry","category-audio","tag-curiosidades","tag-getulio-vargas","tag-historia","tag-milton-teixeira"],"jetpack_publicize_connections":[],"jetpack_sharing_enabled":true,"jetpack_shortlink":"https:\/\/wp.me\/phkM1X-P0","jetpack-related-posts":[{"id":3471,"url":"https:\/\/www.kanenberg.com.br\/fatosfotoseregistros\/12-de-setembro\/","url_meta":{"origin":3162,"position":0},"title":"12 de setembro","author":"kanenberg","date":"12 de setembro de 2016","format":false,"excerpt":"Hoje, 12 de setembro, comemoramos dois importantes fatos: A cria\u00e7\u00e3o do Instituto Benjamin Constant e a Inaugura\u00e7\u00e3o da R\u00e1dio Nacional.","rel":"","context":"Em &quot;Textos&quot;","block_context":{"text":"Textos","link":"https:\/\/www.kanenberg.com.br\/fatosfotoseregistros\/category\/textos\/"},"img":{"alt_text":"2015-04-05-11-38","src":"https:\/\/fatosfotoseregistros.files.wordpress.com\/2016\/09\/2015-04-05-11-38.jpg?w=350&h=200&crop=1","width":350,"height":200,"srcset":"https:\/\/fatosfotoseregistros.files.wordpress.com\/2016\/09\/2015-04-05-11-38.jpg?w=350&h=200&crop=1 1x, https:\/\/fatosfotoseregistros.files.wordpress.com\/2016\/09\/2015-04-05-11-38.jpg?w=525&h=300&crop=1 1.5x"},"classes":[]},{"id":710,"url":"https:\/\/www.kanenberg.com.br\/fatosfotoseregistros\/dia-das-maes\/","url_meta":{"origin":3162,"position":1},"title":"Dia das M\u00e3es","author":"kanenberg","date":"7 de maio de 2016","format":false,"excerpt":"Dia das M\u00e3es, tamb\u00e9m designado de\u00a0Dia da M\u00e3e, \u00e9 uma data comemorativa em que se homenageia a\u00a0m\u00e3e e a\u00a0maternidade. Em alguns pa\u00edses \u00e9 comemorado no segundo domingo do m\u00eas de maio (como no\u00a0Brasil e na\u00a0Irlanda). Em\u00a0Portugal \u00e9 comemorado no primeiro domingo do m\u00eas de Maio.","rel":"","context":"Em &quot;Textos&quot;","block_context":{"text":"Textos","link":"https:\/\/www.kanenberg.com.br\/fatosfotoseregistros\/category\/textos\/"},"img":{"alt_text":"","src":"","width":0,"height":0},"classes":[]},{"id":6115,"url":"https:\/\/www.kanenberg.com.br\/fatosfotoseregistros\/jaiminho-o-papagaio-de-pirata-carioca\/","url_meta":{"origin":3162,"position":2},"title":"Jaiminho: O Papagaio de Pirata Carioca","author":"kanenberg","date":"13 de julho de 2026","format":false,"excerpt":"O Rio de Janeiro \u00e9 famoso por seus personagens folcl\u00f3ricos, e Jaime Dias Sabino, o popular Jaiminho, certamente ocupa um lugar de destaque nessa galeria urbana. Conhecido nacionalmente como o maior \"papagaio de pirata\" (termo usado para quem faz de tudo para aparecer atr\u00e1s de entrevistados ou rep\u00f3rteres) da televis\u00e3o\u2026","rel":"","context":"Em &quot;Personalidades&quot;","block_context":{"text":"Personalidades","link":"https:\/\/www.kanenberg.com.br\/fatosfotoseregistros\/category\/personalidades\/"},"img":{"alt_text":"Jaiminho","src":"https:\/\/i0.wp.com\/www.kanenberg.com.br\/fatosfotoseregistros\/wp-content\/uploads\/2026\/07\/jaiminho.jpg?resize=350%2C200&ssl=1","width":350,"height":200},"classes":[]},{"id":5427,"url":"https:\/\/www.kanenberg.com.br\/fatosfotoseregistros\/hino-nacional-nas-escolas\/","url_meta":{"origin":3162,"position":3},"title":"Hino Nacional nas escolas","author":"kanenberg","date":"27 de fevereiro de 2019","format":false,"excerpt":"O Hino Nacional Brasileiro \u00e9 um dos quatro s\u00edmbolos oficiais da Rep\u00fablica Federativa do Brasil, conforme estabelece o art. 13, \u00a7 1.\u00ba, da Constitui\u00e7\u00e3o do Brasil.","rel":"","context":"Em &quot;Textos&quot;","block_context":{"text":"Textos","link":"https:\/\/www.kanenberg.com.br\/fatosfotoseregistros\/category\/textos\/"},"img":{"alt_text":"LEI N\u00ba 12.031, DE 21 DE SETEMBRO DE 2009","src":"https:\/\/i0.wp.com\/www.kanenberg.com.br\/fatosfotoseregistros\/wp-content\/uploads\/2019\/02\/hino_nacional.jpg?resize=350%2C200&ssl=1","width":350,"height":200,"srcset":"https:\/\/i0.wp.com\/www.kanenberg.com.br\/fatosfotoseregistros\/wp-content\/uploads\/2019\/02\/hino_nacional.jpg?resize=350%2C200&ssl=1 1x, https:\/\/i0.wp.com\/www.kanenberg.com.br\/fatosfotoseregistros\/wp-content\/uploads\/2019\/02\/hino_nacional.jpg?resize=525%2C300&ssl=1 1.5x"},"classes":[]},{"id":1785,"url":"https:\/\/www.kanenberg.com.br\/fatosfotoseregistros\/rio-de-janeiro-curiosidades-historicas\/","url_meta":{"origin":3162,"position":4},"title":"Rio de Janeiro &#8211; Curiosidades Hist\u00f3ricas","author":"kanenberg","date":"6 de julho de 2016","format":false,"excerpt":"\u00c1lbum dedicado a estampar imagens curiosas e fatos hist\u00f3ricos ocorridos na Cidade do Rio de Janeiro.","rel":"","context":"Em &quot;V\u00eddeo&quot;","block_context":{"text":"V\u00eddeo","link":"https:\/\/www.kanenberg.com.br\/fatosfotoseregistros\/category\/video\/"},"img":{"alt_text":"","src":"https:\/\/i0.wp.com\/img.youtube.com\/vi\/2KI2SWuaQ4w\/0.jpg?resize=350%2C200","width":350,"height":200},"classes":[]},{"id":1212,"url":"https:\/\/www.kanenberg.com.br\/fatosfotoseregistros\/o-homem-que-calculava\/","url_meta":{"origin":3162,"position":5},"title":"O Homem que Calculava","author":"kanenberg","date":"21 de junho de 2016","format":false,"excerpt":"Livro de autoria do escritor, matem\u00e1tico e professor J\u00falio C\u00e9sar de Mello e Souza (1895-1974), cujo pseud\u00f4nimo era Malba Tahan. Foi publicado pela primeira vez em 1946 e at\u00e9 hoje j\u00e1 alcan\u00e7ou mais de 80 edi\u00e7\u00f5es. Em 1972, a obra foi premiada pela Academia Brasileira de Letras em 1972, ocasi\u00e3o\u2026","rel":"","context":"Em &quot;Textos&quot;","block_context":{"text":"Textos","link":"https:\/\/www.kanenberg.com.br\/fatosfotoseregistros\/category\/textos\/"},"img":{"alt_text":"Capa-do-Livro-O-Homem-Que-Calculava","src":"https:\/\/fatosfotoseregistros.files.wordpress.com\/2016\/06\/capa-do-livro-o-homem-que-calculava.jpg?w=350&h=200&crop=1","width":350,"height":200},"classes":[]}],"jetpack_likes_enabled":true,"amp_enabled":true,"jetpack_featured_media_url":"","_links":{"self":[{"href":"https:\/\/www.kanenberg.com.br\/fatosfotoseregistros\/wp-json\/wp\/v2\/posts\/3162","targetHints":{"allow":["GET"]}}],"collection":[{"href":"https:\/\/www.kanenberg.com.br\/fatosfotoseregistros\/wp-json\/wp\/v2\/posts"}],"about":[{"href":"https:\/\/www.kanenberg.com.br\/fatosfotoseregistros\/wp-json\/wp\/v2\/types\/post"}],"author":[{"embeddable":true,"href":"https:\/\/www.kanenberg.com.br\/fatosfotoseregistros\/wp-json\/wp\/v2\/users\/1"}],"replies":[{"embeddable":true,"href":"https:\/\/www.kanenberg.com.br\/fatosfotoseregistros\/wp-json\/wp\/v2\/comments?post=3162"}],"version-history":[{"count":2,"href":"https:\/\/www.kanenberg.com.br\/fatosfotoseregistros\/wp-json\/wp\/v2\/posts\/3162\/revisions"}],"predecessor-version":[{"id":6336,"href":"https:\/\/www.kanenberg.com.br\/fatosfotoseregistros\/wp-json\/wp\/v2\/posts\/3162\/revisions\/6336"}],"wp:attachment":[{"href":"https:\/\/www.kanenberg.com.br\/fatosfotoseregistros\/wp-json\/wp\/v2\/media?parent=3162"}],"wp:term":[{"taxonomy":"category","embeddable":true,"href":"https:\/\/www.kanenberg.com.br\/fatosfotoseregistros\/wp-json\/wp\/v2\/categories?post=3162"},{"taxonomy":"post_tag","embeddable":true,"href":"https:\/\/www.kanenberg.com.br\/fatosfotoseregistros\/wp-json\/wp\/v2\/tags?post=3162"}],"curies":[{"name":"wp","href":"https:\/\/api.w.org\/{rel}","templated":true}]}}