{"id":3030,"date":"2016-08-24T22:13:47","date_gmt":"2016-08-25T01:13:47","guid":{"rendered":"https:\/\/fatosfotoseregistros.wordpress.com\/?p=3030"},"modified":"2026-09-06T10:53:41","modified_gmt":"2026-09-06T13:53:41","slug":"2-trilhas-no-rio-de-janeiro-para-iniciantes","status":"publish","type":"post","link":"https:\/\/www.kanenberg.com.br\/fatosfotoseregistros\/2-trilhas-no-rio-de-janeiro-para-iniciantes\/","title":{"rendered":"2 trilhas no Rio de Janeiro para iniciantes"},"content":{"rendered":"<p style=\"text-align: justify;\">Gostaria de se aventurar fazendo alguma trilha no Rio de Janeiro mas n\u00e3o sabe qual e por onde come\u00e7ar? Confira duas\u00a0trilhas para iniciantes e\u00a0que lhe ir\u00e3o \u00a0proporcionar um visual deslumbrante de outros \u00e2ngulos da Cidade Maravilhosa.<\/p>\n<p style=\"text-align: justify;\">Dica: Um aplicativo para\u00a0smatphone\u00a0muito bacana para trilhas \u00e9 o <a href=\"http:\/\/pt.wikiloc.com\/\" target=\"_blank\" rel=\"noopener noreferrer\">Wikiloc<\/a>. Com ele voc\u00ea al\u00e9m de poder registrar as coordenadas geogr\u00e1ficas de suas trilhas ainda poder\u00e1 conhecer trilhas feitas e registradas por outras pessoas.<\/p>\n<h2>Trilha da Catacumba (Mirante Sacop\u00e3)<\/h2>\n<p style=\"text-align: justify;\">Trilha de percurso f\u00e1cil e seguro que em 30 minutos leva aos Mirantes do\u00a0Sacop\u00e3 e do Urubu. Programa para toda a fam\u00edlia, inclusive filhos pequenos que poder\u00e3o tamb\u00e9m curtir um\u00a0piquenique no Parque da Catacumba j\u00e1 descrito em outro <a href=\"https:\/\/fatosfotoseregistros.wordpress.com\/2016\/07\/12\/favela-da-catacumba\/\">post<\/a>.<\/p>\n<p style=\"text-align: justify;\">A trilha n\u00e3o poderia ser melhor com um lindo\u00a0visual da\u00a0Lagoa Rodrigo de Freitas, Cristo Redentor (Corcovado) e outros pontos da zona sul.<\/p>\n<p style=\"text-align: justify;\">O\u00a0Parque da Catacumba conta com lugar para deixar trancada sua bicicleta, banheiro, bebedouro, al\u00e9m de diversas esculturas espalhadas pelo parque. Aproveite ap\u00f3s o passeio para um passeio no entorno da Lagoa.<\/p>\n<p style=\"text-align: justify;\">Veja esta trilha no <a href=\"http:\/\/pt.wikiloc.com\/wikiloc\/view.do?id=11473024\" target=\"_blank\" rel=\"noopener noreferrer\">Wikiloc<\/a>.<\/p>\n<p><img loading=\"lazy\" decoding=\"async\" class=\"aligncenter wp-image-3059 size-full\" src=\"https:\/\/fatosfotoseregistros.files.wordpress.com\/2016\/08\/2015-11-22_12-21-57_o.jpg\" alt=\"2015-11-22_12-21-57_o\" width=\"600\" height=\"338\" \/><\/p>\n<p><img loading=\"lazy\" decoding=\"async\" class=\"aligncenter wp-image-3061 size-full\" src=\"https:\/\/fatosfotoseregistros.files.wordpress.com\/2016\/08\/2015-11-22_12-22-17_o.jpg\" alt=\"2015-11-22_12-22-17_o\" width=\"600\" height=\"338\" \/><\/p>\n<p><span class=\"embed-youtube\" style=\"text-align:center; display: block;\"><iframe loading=\"lazy\" class=\"youtube-player\" width=\"840\" height=\"473\" src=\"https:\/\/www.youtube.com\/embed\/aVg-V_oFXvs?version=3&#038;rel=1&#038;showsearch=0&#038;showinfo=1&#038;iv_load_policy=1&#038;fs=1&#038;hl=pt-BR&#038;autohide=2&#038;wmode=transparent\" allowfullscreen=\"true\" style=\"border:0;\" sandbox=\"allow-scripts allow-same-origin allow-popups allow-presentation allow-popups-to-escape-sandbox\"><\/iframe><\/span><\/p>\n<h2>Trilha da Pedra Bonita<\/h2>\n<p style=\"text-align: justify;\">Uma trilha de acesso f\u00e1cil, super tranquila\u00a0e com visual fant\u00e1stico. O acesso \u00e9 pela Estrada das Canoas, pr\u00f3ximo \u00e0 Rampa de V\u00f4o Livre, em S\u00e3o Conrado. Com uma vista deslumbrante de partes da zona sul e oeste,\u00a0Floresta da Tijuca e\u00a0a famosa Pedra da G\u00e1vea.<\/p>\n<p style=\"text-align: justify;\">Parte da trilha \u00e9 pavimentada em p\u00e9 de moleque.<\/p>\n<p style=\"text-align: justify;\">N\u00e3o deixe de levar uma toalha ou canga e algumas coisas para al\u00e9m de aproveitar o visual ainda curtir um piquenique no topo da Pedra Bonita. Tamb\u00e9m sugiro conhecer a rampa de v\u00f4o livre onde poder\u00e1, dependendo do dia, ainda observar diversas pessoas realizando a pr\u00e1tica deste outro esporte.<\/p>\n<p style=\"text-align: justify;\">Veja esta trilha no <a href=\"http:\/\/pt.wikiloc.com\/wikiloc\/view.do?id=13223349\" target=\"_blank\" rel=\"noopener noreferrer\">Wikiloc<\/a>.<\/p>\n<p><img decoding=\"async\" class=\"aligncenter wp-image-3066 size-full\" src=\"https:\/\/fatosfotoseregistros.files.wordpress.com\/2016\/08\/sam_0952.jpg\" alt=\"SAM_0952\" \/><\/p>\n<p><span class=\"embed-youtube\" style=\"text-align:center; display: block;\"><iframe loading=\"lazy\" class=\"youtube-player\" width=\"840\" height=\"473\" src=\"https:\/\/www.youtube.com\/embed\/csfU_BstIf0?version=3&#038;rel=1&#038;showsearch=0&#038;showinfo=1&#038;iv_load_policy=1&#038;fs=1&#038;hl=pt-BR&#038;autohide=2&#038;wmode=transparent\" allowfullscreen=\"true\" style=\"border:0;\" sandbox=\"allow-scripts allow-same-origin allow-popups allow-presentation allow-popups-to-escape-sandbox\"><\/iframe><\/span><\/p>\n","protected":false},"excerpt":{"rendered":"<p>Gostaria de se aventurar fazendo alguma trilha no Rio de Janeiro mas n\u00e3o sabe qual e por onde come\u00e7ar? Confira duas trilhas para iniciantes&#8230;<\/p>\n","protected":false},"author":1,"featured_media":0,"comment_status":"open","ping_status":"open","sticky":false,"template":"","format":"standard","meta":{"_exactmetrics_skip_tracking":false,"_jetpack_newsletter_access":"","_jetpack_dont_email_post_to_subs":false,"_jetpack_newsletter_tier_id":0,"_jetpack_memberships_contains_paywalled_content":false,"_jetpack_feature_clip_id":0,"_jetpack_memberships_contains_paid_content":false,"footnotes":"","jetpack_publicize_message":"","jetpack_publicize_feature_enabled":true,"jetpack_social_post_already_shared":true,"jetpack_social_options":{"image_generator_settings":{"template":"highway","default_image_id":0,"font":"","enabled":false},"version":2},"jetpack_post_was_ever_published":false},"categories":[262,265,278],"tags":[332,343,315,320],"class_list":["post-3030","post","type-post","status-publish","format-standard","hentry","category-imagem","category-textos","category-video","tag-aventuras","tag-floresta-da-tijuca","tag-parques","tag-trilhas"],"jetpack_publicize_connections":[],"jetpack_sharing_enabled":true,"jetpack_shortlink":"https:\/\/wp.me\/phkM1X-MS","jetpack-related-posts":[{"id":147,"url":"https:\/\/www.kanenberg.com.br\/fatosfotoseregistros\/morro-da-babilonia\/","url_meta":{"origin":3030,"position":0},"title":"Morro da Babil\u00f4nia","author":"kanenberg","date":"2 de julho de 2015","format":false,"excerpt":"O Morro da Babil\u00f4nia era uma \u00e1rea militar, usada como ponto estrat\u00e9gico no controle da entrada de embarca\u00e7\u00f5es na Ba\u00eda de Guanabara.","rel":"","context":"Em &quot;Imagem&quot;","block_context":{"text":"Imagem","link":"https:\/\/www.kanenberg.com.br\/fatosfotoseregistros\/category\/imagem\/"},"img":{"alt_text":"Copacabana - Babil\u00f4nia","src":"http:\/\/i0.wp.com\/fatosfotoseregistros.files.wordpress.com\/2015\/06\/wpid-wp-1434853041335.jpeg?w=528%3Fw%3D700&resize=350%2C200","width":350,"height":200,"srcset":"http:\/\/i0.wp.com\/fatosfotoseregistros.files.wordpress.com\/2015\/06\/wpid-wp-1434853041335.jpeg?w=528%3Fw%3D700&resize=350%2C200 1x, http:\/\/i0.wp.com\/fatosfotoseregistros.files.wordpress.com\/2015\/06\/wpid-wp-1434853041335.jpeg?w=528%3Fw%3D700&resize=525%2C300 1.5x, http:\/\/i0.wp.com\/fatosfotoseregistros.files.wordpress.com\/2015\/06\/wpid-wp-1434853041335.jpeg?w=528%3Fw%3D700&resize=700%2C400 2x"},"classes":[]},{"id":4172,"url":"https:\/\/www.kanenberg.com.br\/fatosfotoseregistros\/parque-natural-municipal-de-nova-iguacu\/","url_meta":{"origin":3030,"position":1},"title":"Parque Natural Municipal de Nova Igua\u00e7u","author":"kanenberg","date":"15 de fevereiro de 2017","format":false,"excerpt":"O parque abriga trilhas, aproximadamente 14 po\u00e7os e cachoeiras abertas para uso recreativo. Um belo local para caminhadas, trilhas, rapel, banhos e muito mais.","rel":"","context":"Em &quot;Lugares&quot;","block_context":{"text":"Lugares","link":"https:\/\/www.kanenberg.com.br\/fatosfotoseregistros\/category\/lugares\/"},"img":{"alt_text":"","src":"https:\/\/i0.wp.com\/www.kanenberg.com.br\/fatosfotoseregistros\/wp-content\/uploads\/2017\/02\/varginha.png?resize=350%2C200&ssl=1","width":350,"height":200,"srcset":"https:\/\/i0.wp.com\/www.kanenberg.com.br\/fatosfotoseregistros\/wp-content\/uploads\/2017\/02\/varginha.png?resize=350%2C200&ssl=1 1x, https:\/\/i0.wp.com\/www.kanenberg.com.br\/fatosfotoseregistros\/wp-content\/uploads\/2017\/02\/varginha.png?resize=525%2C300&ssl=1 1.5x"},"classes":[]},{"id":99,"url":"https:\/\/www.kanenberg.com.br\/fatosfotoseregistros\/trilha-morro-da-babilonia\/","url_meta":{"origin":3030,"position":2},"title":"Trilha Morro da Babil\u00f4nia","author":"kanenberg","date":"27 de abril de 2015","format":false,"excerpt":"Entre os bairros do Leme, Botafogo, Urca, Babil\u00f4nia e Chap\u00e9u-Mangueira, uma linda trilha, a mais de 230 metros de altitude, guarda muitas surpresas: ru\u00ednas de casamatas...","rel":"","context":"Em &quot;Lugares&quot;","block_context":{"text":"Lugares","link":"https:\/\/www.kanenberg.com.br\/fatosfotoseregistros\/category\/lugares\/"},"img":{"alt_text":"Morro da Babil\u00f4nia","src":"https:\/\/i0.wp.com\/www.kanenberg.com.br\/fatosfotoseregistros\/wp-content\/uploads\/2015\/04\/2015-04-19-11-36-08.jpg?resize=350%2C200&ssl=1","width":350,"height":200,"srcset":"https:\/\/i0.wp.com\/www.kanenberg.com.br\/fatosfotoseregistros\/wp-content\/uploads\/2015\/04\/2015-04-19-11-36-08.jpg?resize=350%2C200&ssl=1 1x, https:\/\/i0.wp.com\/www.kanenberg.com.br\/fatosfotoseregistros\/wp-content\/uploads\/2015\/04\/2015-04-19-11-36-08.jpg?resize=525%2C300&ssl=1 1.5x, https:\/\/i0.wp.com\/www.kanenberg.com.br\/fatosfotoseregistros\/wp-content\/uploads\/2015\/04\/2015-04-19-11-36-08.jpg?resize=700%2C400&ssl=1 2x, https:\/\/i0.wp.com\/www.kanenberg.com.br\/fatosfotoseregistros\/wp-content\/uploads\/2015\/04\/2015-04-19-11-36-08.jpg?resize=1050%2C600&ssl=1 3x, https:\/\/i0.wp.com\/www.kanenberg.com.br\/fatosfotoseregistros\/wp-content\/uploads\/2015\/04\/2015-04-19-11-36-08.jpg?resize=1400%2C800&ssl=1 4x"},"classes":[]},{"id":938,"url":"https:\/\/www.kanenberg.com.br\/fatosfotoseregistros\/morro-da-babilonia-2\/","url_meta":{"origin":3030,"position":3},"title":"Morro da Babil\u00f4nia","author":"kanenberg","date":"25 de maio de 2016","format":false,"excerpt":"O Morro da Babil\u00f4nia esta localizado na divisa entre os bairros do Leme, Botafogo, Urca e Copacabana. A localidade abriga as comunidades do Morro da Babil\u00f4nia e a do Chap\u00e9u Mangueira al\u00e9m de uma ampla \u00e1rea de prote\u00e7\u00e3o ambiental fazendo parte do Parque Natural Municipal Paisagem Carioca.","rel":"","context":"Em &quot;Lugares&quot;","block_context":{"text":"Lugares","link":"https:\/\/www.kanenberg.com.br\/fatosfotoseregistros\/category\/lugares\/"},"img":{"alt_text":"2015-04-19 11.38.46","src":"https:\/\/fatosfotoseregistros.files.wordpress.com\/2016\/05\/2015-04-19-11-38-46.jpg?w=350&h=200&crop=1","width":350,"height":200,"srcset":"https:\/\/fatosfotoseregistros.files.wordpress.com\/2016\/05\/2015-04-19-11-38-46.jpg?w=350&h=200&crop=1 1x, https:\/\/fatosfotoseregistros.files.wordpress.com\/2016\/05\/2015-04-19-11-38-46.jpg?w=525&h=300&crop=1 1.5x, https:\/\/fatosfotoseregistros.files.wordpress.com\/2016\/05\/2015-04-19-11-38-46.jpg?w=700&h=400&crop=1 2x"},"classes":[]},{"id":68,"url":"https:\/\/www.kanenberg.com.br\/fatosfotoseregistros\/cachoeiras-do-mendanha\/","url_meta":{"origin":3030,"position":4},"title":"Cachoeiras do Mendanha","author":"kanenberg","date":"15 de mar\u00e7o de 2015","format":false,"excerpt":"As Cachoeiras do Mendanha est\u00e3o localizadas no bairro de Campo Grande, em plena zona oeste da cidade do Rio de Janeiro, local este que muitas vezes passa at\u00e9 por desconhecido para muitos moradores que residem na regi\u00e3o.","rel":"","context":"Em &quot;Lugares&quot;","block_context":{"text":"Lugares","link":"https:\/\/www.kanenberg.com.br\/fatosfotoseregistros\/category\/lugares\/"},"img":{"alt_text":"","src":"https:\/\/i0.wp.com\/www.kanenberg.com.br\/fatosfotoseregistros\/wp-content\/uploads\/2015\/03\/mendanha.png?resize=350%2C200&ssl=1","width":350,"height":200,"srcset":"https:\/\/i0.wp.com\/www.kanenberg.com.br\/fatosfotoseregistros\/wp-content\/uploads\/2015\/03\/mendanha.png?resize=350%2C200&ssl=1 1x, https:\/\/i0.wp.com\/www.kanenberg.com.br\/fatosfotoseregistros\/wp-content\/uploads\/2015\/03\/mendanha.png?resize=525%2C300&ssl=1 1.5x"},"classes":[]},{"id":2877,"url":"https:\/\/www.kanenberg.com.br\/fatosfotoseregistros\/locais-para-conhecer-rj-1\/","url_meta":{"origin":3030,"position":5},"title":"Locais para conhecer no Rio de Janeiro &#8211; Parte 1","author":"kanenberg","date":"16 de agosto de 2016","format":false,"excerpt":"A cidade do Rio de Janeiro, guarda lugares fant\u00e1sticos, alguns desconhecidos at\u00e9 mesmo pelos pr\u00f3prios cariocas. Conhe\u00e7a alguns destes lugares lindos e cheios de hist\u00f3ria.","rel":"","context":"Em &quot;Imagem&quot;","block_context":{"text":"Imagem","link":"https:\/\/www.kanenberg.com.br\/fatosfotoseregistros\/category\/imagem\/"},"img":{"alt_text":"valongo1","src":"https:\/\/fatosfotoseregistros.files.wordpress.com\/2016\/08\/valongo1.jpg?w=350&h=200&crop=1","width":350,"height":200,"srcset":"https:\/\/fatosfotoseregistros.files.wordpress.com\/2016\/08\/valongo1.jpg?w=350&h=200&crop=1 1x, https:\/\/fatosfotoseregistros.files.wordpress.com\/2016\/08\/valongo1.jpg?w=525&h=300&crop=1 1.5x"},"classes":[]}],"jetpack_likes_enabled":true,"amp_enabled":true,"jetpack_featured_media_url":"","_links":{"self":[{"href":"https:\/\/www.kanenberg.com.br\/fatosfotoseregistros\/wp-json\/wp\/v2\/posts\/3030","targetHints":{"allow":["GET"]}}],"collection":[{"href":"https:\/\/www.kanenberg.com.br\/fatosfotoseregistros\/wp-json\/wp\/v2\/posts"}],"about":[{"href":"https:\/\/www.kanenberg.com.br\/fatosfotoseregistros\/wp-json\/wp\/v2\/types\/post"}],"author":[{"embeddable":true,"href":"https:\/\/www.kanenberg.com.br\/fatosfotoseregistros\/wp-json\/wp\/v2\/users\/1"}],"replies":[{"embeddable":true,"href":"https:\/\/www.kanenberg.com.br\/fatosfotoseregistros\/wp-json\/wp\/v2\/comments?post=3030"}],"version-history":[{"count":3,"href":"https:\/\/www.kanenberg.com.br\/fatosfotoseregistros\/wp-json\/wp\/v2\/posts\/3030\/revisions"}],"predecessor-version":[{"id":6395,"href":"https:\/\/www.kanenberg.com.br\/fatosfotoseregistros\/wp-json\/wp\/v2\/posts\/3030\/revisions\/6395"}],"wp:attachment":[{"href":"https:\/\/www.kanenberg.com.br\/fatosfotoseregistros\/wp-json\/wp\/v2\/media?parent=3030"}],"wp:term":[{"taxonomy":"category","embeddable":true,"href":"https:\/\/www.kanenberg.com.br\/fatosfotoseregistros\/wp-json\/wp\/v2\/categories?post=3030"},{"taxonomy":"post_tag","embeddable":true,"href":"https:\/\/www.kanenberg.com.br\/fatosfotoseregistros\/wp-json\/wp\/v2\/tags?post=3030"}],"curies":[{"name":"wp","href":"https:\/\/api.w.org\/{rel}","templated":true}]}}