{"id":290,"date":"2016-06-14T09:29:14","date_gmt":"2016-06-14T12:29:14","guid":{"rendered":"https:\/\/fatosfotoseregistros.wordpress.com\/?p=290"},"modified":"2016-06-14T09:29:14","modified_gmt":"2016-06-14T12:29:14","slug":"engenho-da-rainha","status":"publish","type":"post","link":"https:\/\/www.kanenberg.com.br\/fatosfotoseregistros\/engenho-da-rainha\/","title":{"rendered":"Engenho da Rainha"},"content":{"rendered":"<p><strong>O bairro<\/strong><\/p>\n<p align=\"justify\">Bairro da Zona Norte da cidade do Rio de Janeiro. Sua localiza\u00e7\u00e3o faz divisa com os bairros de Pilares, Inha\u00fama, Tom\u00e1s Coelho e Complexo do Alem\u00e3o, al\u00e9m de tamb\u00e9m fazer divisa por meio da Serra da Miseric\u00f3rdia, sem acesso direto com os bairros de Vila Kosmos, Penha Circular, Penha, Olaria e Ramos.<\/p>\n<p align=\"justify\">Engenho da Rainha \u00e9 servido pelo servi\u00e7o metrovi\u00e1rio da cidade \u2013 Metr\u00f4 do Rio de Janeiro e por diversas linhas de \u00f4nibus.<\/p>\n<p align=\"justify\">O bairro de Engenho da Rainha \u00e9 formado basicamente por conjuntos habitacionais destinado \u00e0s classes populares da cidade do Rio de Janeiro e tamb\u00e9m por v\u00e1rias favelas.<\/p>\n<div class=\"googlemaps\">\n\t\t\t\t<iframe loading=\"lazy\" width=\"650\" height=\"550\" frameborder=\"0\" scrolling=\"no\" marginheight=\"0\" marginwidth=\"0\"  src=\"https:\/\/www.google.com\/maps\/embed?pb=%211m14%211m8%211m3%211d14705.422736291875%212d-43.30168115699316%213d-22.863315635097745%213m2%211i1024%212i768%214f13.1%213m3%211m2%211s0x997c8eb4d4ef3d%3A0x26dbbfade2d4b725%212sEngenho%20da%20Rainha%2C%20Rio%20de%20Janeiro%20-%20RJ%2C%20Brasil%215e0%213m2%211spt-BR%212sbr%214v1464882882025\"><\/iframe>\n\t\t\t<\/div>\n<p><strong>A hist\u00f3ria do bairro<\/strong><\/p>\n<p align=\"justify\">A regi\u00e3o hoje denominada Engenho da Rainha (antiga Carlota Joaquina) fazia parte da Freguesia de Inha\u00fama, criada em 1743, e ganhou este nome quando esta Freguesia foi desmembrada, resultando nos atuais bairros de Pilares, Tom\u00e1s Coelho e parte de Inha\u00fama. A regi\u00e3o acolhia uma resid\u00eancia adquirida pela Rainha Carlota Joaquina, esposa de D. Jo\u00e3o VI, por volta de 1810 com o objetivo de nela descansar, dai tamb\u00e9m a origem do nome do bairro. A sua delimita\u00e7\u00e3o atual foi estabelecida pelo Decreto n.\u00ba 3158 de 23 de julho de 1981, pelo prefeito do Rio de Janeiro.<\/p>\n<p align=\"justify\">A regi\u00e3o pr\u00f3xima \u00e0 fazenda era habitada pelos \u00edndios Tamoios. Como heran\u00e7a, tem-se muitas ruas com nomes ligadas a este fato &#8211; rua Apinaj\u00e9, Boror\u00f3, Xerente, Canitar, Flexal, dentre outras. A Fazenda da Rainha Carlota Joaquina, al\u00e9m do engenho de cana-de-a\u00e7\u00facar, tinha tamb\u00e9m planta\u00e7\u00e3o de caf\u00e9 e a m\u00e3o-de-obra escrava era a respons\u00e1vel pela economia rural. O rio Timb\u00f3, hoje bastante degradado, banha o bairro. A Serra da Miseric\u00f3rdia, situada na Freguesia de Inha\u00fama, era o local onde os negros escravos procuravam se esconder quando fugiam da Fazenda.<\/p>\n<p align=\"justify\">Suas extensas terras compreendiam as plan\u00edcies de Inha\u00fama, limitadas pela Serra da Miseric\u00f3rdia. Inicialmente pertenciam ao engenho da Pedra ou de Bonsucesso, e se expandiam desde a orla da Ba\u00eda de Guanabara at\u00e9 Inha\u00fama. A rainha Dona Carlota Joaquina, comprou uma quarta parte do engenho, com uma casa com 15 quartos, em frente a uma fileira de palmeiras, pr\u00f3xima \u00e0 atual rua Dona Lu\u00edsa. O engenho ficava em uma plan\u00edcie e a casa em uma pequena eleva\u00e7\u00e3o.<\/p>\n<p align=\"justify\">No fim do Segundo Reinado, as terras foram adquiridas pelo Coronel Antonio Joaquim de Sousa Botafogo, um republicano, ligado a Floriano Peixoto.<\/p>\n<p align=\"justify\">A hist\u00f3ria do Engenho da Rainha coincide com a ocupa\u00e7\u00e3o de Inha\u00fama e o atual bairro passou a compreender a baixada do trecho entre o morro do Engenho da Rainha e as eleva\u00e7\u00f5es da Serra da Miseric\u00f3rdia, atravessada pelo rio Timb\u00f3.<\/p>\n<figure id=\"attachment_388\" aria-describedby=\"caption-attachment-388\" style=\"width: 600px\" class=\"wp-caption aligncenter\"><img loading=\"lazy\" decoding=\"async\" data-attachment-id=\"388\" data-permalink=\"https:\/\/www.kanenberg.com.br\/fatosfotoseregistros\/engenho-da-rainha\/12717974_968432819919974_7760659722182098204_n\/\" data-orig-file=\"https:\/\/www.kanenberg.com.br\/fatosfotoseregistros\/wp-content\/uploads\/2016\/04\/12717974_968432819919974_7760659722182098204_n.jpg\" data-orig-size=\"600,443\" data-comments-opened=\"1\" data-image-meta=\"{&quot;aperture&quot;:&quot;0&quot;,&quot;credit&quot;:&quot;&quot;,&quot;camera&quot;:&quot;&quot;,&quot;caption&quot;:&quot;&quot;,&quot;created_timestamp&quot;:&quot;0&quot;,&quot;copyright&quot;:&quot;&quot;,&quot;focal_length&quot;:&quot;0&quot;,&quot;iso&quot;:&quot;0&quot;,&quot;shutter_speed&quot;:&quot;0&quot;,&quot;title&quot;:&quot;&quot;,&quot;orientation&quot;:&quot;0&quot;}\" data-image-title=\"12717974_968432819919974_7760659722182098204_n\" data-image-description=\"\" data-image-caption=\"\" data-large-file=\"https:\/\/www.kanenberg.com.br\/fatosfotoseregistros\/wp-content\/uploads\/2016\/04\/12717974_968432819919974_7760659722182098204_n.jpg\" class=\" size-full wp-image-388 aligncenter\" src=\"https:\/\/fatosfotoseregistros.files.wordpress.com\/2016\/04\/12717974_968432819919974_7760659722182098204_n.jpg\" alt=\"12717974_968432819919974_7760659722182098204_n\" width=\"600\" height=\"443\" srcset=\"https:\/\/www.kanenberg.com.br\/fatosfotoseregistros\/wp-content\/uploads\/2016\/04\/12717974_968432819919974_7760659722182098204_n.jpg 600w, https:\/\/www.kanenberg.com.br\/fatosfotoseregistros\/wp-content\/uploads\/2016\/04\/12717974_968432819919974_7760659722182098204_n-300x222.jpg 300w\" sizes=\"auto, (max-width: 600px) 100vw, 600px\" \/><figcaption id=\"caption-attachment-388\" class=\"wp-caption-text\">Estrada Velha da Pavuna em 1938<\/figcaption><\/figure>\n<p>&nbsp;<\/p>\n<p><strong>Os famosos do bairro<\/strong><\/p>\n<p align=\"justify\">Em nenhum bairro do Rio de janeiro, se reuniu tantos artistas famosos como o bairro. No final dos anos 60, quando foi inaugurado o Conjunto dos M\u00fasicos, o bairro que j\u00e1 tinha alguns artistas ficou mais rico ainda culturalmente.<\/p>\n<p align=\"justify\">Moradores famosos do Conjunto dos M\u00fasicos: Pixinguinha, Z\u00e9 Keti, Bide (fundador da Deixa Falar), Bucy Moreira, Mestre Mar\u00e7al, Anselmo Mazoni, Rubens Gerard, Mussum, Wilson das Neves, Darcy da Mangueira, Baianinho da Em Cima da Hora, Almir Guineto, Dominguinhos do Acordeon, Darcy Cruz, Arn\u00f4 Canegal, Louren\u00e7o (sorte grande).<\/p>\n<p align=\"justify\">Ainda no bairro tivemos como moradores: Clementina de Jesus, Valter Rosa (compositor da Portela), Dona Ivone Lara, Carlos Cacha\u00e7a, Guar\u00e1, Marquinhos Diniz (Caviar), Luiz Grande (parceiro em caviar), as atrizes Solange Couto e Isabel Fillardis e o atacante Guilherme Negueba, do Flamengo.<\/p>\n<p align=\"justify\">Ainda moram no bairro: o cantor Roberto Silva, o animador Russo, da TV Globo, e o comediante Ankito, do Zorra Total. O bairro ainda teve como morador, o melhor baixista do Brasil na atualidade, Arthur Maia.<\/p>\n<p align=\"justify\">A sexagen\u00e1ria escola de samba Acad\u00eamicos do Engenho da Rainha \u00e9 uma das mais importantes agremia\u00e7\u00f5es carnavalescas do munic\u00edpio do Rio de Janeiro. Seus sambas-enredo ganhadores de diversos Estandartes de Ouro e a sua bateria imprimem a identidade dessa pequena grande escola de samba.<\/p>\n<p><strong>A esta\u00e7\u00e3o de Engenho da Rainha<\/strong><\/p>\n<p align=\"justify\">Foi implantada, em 1876, a Estrada de Ferro Rio D\u2019Ouro e foi constru\u00edda a esta\u00e7\u00e3o Engenho da Rainha, em funcionamento at\u00e9 a extin\u00e7\u00e3o do ramal em 1966\/1970. Seu leito foi aproveitado pela Companhia do Metropolitano do Rio de Janeiro \u2013 Metr\u00f4, para a constru\u00e7\u00e3o da Linha 2. A esta\u00e7\u00e3o Engenho da Rainha foi inaugurada em 1991.<\/p>\n<p align=\"justify\">A esta\u00e7\u00e3o foi inaugurada em 1931 provavelmente substituindo a Esta\u00e7\u00e3o Engenho do Mato, que ficava um pouco mais a frente.<\/p>\n<figure id=\"attachment_391\" aria-describedby=\"caption-attachment-391\" style=\"width: 600px\" class=\"wp-caption aligncenter\"><img loading=\"lazy\" decoding=\"async\" data-attachment-id=\"391\" data-permalink=\"https:\/\/www.kanenberg.com.br\/fatosfotoseregistros\/engenho-da-rainha\/engenho9701\/\" data-orig-file=\"https:\/\/www.kanenberg.com.br\/fatosfotoseregistros\/wp-content\/uploads\/2016\/04\/engenho9701.jpg\" data-orig-size=\"600,465\" data-comments-opened=\"1\" data-image-meta=\"{&quot;aperture&quot;:&quot;0&quot;,&quot;credit&quot;:&quot;&quot;,&quot;camera&quot;:&quot;&quot;,&quot;caption&quot;:&quot;&quot;,&quot;created_timestamp&quot;:&quot;0&quot;,&quot;copyright&quot;:&quot;&quot;,&quot;focal_length&quot;:&quot;0&quot;,&quot;iso&quot;:&quot;0&quot;,&quot;shutter_speed&quot;:&quot;0&quot;,&quot;title&quot;:&quot;&quot;,&quot;orientation&quot;:&quot;1&quot;}\" data-image-title=\"engenho9701\" data-image-description=\"\" data-image-caption=\"\" data-large-file=\"https:\/\/www.kanenberg.com.br\/fatosfotoseregistros\/wp-content\/uploads\/2016\/04\/engenho9701.jpg\" class=\" size-full wp-image-391 aligncenter\" src=\"https:\/\/fatosfotoseregistros.files.wordpress.com\/2016\/04\/engenho9701.jpg\" alt=\"engenho9701\" width=\"600\" height=\"465\" srcset=\"https:\/\/www.kanenberg.com.br\/fatosfotoseregistros\/wp-content\/uploads\/2016\/04\/engenho9701.jpg 600w, https:\/\/www.kanenberg.com.br\/fatosfotoseregistros\/wp-content\/uploads\/2016\/04\/engenho9701-300x233.jpg 300w\" sizes=\"auto, (max-width: 600px) 100vw, 600px\" \/><figcaption id=\"caption-attachment-391\" class=\"wp-caption-text\">A esta\u00e7\u00e3o j\u00e1 desativada, nos anos 1970<\/figcaption><\/figure>\n<figure id=\"attachment_1060\" aria-describedby=\"caption-attachment-1060\" style=\"width: 450px\" class=\"wp-caption aligncenter\"><img loading=\"lazy\" decoding=\"async\" data-attachment-id=\"1060\" data-permalink=\"https:\/\/www.kanenberg.com.br\/fatosfotoseregistros\/engenho-da-rainha\/engenhodarainhajornal\/\" data-orig-file=\"https:\/\/www.kanenberg.com.br\/fatosfotoseregistros\/wp-content\/uploads\/2016\/06\/engenhodarainhajornal.jpg\" data-orig-size=\"450,388\" data-comments-opened=\"1\" data-image-meta=\"{&quot;aperture&quot;:&quot;0&quot;,&quot;credit&quot;:&quot;&quot;,&quot;camera&quot;:&quot;&quot;,&quot;caption&quot;:&quot;&quot;,&quot;created_timestamp&quot;:&quot;0&quot;,&quot;copyright&quot;:&quot;&quot;,&quot;focal_length&quot;:&quot;0&quot;,&quot;iso&quot;:&quot;0&quot;,&quot;shutter_speed&quot;:&quot;0&quot;,&quot;title&quot;:&quot;&quot;,&quot;orientation&quot;:&quot;0&quot;}\" data-image-title=\"engenhodarainhajornal\" data-image-description=\"\" data-image-caption=\"\" data-large-file=\"https:\/\/www.kanenberg.com.br\/fatosfotoseregistros\/wp-content\/uploads\/2016\/06\/engenhodarainhajornal.jpg\" class=\" size-full wp-image-1060 aligncenter\" src=\"https:\/\/fatosfotoseregistros.files.wordpress.com\/2016\/06\/engenhodarainhajornal.jpg\" alt=\"engenhodarainhajornal\" width=\"450\" height=\"388\" srcset=\"https:\/\/www.kanenberg.com.br\/fatosfotoseregistros\/wp-content\/uploads\/2016\/06\/engenhodarainhajornal.jpg 450w, https:\/\/www.kanenberg.com.br\/fatosfotoseregistros\/wp-content\/uploads\/2016\/06\/engenhodarainhajornal-300x259.jpg 300w\" sizes=\"auto, (max-width: 450px) 100vw, 450px\" \/><figcaption id=\"caption-attachment-1060\" class=\"wp-caption-text\">An\u00fancio de jornal, provavelmente dos anos de 1920<\/figcaption><\/figure>\n<p><strong>V\u00eddeos<\/strong><br \/>\n<span class=\"embed-youtube\" style=\"text-align:center; display: block;\"><iframe loading=\"lazy\" class=\"youtube-player\" width=\"840\" height=\"473\" src=\"https:\/\/www.youtube.com\/embed\/OlE98o-zN-k?version=3&#038;rel=1&#038;showsearch=0&#038;showinfo=1&#038;iv_load_policy=1&#038;fs=1&#038;hl=pt-BR&#038;autohide=2&#038;wmode=transparent\" allowfullscreen=\"true\" style=\"border:0;\" sandbox=\"allow-scripts allow-same-origin allow-popups allow-presentation allow-popups-to-escape-sandbox\"><\/iframe><\/span><\/p>\n<p><span class=\"embed-youtube\" style=\"text-align:center; display: block;\"><iframe loading=\"lazy\" class=\"youtube-player\" width=\"840\" height=\"473\" src=\"https:\/\/www.youtube.com\/embed\/pX042ixMITk?version=3&#038;rel=1&#038;showsearch=0&#038;showinfo=1&#038;iv_load_policy=1&#038;fs=1&#038;hl=pt-BR&#038;autohide=2&#038;wmode=transparent\" allowfullscreen=\"true\" style=\"border:0;\" sandbox=\"allow-scripts allow-same-origin allow-popups allow-presentation allow-popups-to-escape-sandbox\"><\/iframe><\/span><\/p>\n","protected":false},"excerpt":{"rendered":"<p>A regi\u00e3o acolhia uma resid\u00eancia adquirida pela Rainha Carlota Joaquina, esposa de D. Jo\u00e3o VI, por volta de 1810 com o objetivo de nela descansar, dai tamb\u00e9m a origem do nome do bairro.<\/p>\n","protected":false},"author":1,"featured_media":0,"comment_status":"open","ping_status":"open","sticky":false,"template":"","format":"standard","meta":{"_exactmetrics_skip_tracking":false,"_jetpack_newsletter_access":"","_jetpack_dont_email_post_to_subs":false,"_jetpack_newsletter_tier_id":0,"_jetpack_memberships_contains_paywalled_content":false,"_jetpack_feature_clip_id":0,"_jetpack_memberships_contains_paid_content":false,"footnotes":"","jetpack_publicize_message":"","jetpack_publicize_feature_enabled":true,"jetpack_social_post_already_shared":false,"jetpack_social_options":{"image_generator_settings":{"template":"highway","default_image_id":0,"font":"","enabled":false},"version":2},"jetpack_post_was_ever_published":false},"categories":[265],"tags":[338,255,289],"class_list":["post-290","post","type-post","status-publish","format-standard","hentry","category-textos","tag-bairros","tag-historia","tag-rio-de-janeiro"],"jetpack_publicize_connections":[],"jetpack_sharing_enabled":true,"jetpack_shortlink":"https:\/\/wp.me\/phkM1X-4G","jetpack-related-posts":[{"id":938,"url":"https:\/\/www.kanenberg.com.br\/fatosfotoseregistros\/morro-da-babilonia-2\/","url_meta":{"origin":290,"position":0},"title":"Morro da Babil\u00f4nia","author":"kanenberg","date":"25 de maio de 2016","format":false,"excerpt":"O Morro da Babil\u00f4nia esta localizado na divisa entre os bairros do Leme, Botafogo, Urca e Copacabana. A localidade abriga as comunidades do Morro da Babil\u00f4nia e a do Chap\u00e9u Mangueira al\u00e9m de uma ampla \u00e1rea de prote\u00e7\u00e3o ambiental fazendo parte do Parque Natural Municipal Paisagem Carioca.","rel":"","context":"Em &quot;Lugares&quot;","block_context":{"text":"Lugares","link":"https:\/\/www.kanenberg.com.br\/fatosfotoseregistros\/category\/lugares\/"},"img":{"alt_text":"2015-04-19 11.38.46","src":"https:\/\/fatosfotoseregistros.files.wordpress.com\/2016\/05\/2015-04-19-11-38-46.jpg?w=350&h=200&crop=1","width":350,"height":200,"srcset":"https:\/\/fatosfotoseregistros.files.wordpress.com\/2016\/05\/2015-04-19-11-38-46.jpg?w=350&h=200&crop=1 1x, https:\/\/fatosfotoseregistros.files.wordpress.com\/2016\/05\/2015-04-19-11-38-46.jpg?w=525&h=300&crop=1 1.5x, https:\/\/fatosfotoseregistros.files.wordpress.com\/2016\/05\/2015-04-19-11-38-46.jpg?w=700&h=400&crop=1 2x"},"classes":[]},{"id":3400,"url":"https:\/\/www.kanenberg.com.br\/fatosfotoseregistros\/fotos-tour-bruxo-pintor-e-boticario\/","url_meta":{"origin":290,"position":1},"title":"Fotos &#8211; Tour Bruxo, Pintor e Botic\u00e1rio","author":"kanenberg","date":"10 de setembro de 2016","format":false,"excerpt":"Alguns registros fotogr\u00e1ficos do evento Tour Bruxo, Pintor e Botic\u00e1rio com a Mila Turismo no dia 10\/09\/2016.","rel":"","context":"Em &quot;Eventos&quot;","block_context":{"text":"Eventos","link":"https:\/\/www.kanenberg.com.br\/fatosfotoseregistros\/category\/eventos\/"},"img":{"alt_text":"","src":"https:\/\/i0.wp.com\/www.kanenberg.com.br\/fatosfotoseregistros\/wp-content\/uploads\/2016\/09\/img_20160910_102344195-150x150.jpg?resize=350%2C200&ssl=1","width":350,"height":200,"srcset":"https:\/\/i0.wp.com\/www.kanenberg.com.br\/fatosfotoseregistros\/wp-content\/uploads\/2016\/09\/img_20160910_102344195-150x150.jpg?resize=350%2C200&ssl=1 1x, https:\/\/i0.wp.com\/www.kanenberg.com.br\/fatosfotoseregistros\/wp-content\/uploads\/2016\/09\/img_20160910_102344195-150x150.jpg?resize=525%2C300&ssl=1 1.5x, https:\/\/i0.wp.com\/www.kanenberg.com.br\/fatosfotoseregistros\/wp-content\/uploads\/2016\/09\/img_20160910_102344195-150x150.jpg?resize=700%2C400&ssl=1 2x"},"classes":[]},{"id":846,"url":"https:\/\/www.kanenberg.com.br\/fatosfotoseregistros\/ruinas-do-matadouro-de-santa-cruz\/","url_meta":{"origin":290,"position":2},"title":"Ru\u00ednas do Matadouro de Santa Cruz","author":"kanenberg","date":"24 de maio de 2016","format":false,"excerpt":"O Matadouro de Santa Cruz foi uma importante unidade industrial para abastecimento de carne do munic\u00edpio do Rio de Janeiro que funcionou do final do s\u00e9culo XIX at\u00e9 a segunda metade do s\u00e9culo XX no bairro de Santa Cruz...","rel":"","context":"Em &quot;Imagem&quot;","block_context":{"text":"Imagem","link":"https:\/\/www.kanenberg.com.br\/fatosfotoseregistros\/category\/imagem\/"},"img":{"alt_text":"","src":"https:\/\/i0.wp.com\/www.kanenberg.com.br\/fatosfotoseregistros\/wp-content\/uploads\/2016\/05\/img_20150628_140955441.jpg?resize=350%2C200&ssl=1","width":350,"height":200,"srcset":"https:\/\/i0.wp.com\/www.kanenberg.com.br\/fatosfotoseregistros\/wp-content\/uploads\/2016\/05\/img_20150628_140955441.jpg?resize=350%2C200&ssl=1 1x, https:\/\/i0.wp.com\/www.kanenberg.com.br\/fatosfotoseregistros\/wp-content\/uploads\/2016\/05\/img_20150628_140955441.jpg?resize=525%2C300&ssl=1 1.5x, https:\/\/i0.wp.com\/www.kanenberg.com.br\/fatosfotoseregistros\/wp-content\/uploads\/2016\/05\/img_20150628_140955441.jpg?resize=700%2C400&ssl=1 2x, https:\/\/i0.wp.com\/www.kanenberg.com.br\/fatosfotoseregistros\/wp-content\/uploads\/2016\/05\/img_20150628_140955441.jpg?resize=1050%2C600&ssl=1 3x, https:\/\/i0.wp.com\/www.kanenberg.com.br\/fatosfotoseregistros\/wp-content\/uploads\/2016\/05\/img_20150628_140955441.jpg?resize=1400%2C800&ssl=1 4x"},"classes":[]},{"id":2169,"url":"https:\/\/www.kanenberg.com.br\/fatosfotoseregistros\/a-lenda-da-pedra-da-onca\/","url_meta":{"origin":290,"position":3},"title":"A Lenda da Pedra da On\u00e7a","author":"kanenberg","date":"21 de julho de 2016","format":false,"excerpt":"Existe uma escultura de uma Gato Maracaj\u00e1 sobre a Pedra dos Amores que fica na praia do Bananal, na Ilha do Governador (cidade do Rio de Janeiro). Essa escultura, da d\u00e9cada de 1920, \u00e9 fruto de famosa lenda e se tornou um s\u00edmbolo daquele bairro.","rel":"","context":"Em &quot;Textos&quot;","block_context":{"text":"Textos","link":"https:\/\/www.kanenberg.com.br\/fatosfotoseregistros\/category\/textos\/"},"img":{"alt_text":"pedra_onca_1954","src":"https:\/\/fatosfotoseregistros.files.wordpress.com\/2016\/07\/pedra_onca_1954.jpg?w=350&h=200&crop=1","width":350,"height":200},"classes":[]},{"id":5343,"url":"https:\/\/www.kanenberg.com.br\/fatosfotoseregistros\/do-caminho-do-boi-aos-tabajaras-a-historia-e-as-curiosidades-de-uma-das-ladeiras-mais-famosas-do-rio\/","url_meta":{"origin":290,"position":4},"title":"Do Caminho do Boi aos Tabajaras: A Hist\u00f3ria e as Curiosidades de uma das Ladeiras Mais Famosas do Rio","author":"kanenberg","date":"14 de fevereiro de 2019","format":false,"excerpt":"Quem passa hoje pelo in\u00edcio da Ladeira dos Tabajaras, logo na altura da Rua Siqueira Campos, em Copacabana, dificilmente imagina que aquele corredor urbano j\u00e1 foi uma rota estreita e poeirenta usada para o transporte de gado no s\u00e9culo XIX.","rel":"","context":"Em &quot;Lugares&quot;","block_context":{"text":"Lugares","link":"https:\/\/www.kanenberg.com.br\/fatosfotoseregistros\/category\/lugares\/"},"img":{"alt_text":"Ladeira dos Tabajaras","src":"https:\/\/i0.wp.com\/www.kanenberg.com.br\/fatosfotoseregistros\/wp-content\/uploads\/2019\/02\/FB_IMG_1550139554943.jpg?resize=350%2C200&ssl=1","width":350,"height":200,"srcset":"https:\/\/i0.wp.com\/www.kanenberg.com.br\/fatosfotoseregistros\/wp-content\/uploads\/2019\/02\/FB_IMG_1550139554943.jpg?resize=350%2C200&ssl=1 1x, https:\/\/i0.wp.com\/www.kanenberg.com.br\/fatosfotoseregistros\/wp-content\/uploads\/2019\/02\/FB_IMG_1550139554943.jpg?resize=525%2C300&ssl=1 1.5x, https:\/\/i0.wp.com\/www.kanenberg.com.br\/fatosfotoseregistros\/wp-content\/uploads\/2019\/02\/FB_IMG_1550139554943.jpg?resize=700%2C400&ssl=1 2x"},"classes":[]},{"id":2062,"url":"https:\/\/www.kanenberg.com.br\/fatosfotoseregistros\/museu-historico-do-exercito-e-forte-de-copacabana\/","url_meta":{"origin":290,"position":5},"title":"Museu Hist\u00f3rico do Ex\u00e9rcito e Forte de Copacabana","author":"kanenberg","date":"19 de julho de 2016","format":false,"excerpt":"O local escolhido para a sua constru\u00e7\u00e3o consistia numa regi\u00e3o cujos rochedos avan\u00e7avam contra o mar em dire\u00e7\u00e3o \u00e0 entrada da Ba\u00eda de Guanabara.","rel":"","context":"Em &quot;Imagem&quot;","block_context":{"text":"Imagem","link":"https:\/\/www.kanenberg.com.br\/fatosfotoseregistros\/category\/imagem\/"},"img":{"alt_text":"","src":"https:\/\/i0.wp.com\/www.kanenberg.com.br\/fatosfotoseregistros\/wp-content\/uploads\/2016\/07\/1922-07-06-150x150.jpg?resize=350%2C200&ssl=1","width":350,"height":200,"srcset":"https:\/\/i0.wp.com\/www.kanenberg.com.br\/fatosfotoseregistros\/wp-content\/uploads\/2016\/07\/1922-07-06-150x150.jpg?resize=350%2C200&ssl=1 1x, https:\/\/i0.wp.com\/www.kanenberg.com.br\/fatosfotoseregistros\/wp-content\/uploads\/2016\/07\/1922-07-06-150x150.jpg?resize=525%2C300&ssl=1 1.5x"},"classes":[]}],"jetpack_likes_enabled":true,"amp_enabled":true,"jetpack_featured_media_url":"","_links":{"self":[{"href":"https:\/\/www.kanenberg.com.br\/fatosfotoseregistros\/wp-json\/wp\/v2\/posts\/290","targetHints":{"allow":["GET"]}}],"collection":[{"href":"https:\/\/www.kanenberg.com.br\/fatosfotoseregistros\/wp-json\/wp\/v2\/posts"}],"about":[{"href":"https:\/\/www.kanenberg.com.br\/fatosfotoseregistros\/wp-json\/wp\/v2\/types\/post"}],"author":[{"embeddable":true,"href":"https:\/\/www.kanenberg.com.br\/fatosfotoseregistros\/wp-json\/wp\/v2\/users\/1"}],"replies":[{"embeddable":true,"href":"https:\/\/www.kanenberg.com.br\/fatosfotoseregistros\/wp-json\/wp\/v2\/comments?post=290"}],"version-history":[{"count":0,"href":"https:\/\/www.kanenberg.com.br\/fatosfotoseregistros\/wp-json\/wp\/v2\/posts\/290\/revisions"}],"wp:attachment":[{"href":"https:\/\/www.kanenberg.com.br\/fatosfotoseregistros\/wp-json\/wp\/v2\/media?parent=290"}],"wp:term":[{"taxonomy":"category","embeddable":true,"href":"https:\/\/www.kanenberg.com.br\/fatosfotoseregistros\/wp-json\/wp\/v2\/categories?post=290"},{"taxonomy":"post_tag","embeddable":true,"href":"https:\/\/www.kanenberg.com.br\/fatosfotoseregistros\/wp-json\/wp\/v2\/tags?post=290"}],"curies":[{"name":"wp","href":"https:\/\/api.w.org\/{rel}","templated":true}]}}