{"id":2877,"date":"2016-08-16T21:06:52","date_gmt":"2016-08-17T00:06:52","guid":{"rendered":"https:\/\/fatosfotoseregistros.wordpress.com\/?p=2877"},"modified":"2026-08-09T11:46:06","modified_gmt":"2026-08-09T14:46:06","slug":"locais-para-conhecer-rj-1","status":"publish","type":"post","link":"https:\/\/www.kanenberg.com.br\/fatosfotoseregistros\/locais-para-conhecer-rj-1\/","title":{"rendered":"Locais para conhecer no Rio de Janeiro &#8211; Parte 1"},"content":{"rendered":"<p style=\"text-align: justify;\">A cidade do Rio de Janeiro, guarda lugares fant\u00e1sticos, alguns desconhecidos at\u00e9 mesmo pelos pr\u00f3prios cariocas. Conhe\u00e7a alguns destes lugares lindos e cheios de hist\u00f3ria.<\/p>\n<h3>Jardim Suspenso do Valongo<\/h3>\n<p style=\"text-align: justify;\">A antiga Rua do Valongo, que ligava o Cais do Valongo ao Largo do Dep\u00f3sito, abrigava a antiga \u00e1rea residencial da Regi\u00e3o Portu\u00e1ria da cidade. No eixo formado por este caminho, os escravos rec\u00e9m-chegados eram acomodados em barrac\u00f5es conhecidos como casas de engorda, onde literalmente ganhavam peso, de modo a valorizar seu pre\u00e7o no mercado. Nesta \u00e1rea tamb\u00e9m havia mercados onde os africanos escravizados eram expostos aos potenciais compradores.<\/p>\n<p style=\"text-align: justify;\"><img loading=\"lazy\" decoding=\"async\" class=\"aligncenter wp-image-2890 size-full\" src=\"https:\/\/fatosfotoseregistros.files.wordpress.com\/2016\/08\/valongo1.jpg\" alt=\"valongo1\" width=\"600\" height=\"481\" \/><\/p>\n<p style=\"text-align: justify;\">No in\u00edcio do s\u00e9culo XX, por ocasi\u00e3o do alargamento da via, foi constru\u00eddo o Jardim Suspenso do Valongo, a Casa da Guarda e o Mict\u00f3rio P\u00fablico. Parte do plano de remodela\u00e7\u00e3o e embelezamento da cidade pelo prefeito Pereira Passos, o parque foi projetado pelo arquiteto-paisagista Lu\u00eds Rey e inaugurado em 1906.<\/p>\n<p style=\"text-align: justify;\">Entre 1998 e 2000, escava\u00e7\u00e3o arqueol\u00f3gica encontrou vasto acervo que remete \u00e0 &#8220;tralha dom\u00e9stica&#8221; que reflete costumes e mentalidade das diferentes \u00e9pocas, revelando aspectos da vida cotidiana dos habitantes do Morro da Concei\u00e7\u00e3o.<\/p>\n<p style=\"text-align: justify;\"><img loading=\"lazy\" decoding=\"async\" class=\" size-full wp-image-2892 aligncenter\" src=\"https:\/\/fatosfotoseregistros.files.wordpress.com\/2016\/08\/valongo2.jpg\" alt=\"valongo2\" width=\"600\" height=\"338\" \/><\/p>\n<p style=\"text-align: justify;\">O Jardim do Valongo foi recuperado pela obras do Porto Maravilha e faz parte do Circuito Hist\u00f3rico e Arqueol\u00f3gico da Celebra\u00e7\u00e3o da Heran\u00e7a Africana.<\/p>\n<p style=\"text-align: justify;\">O espa\u00e7o fica aberto de ter\u00e7a a domingo, das 10h \u00e0s 18h.<\/p>\n<p><strong>Google Maps<\/strong>: <a href=\"https:\/\/goo.gl\/maps\/Jx348f47zk12\" target=\"_blank\" rel=\"noopener noreferrer\">https:\/\/goo.gl\/maps\/Jx348f47zk12<\/a><\/p>\n<p><span class=\"embed-youtube\" style=\"text-align:center; display: block;\"><iframe loading=\"lazy\" class=\"youtube-player\" width=\"840\" height=\"473\" src=\"https:\/\/www.youtube.com\/embed\/iXy68UPoud0?version=3&#038;rel=1&#038;showsearch=0&#038;showinfo=1&#038;iv_load_policy=1&#038;fs=1&#038;hl=pt-BR&#038;autohide=2&#038;wmode=transparent\" allowfullscreen=\"true\" style=\"border:0;\" sandbox=\"allow-scripts allow-same-origin allow-popups allow-presentation allow-popups-to-escape-sandbox\"><\/iframe><\/span><\/p>\n<p>&nbsp;<\/p>\n<h3>Pedra do Arpoador<\/h3>\n<p style=\"text-align: justify;\">A Pedra do Arpoador est\u00e1 localizado entre a Praia de Copacabana e a Praia de Ipanema.<\/p>\n<p style=\"text-align: justify;\">A origem do nome vem do s\u00e9culo XVIII, quando baleias eram ca\u00e7adas por arp\u00f5es. para extra\u00e7\u00e3o do \u00f3leo que era usado na constru\u00e7\u00e3o bem como na ilumina\u00e7\u00e3o p\u00fablica.<\/p>\n<p style=\"text-align: justify;\">A regi\u00e3o da Pedra do Arpoador possu\u00ed ao seu redor diversos pontos interessantes como a Praia do Arpoador, a Praia do Diabo e o Parque Garota de Ipanema. Sem contar que o local guarda muitos fatos hist\u00f3ricos.<\/p>\n<p style=\"text-align: justify;\">Em 1922 foi instalado na regi\u00e3o uma esta\u00e7\u00e3o de r\u00e1dio costeira, subordinada ao Correios e Tel\u00e9grafos, que servia para conectar Ipanema ao resto do mundo at\u00e9 ser desativada em 1967.<\/p>\n<p style=\"text-align: justify;\">Foi ali na praia que em 1948 a alem\u00e3 Miriam Etz usou pela primeira vez em terras brasileiras, o famoso biqu\u00edni.<\/p>\n<p style=\"text-align: justify;\">Em 1965, o Arpoador foi palco do primeiro campeonato de surf realizado no Brasil.<\/p>\n<p style=\"text-align: justify;\">Em 1982 foi erguida pela primeira vez a lona do Circo Voador.<\/p>\n<p style=\"text-align: justify;\">Um h\u00e1bito bastante comum \u00e9 aplaudir o p\u00f4r do sol, um costume lan\u00e7ado no ver\u00e3o de 1968\/1969, quando o jornalista Carlos Leonam, inconformado com a beleza, come\u00e7ou a aplaudir, sendo logo em seguida acompanhado pela roda de amigos, que contava com a presen\u00e7a de Gl\u00e1uber Rocha, Jo\u00e3o Saldanha, J\u00f4 Soares, entre outros. Esse costume de aplaudir o p\u00f4r-do-sol foi consagrado pelo publicit\u00e1rio Roberto Duailibi, numa propaganda para televis\u00e3o de protetor solar.<\/p>\n<p style=\"text-align: justify;\"><img loading=\"lazy\" decoding=\"async\" class=\"aligncenter wp-image-2902 size-full\" src=\"https:\/\/fatosfotoseregistros.files.wordpress.com\/2016\/08\/arpoador1.jpg\" alt=\"arpoador1\" width=\"600\" height=\"338\" \/><\/p>\n<p style=\"text-align: justify;\"><img loading=\"lazy\" decoding=\"async\" class=\" size-full wp-image-2904 aligncenter\" src=\"https:\/\/fatosfotoseregistros.files.wordpress.com\/2016\/08\/arpoador2.jpg\" alt=\"arpoador2\" width=\"600\" height=\"338\" \/><\/p>\n<h3 style=\"text-align: justify;\">Parque Penhasco Dois Irm\u00e3os<\/h3>\n<p style=\"text-align: justify;\">O Parque Natural Municipal Penhasco Dois Irm\u00e3os localizado no Leblon foi criado em 1992, em uma \u00e1rea de preserva\u00e7\u00e3o ambiental com aproximadamente 40 hectares. Dos deques de madeira \u00e9 poss\u00edvel avistar alguns dos mais importantes cart\u00f5es-postais da cidade: Lagoa Rodrigo de Freitas, Jardim Bot\u00e2nico, Corcovado e as praias do Leblon e de Ipanema.<\/p>\n<p style=\"text-align: justify;\">Em \u00e9pocas remotas, l\u00e1 por volta dos s\u00e9culos XVI e XVII, o local sofreu muito com o desmatamento para a forma\u00e7\u00e3o de lavoura e pastos. J\u00e1 no s\u00e9culo XVIII at\u00e9 o final do s\u00e9culo XIX o local era usado para o plantio da cana de a\u00e7\u00facar.<\/p>\n<p style=\"text-align: justify;\">No parque existe um monumento em homenagem \u00e0s v\u00edtimas do v\u00f4o 447 da Air France, al\u00e9m dos seus quatro mirantes ainda conta com parquinho infantil, locais para piquenique, esculturas, laguinho e trilha.<\/p>\n<p style=\"text-align: justify;\">O parque fica aberto de ter\u00e7a a domingo, das 8h \u00e0s 17h. O acesso ao parque \u00e9 feito pela Rua Aperana no Leblon. Existe estacionamento no local.<\/p>\n<p style=\"text-align: justify;\"><img loading=\"lazy\" decoding=\"async\" class=\" size-full wp-image-2911 aligncenter\" src=\"https:\/\/fatosfotoseregistros.files.wordpress.com\/2016\/08\/ppdi1.jpg\" alt=\"ppdi1\" width=\"600\" height=\"338\" \/><\/p>\n<p style=\"text-align: justify;\"><img loading=\"lazy\" decoding=\"async\" class=\" size-full wp-image-2912 aligncenter\" src=\"https:\/\/fatosfotoseregistros.files.wordpress.com\/2016\/08\/ppdi2.jpg\" alt=\"ppdi2\" width=\"600\" height=\"338\" \/><\/p>\n<p style=\"text-align: justify;\">Em breve, outros lugares!<\/p>\n","protected":false},"excerpt":{"rendered":"<p>A cidade do Rio de Janeiro, guarda lugares fant\u00e1sticos, alguns desconhecidos at\u00e9 mesmo pelos pr\u00f3prios cariocas. Conhe\u00e7a alguns destes lugares lindos e cheios de hist\u00f3ria.<\/p>\n","protected":false},"author":1,"featured_media":0,"comment_status":"open","ping_status":"open","sticky":false,"template":"","format":"standard","meta":{"_exactmetrics_skip_tracking":false,"_jetpack_newsletter_access":"","_jetpack_dont_email_post_to_subs":false,"_jetpack_newsletter_tier_id":0,"_jetpack_memberships_contains_paywalled_content":false,"_jetpack_feature_clip_id":0,"_jetpack_memberships_contains_paid_content":false,"footnotes":"","jetpack_publicize_message":"","jetpack_publicize_feature_enabled":true,"jetpack_social_post_already_shared":true,"jetpack_social_options":{"image_generator_settings":{"template":"highway","default_image_id":0,"font":"","enabled":false},"version":2},"jetpack_post_was_ever_published":false},"categories":[262,282,265],"tags":[254,315,289],"class_list":["post-2877","post","type-post","status-publish","format-standard","hentry","category-imagem","category-lugares","category-textos","tag-curiosidades","tag-parques","tag-rio-de-janeiro"],"jetpack_publicize_connections":[],"jetpack_sharing_enabled":true,"jetpack_shortlink":"https:\/\/wp.me\/phkM1X-Kp","jetpack-related-posts":[{"id":166,"url":"https:\/\/www.kanenberg.com.br\/fatosfotoseregistros\/historia-pelas-ruas-travessa-do-comercio\/","url_meta":{"origin":2877,"position":0},"title":"Hist\u00f3ria Pelas Ruas &#8211; Travessa do Com\u00e9rcio","author":"kanenberg","date":"30 de mar\u00e7o de 2016","format":false,"excerpt":"Gostaria de conhecer um pouco mais do \"Rio Antigo\", um lugar que parece que ficou parado no tempo? Um lugar onde voc\u00ea possa circular por algumas vielas e becos sem a interfer\u00eancia de autom\u00f3veis?","rel":"","context":"Em &quot;Lugares&quot;","block_context":{"text":"Lugares","link":"https:\/\/www.kanenberg.com.br\/fatosfotoseregistros\/category\/lugares\/"},"img":{"alt_text":"img_181012325919488-01.jpeg","src":"https:\/\/fatosfotoseregistros.files.wordpress.com\/2016\/03\/img_181012325919488-01.jpeg?w=350&h=200&crop=1","width":350,"height":200},"classes":[]},{"id":4071,"url":"https:\/\/www.kanenberg.com.br\/fatosfotoseregistros\/cemiterio-de-gatos\/","url_meta":{"origin":2877,"position":1},"title":"O curioso Cemit\u00e9rio dos Gatos de Blumenau","author":"kanenberg","date":"25 de janeiro de 2017","format":false,"excerpt":"Existem cemit\u00e9rios que chamam a aten\u00e7\u00e3o n\u00e3o apenas por sua hist\u00f3ria, mas tamb\u00e9m pela singularidade de sua exist\u00eancia. Ao redor do mundo h\u00e1 exemplos dedicados a animais, como o conhecido Cemit\u00e9rio de P\u00e1ssaros da Ilha de Paquet\u00e1, no Rio de Janeiro. Em Blumenau, Santa Catarina, um dos locais mais curiosos\u2026","rel":"","context":"Em &quot;Imagem&quot;","block_context":{"text":"Imagem","link":"https:\/\/www.kanenberg.com.br\/fatosfotoseregistros\/category\/imagem\/"},"img":{"alt_text":"img_20161228_150137441_hdr-01.jpeg","src":"https:\/\/fatosfotoseregistros.files.wordpress.com\/2017\/01\/img_20161228_150137441_hdr-01.jpeg?w=350&h=200&crop=1","width":350,"height":200,"srcset":"https:\/\/fatosfotoseregistros.files.wordpress.com\/2017\/01\/img_20161228_150137441_hdr-01.jpeg?w=350&h=200&crop=1 1x, https:\/\/fatosfotoseregistros.files.wordpress.com\/2017\/01\/img_20161228_150137441_hdr-01.jpeg?w=525&h=300&crop=1 1.5x, https:\/\/fatosfotoseregistros.files.wordpress.com\/2017\/01\/img_20161228_150137441_hdr-01.jpeg?w=700&h=400&crop=1 2x, https:\/\/fatosfotoseregistros.files.wordpress.com\/2017\/01\/img_20161228_150137441_hdr-01.jpeg?w=1050&h=600&crop=1 3x, https:\/\/fatosfotoseregistros.files.wordpress.com\/2017\/01\/img_20161228_150137441_hdr-01.jpeg?w=1400&h=800&crop=1 4x"},"classes":[]},{"id":507,"url":"https:\/\/www.kanenberg.com.br\/fatosfotoseregistros\/jose-datrino\/","url_meta":{"origin":2877,"position":2},"title":"Voc\u00ea sabe quem foi Jos\u00e9 Datrino?","author":"kanenberg","date":"14 de abril de 2016","format":false,"excerpt":"Talvez muitos v\u00e3o se lembrar da express\u00e3o Gentileza gera Gentileza, ou ainda v\u00e3o se lembrar das 56 inscri\u00e7\u00f5es ou prov\u00e9rbios nas pilastras do Viaduto do Gas\u00f4metro, no Rio de Janeiro, que v\u00e3o do Cemit\u00e9rio do Caj\u00fa at\u00e9 a Rodovi\u00e1ria Novo Rio.","rel":"","context":"Em &quot;Textos&quot;","block_context":{"text":"Textos","link":"https:\/\/www.kanenberg.com.br\/fatosfotoseregistros\/category\/textos\/"},"img":{"alt_text":"datrino1","src":"https:\/\/i0.wp.com\/fatosfotoseregistros.kanenberg.com.br\/wp-content\/uploads\/2016\/04\/datrino1.jpg?resize=350%2C200&ssl=1","width":350,"height":200},"classes":[]},{"id":6122,"url":"https:\/\/www.kanenberg.com.br\/fatosfotoseregistros\/vila-mimosa-30-anos\/","url_meta":{"origin":2877,"position":3},"title":"Vila Mimosa: 30 anos na Pra\u00e7a da Bandeira","author":"kanenberg","date":"13 de julho de 2026","format":false,"excerpt":"Em 2026, a Vila Mimosa completa 30 anos em sua atual localiza\u00e7\u00e3o, na regi\u00e3o da Pra\u00e7a da Bandeira, na Zona[\u2026]","rel":"","context":"Em &quot;Lugares&quot;","block_context":{"text":"Lugares","link":"https:\/\/www.kanenberg.com.br\/fatosfotoseregistros\/category\/lugares\/"},"img":{"alt_text":"","src":"https:\/\/i0.wp.com\/www.kanenberg.com.br\/fatosfotoseregistros\/wp-content\/uploads\/2026\/07\/vila_mimosa_old1629409711295348501.jpg?resize=350%2C200&ssl=1","width":350,"height":200,"srcset":"https:\/\/i0.wp.com\/www.kanenberg.com.br\/fatosfotoseregistros\/wp-content\/uploads\/2026\/07\/vila_mimosa_old1629409711295348501.jpg?resize=350%2C200&ssl=1 1x, https:\/\/i0.wp.com\/www.kanenberg.com.br\/fatosfotoseregistros\/wp-content\/uploads\/2026\/07\/vila_mimosa_old1629409711295348501.jpg?resize=525%2C300&ssl=1 1.5x"},"classes":[]},{"id":5325,"url":"https:\/\/www.kanenberg.com.br\/fatosfotoseregistros\/museu-ilha-das-flores\/","url_meta":{"origin":2877,"position":4},"title":"Museu da Imigra\u00e7\u00e3o da Ilha das Flores: um lugar de chegada, esperan\u00e7a e mem\u00f3ria","author":"kanenberg","date":"18 de fevereiro de 2019","format":false,"excerpt":"Na Ba\u00eda de Guanabara, no munic\u00edpio de S\u00e3o Gon\u00e7alo, encontra-se um lugar que guarda uma importante parte da hist\u00f3ria da imigra\u00e7\u00e3o no Brasil: a Ilha das Flores, onde funcionou, entre 1883 e 1966, a Hospedaria de Imigrantes da Ilha das Flores.","rel":"","context":"Em &quot;Lugares&quot;","block_context":{"text":"Lugares","link":"https:\/\/www.kanenberg.com.br\/fatosfotoseregistros\/category\/lugares\/"},"img":{"alt_text":"Vista do cais de entrada da Hospedaria de Imigrantes, na Ilha das Flores","src":"https:\/\/i0.wp.com\/www.kanenberg.com.br\/fatosfotoseregistros\/wp-content\/uploads\/2019\/02\/ilha_flores_00.jpg.jpg?resize=350%2C200&ssl=1","width":350,"height":200,"srcset":"https:\/\/i0.wp.com\/www.kanenberg.com.br\/fatosfotoseregistros\/wp-content\/uploads\/2019\/02\/ilha_flores_00.jpg.jpg?resize=350%2C200&ssl=1 1x, https:\/\/i0.wp.com\/www.kanenberg.com.br\/fatosfotoseregistros\/wp-content\/uploads\/2019\/02\/ilha_flores_00.jpg.jpg?resize=525%2C300&ssl=1 1.5x, https:\/\/i0.wp.com\/www.kanenberg.com.br\/fatosfotoseregistros\/wp-content\/uploads\/2019\/02\/ilha_flores_00.jpg.jpg?resize=700%2C400&ssl=1 2x, https:\/\/i0.wp.com\/www.kanenberg.com.br\/fatosfotoseregistros\/wp-content\/uploads\/2019\/02\/ilha_flores_00.jpg.jpg?resize=1050%2C600&ssl=1 3x, https:\/\/i0.wp.com\/www.kanenberg.com.br\/fatosfotoseregistros\/wp-content\/uploads\/2019\/02\/ilha_flores_00.jpg.jpg?resize=1400%2C800&ssl=1 4x"},"classes":[]},{"id":1357,"url":"https:\/\/www.kanenberg.com.br\/fatosfotoseregistros\/central-do-brasil\/","url_meta":{"origin":2877,"position":5},"title":"Central do Brasil","author":"kanenberg","date":"28 de junho de 2016","format":false,"excerpt":"Central do Brasil, lugar conhecido por alguns e desconhecido por outros, admirado por uns e temido por outros, para alguns \u00e9 caminho obrigat\u00f3rio no dia-a-dia, enfim, um lugar cheio de hist\u00f3rias e curiosidades.","rel":"","context":"Em &quot;Imagem&quot;","block_context":{"text":"Imagem","link":"https:\/\/www.kanenberg.com.br\/fatosfotoseregistros\/category\/imagem\/"},"img":{"alt_text":"","src":"https:\/\/i0.wp.com\/www.kanenberg.com.br\/fatosfotoseregistros\/wp-content\/uploads\/2016\/06\/pvargas.jpg?resize=350%2C200&ssl=1","width":350,"height":200,"srcset":"https:\/\/i0.wp.com\/www.kanenberg.com.br\/fatosfotoseregistros\/wp-content\/uploads\/2016\/06\/pvargas.jpg?resize=350%2C200&ssl=1 1x, https:\/\/i0.wp.com\/www.kanenberg.com.br\/fatosfotoseregistros\/wp-content\/uploads\/2016\/06\/pvargas.jpg?resize=525%2C300&ssl=1 1.5x"},"classes":[]}],"jetpack_likes_enabled":true,"amp_enabled":true,"jetpack_featured_media_url":"","_links":{"self":[{"href":"https:\/\/www.kanenberg.com.br\/fatosfotoseregistros\/wp-json\/wp\/v2\/posts\/2877","targetHints":{"allow":["GET"]}}],"collection":[{"href":"https:\/\/www.kanenberg.com.br\/fatosfotoseregistros\/wp-json\/wp\/v2\/posts"}],"about":[{"href":"https:\/\/www.kanenberg.com.br\/fatosfotoseregistros\/wp-json\/wp\/v2\/types\/post"}],"author":[{"embeddable":true,"href":"https:\/\/www.kanenberg.com.br\/fatosfotoseregistros\/wp-json\/wp\/v2\/users\/1"}],"replies":[{"embeddable":true,"href":"https:\/\/www.kanenberg.com.br\/fatosfotoseregistros\/wp-json\/wp\/v2\/comments?post=2877"}],"version-history":[{"count":3,"href":"https:\/\/www.kanenberg.com.br\/fatosfotoseregistros\/wp-json\/wp\/v2\/posts\/2877\/revisions"}],"predecessor-version":[{"id":6238,"href":"https:\/\/www.kanenberg.com.br\/fatosfotoseregistros\/wp-json\/wp\/v2\/posts\/2877\/revisions\/6238"}],"wp:attachment":[{"href":"https:\/\/www.kanenberg.com.br\/fatosfotoseregistros\/wp-json\/wp\/v2\/media?parent=2877"}],"wp:term":[{"taxonomy":"category","embeddable":true,"href":"https:\/\/www.kanenberg.com.br\/fatosfotoseregistros\/wp-json\/wp\/v2\/categories?post=2877"},{"taxonomy":"post_tag","embeddable":true,"href":"https:\/\/www.kanenberg.com.br\/fatosfotoseregistros\/wp-json\/wp\/v2\/tags?post=2877"}],"curies":[{"name":"wp","href":"https:\/\/api.w.org\/{rel}","templated":true}]}}