{"id":2858,"date":"2016-08-12T12:09:44","date_gmt":"2016-08-12T15:09:44","guid":{"rendered":"https:\/\/fatosfotoseregistros.wordpress.com\/?p=2858"},"modified":"2026-08-09T12:40:41","modified_gmt":"2026-08-09T15:40:41","slug":"baia-de-guanabara-baleias-e-esportes-olimpicos-extintos","status":"publish","type":"post","link":"https:\/\/www.kanenberg.com.br\/fatosfotoseregistros\/baia-de-guanabara-baleias-e-esportes-olimpicos-extintos\/","title":{"rendered":"Ba\u00eda de Guanabara, Baleias e Esportes Ol\u00edmpicos Extintos"},"content":{"rendered":"<p style=\"text-align: justify;\">Rio um passeio pela hist\u00f3ria com o professor Milton Teixeira, na sua coluna da R\u00e1dio BandNewsFM do dia 12\/08\/2016, falando sobre a Ba\u00eda de Guanabara, Baleias e Esportes Ol\u00edmpicos Extintos.<\/p>\n<p><img loading=\"lazy\" decoding=\"async\" class=\"aligncenter wp-image-2859 size-full\" src=\"https:\/\/fatosfotoseregistros.files.wordpress.com\/2016\/08\/cabo_guerra.jpg\" alt=\"cabo_guerra\" width=\"259\" height=\"194\" \/><\/p>\n<p><iframe loading=\"lazy\" title=\"Ba\u00eda de Guanabara, Baleias e Esportes Ol\u00edmpicos Extintos\" src=\"https:\/\/audiomack.com\/embed\/song\/fatosfotoseregistros\/baa-de-guanabara-baleias-e-esportes-olmpicos-extintos-1\" scrolling=\"no\" width=\"649\" height=\"252\" scrollbars=\"no\" frameborder=\"0\"><\/iframe><\/p>\n","protected":false},"excerpt":{"rendered":"<p>Rio um passeio pela hist\u00f3ria com o professor Milton Teixeira, na sua coluna da R\u00e1dio BandNewsFM do dia 12\/08\/2016, falando sobre a Ba\u00eda de Guanabara, Baleias e Esportes Ol\u00edmpicos Extintos.<\/p>\n","protected":false},"author":1,"featured_media":0,"comment_status":"open","ping_status":"open","sticky":false,"template":"","format":"standard","meta":{"_exactmetrics_skip_tracking":false,"_jetpack_newsletter_access":"","_jetpack_dont_email_post_to_subs":false,"_jetpack_newsletter_tier_id":0,"_jetpack_memberships_contains_paywalled_content":false,"_jetpack_feature_clip_id":0,"_jetpack_memberships_contains_paid_content":false,"footnotes":"","jetpack_publicize_message":"","jetpack_publicize_feature_enabled":true,"jetpack_social_post_already_shared":true,"jetpack_social_options":{"image_generator_settings":{"template":"highway","default_image_id":0,"font":"","enabled":false},"version":2},"jetpack_post_was_ever_published":false},"categories":[251],"tags":[254,255,256,289],"class_list":["post-2858","post","type-post","status-publish","format-standard","hentry","category-audio","tag-curiosidades","tag-historia","tag-milton-teixeira","tag-rio-de-janeiro"],"jetpack_publicize_connections":[],"jetpack_sharing_enabled":true,"jetpack_shortlink":"https:\/\/wp.me\/phkM1X-K6","jetpack-related-posts":[{"id":3162,"url":"https:\/\/www.kanenberg.com.br\/fatosfotoseregistros\/getulio-vargas-e-1o-automovel-licenciado\/","url_meta":{"origin":2858,"position":0},"title":"Get\u00falio Vargas e 1\u00ba autom\u00f3vel licenciado","author":"kanenberg","date":"26 de agosto de 2016","format":false,"excerpt":"Rio um passeio pela hist\u00f3ria com o professor Milton Teixeira, na sua coluna da R\u00e1dio BandNewsFM do dia 26\/08\/2016, falando sobre Get\u00falio Vargas e o primeiro autom\u00f3vel licenciado","rel":"","context":"Em &quot;\u00c1udio&quot;","block_context":{"text":"\u00c1udio","link":"https:\/\/www.kanenberg.com.br\/fatosfotoseregistros\/category\/audio\/"},"img":{"alt_text":"getuliodornellesvargas_pq","src":"https:\/\/fatosfotoseregistros.files.wordpress.com\/2016\/08\/getuliodornellesvargas_pq.jpg?w=350&h=200&crop=1","width":350,"height":200},"classes":[]},{"id":1915,"url":"https:\/\/www.kanenberg.com.br\/fatosfotoseregistros\/vlt-theatro-municipal-maracana-e-trem-pagador\/","url_meta":{"origin":2858,"position":1},"title":"VLT, Theatro Municipal, Maracan\u00e3 e Trem Pagador","author":"kanenberg","date":"15 de julho de 2016","format":false,"excerpt":"Rio um passeio pela hist\u00f3ria com o professor Milton Teixeira, na sua coluna da R\u00e1dio BandNewsFM do dia 15\/07\/2016, falando sobre o VLT, Theatro Municipal, Maracan\u00e3 e Assalto ao Trem Pagador.","rel":"","context":"Em &quot;\u00c1udio&quot;","block_context":{"text":"\u00c1udio","link":"https:\/\/www.kanenberg.com.br\/fatosfotoseregistros\/category\/audio\/"},"img":{"alt_text":"","src":"","width":0,"height":0},"classes":[]},{"id":3762,"url":"https:\/\/www.kanenberg.com.br\/fatosfotoseregistros\/documentario-baleia-a-oleo\/","url_meta":{"origin":2858,"position":2},"title":"Document\u00e1rio: Baleia a \u00d3leo","author":"kanenberg","date":"12 de outubro de 2016","format":false,"excerpt":"Este excelente document\u00e1rio, do Canal Futura, tem a participa\u00e7\u00e3o do professor e historiador Milton Teixeira.","rel":"","context":"Em &quot;V\u00eddeo&quot;","block_context":{"text":"V\u00eddeo","link":"https:\/\/www.kanenberg.com.br\/fatosfotoseregistros\/category\/video\/"},"img":{"alt_text":"","src":"https:\/\/i0.wp.com\/img.youtube.com\/vi\/rK8H5aKA0ok\/0.jpg?resize=350%2C200","width":350,"height":200},"classes":[]},{"id":4666,"url":"https:\/\/www.kanenberg.com.br\/fatosfotoseregistros\/milton20170901\/","url_meta":{"origin":2858,"position":3},"title":"Milton Teixeira \u2013 Massacre de Vig\u00e1rio Geral, Bonde de Santa Teresa e Revolta da Armada","author":"kanenberg","date":"6 de setembro de 2017","format":false,"excerpt":"Coluna do professor e historiador Milton Teixeira, na r\u00e1dio BandNewsFM Fluminense do dia 01\/09\/2017, falando sobre o Massacre de Vig\u00e1rio Geral, o Bonde de Santa Teresa e a Revolta da Armada.","rel":"","context":"Em &quot;\u00c1udio&quot;","block_context":{"text":"\u00c1udio","link":"https:\/\/www.kanenberg.com.br\/fatosfotoseregistros\/category\/audio\/"},"img":{"alt_text":"","src":"https:\/\/i0.wp.com\/www.kanenberg.com.br\/fatosfotoseregistros\/wp-content\/uploads\/2017\/09\/massacre-de-vigc3a1rio.jpg?resize=350%2C200&ssl=1","width":350,"height":200},"classes":[]},{"id":2062,"url":"https:\/\/www.kanenberg.com.br\/fatosfotoseregistros\/museu-historico-do-exercito-e-forte-de-copacabana\/","url_meta":{"origin":2858,"position":4},"title":"Museu Hist\u00f3rico do Ex\u00e9rcito e Forte de Copacabana","author":"kanenberg","date":"19 de julho de 2016","format":false,"excerpt":"O local escolhido para a sua constru\u00e7\u00e3o consistia numa regi\u00e3o cujos rochedos avan\u00e7avam contra o mar em dire\u00e7\u00e3o \u00e0 entrada da Ba\u00eda de Guanabara.","rel":"","context":"Em &quot;Imagem&quot;","block_context":{"text":"Imagem","link":"https:\/\/www.kanenberg.com.br\/fatosfotoseregistros\/category\/imagem\/"},"img":{"alt_text":"","src":"https:\/\/i0.wp.com\/www.kanenberg.com.br\/fatosfotoseregistros\/wp-content\/uploads\/2016\/07\/1922-07-06-150x150.jpg?resize=350%2C200&ssl=1","width":350,"height":200,"srcset":"https:\/\/i0.wp.com\/www.kanenberg.com.br\/fatosfotoseregistros\/wp-content\/uploads\/2016\/07\/1922-07-06-150x150.jpg?resize=350%2C200&ssl=1 1x, https:\/\/i0.wp.com\/www.kanenberg.com.br\/fatosfotoseregistros\/wp-content\/uploads\/2016\/07\/1922-07-06-150x150.jpg?resize=525%2C300&ssl=1 1.5x"},"classes":[]},{"id":6289,"url":"https:\/\/www.kanenberg.com.br\/fatosfotoseregistros\/luz-del-fuego-a-pioneira-do-naturismo-das-cobras-e-da-liberdade-no-rio-de-janeiro\/","url_meta":{"origin":2858,"position":5},"title":"Luz Del Fuego: A pioneira do naturismo, das cobras e da liberdade no Rio de Janeiro","author":"kanenberg","date":"13 de agosto de 2026","format":false,"excerpt":"Se voc\u00ea caminhar pela hist\u00f3ria cultural do Rio de Janeiro em meados do s\u00e9culo XX, encontrar\u00e1 figuras fascinantes, mas poucas foram t\u00e3o ousadas, vision\u00e1rias e pol\u00eamicas quanto Luz Del Fuego. Artista, bailarina, ativista e pioneira do naturismo no Brasil, ela desafiou a moral conservadora de sua \u00e9poca e transformou uma\u2026","rel":"","context":"Em &quot;Lugares&quot;","block_context":{"text":"Lugares","link":"https:\/\/www.kanenberg.com.br\/fatosfotoseregistros\/category\/lugares\/"},"img":{"alt_text":"Luz Del Fuego e suas famosas cobras. Fonte: Wikip\u00e9dia \/ Luz del Fuego \u2013 Wikip\u00e9dia, a enciclop\u00e9dia livre","src":"https:\/\/i0.wp.com\/www.kanenberg.com.br\/fatosfotoseregistros\/wp-content\/uploads\/2026\/08\/Luz-Del-Fuego.jpg?resize=350%2C200&ssl=1","width":350,"height":200},"classes":[]}],"jetpack_likes_enabled":true,"amp_enabled":true,"jetpack_featured_media_url":"","_links":{"self":[{"href":"https:\/\/www.kanenberg.com.br\/fatosfotoseregistros\/wp-json\/wp\/v2\/posts\/2858","targetHints":{"allow":["GET"]}}],"collection":[{"href":"https:\/\/www.kanenberg.com.br\/fatosfotoseregistros\/wp-json\/wp\/v2\/posts"}],"about":[{"href":"https:\/\/www.kanenberg.com.br\/fatosfotoseregistros\/wp-json\/wp\/v2\/types\/post"}],"author":[{"embeddable":true,"href":"https:\/\/www.kanenberg.com.br\/fatosfotoseregistros\/wp-json\/wp\/v2\/users\/1"}],"replies":[{"embeddable":true,"href":"https:\/\/www.kanenberg.com.br\/fatosfotoseregistros\/wp-json\/wp\/v2\/comments?post=2858"}],"version-history":[{"count":2,"href":"https:\/\/www.kanenberg.com.br\/fatosfotoseregistros\/wp-json\/wp\/v2\/posts\/2858\/revisions"}],"predecessor-version":[{"id":6261,"href":"https:\/\/www.kanenberg.com.br\/fatosfotoseregistros\/wp-json\/wp\/v2\/posts\/2858\/revisions\/6261"}],"wp:attachment":[{"href":"https:\/\/www.kanenberg.com.br\/fatosfotoseregistros\/wp-json\/wp\/v2\/media?parent=2858"}],"wp:term":[{"taxonomy":"category","embeddable":true,"href":"https:\/\/www.kanenberg.com.br\/fatosfotoseregistros\/wp-json\/wp\/v2\/categories?post=2858"},{"taxonomy":"post_tag","embeddable":true,"href":"https:\/\/www.kanenberg.com.br\/fatosfotoseregistros\/wp-json\/wp\/v2\/tags?post=2858"}],"curies":[{"name":"wp","href":"https:\/\/api.w.org\/{rel}","templated":true}]}}