{"id":27,"date":"2015-02-25T11:21:00","date_gmt":"2015-02-25T14:21:00","guid":{"rendered":"https:\/\/fatosfotoseregistros.wordpress.com\/?p=27"},"modified":"2015-02-25T11:21:00","modified_gmt":"2015-02-25T14:21:00","slug":"curiosidade-confianca-coragem-e-constancia","status":"publish","type":"post","link":"https:\/\/www.kanenberg.com.br\/fatosfotoseregistros\/curiosidade-confianca-coragem-e-constancia\/","title":{"rendered":"Curiosidade, confian\u00e7a, coragem e const\u00e2ncia"},"content":{"rendered":"<blockquote>\n<div style=\"text-align:justify;\"><em>De alguma forma, eu n\u00e3o posso acreditar que existam alturas que n\u00e3o podem ser escaladas por um homem que conhece os segredos de fazer sonhos se tornarem realidade. Este segredo especial, parece-me, pode ser resumido em quatro \u201cc\u201ds. Eles s\u00e3o curiosidade, confian\u00e7a, coragem e const\u00e2ncia, e o maior de todos \u00e9 a confian\u00e7a. Quando voc\u00ea acredita em uma coisa, acredit\u00e1 nela por todo o\u00a0caminho, impl\u00edcita e inquestionavelmente.<\/em><\/div>\n<\/blockquote>\n<div><\/div>\n<div><em>&#8211; Walt Disney<\/em><\/div>\n","protected":false},"excerpt":{"rendered":"<p>De alguma forma, eu n\u00e3o posso acreditar que existam alturas que n\u00e3o podem ser escaladas por um homem que conhece[&#8230;]<\/p>\n","protected":false},"author":1,"featured_media":0,"comment_status":"open","ping_status":"open","sticky":false,"template":"","format":"standard","meta":{"_exactmetrics_skip_tracking":false,"_jetpack_newsletter_access":"","_jetpack_dont_email_post_to_subs":false,"_jetpack_newsletter_tier_id":0,"_jetpack_memberships_contains_paywalled_content":false,"_jetpack_feature_clip_id":0,"_jetpack_memberships_contains_paid_content":false,"footnotes":"","jetpack_publicize_message":"","jetpack_publicize_feature_enabled":true,"jetpack_social_post_already_shared":false,"jetpack_social_options":{"image_generator_settings":{"template":"highway","default_image_id":0,"font":"","enabled":false},"version":2},"jetpack_post_was_ever_published":false},"categories":[265],"tags":[304],"class_list":["post-27","post","type-post","status-publish","format-standard","hentry","category-textos","tag-refletir"],"jetpack_publicize_connections":[],"jetpack_sharing_enabled":true,"jetpack_shortlink":"https:\/\/wp.me\/phkM1X-r","jetpack-related-posts":[{"id":251,"url":"https:\/\/www.kanenberg.com.br\/fatosfotoseregistros\/ainda-ha-tempo\/","url_meta":{"origin":27,"position":0},"title":"Ainda h\u00e1 tempo","author":"kanenberg","date":"23 de mar\u00e7o de 2016","format":false,"excerpt":"Era uma vez um garoto que nasceu com uma doen\u00e7a que n\u00e3o tinha cura. Tinha 17 anos e podia morrer a qualquer momento. Sempre viveu na casa de seus pais, sob o cuidado constante de sua m\u00e3e. Um dia decidiu sair sozinho e, com a permiss\u00e3o da m\u00e3e, caminhou pela\u2026","rel":"","context":"Em &quot;Textos&quot;","block_context":{"text":"Textos","link":"https:\/\/www.kanenberg.com.br\/fatosfotoseregistros\/category\/textos\/"},"img":{"alt_text":"wp-1458694381585.jpg","src":"https:\/\/fatosfotoseregistros.files.wordpress.com\/2016\/03\/wp-1458694381585.jpg?w=350&h=200&crop=1","width":350,"height":200},"classes":[]},{"id":1230,"url":"https:\/\/www.kanenberg.com.br\/fatosfotoseregistros\/japeri\/","url_meta":{"origin":27,"position":1},"title":"Cidade de Japeri","author":"kanenberg","date":"5 de julho de 2016","format":false,"excerpt":"A hist\u00f3ria de Japeri come\u00e7a no dia 13 de agosto de 1743, data de sua funda\u00e7\u00e3o, por In\u00e1cio Dias da C\u00e2mara Leme, denominado Morgado de Bel\u00e9m. A partir de 1750, as terras passaram a pertencer \u00e0 Freguesia de Sacra Fam\u00edlia de Tingu\u00e1, pois at\u00e9 ent\u00e3o pertenciam \u00e0 Freguesia de Paty\u2026","rel":"","context":"Em &quot;Imagem&quot;","block_context":{"text":"Imagem","link":"https:\/\/www.kanenberg.com.br\/fatosfotoseregistros\/category\/imagem\/"},"img":{"alt_text":"japeri_1928","src":"https:\/\/i0.wp.com\/www.kanenberg.com.br\/fatosfotoseregistros\/wp-content\/uploads\/2016\/07\/japeri_1928.jpg?resize=350%2C200&ssl=1","width":350,"height":200},"classes":[]},{"id":452,"url":"https:\/\/www.kanenberg.com.br\/fatosfotoseregistros\/127-horas\/","url_meta":{"origin":27,"position":2},"title":"127 Horas","author":"kanenberg","date":"13 de abril de 2016","format":false,"excerpt":"127 Horas \u00e9 a hist\u00f3ria real do famoso alpinista Aron Ralston, que tem que salvar a pr\u00f3pria vida ap\u00f3s ficar preso por um pedregulho cai que e esmaga o seu bra\u00e7o, num c\u00e2nion isolado no Parque Nacional de Utah","rel":"","context":"Em &quot;V\u00eddeo&quot;","block_context":{"text":"V\u00eddeo","link":"https:\/\/www.kanenberg.com.br\/fatosfotoseregistros\/category\/video\/"},"img":{"alt_text":"","src":"https:\/\/i0.wp.com\/www.kanenberg.com.br\/fatosfotoseregistros\/wp-content\/uploads\/2016\/04\/aron.jpg?resize=350%2C200&ssl=1","width":350,"height":200},"classes":[]},{"id":6173,"url":"https:\/\/www.kanenberg.com.br\/fatosfotoseregistros\/25-de-julho-dia-da-imigracao-alema\/","url_meta":{"origin":27,"position":3},"title":"25 de julho: Dia da Imigra\u00e7\u00e3o Alem\u00e3","author":"kanenberg","date":"25 de julho de 2026","format":false,"excerpt":"O dia 25 de julho ocupa um lugar especial na hist\u00f3ria do Brasil. Nesta data, celebra-se o Dia da Imigra\u00e7\u00e3o Alem\u00e3, uma homenagem \u00e0 chegada dos primeiros imigrantes alem\u00e3es ao pa\u00eds, em 1824, quando desembarcaram na ent\u00e3o Col\u00f4nia de S\u00e3o Leopoldo, no Rio Grande do Sul. A partir daquele momento,\u2026","rel":"","context":"Em &quot;Textos&quot;","block_context":{"text":"Textos","link":"https:\/\/www.kanenberg.com.br\/fatosfotoseregistros\/category\/textos\/"},"img":{"alt_text":"25 de julho: Dia da Imigra\u00e7\u00e3o Alem\u00e3 O dia 25 de julho ocupa um lugar especial na hist\u00f3ria do Brasi","src":"https:\/\/i0.wp.com\/www.kanenberg.com.br\/fatosfotoseregistros\/wp-content\/uploads\/2026\/07\/ChatGPT-Image-25-de-jul.-de-2026-19_37_25.png?resize=350%2C200&ssl=1","width":350,"height":200,"srcset":"https:\/\/i0.wp.com\/www.kanenberg.com.br\/fatosfotoseregistros\/wp-content\/uploads\/2026\/07\/ChatGPT-Image-25-de-jul.-de-2026-19_37_25.png?resize=350%2C200&ssl=1 1x, https:\/\/i0.wp.com\/www.kanenberg.com.br\/fatosfotoseregistros\/wp-content\/uploads\/2026\/07\/ChatGPT-Image-25-de-jul.-de-2026-19_37_25.png?resize=525%2C300&ssl=1 1.5x, https:\/\/i0.wp.com\/www.kanenberg.com.br\/fatosfotoseregistros\/wp-content\/uploads\/2026\/07\/ChatGPT-Image-25-de-jul.-de-2026-19_37_25.png?resize=700%2C400&ssl=1 2x, https:\/\/i0.wp.com\/www.kanenberg.com.br\/fatosfotoseregistros\/wp-content\/uploads\/2026\/07\/ChatGPT-Image-25-de-jul.-de-2026-19_37_25.png?resize=1050%2C600&ssl=1 3x, https:\/\/i0.wp.com\/www.kanenberg.com.br\/fatosfotoseregistros\/wp-content\/uploads\/2026\/07\/ChatGPT-Image-25-de-jul.-de-2026-19_37_25.png?resize=1400%2C800&ssl=1 4x"},"classes":[]},{"id":6111,"url":"https:\/\/www.kanenberg.com.br\/fatosfotoseregistros\/minancora-uma-pequena-lata-que-atravessou-geracoes\/","url_meta":{"origin":27,"position":4},"title":"Min\u00e2ncora: uma pequena lata que atravessou gera\u00e7\u00f5es","author":"kanenberg","date":"11 de julho de 2026","format":false,"excerpt":"A embalagem mudou. A comunica\u00e7\u00e3o mudou. O p\u00fablico mudou. O mundo mudou. Mas a f\u00f3rmula continua essencialmente a mesma desde 1915.","rel":"","context":"Em &quot;Textos&quot;","block_context":{"text":"Textos","link":"https:\/\/www.kanenberg.com.br\/fatosfotoseregistros\/category\/textos\/"},"img":{"alt_text":"Min\u00e2ncora","src":"https:\/\/i0.wp.com\/www.kanenberg.com.br\/fatosfotoseregistros\/wp-content\/uploads\/2026\/07\/23937204-968x1024.jpg?resize=350%2C200&ssl=1","width":350,"height":200,"srcset":"https:\/\/i0.wp.com\/www.kanenberg.com.br\/fatosfotoseregistros\/wp-content\/uploads\/2026\/07\/23937204-968x1024.jpg?resize=350%2C200&ssl=1 1x, https:\/\/i0.wp.com\/www.kanenberg.com.br\/fatosfotoseregistros\/wp-content\/uploads\/2026\/07\/23937204-968x1024.jpg?resize=525%2C300&ssl=1 1.5x, https:\/\/i0.wp.com\/www.kanenberg.com.br\/fatosfotoseregistros\/wp-content\/uploads\/2026\/07\/23937204-968x1024.jpg?resize=700%2C400&ssl=1 2x"},"classes":[]},{"id":623,"url":"https:\/\/www.kanenberg.com.br\/fatosfotoseregistros\/lenda-do-joao-de-barro\/","url_meta":{"origin":27,"position":5},"title":"Lenda do Jo\u00e3o de Barro","author":"kanenberg","date":"8 de maio de 2016","format":false,"excerpt":"Segundo a lenda, h\u00e1 muito tempo, numa tribo do sul do Brasil, um jovem se apaixonou por uma mo\u00e7a de grande beleza. Jaeb\u00e9, o mo\u00e7o, foi pedi-la em casamento.","rel":"","context":"Em &quot;Textos&quot;","block_context":{"text":"Textos","link":"https:\/\/www.kanenberg.com.br\/fatosfotoseregistros\/category\/textos\/"},"img":{"alt_text":"517650214_21cbc1e212_z","src":"https:\/\/fatosfotoseregistros.files.wordpress.com\/2016\/05\/517650214_21cbc1e212_z.jpg?w=350&h=200&crop=1","width":350,"height":200},"classes":[]}],"jetpack_likes_enabled":true,"amp_enabled":true,"jetpack_featured_media_url":"","_links":{"self":[{"href":"https:\/\/www.kanenberg.com.br\/fatosfotoseregistros\/wp-json\/wp\/v2\/posts\/27","targetHints":{"allow":["GET"]}}],"collection":[{"href":"https:\/\/www.kanenberg.com.br\/fatosfotoseregistros\/wp-json\/wp\/v2\/posts"}],"about":[{"href":"https:\/\/www.kanenberg.com.br\/fatosfotoseregistros\/wp-json\/wp\/v2\/types\/post"}],"author":[{"embeddable":true,"href":"https:\/\/www.kanenberg.com.br\/fatosfotoseregistros\/wp-json\/wp\/v2\/users\/1"}],"replies":[{"embeddable":true,"href":"https:\/\/www.kanenberg.com.br\/fatosfotoseregistros\/wp-json\/wp\/v2\/comments?post=27"}],"version-history":[{"count":0,"href":"https:\/\/www.kanenberg.com.br\/fatosfotoseregistros\/wp-json\/wp\/v2\/posts\/27\/revisions"}],"wp:attachment":[{"href":"https:\/\/www.kanenberg.com.br\/fatosfotoseregistros\/wp-json\/wp\/v2\/media?parent=27"}],"wp:term":[{"taxonomy":"category","embeddable":true,"href":"https:\/\/www.kanenberg.com.br\/fatosfotoseregistros\/wp-json\/wp\/v2\/categories?post=27"},{"taxonomy":"post_tag","embeddable":true,"href":"https:\/\/www.kanenberg.com.br\/fatosfotoseregistros\/wp-json\/wp\/v2\/tags?post=27"}],"curies":[{"name":"wp","href":"https:\/\/api.w.org\/{rel}","templated":true}]}}