{"id":228,"date":"2016-03-18T09:00:18","date_gmt":"2016-03-18T12:00:18","guid":{"rendered":"https:\/\/fatosfotoseregistros.wordpress.com\/?p=228"},"modified":"2016-03-18T09:00:18","modified_gmt":"2016-03-18T12:00:18","slug":"nao-trilhem","status":"publish","type":"post","link":"https:\/\/www.kanenberg.com.br\/fatosfotoseregistros\/nao-trilhem\/","title":{"rendered":"N\u00e3o trilhem"},"content":{"rendered":"<p align=\"justify\">Se eu pudesse dar um \u00fanico conselho a voc\u00ea que est\u00e1 lendo este texto, seria esse: N\u00c3O TRILHEM.<\/p>\n<p><img loading=\"lazy\" decoding=\"async\" data-attachment-id=\"231\" data-permalink=\"https:\/\/www.kanenberg.com.br\/fatosfotoseregistros\/nao-trilhem\/nao_trilhar\/\" data-orig-file=\"https:\/\/www.kanenberg.com.br\/fatosfotoseregistros\/wp-content\/uploads\/2016\/03\/nao_trilhar.jpg\" data-orig-size=\"600,338\" data-comments-opened=\"1\" data-image-meta=\"{&quot;aperture&quot;:&quot;0&quot;,&quot;credit&quot;:&quot;&quot;,&quot;camera&quot;:&quot;&quot;,&quot;caption&quot;:&quot;&quot;,&quot;created_timestamp&quot;:&quot;0&quot;,&quot;copyright&quot;:&quot;&quot;,&quot;focal_length&quot;:&quot;0&quot;,&quot;iso&quot;:&quot;0&quot;,&quot;shutter_speed&quot;:&quot;0&quot;,&quot;title&quot;:&quot;&quot;,&quot;orientation&quot;:&quot;0&quot;}\" data-image-title=\"nao_trilhar\" data-image-description=\"\" data-image-caption=\"\" data-large-file=\"https:\/\/www.kanenberg.com.br\/fatosfotoseregistros\/wp-content\/uploads\/2016\/03\/nao_trilhar.jpg\" class=\" size-full wp-image-231 aligncenter\" src=\"https:\/\/fatosfotoseregistros.kanenberg.com.br\/wp-content\/uploads\/2016\/03\/nao_trilhar.jpg\" alt=\"nao_trilhar\" width=\"600\" height=\"338\" srcset=\"https:\/\/www.kanenberg.com.br\/fatosfotoseregistros\/wp-content\/uploads\/2016\/03\/nao_trilhar.jpg 600w, https:\/\/www.kanenberg.com.br\/fatosfotoseregistros\/wp-content\/uploads\/2016\/03\/nao_trilhar-300x169.jpg 300w\" sizes=\"auto, (max-width: 600px) 100vw, 600px\" \/><\/p>\n<p align=\"justify\">Acredite em mim, n\u00e3o trilhe.<\/p>\n<p align=\"justify\">Trilhar \u00e9 um ato de loucura.<\/p>\n<p align=\"justify\">Se voc\u00ea come\u00e7ar a Trilhar vai perceber isso, seu corpo vai doer, suas pernas v\u00e3o cansar, seus pulm\u00f5es ir\u00e3o sentir a gana desesperada por mais e mais oxig\u00eanio, suas m\u00e3os ficar\u00e3o pesadas, aparecer\u00e3o assaduras no seu corpo, seus p\u00e9s ser\u00e3o maltratados, voc\u00ea ter\u00e1 bolhas.<\/p>\n<p align=\"justify\">N\u00e3o trilhe.<\/p>\n<p align=\"justify\">Acredite em mim, se voc\u00ea come\u00e7ar a Trilhar , vai perder as baladas de s\u00e1bado \u00e0 noite com os amigos e num inverno qualquer, voc\u00ea vai acordar \u00e0s 4h da manh\u00e3, vai comer uma por\u00e7\u00e3o de massa integral cozida apenas na \u00e1gua, sem sal, sem molho. Vai sair de casa no frio com uma temperatura de 5\u00b0, sentir\u00e1 o ar gelado entrar pelos seus pulm\u00f5es, sua pele vai arrepiar e ainda assim, n\u00e3o ter\u00e1 vontade de voltar para cama.<\/p>\n<p align=\"justify\">N\u00e3o trilhe.<\/p>\n<p align=\"justify\">N\u00e3o seja como esses doidos que percorrem rua, trilhas, respirando ofegantes, carregando garrafas com \u00e1gua, lanches, medicamentos para dores musculares.<\/p>\n<p align=\"justify\">N\u00e3o seja mais uma pessoa que sai por a\u00ed correndo sem destino, enquanto passa por carros parados em sinaleiras ou por \u00f4nibus lotados.<\/p>\n<p align=\"justify\">Me diga, quem em s\u00e3 consci\u00eancia trocaria o ar condicionado do carro ou o assento de um \u00f4nibus por uma trilha ao ar livre, com vento no rosto?<\/p>\n<p align=\"justify\">N\u00e3o TRILHEM.<\/p>\n<p align=\"justify\">Trilhar \u00e9 um v\u00edcio perigoso.<\/p>\n<p align=\"justify\">Quando voc\u00ea menos perceber seu roupeiro ter\u00e1 mais shorts, cal\u00e7\u00f5es e camisetas.<\/p>\n<p align=\"justify\">Mulheres que trilham trocam busca pelas medidas de miss, os famosos 90\/60\/90, por n\u00fameros estranhos, elas querem 5, 10, 21 e 42, algu\u00e9m entende?<\/p>\n<p align=\"justify\">Trilheiros s\u00e3o pessoas estranhas, que comem sem medo, bebem sem culpa, que trilham dezenas de trilhas durante um ano, n\u00e3o ganham nenhuma medalha , mas festejam cada uma delas como uma conquista ol\u00edmpica.<\/p>\n<p align=\"justify\">Trilheiros s\u00e3o loucos, confie em mim.<\/p>\n<p align=\"justify\">N\u00e3o TRILHEM.<\/p>\n<p align=\"justify\">Trilhar vai te trazer a sensa\u00e7\u00e3o de voc\u00ea \u00e9 capaz de ir sempre mais al\u00e9m. Trilhar vai fazer voc\u00ea conhecer pessoas loucas que come\u00e7aram a trilhar e se tornaram viciados, daqueles que se amontoam atr\u00e1s de um p\u00f3rtico de montanhas, que falam com desconhecidos no meio de uma trilha. E veja s\u00f3, eles ajudam estranhos, incentivam pessoas que nunca viram antes a continuar trilhando, estes viciados n\u00e3o deixam os outros largarem do vicio assim, em meio a uma trilha , eles te estimulam a querer sempre mais e mais\u2026 ahh como s\u00e3o malvados estes viciados.<\/p>\n<p align=\"justify\">N\u00e3o TRILHEM .<\/p>\n<p align=\"justify\">Trilheiros s\u00e3o pessoas incomuns, eu diria at\u00e9 perigosas.<\/p>\n<p align=\"justify\">Trilheiros falam com estranhos, fazem conhecidos em cada trilha , se re\u00fanem aos domingo \u00e0s 7h da manh\u00e3 para Trilhar em grupo, brincam de dar tiro de lama, colecionam amigos.<\/p>\n<p align=\"justify\">Ouvi dizer que Trilheiros s\u00e3o pessoas que sorriem demais, que se alegram com pequenas vit\u00f3rias pessoais, que incentivam desconhecidos.<\/p>\n<p align=\"justify\">Trilheiros s\u00e3o pessoas felizes, e isso, ahhhh\u2026 Isso \u00e9 um grande perigo para a sociedade.<\/p>\n<p align=\"justify\">Ent\u00e3o acredite em mim, n\u00e3o TRILHEM.<\/p>\n<p align=\"justify\">N\u00e3o corra o risco de se tornar um viciado incur\u00e1vel ou uma pessoa que possui a felicidade genu\u00edna\u2026 n\u00e3o corra o risco de se tornar algu\u00e9m melhor a cada dia&#8230;<\/p>\n","protected":false},"excerpt":{"rendered":"<p>Se eu pudesse dar um \u00fanico conselho a voc\u00ea que est\u00e1 lendo este texto, seria esse: N\u00c3O TRILHEM. Acredite em[&#8230;]<\/p>\n","protected":false},"author":1,"featured_media":0,"comment_status":"open","ping_status":"open","sticky":false,"template":"","format":"standard","meta":{"_exactmetrics_skip_tracking":false,"_jetpack_newsletter_access":"","_jetpack_dont_email_post_to_subs":false,"_jetpack_newsletter_tier_id":0,"_jetpack_memberships_contains_paywalled_content":false,"_jetpack_feature_clip_id":0,"_jetpack_memberships_contains_paid_content":false,"footnotes":"","jetpack_publicize_message":"","jetpack_publicize_feature_enabled":true,"jetpack_social_post_already_shared":false,"jetpack_social_options":{"image_generator_settings":{"template":"highway","default_image_id":0,"font":"","enabled":false},"version":2},"jetpack_post_was_ever_published":false},"categories":[265],"tags":[304,320],"class_list":["post-228","post","type-post","status-publish","format-standard","hentry","category-textos","tag-refletir","tag-trilhas"],"jetpack_publicize_connections":[],"jetpack_sharing_enabled":true,"jetpack_shortlink":"https:\/\/wp.me\/phkM1X-3G","jetpack-related-posts":[{"id":3030,"url":"https:\/\/www.kanenberg.com.br\/fatosfotoseregistros\/2-trilhas-no-rio-de-janeiro-para-iniciantes\/","url_meta":{"origin":228,"position":0},"title":"2 trilhas no Rio de Janeiro para iniciantes","author":"kanenberg","date":"24 de agosto de 2016","format":false,"excerpt":"Gostaria de se aventurar fazendo alguma trilha no Rio de Janeiro mas n\u00e3o sabe qual e por onde come\u00e7ar? Confira duas trilhas para iniciantes...","rel":"","context":"Em &quot;Imagem&quot;","block_context":{"text":"Imagem","link":"https:\/\/www.kanenberg.com.br\/fatosfotoseregistros\/category\/imagem\/"},"img":{"alt_text":"2015-11-22_12-21-57_o","src":"https:\/\/fatosfotoseregistros.files.wordpress.com\/2016\/08\/2015-11-22_12-21-57_o.jpg?w=350&h=200&crop=1","width":350,"height":200,"srcset":"https:\/\/fatosfotoseregistros.files.wordpress.com\/2016\/08\/2015-11-22_12-21-57_o.jpg?w=350&h=200&crop=1 1x, https:\/\/fatosfotoseregistros.files.wordpress.com\/2016\/08\/2015-11-22_12-21-57_o.jpg?w=525&h=300&crop=1 1.5x"},"classes":[]},{"id":68,"url":"https:\/\/www.kanenberg.com.br\/fatosfotoseregistros\/cachoeiras-do-mendanha\/","url_meta":{"origin":228,"position":1},"title":"Cachoeiras do Mendanha","author":"kanenberg","date":"15 de mar\u00e7o de 2015","format":false,"excerpt":"As Cachoeiras do Mendanha est\u00e3o localizadas no bairro de Campo Grande, em plena zona oeste da cidade do Rio de Janeiro, local este que muitas vezes passa at\u00e9 por desconhecido para muitos moradores que residem na regi\u00e3o.","rel":"","context":"Em &quot;Lugares&quot;","block_context":{"text":"Lugares","link":"https:\/\/www.kanenberg.com.br\/fatosfotoseregistros\/category\/lugares\/"},"img":{"alt_text":"","src":"https:\/\/i0.wp.com\/www.kanenberg.com.br\/fatosfotoseregistros\/wp-content\/uploads\/2015\/03\/mendanha.png?resize=350%2C200&ssl=1","width":350,"height":200,"srcset":"https:\/\/i0.wp.com\/www.kanenberg.com.br\/fatosfotoseregistros\/wp-content\/uploads\/2015\/03\/mendanha.png?resize=350%2C200&ssl=1 1x, https:\/\/i0.wp.com\/www.kanenberg.com.br\/fatosfotoseregistros\/wp-content\/uploads\/2015\/03\/mendanha.png?resize=525%2C300&ssl=1 1.5x"},"classes":[]},{"id":938,"url":"https:\/\/www.kanenberg.com.br\/fatosfotoseregistros\/morro-da-babilonia-2\/","url_meta":{"origin":228,"position":2},"title":"Morro da Babil\u00f4nia","author":"kanenberg","date":"25 de maio de 2016","format":false,"excerpt":"O Morro da Babil\u00f4nia esta localizado na divisa entre os bairros do Leme, Botafogo, Urca e Copacabana. A localidade abriga as comunidades do Morro da Babil\u00f4nia e a do Chap\u00e9u Mangueira al\u00e9m de uma ampla \u00e1rea de prote\u00e7\u00e3o ambiental fazendo parte do Parque Natural Municipal Paisagem Carioca.","rel":"","context":"Em &quot;Lugares&quot;","block_context":{"text":"Lugares","link":"https:\/\/www.kanenberg.com.br\/fatosfotoseregistros\/category\/lugares\/"},"img":{"alt_text":"2015-04-19 11.38.46","src":"https:\/\/fatosfotoseregistros.files.wordpress.com\/2016\/05\/2015-04-19-11-38-46.jpg?w=350&h=200&crop=1","width":350,"height":200,"srcset":"https:\/\/fatosfotoseregistros.files.wordpress.com\/2016\/05\/2015-04-19-11-38-46.jpg?w=350&h=200&crop=1 1x, https:\/\/fatosfotoseregistros.files.wordpress.com\/2016\/05\/2015-04-19-11-38-46.jpg?w=525&h=300&crop=1 1.5x, https:\/\/fatosfotoseregistros.files.wordpress.com\/2016\/05\/2015-04-19-11-38-46.jpg?w=700&h=400&crop=1 2x"},"classes":[]},{"id":99,"url":"https:\/\/www.kanenberg.com.br\/fatosfotoseregistros\/trilha-morro-da-babilonia\/","url_meta":{"origin":228,"position":3},"title":"Trilha Morro da Babil\u00f4nia","author":"kanenberg","date":"27 de abril de 2015","format":false,"excerpt":"Entre os bairros do Leme, Botafogo, Urca, Babil\u00f4nia e Chap\u00e9u-Mangueira, uma linda trilha, a mais de 230 metros de altitude, guarda muitas surpresas: ru\u00ednas de casamatas...","rel":"","context":"Em &quot;Lugares&quot;","block_context":{"text":"Lugares","link":"https:\/\/www.kanenberg.com.br\/fatosfotoseregistros\/category\/lugares\/"},"img":{"alt_text":"Morro da Babil\u00f4nia","src":"https:\/\/i0.wp.com\/www.kanenberg.com.br\/fatosfotoseregistros\/wp-content\/uploads\/2015\/04\/2015-04-19-11-36-08.jpg?resize=350%2C200&ssl=1","width":350,"height":200,"srcset":"https:\/\/i0.wp.com\/www.kanenberg.com.br\/fatosfotoseregistros\/wp-content\/uploads\/2015\/04\/2015-04-19-11-36-08.jpg?resize=350%2C200&ssl=1 1x, https:\/\/i0.wp.com\/www.kanenberg.com.br\/fatosfotoseregistros\/wp-content\/uploads\/2015\/04\/2015-04-19-11-36-08.jpg?resize=525%2C300&ssl=1 1.5x, https:\/\/i0.wp.com\/www.kanenberg.com.br\/fatosfotoseregistros\/wp-content\/uploads\/2015\/04\/2015-04-19-11-36-08.jpg?resize=700%2C400&ssl=1 2x, https:\/\/i0.wp.com\/www.kanenberg.com.br\/fatosfotoseregistros\/wp-content\/uploads\/2015\/04\/2015-04-19-11-36-08.jpg?resize=1050%2C600&ssl=1 3x, https:\/\/i0.wp.com\/www.kanenberg.com.br\/fatosfotoseregistros\/wp-content\/uploads\/2015\/04\/2015-04-19-11-36-08.jpg?resize=1400%2C800&ssl=1 4x"},"classes":[]},{"id":147,"url":"https:\/\/www.kanenberg.com.br\/fatosfotoseregistros\/morro-da-babilonia\/","url_meta":{"origin":228,"position":4},"title":"Morro da Babil\u00f4nia","author":"kanenberg","date":"2 de julho de 2015","format":false,"excerpt":"O Morro da Babil\u00f4nia era uma \u00e1rea militar, usada como ponto estrat\u00e9gico no controle da entrada de embarca\u00e7\u00f5es na Ba\u00eda de Guanabara.","rel":"","context":"Em &quot;Imagem&quot;","block_context":{"text":"Imagem","link":"https:\/\/www.kanenberg.com.br\/fatosfotoseregistros\/category\/imagem\/"},"img":{"alt_text":"Copacabana - Babil\u00f4nia","src":"http:\/\/i0.wp.com\/fatosfotoseregistros.files.wordpress.com\/2015\/06\/wpid-wp-1434853041335.jpeg?w=528%3Fw%3D700&resize=350%2C200","width":350,"height":200,"srcset":"http:\/\/i0.wp.com\/fatosfotoseregistros.files.wordpress.com\/2015\/06\/wpid-wp-1434853041335.jpeg?w=528%3Fw%3D700&resize=350%2C200 1x, http:\/\/i0.wp.com\/fatosfotoseregistros.files.wordpress.com\/2015\/06\/wpid-wp-1434853041335.jpeg?w=528%3Fw%3D700&resize=525%2C300 1.5x, http:\/\/i0.wp.com\/fatosfotoseregistros.files.wordpress.com\/2015\/06\/wpid-wp-1434853041335.jpeg?w=528%3Fw%3D700&resize=700%2C400 2x"},"classes":[]},{"id":4172,"url":"https:\/\/www.kanenberg.com.br\/fatosfotoseregistros\/parque-natural-municipal-de-nova-iguacu\/","url_meta":{"origin":228,"position":5},"title":"Parque Natural Municipal de Nova Igua\u00e7u","author":"kanenberg","date":"15 de fevereiro de 2017","format":false,"excerpt":"O parque abriga trilhas, aproximadamente 14 po\u00e7os e cachoeiras abertas para uso recreativo. Um belo local para caminhadas, trilhas, rapel, banhos e muito mais.","rel":"","context":"Em &quot;Lugares&quot;","block_context":{"text":"Lugares","link":"https:\/\/www.kanenberg.com.br\/fatosfotoseregistros\/category\/lugares\/"},"img":{"alt_text":"","src":"https:\/\/i0.wp.com\/www.kanenberg.com.br\/fatosfotoseregistros\/wp-content\/uploads\/2017\/02\/varginha.png?resize=350%2C200&ssl=1","width":350,"height":200,"srcset":"https:\/\/i0.wp.com\/www.kanenberg.com.br\/fatosfotoseregistros\/wp-content\/uploads\/2017\/02\/varginha.png?resize=350%2C200&ssl=1 1x, https:\/\/i0.wp.com\/www.kanenberg.com.br\/fatosfotoseregistros\/wp-content\/uploads\/2017\/02\/varginha.png?resize=525%2C300&ssl=1 1.5x"},"classes":[]}],"jetpack_likes_enabled":true,"amp_enabled":true,"jetpack_featured_media_url":"","_links":{"self":[{"href":"https:\/\/www.kanenberg.com.br\/fatosfotoseregistros\/wp-json\/wp\/v2\/posts\/228","targetHints":{"allow":["GET"]}}],"collection":[{"href":"https:\/\/www.kanenberg.com.br\/fatosfotoseregistros\/wp-json\/wp\/v2\/posts"}],"about":[{"href":"https:\/\/www.kanenberg.com.br\/fatosfotoseregistros\/wp-json\/wp\/v2\/types\/post"}],"author":[{"embeddable":true,"href":"https:\/\/www.kanenberg.com.br\/fatosfotoseregistros\/wp-json\/wp\/v2\/users\/1"}],"replies":[{"embeddable":true,"href":"https:\/\/www.kanenberg.com.br\/fatosfotoseregistros\/wp-json\/wp\/v2\/comments?post=228"}],"version-history":[{"count":0,"href":"https:\/\/www.kanenberg.com.br\/fatosfotoseregistros\/wp-json\/wp\/v2\/posts\/228\/revisions"}],"wp:attachment":[{"href":"https:\/\/www.kanenberg.com.br\/fatosfotoseregistros\/wp-json\/wp\/v2\/media?parent=228"}],"wp:term":[{"taxonomy":"category","embeddable":true,"href":"https:\/\/www.kanenberg.com.br\/fatosfotoseregistros\/wp-json\/wp\/v2\/categories?post=228"},{"taxonomy":"post_tag","embeddable":true,"href":"https:\/\/www.kanenberg.com.br\/fatosfotoseregistros\/wp-json\/wp\/v2\/tags?post=228"}],"curies":[{"name":"wp","href":"https:\/\/api.w.org\/{rel}","templated":true}]}}