{"id":2215,"date":"2016-07-23T08:00:56","date_gmt":"2016-07-23T11:00:56","guid":{"rendered":"https:\/\/fatosfotoseregistros.wordpress.com\/?p=2215"},"modified":"2026-07-25T20:44:38","modified_gmt":"2026-07-25T23:44:38","slug":"5-000-cruzeiros","status":"publish","type":"post","link":"https:\/\/www.kanenberg.com.br\/fatosfotoseregistros\/5-000-cruzeiros\/","title":{"rendered":"5.000 Cruzeiros"},"content":{"rendered":"<p><strong>A moeda que homenageou Tiradentes e um momento marcante da hist\u00f3ria do Brasil<\/strong><\/p>\n<p style=\"text-align: center;\"><img loading=\"lazy\" decoding=\"async\" data-attachment-id=\"6180\" data-permalink=\"https:\/\/www.kanenberg.com.br\/fatosfotoseregistros\/5-000-cruzeiros\/chatgpt-image-25-de-jul-de-2026-20_37_13\/\" data-orig-file=\"https:\/\/www.kanenberg.com.br\/fatosfotoseregistros\/wp-content\/uploads\/2016\/07\/ChatGPT-Image-25-de-jul.-de-2026-20_37_13.png\" data-orig-size=\"1448,1086\" data-comments-opened=\"1\" data-image-meta=\"{&quot;aperture&quot;:&quot;0&quot;,&quot;credit&quot;:&quot;&quot;,&quot;camera&quot;:&quot;&quot;,&quot;caption&quot;:&quot;&quot;,&quot;created_timestamp&quot;:&quot;0&quot;,&quot;copyright&quot;:&quot;&quot;,&quot;focal_length&quot;:&quot;0&quot;,&quot;iso&quot;:&quot;0&quot;,&quot;shutter_speed&quot;:&quot;0&quot;,&quot;title&quot;:&quot;&quot;,&quot;orientation&quot;:&quot;0&quot;,&quot;alt&quot;:&quot;&quot;}\" data-image-title=\"Moeda de 5.000 Cruzeiros\" data-image-description=\"\" data-image-caption=\"\" data-large-file=\"https:\/\/www.kanenberg.com.br\/fatosfotoseregistros\/wp-content\/uploads\/2016\/07\/ChatGPT-Image-25-de-jul.-de-2026-20_37_13-1024x768.png\" class=\"aligncenter size-full wp-image-6180\" src=\"https:\/\/www.kanenberg.com.br\/fatosfotoseregistros\/wp-content\/uploads\/2016\/07\/ChatGPT-Image-25-de-jul.-de-2026-20_37_13.png\" alt=\"Moeda de 5.000 Cruzeiros\" width=\"1448\" height=\"1086\" srcset=\"https:\/\/www.kanenberg.com.br\/fatosfotoseregistros\/wp-content\/uploads\/2016\/07\/ChatGPT-Image-25-de-jul.-de-2026-20_37_13.png 1448w, https:\/\/www.kanenberg.com.br\/fatosfotoseregistros\/wp-content\/uploads\/2016\/07\/ChatGPT-Image-25-de-jul.-de-2026-20_37_13-300x225.png 300w, https:\/\/www.kanenberg.com.br\/fatosfotoseregistros\/wp-content\/uploads\/2016\/07\/ChatGPT-Image-25-de-jul.-de-2026-20_37_13-1024x768.png 1024w, https:\/\/www.kanenberg.com.br\/fatosfotoseregistros\/wp-content\/uploads\/2016\/07\/ChatGPT-Image-25-de-jul.-de-2026-20_37_13-768x576.png 768w\" sizes=\"auto, (max-width: 1448px) 100vw, 1448px\" \/><\/p>\n<p style=\"text-align: justify;\">Entre as moedas comemorativas mais conhecidas da d\u00e9cada de 1990 est\u00e1 a de <strong>5.000 Cruzeiros<\/strong>, emitida em <strong>1992<\/strong> para celebrar o <strong>bicenten\u00e1rio da morte de Joaquim Jos\u00e9 da Silva Xavier, o Tiradentes (1792\u20131992)<\/strong>, considerado um dos principais s\u00edmbolos da luta pela independ\u00eancia do Brasil.<\/p>\n<p style=\"text-align: justify;\">No reverso, destaca-se o retrato de <strong>Tiradentes<\/strong>, acompanhado das palavras <strong>&#8220;Liberdade&#8221;<\/strong> e <strong>&#8220;Cidadania&#8221;<\/strong>, refor\u00e7ando os ideais associados \u00e0 Inconfid\u00eancia Mineira. J\u00e1 o anverso apresenta o valor facial <strong>5.000 Cruzeiros<\/strong>, cercado por um cord\u00e3o estilizado que remete \u00e0 identidade visual da pe\u00e7a.<\/p>\n<p style=\"text-align: justify;\">Apesar do elevado valor estampado, essa moeda circulou em um per\u00edodo de forte infla\u00e7\u00e3o no pa\u00eds, quando o Cruzeiro sofria r\u00e1pida desvaloriza\u00e7\u00e3o. Por isso, hoje ela desperta interesse n\u00e3o apenas pelo seu belo desenho, mas tamb\u00e9m por representar uma importante fase da hist\u00f3ria econ\u00f4mica brasileira.<\/p>\n<p><strong>Algumas curiosidades:<\/strong><\/p>\n<ul>\n<li>\ud83e\ude99 Foi lan\u00e7ada em <strong>1992<\/strong>, exatamente <strong>200 anos ap\u00f3s a morte de Tiradentes<\/strong>.<\/li>\n<li>\ud83c\udfdb\ufe0f Tiradentes foi executado em <strong>21 de abril de 1792<\/strong>, data que atualmente \u00e9 feriado nacional.<\/li>\n<li>\ud83d\udcc8 O valor de <strong>5.000 Cruzeiros<\/strong> era elevado apenas nominalmente, refletindo a infla\u00e7\u00e3o da \u00e9poca.<\/li>\n<li>\ud83d\udd0e \u00c9 uma das moedas comemorativas brasileiras mais f\u00e1ceis de encontrar, sendo muito procurada por quem est\u00e1 iniciando uma cole\u00e7\u00e3o.<\/li>\n<li>\u2b50 Exemplares em excelente estado de conserva\u00e7\u00e3o, sem desgaste e com brilho original de cunhagem, costumam despertar maior interesse entre os colecionadores.<\/li>\n<\/ul>\n","protected":false},"excerpt":{"rendered":"<p>Entre as moedas comemorativas mais conhecidas da d\u00e9cada de 1990 est\u00e1 a de 5.000 Cruzeiros, emitida em 1992 para celebrar o bicenten\u00e1rio da morte de Joaquim Jos\u00e9 da Silva Xavier, o Tiradentes (1792\u20131992), considerado um dos principais s\u00edmbolos da luta pela independ\u00eancia do Brasil.<\/p>\n","protected":false},"author":1,"featured_media":0,"comment_status":"open","ping_status":"open","sticky":false,"template":"","format":"standard","meta":{"_exactmetrics_skip_tracking":false,"_jetpack_newsletter_access":"","_jetpack_dont_email_post_to_subs":false,"_jetpack_newsletter_tier_id":0,"_jetpack_memberships_contains_paywalled_content":false,"_jetpack_feature_clip_id":0,"_jetpack_memberships_contains_paid_content":false,"footnotes":"","jetpack_publicize_message":"","jetpack_publicize_feature_enabled":true,"jetpack_social_post_already_shared":true,"jetpack_social_options":{"image_generator_settings":{"template":"highway","default_image_id":0,"font":"","enabled":false},"version":2},"jetpack_post_was_ever_published":false},"categories":[262,265],"tags":[355,254,391,422],"class_list":["post-2215","post","type-post","status-publish","format-standard","hentry","category-imagem","category-textos","tag-antiguidades","tag-curiosidades","tag-moedas","tag-numismatica"],"jetpack_publicize_connections":[],"jetpack_sharing_enabled":true,"jetpack_shortlink":"https:\/\/wp.me\/phkM1X-zJ","jetpack-related-posts":[{"id":5527,"url":"https:\/\/www.kanenberg.com.br\/fatosfotoseregistros\/batismo-tiradentes\/","url_meta":{"origin":2215,"position":0},"title":"Registro de batismo de Tiradentes","author":"kanenberg","date":"21 de abril de 2019","format":false,"excerpt":"C\u00f3pia digitalizada do registro de batismo de Joaquim Jos\u00e9 da Silva Xavier, o Tiradentes, que ocorreu em 12 de novembro de 1746 na Fazenda do Pombal...","rel":"","context":"Em &quot;Imagem&quot;","block_context":{"text":"Imagem","link":"https:\/\/www.kanenberg.com.br\/fatosfotoseregistros\/category\/imagem\/"},"img":{"alt_text":"Transcri\u00e7\u00e3o Registro Batismo Tiradentes","src":"https:\/\/i0.wp.com\/www.kanenberg.com.br\/fatosfotoseregistros\/wp-content\/uploads\/2019\/04\/batismo_tiradentes_2.jpg?resize=350%2C200&ssl=1","width":350,"height":200,"srcset":"https:\/\/i0.wp.com\/www.kanenberg.com.br\/fatosfotoseregistros\/wp-content\/uploads\/2019\/04\/batismo_tiradentes_2.jpg?resize=350%2C200&ssl=1 1x, https:\/\/i0.wp.com\/www.kanenberg.com.br\/fatosfotoseregistros\/wp-content\/uploads\/2019\/04\/batismo_tiradentes_2.jpg?resize=525%2C300&ssl=1 1.5x, https:\/\/i0.wp.com\/www.kanenberg.com.br\/fatosfotoseregistros\/wp-content\/uploads\/2019\/04\/batismo_tiradentes_2.jpg?resize=700%2C400&ssl=1 2x, https:\/\/i0.wp.com\/www.kanenberg.com.br\/fatosfotoseregistros\/wp-content\/uploads\/2019\/04\/batismo_tiradentes_2.jpg?resize=1050%2C600&ssl=1 3x"},"classes":[]},{"id":1077,"url":"https:\/\/www.kanenberg.com.br\/fatosfotoseregistros\/fortaleza-de-sao-jose-da-ponta-grossa\/","url_meta":{"origin":2215,"position":1},"title":"Fortaleza de S\u00e3o Jos\u00e9 da Ponta Grossa","author":"kanenberg","date":"7 de junho de 2016","format":false,"excerpt":"Est\u00e1 localizada ao norte da Ilha de Santa Catarina, entre as Praias do Forte e de Jurer\u00ea, em Florian\u00f3polis, no Estado de Santa Catarina. A constru\u00e7\u00e3o austera e imponente caracteriza-se pela riqueza da sua arquitetura, apresentando tra\u00e7os de influ\u00eancia renascentista.","rel":"","context":"Em &quot;Imagem&quot;","block_context":{"text":"Imagem","link":"https:\/\/www.kanenberg.com.br\/fatosfotoseregistros\/category\/imagem\/"},"img":{"alt_text":"pub_ponta_grossa_01","src":"https:\/\/fatosfotoseregistros.files.wordpress.com\/2016\/06\/pub_ponta_grossa_01.jpg?w=350&h=200&crop=1","width":350,"height":200,"srcset":"https:\/\/fatosfotoseregistros.files.wordpress.com\/2016\/06\/pub_ponta_grossa_01.jpg?w=350&h=200&crop=1 1x, https:\/\/fatosfotoseregistros.files.wordpress.com\/2016\/06\/pub_ponta_grossa_01.jpg?w=525&h=300&crop=1 1.5x"},"classes":[]},{"id":6115,"url":"https:\/\/www.kanenberg.com.br\/fatosfotoseregistros\/jaiminho-o-papagaio-de-pirata-carioca\/","url_meta":{"origin":2215,"position":2},"title":"Jaiminho: O Papagaio de Pirata Carioca","author":"kanenberg","date":"13 de julho de 2026","format":false,"excerpt":"O Rio de Janeiro \u00e9 famoso por seus personagens folcl\u00f3ricos, e Jaime Dias Sabino, o popular Jaiminho, certamente ocupa um lugar de destaque nessa galeria urbana. Conhecido nacionalmente como o maior \"papagaio de pirata\" (termo usado para quem faz de tudo para aparecer atr\u00e1s de entrevistados ou rep\u00f3rteres) da televis\u00e3o\u2026","rel":"","context":"Em &quot;Personalidades&quot;","block_context":{"text":"Personalidades","link":"https:\/\/www.kanenberg.com.br\/fatosfotoseregistros\/category\/personalidades\/"},"img":{"alt_text":"Jaiminho","src":"https:\/\/i0.wp.com\/www.kanenberg.com.br\/fatosfotoseregistros\/wp-content\/uploads\/2026\/07\/jaiminho.jpg?resize=350%2C200&ssl=1","width":350,"height":200},"classes":[]},{"id":1230,"url":"https:\/\/www.kanenberg.com.br\/fatosfotoseregistros\/japeri\/","url_meta":{"origin":2215,"position":3},"title":"Cidade de Japeri","author":"kanenberg","date":"5 de julho de 2016","format":false,"excerpt":"A hist\u00f3ria de Japeri come\u00e7a no dia 13 de agosto de 1743, data de sua funda\u00e7\u00e3o, por In\u00e1cio Dias da C\u00e2mara Leme, denominado Morgado de Bel\u00e9m. A partir de 1750, as terras passaram a pertencer \u00e0 Freguesia de Sacra Fam\u00edlia de Tingu\u00e1, pois at\u00e9 ent\u00e3o pertenciam \u00e0 Freguesia de Paty\u2026","rel":"","context":"Em &quot;Imagem&quot;","block_context":{"text":"Imagem","link":"https:\/\/www.kanenberg.com.br\/fatosfotoseregistros\/category\/imagem\/"},"img":{"alt_text":"japeri_1928","src":"https:\/\/i0.wp.com\/www.kanenberg.com.br\/fatosfotoseregistros\/wp-content\/uploads\/2016\/07\/japeri_1928.jpg?resize=350%2C200&ssl=1","width":350,"height":200},"classes":[]},{"id":507,"url":"https:\/\/www.kanenberg.com.br\/fatosfotoseregistros\/jose-datrino\/","url_meta":{"origin":2215,"position":4},"title":"Voc\u00ea sabe quem foi Jos\u00e9 Datrino?","author":"kanenberg","date":"14 de abril de 2016","format":false,"excerpt":"Talvez muitos v\u00e3o se lembrar da express\u00e3o Gentileza gera Gentileza, ou ainda v\u00e3o se lembrar das 56 inscri\u00e7\u00f5es ou prov\u00e9rbios nas pilastras do Viaduto do Gas\u00f4metro, no Rio de Janeiro, que v\u00e3o do Cemit\u00e9rio do Caj\u00fa at\u00e9 a Rodovi\u00e1ria Novo Rio.","rel":"","context":"Em &quot;Textos&quot;","block_context":{"text":"Textos","link":"https:\/\/www.kanenberg.com.br\/fatosfotoseregistros\/category\/textos\/"},"img":{"alt_text":"datrino1","src":"https:\/\/i0.wp.com\/fatosfotoseregistros.kanenberg.com.br\/wp-content\/uploads\/2016\/04\/datrino1.jpg?resize=350%2C200&ssl=1","width":350,"height":200},"classes":[]},{"id":625,"url":"https:\/\/www.kanenberg.com.br\/fatosfotoseregistros\/dia-nacional-do-pau-brasil\/","url_meta":{"origin":2215,"position":5},"title":"Dia Nacional do Pau-Brasil","author":"kanenberg","date":"3 de maio de 2016","format":false,"excerpt":"Hoje (03\/Maio) \u00e9 comemorado o Dia Nacional do Pau-Brasil","rel":"","context":"Em &quot;Textos&quot;","block_context":{"text":"Textos","link":"https:\/\/www.kanenberg.com.br\/fatosfotoseregistros\/category\/textos\/"},"img":{"alt_text":"Paubrasil31.JPG","src":"https:\/\/upload.wikimedia.org\/wikipedia\/commons\/b\/b3\/Paubrasil31.JPG","width":350,"height":200,"srcset":"https:\/\/upload.wikimedia.org\/wikipedia\/commons\/b\/b3\/Paubrasil31.JPG 1x, https:\/\/upload.wikimedia.org\/wikipedia\/commons\/b\/b3\/Paubrasil31.JPG 1.5x"},"classes":[]}],"jetpack_likes_enabled":true,"amp_enabled":true,"jetpack_featured_media_url":"","_links":{"self":[{"href":"https:\/\/www.kanenberg.com.br\/fatosfotoseregistros\/wp-json\/wp\/v2\/posts\/2215","targetHints":{"allow":["GET"]}}],"collection":[{"href":"https:\/\/www.kanenberg.com.br\/fatosfotoseregistros\/wp-json\/wp\/v2\/posts"}],"about":[{"href":"https:\/\/www.kanenberg.com.br\/fatosfotoseregistros\/wp-json\/wp\/v2\/types\/post"}],"author":[{"embeddable":true,"href":"https:\/\/www.kanenberg.com.br\/fatosfotoseregistros\/wp-json\/wp\/v2\/users\/1"}],"replies":[{"embeddable":true,"href":"https:\/\/www.kanenberg.com.br\/fatosfotoseregistros\/wp-json\/wp\/v2\/comments?post=2215"}],"version-history":[{"count":3,"href":"https:\/\/www.kanenberg.com.br\/fatosfotoseregistros\/wp-json\/wp\/v2\/posts\/2215\/revisions"}],"predecessor-version":[{"id":6181,"href":"https:\/\/www.kanenberg.com.br\/fatosfotoseregistros\/wp-json\/wp\/v2\/posts\/2215\/revisions\/6181"}],"wp:attachment":[{"href":"https:\/\/www.kanenberg.com.br\/fatosfotoseregistros\/wp-json\/wp\/v2\/media?parent=2215"}],"wp:term":[{"taxonomy":"category","embeddable":true,"href":"https:\/\/www.kanenberg.com.br\/fatosfotoseregistros\/wp-json\/wp\/v2\/categories?post=2215"},{"taxonomy":"post_tag","embeddable":true,"href":"https:\/\/www.kanenberg.com.br\/fatosfotoseregistros\/wp-json\/wp\/v2\/tags?post=2215"}],"curies":[{"name":"wp","href":"https:\/\/api.w.org\/{rel}","templated":true}]}}