{"id":2192,"date":"2016-07-22T08:00:07","date_gmt":"2016-07-22T11:00:07","guid":{"rendered":"https:\/\/fatosfotoseregistros.wordpress.com\/?p=2192"},"modified":"2016-07-22T08:00:07","modified_gmt":"2016-07-22T11:00:07","slug":"petropolis-e-teresopolis","status":"publish","type":"post","link":"https:\/\/www.kanenberg.com.br\/fatosfotoseregistros\/petropolis-e-teresopolis\/","title":{"rendered":"Petr\u00f3polis e Teres\u00f3polis"},"content":{"rendered":"<p style=\"text-align:justify;\">Conhe\u00e7a a origem dos nomes das cidades de Petr\u00f3polis e Teres\u00f3polis.<\/p>\n<p style=\"text-align:justify;\"><strong><span style=\"text-decoration:underline;\">Petr\u00f3polis<\/span><\/strong> &#8211; O nome vem da jun\u00e7\u00e3o da palavra em latim &#8220;<strong><em>Petrus<\/em><\/strong>&#8220;, que significa <strong>Pedro<\/strong> com a em grego &#8220;<strong><em>p\u00f3lis<\/em><\/strong>&#8221; que significa <strong>cidade<\/strong>, ficando &#8220;Cidade de Pedro&#8221;. A cidade \u00e9 tamb\u00e9m conhecida e chamada de &#8220;Cidade Imperial&#8221;, por ter sido a rota preferida de Dom Pedro para seus momentos de lazer e repouso.<\/p>\n<p style=\"text-align:justify;\"><span style=\"text-decoration:underline;\"><strong>Teres\u00f3polis<\/strong><\/span>\u00a0&#8211; O nome vem da jun\u00e7\u00e3o do antrop\u00f4nimo &#8220;<strong><em>Teresa<\/em><\/strong>&#8221; com o termo de origem grega &#8220;<strong><em>p\u00f3lis<\/em><\/strong>&#8220;, que significa cidade, significando, portanto, &#8220;Cidade de Teresa&#8221;. Trata-se de uma homenagem \u00e0 imperatriz brasileira Teresa Cristina, esposa do segundo Imperador brasileiro D. Pedro II.<\/p>\n<figure id=\"attachment_2193\" aria-describedby=\"caption-attachment-2193\" style=\"width: 446px\" class=\"wp-caption aligncenter\"><img loading=\"lazy\" decoding=\"async\" data-attachment-id=\"2193\" data-permalink=\"https:\/\/www.kanenberg.com.br\/fatosfotoseregistros\/petro_tere\/\" data-orig-file=\"https:\/\/www.kanenberg.com.br\/fatosfotoseregistros\/wp-content\/uploads\/2016\/07\/petro_tere.jpg\" data-orig-size=\"446,187\" data-comments-opened=\"1\" data-image-meta=\"{&quot;aperture&quot;:&quot;0&quot;,&quot;credit&quot;:&quot;&quot;,&quot;camera&quot;:&quot;&quot;,&quot;caption&quot;:&quot;&quot;,&quot;created_timestamp&quot;:&quot;0&quot;,&quot;copyright&quot;:&quot;&quot;,&quot;focal_length&quot;:&quot;0&quot;,&quot;iso&quot;:&quot;0&quot;,&quot;shutter_speed&quot;:&quot;0&quot;,&quot;title&quot;:&quot;&quot;,&quot;orientation&quot;:&quot;0&quot;,&quot;alt&quot;:&quot;&quot;}\" data-image-title=\"petro_tere\" data-image-description=\"\" data-image-caption=\"\" data-large-file=\"https:\/\/www.kanenberg.com.br\/fatosfotoseregistros\/wp-content\/uploads\/2016\/07\/petro_tere.jpg\" class=\" size-full wp-image-2193 aligncenter\" src=\"https:\/\/fatosfotoseregistros.files.wordpress.com\/2016\/07\/petro_tere.jpg\" alt=\"petro_tere\" width=\"446\" height=\"187\" srcset=\"https:\/\/www.kanenberg.com.br\/fatosfotoseregistros\/wp-content\/uploads\/2016\/07\/petro_tere.jpg 446w, https:\/\/www.kanenberg.com.br\/fatosfotoseregistros\/wp-content\/uploads\/2016\/07\/petro_tere-300x126.jpg 300w\" sizes=\"auto, (max-width: 446px) 100vw, 446px\" \/><figcaption id=\"caption-attachment-2193\" class=\"wp-caption-text\">Bras\u00e3o de Petr\u00f3polis e Teres\u00f3polis<\/figcaption><\/figure>\n<p style=\"text-align:justify;\">Inclusive, esta informa\u00e7\u00e3o, foi mencionada na coluna do Prof. Deon\u00edsio da Silva, do dia <a href=\"https:\/\/fatosfotoseregistros.wordpress.com\/2016\/07\/21\/sem-papas-na-lingua-21jul2016\/\">21\/07\/2016<\/a>.<\/p>\n","protected":false},"excerpt":{"rendered":"<p>Conhe\u00e7a a origem dos nomes das cidades de Petr\u00f3polis e Teres\u00f3polis.<\/p>\n","protected":false},"author":1,"featured_media":0,"comment_status":"open","ping_status":"open","sticky":false,"template":"","format":"standard","meta":{"_exactmetrics_skip_tracking":false,"_jetpack_newsletter_access":"","_jetpack_dont_email_post_to_subs":false,"_jetpack_newsletter_tier_id":0,"_jetpack_memberships_contains_paywalled_content":false,"_jetpack_feature_clip_id":0,"_jetpack_memberships_contains_paid_content":false,"footnotes":"","jetpack_publicize_message":"","jetpack_publicize_feature_enabled":true,"jetpack_social_post_already_shared":false,"jetpack_social_options":{"image_generator_settings":{"template":"highway","default_image_id":0,"font":"","enabled":false},"version":2},"jetpack_post_was_ever_published":false},"categories":[265],"tags":[254,253],"class_list":["post-2192","post","type-post","status-publish","format-standard","hentry","category-textos","tag-curiosidades","tag-etimologia"],"jetpack_publicize_connections":[],"jetpack_sharing_enabled":true,"jetpack_shortlink":"https:\/\/wp.me\/phkM1X-zm","jetpack-related-posts":[{"id":1230,"url":"https:\/\/www.kanenberg.com.br\/fatosfotoseregistros\/japeri\/","url_meta":{"origin":2192,"position":0},"title":"Cidade de Japeri","author":"kanenberg","date":"5 de julho de 2016","format":false,"excerpt":"A hist\u00f3ria de Japeri come\u00e7a no dia 13 de agosto de 1743, data de sua funda\u00e7\u00e3o, por In\u00e1cio Dias da C\u00e2mara Leme, denominado Morgado de Bel\u00e9m. A partir de 1750, as terras passaram a pertencer \u00e0 Freguesia de Sacra Fam\u00edlia de Tingu\u00e1, pois at\u00e9 ent\u00e3o pertenciam \u00e0 Freguesia de Paty\u2026","rel":"","context":"Em &quot;Imagem&quot;","block_context":{"text":"Imagem","link":"https:\/\/www.kanenberg.com.br\/fatosfotoseregistros\/category\/imagem\/"},"img":{"alt_text":"japeri_1928","src":"https:\/\/i0.wp.com\/www.kanenberg.com.br\/fatosfotoseregistros\/wp-content\/uploads\/2016\/07\/japeri_1928.jpg?resize=350%2C200&ssl=1","width":350,"height":200},"classes":[]},{"id":6193,"url":"https:\/\/www.kanenberg.com.br\/fatosfotoseregistros\/a-historia-do-telefone-no-brasil\/","url_meta":{"origin":2192,"position":1},"title":"A Hist\u00f3ria do Telefone no Brasil","author":"kanenberg","date":"2 de agosto de 2026","format":false,"excerpt":"A chegada do telefone ao Brasil \u00e9 repleta de momentos marcantes \u2014 e envolve diretamente a curiosidade cient\u00edfica de um dos governantes mais entusiastas do pa\u00eds: o imperador Dom Pedro II.","rel":"","context":"Em &quot;Textos&quot;","block_context":{"text":"Textos","link":"https:\/\/www.kanenberg.com.br\/fatosfotoseregistros\/category\/textos\/"},"img":{"alt_text":"Descoberta do telefone","src":"https:\/\/i0.wp.com\/www.kanenberg.com.br\/fatosfotoseregistros\/wp-content\/uploads\/2026\/08\/descoberta-do-telefone.png?resize=350%2C200&ssl=1","width":350,"height":200,"srcset":"https:\/\/i0.wp.com\/www.kanenberg.com.br\/fatosfotoseregistros\/wp-content\/uploads\/2026\/08\/descoberta-do-telefone.png?resize=350%2C200&ssl=1 1x, https:\/\/i0.wp.com\/www.kanenberg.com.br\/fatosfotoseregistros\/wp-content\/uploads\/2026\/08\/descoberta-do-telefone.png?resize=525%2C300&ssl=1 1.5x, https:\/\/i0.wp.com\/www.kanenberg.com.br\/fatosfotoseregistros\/wp-content\/uploads\/2026\/08\/descoberta-do-telefone.png?resize=700%2C400&ssl=1 2x, https:\/\/i0.wp.com\/www.kanenberg.com.br\/fatosfotoseregistros\/wp-content\/uploads\/2026\/08\/descoberta-do-telefone.png?resize=1050%2C600&ssl=1 3x, https:\/\/i0.wp.com\/www.kanenberg.com.br\/fatosfotoseregistros\/wp-content\/uploads\/2026\/08\/descoberta-do-telefone.png?resize=1400%2C800&ssl=1 4x"},"classes":[]},{"id":2877,"url":"https:\/\/www.kanenberg.com.br\/fatosfotoseregistros\/locais-para-conhecer-rj-1\/","url_meta":{"origin":2192,"position":2},"title":"Locais para conhecer no Rio de Janeiro &#8211; Parte 1","author":"kanenberg","date":"16 de agosto de 2016","format":false,"excerpt":"A cidade do Rio de Janeiro, guarda lugares fant\u00e1sticos, alguns desconhecidos at\u00e9 mesmo pelos pr\u00f3prios cariocas. Conhe\u00e7a alguns destes lugares lindos e cheios de hist\u00f3ria.","rel":"","context":"Em &quot;Imagem&quot;","block_context":{"text":"Imagem","link":"https:\/\/www.kanenberg.com.br\/fatosfotoseregistros\/category\/imagem\/"},"img":{"alt_text":"valongo1","src":"https:\/\/fatosfotoseregistros.files.wordpress.com\/2016\/08\/valongo1.jpg?w=350&h=200&crop=1","width":350,"height":200,"srcset":"https:\/\/fatosfotoseregistros.files.wordpress.com\/2016\/08\/valongo1.jpg?w=350&h=200&crop=1 1x, https:\/\/fatosfotoseregistros.files.wordpress.com\/2016\/08\/valongo1.jpg?w=525&h=300&crop=1 1.5x"},"classes":[]},{"id":5424,"url":"https:\/\/www.kanenberg.com.br\/fatosfotoseregistros\/a-origem-dos-aniversarios\/","url_meta":{"origin":2192,"position":3},"title":"A origem dos anivers\u00e1rios","author":"kanenberg","date":"27 de fevereiro de 2019","format":false,"excerpt":"Como todos os dias se celebram milhares de anivers\u00e1rios no mundo, \u00e9 interessante saber qual a origem deste costume.","rel":"","context":"Em &quot;Textos&quot;","block_context":{"text":"Textos","link":"https:\/\/www.kanenberg.com.br\/fatosfotoseregistros\/category\/textos\/"},"img":{"alt_text":"anivers\u00e1rio","src":"https:\/\/i0.wp.com\/www.kanenberg.com.br\/fatosfotoseregistros\/wp-content\/uploads\/2019\/02\/aniversario-300x169.jpg?resize=350%2C200&ssl=1","width":350,"height":200},"classes":[]},{"id":3807,"url":"https:\/\/www.kanenberg.com.br\/fatosfotoseregistros\/barra-velha\/","url_meta":{"origin":2192,"position":4},"title":"Descubra os encantos de Barra Velha","author":"kanenberg","date":"29 de outubro de 2016","format":false,"excerpt":"Barra Velha - Cidade no litoral Norte Catarinense. Primeira pessoa vista pela BR-101 no sentido norte\/sul do estado...","rel":"","context":"Em &quot;Lugares&quot;","block_context":{"text":"Lugares","link":"https:\/\/www.kanenberg.com.br\/fatosfotoseregistros\/category\/lugares\/"},"img":{"alt_text":"","src":"https:\/\/fatosfotoseregistros.files.wordpress.com\/2016\/10\/wp-image-2074729432jpg.jpg?w=350&h=200&crop=1","width":350,"height":200,"srcset":"https:\/\/fatosfotoseregistros.files.wordpress.com\/2016\/10\/wp-image-2074729432jpg.jpg?w=350&h=200&crop=1 1x, https:\/\/fatosfotoseregistros.files.wordpress.com\/2016\/10\/wp-image-2074729432jpg.jpg?w=525&h=300&crop=1 1.5x"},"classes":[]},{"id":5343,"url":"https:\/\/www.kanenberg.com.br\/fatosfotoseregistros\/do-caminho-do-boi-aos-tabajaras-a-historia-e-as-curiosidades-de-uma-das-ladeiras-mais-famosas-do-rio\/","url_meta":{"origin":2192,"position":5},"title":"Do Caminho do Boi aos Tabajaras: A Hist\u00f3ria e as Curiosidades de uma das Ladeiras Mais Famosas do Rio","author":"kanenberg","date":"14 de fevereiro de 2019","format":false,"excerpt":"Quem passa hoje pelo in\u00edcio da Ladeira dos Tabajaras, logo na altura da Rua Siqueira Campos, em Copacabana, dificilmente imagina que aquele corredor urbano j\u00e1 foi uma rota estreita e poeirenta usada para o transporte de gado no s\u00e9culo XIX.","rel":"","context":"Em &quot;Lugares&quot;","block_context":{"text":"Lugares","link":"https:\/\/www.kanenberg.com.br\/fatosfotoseregistros\/category\/lugares\/"},"img":{"alt_text":"Ladeira dos Tabajaras","src":"https:\/\/i0.wp.com\/www.kanenberg.com.br\/fatosfotoseregistros\/wp-content\/uploads\/2019\/02\/FB_IMG_1550139554943.jpg?resize=350%2C200&ssl=1","width":350,"height":200,"srcset":"https:\/\/i0.wp.com\/www.kanenberg.com.br\/fatosfotoseregistros\/wp-content\/uploads\/2019\/02\/FB_IMG_1550139554943.jpg?resize=350%2C200&ssl=1 1x, https:\/\/i0.wp.com\/www.kanenberg.com.br\/fatosfotoseregistros\/wp-content\/uploads\/2019\/02\/FB_IMG_1550139554943.jpg?resize=525%2C300&ssl=1 1.5x, https:\/\/i0.wp.com\/www.kanenberg.com.br\/fatosfotoseregistros\/wp-content\/uploads\/2019\/02\/FB_IMG_1550139554943.jpg?resize=700%2C400&ssl=1 2x"},"classes":[]}],"jetpack_likes_enabled":true,"amp_enabled":true,"jetpack_featured_media_url":"","_links":{"self":[{"href":"https:\/\/www.kanenberg.com.br\/fatosfotoseregistros\/wp-json\/wp\/v2\/posts\/2192","targetHints":{"allow":["GET"]}}],"collection":[{"href":"https:\/\/www.kanenberg.com.br\/fatosfotoseregistros\/wp-json\/wp\/v2\/posts"}],"about":[{"href":"https:\/\/www.kanenberg.com.br\/fatosfotoseregistros\/wp-json\/wp\/v2\/types\/post"}],"author":[{"embeddable":true,"href":"https:\/\/www.kanenberg.com.br\/fatosfotoseregistros\/wp-json\/wp\/v2\/users\/1"}],"replies":[{"embeddable":true,"href":"https:\/\/www.kanenberg.com.br\/fatosfotoseregistros\/wp-json\/wp\/v2\/comments?post=2192"}],"version-history":[{"count":0,"href":"https:\/\/www.kanenberg.com.br\/fatosfotoseregistros\/wp-json\/wp\/v2\/posts\/2192\/revisions"}],"wp:attachment":[{"href":"https:\/\/www.kanenberg.com.br\/fatosfotoseregistros\/wp-json\/wp\/v2\/media?parent=2192"}],"wp:term":[{"taxonomy":"category","embeddable":true,"href":"https:\/\/www.kanenberg.com.br\/fatosfotoseregistros\/wp-json\/wp\/v2\/categories?post=2192"},{"taxonomy":"post_tag","embeddable":true,"href":"https:\/\/www.kanenberg.com.br\/fatosfotoseregistros\/wp-json\/wp\/v2\/tags?post=2192"}],"curies":[{"name":"wp","href":"https:\/\/api.w.org\/{rel}","templated":true}]}}