{"id":2062,"date":"2016-07-19T08:20:20","date_gmt":"2016-07-19T11:20:20","guid":{"rendered":"https:\/\/fatosfotoseregistros.wordpress.com\/?p=2062"},"modified":"2026-08-23T13:28:50","modified_gmt":"2026-08-23T16:28:50","slug":"museu-historico-do-exercito-e-forte-de-copacabana","status":"publish","type":"post","link":"https:\/\/www.kanenberg.com.br\/fatosfotoseregistros\/museu-historico-do-exercito-e-forte-de-copacabana\/","title":{"rendered":"Museu Hist\u00f3rico do Ex\u00e9rcito e Forte de Copacabana"},"content":{"rendered":"<p style=\"text-align: justify;\">O local escolhido para a sua constru\u00e7\u00e3o consistia numa regi\u00e3o cujos rochedos avan\u00e7avam contra o mar em dire\u00e7\u00e3o \u00e0 entrada da Ba\u00eda de Guanabara.<\/p>\n<h3>Antecedentes<\/h3>\n<p style=\"text-align: justify;\">As na\u00e7\u00f5es europeias, a partir do s\u00e9culo XVI, tomaram conhecimento das riquezas nas terras conquistadas pelos portugueses. A imensid\u00e3o do territ\u00f3rio e sua faixa litor\u00e2nea sem defesa e repleta de portos naturais, aliadas \u00e0s riquezas existentes, contribu\u00edram para que desenvolvessem agressiva estrat\u00e9gia de invas\u00e3o aos dom\u00ednios de Portugal.<\/p>\n<p style=\"text-align: justify;\">A seguran\u00e7a da Ba\u00eda de Guanabara, desde o Brasil Col\u00f4nia, sempre foi uma preocupa\u00e7\u00e3o dos governantes, pela sua crescente import\u00e2ncia econ\u00f4mica e estrat\u00e9gica. Durante o Per\u00edodo Republicano, prosseguiram as amea\u00e7as dos invasores contra o nosso territ\u00f3rio.<\/p>\n<p style=\"text-align: justify;\">V\u00e1rios fortes e fortalezas, desde o in\u00edcio da coloniza\u00e7\u00e3o, foram constru\u00eddos ao longo da imensa costa mar\u00edtima. Alguns se destacaram pela grandiosidade das suas instala\u00e7\u00f5es e pelo alto poder de fogo.<\/p>\n<p style=\"text-align: justify;\">O Forte de Copacabana foi um deles.<\/p>\n<p style=\"text-align: justify;\">Ao fim da sua operacionalidade, como meio de defesa eficaz, veio a tornar-se um polo de atra\u00e7\u00e3o cultural e tur\u00edstica, recebendo milhares de visitantes, anualmente, passando a designar-se Museu Hist\u00f3rico do Ex\u00e9rcito e Forte de Copacabana.<\/p>\n<h3>O Forte<\/h3>\n<p style=\"text-align: justify;\">Est\u00e1 localizado no fim da Praia de Copacabana, na Cidade do Rio de Janeiro.<\/p>\n<p style=\"text-align: justify;\">Foi constru\u00eddo no promont\u00f3rio da igrejinha de Nossa Senhora de Copacabana ou Sacopenabam, como chamavam os ind\u00edgenas. Era uma regi\u00e3o cujos rochedos avan\u00e7avam contra o mar na dire\u00e7\u00e3o da entrada da Ba\u00eda de Guanabara, oferecendo excelente \u00e1rea para posicionar pe\u00e7as de artilharia.<\/p>\n<p style=\"text-align: justify;\">A sua constru\u00e7\u00e3o em forma de casamata e as paredes externas, de 12 metros de espessura, voltadas para o mar, acolheram os canh\u00f5es alem\u00e3es Krupp, assentados em c\u00fapulas encoura\u00e7adas girat\u00f3rias.<\/p>\n<p style=\"text-align: justify;\">Possu\u00eda, na \u00e9poca, dois canh\u00f5es de 305mm, com alcance de 23km, dois canh\u00f5es de 190mm e duas torres de canh\u00f5es de 75mm.<\/p>\n<p style=\"text-align: justify;\">A 6\u00aa Bateria de Artilharia Independente de Posi\u00e7\u00e3o, oriunda de Laguna, Santa Catarina, guarneceu as instala\u00e7\u00f5es do forte, ap\u00f3s sua inaugura\u00e7\u00e3o.<\/p>\n<p style=\"text-align: justify;\">A fortifica\u00e7\u00e3o dispunha de uma usina a diesel, com dois grupos de geradores fabricados na Alemanha, em Berlim que, na \u00e9poca, fornecia energia el\u00e9trica para o bairro de Copacabana e que servia para ilumina\u00e7\u00e3o, ventila\u00e7\u00e3o e opera\u00e7\u00e3o das pe\u00e7as de artilharia.<\/p>\n<p style=\"text-align: justify;\">Foi o \u00fanico projeto, na Am\u00e9rica do Sul, que integrava c\u00e2maras de tiro, cozinha, dep\u00f3sito de v\u00edveres, paiol de muni\u00e7\u00e3o, alojamento para oficiais e pra\u00e7as, orat\u00f3rio, oficina, tel\u00e9grafo, observat\u00f3rios, almoxarifado, cisterna de \u00e1gua, banheiros e enfermaria. Essa poderosa casamata permitia sustentar o combate durante longo tempo sem precisar de aux\u00edlio externo.<\/p>\n<p style=\"text-align: justify;\">A constru\u00e7\u00e3o do p\u00f3rtico de entrada foi conclu\u00edda, em 1920.<\/p>\n<p style=\"text-align: justify;\">Originalmente, possu\u00eda alojamento para a guarda, banheiros e pequena reserva para muni\u00e7\u00e3o e armamento.<\/p>\n<p style=\"text-align: justify;\">No alto da fachada, observam-se dois canh\u00f5es cruzados, o antigo s\u00edmbolo da Arma de Artilharia de Costa, o Bras\u00e3o das Armas da Rep\u00fablica e a inscri\u00e7\u00e3o que designava o nome da Unidade Militar, na data de sua constru\u00e7\u00e3o, Forte de Copacabana.<\/p>\n<p style=\"text-align: justify;\">H\u00e1 uma inscri\u00e7\u00e3o em latim na retaguarda do P\u00f3rtico \u201cSi Vis Pacem para Bellum\u201d que significa \u201cSe queres a paz, prepara-te para a guerra\u201d, escrita pelo autor Publius Flavius, em 390 d.C.<\/p>\n<p style=\"text-align: justify;\">Em maio de 1987, foi criado o Museu Hist\u00f3rico do Ex\u00e9rcito nas instala\u00e7\u00f5es do Forte de Copacabana. Era Ministro do Ex\u00e9rcito o General Le\u00f4nidas Pires Gon\u00e7alves.<\/p>\n<p style=\"text-align: justify;\">Existem dois sal\u00f5es no museu: Sal\u00e3o Col\u00f4nia Imp\u00e9rio e Sal\u00e3o Rep\u00fablica, ambos mobiliados com acervos preciosos que retratam a nossa hist\u00f3ria.<\/p>\n<p style=\"text-align: justify;\">Possui ainda outros espa\u00e7os que s\u00e3o usados para exposi\u00e7\u00f5es tempor\u00e1rias e tamb\u00e9m para eventos sociais.<\/p>\n<h3>Hist\u00f3ria<\/h3>\n<p style=\"text-align: justify;\">Em 1555, os franceses, chefiados por Nicolau Durand de Villegaignon, chegaram ao Rio de Janeiro, com a ideia de fundar uma col\u00f4nia no Brasil: a Fran\u00e7a Ant\u00e1rtica. Atracaram na Ba\u00eda de Guanabara e fixaram-se nas Ilhas Lages e Sergipe \u2013 onde viviam os tamoios \u2013 e ergueram o Forte Coligny. Atualmente, a ilha chama-se Villegaignon, e nela se encontra a Escola Naval.<\/p>\n<p style=\"text-align: justify;\">No local, Est\u00e1cio de S\u00e1 fundou, em 1\u00ba de mar\u00e7o de 1565, a Cidade de S\u00e3o Sebasti\u00e3o do Rio de Janeiro, entre os morros de S\u00e3o Jo\u00e3o e P\u00e3o de A\u00e7\u00facar. Era o in\u00edcio da resist\u00eancia contra o invasor.<\/p>\n<p style=\"text-align: justify;\">Nos s\u00e9culos XVII e XVIII, outras incurs\u00f5es ocorreram na cidade. Os portugueses empenhavam-se em construir novas fortifica\u00e7\u00f5es para ampliar a defesa contra as investidas estrangeiras.<\/p>\n<p style=\"text-align: justify;\">Com a transfer\u00eancia da capital da Col\u00f4nia Portuguesa, de Salvador para o Rio de Janeiro, no ano de 1763, houve necessidade, especialmente na sede do Vice-Reinado, de aumentar a seguran\u00e7a. Entretanto, as obras programadas para a continua\u00e7\u00e3o de um forte n\u00e3o atingiram o seu final.<\/p>\n<p style=\"text-align: justify;\">D. Jo\u00e3o VI tamb\u00e9m determinou que se projetasse um forte na mesma \u00e1rea.<\/p>\n<p style=\"text-align: justify;\">Somente mais tarde, na Rep\u00fablica, foi constru\u00eddo o forte atual, localizado na mesma posi\u00e7\u00e3o escolhida pelos portugueses, debru\u00e7ado sobre o mar, nas proximidades da entrada da barra. O projeto inicial foi apresentado pelo Major Tasso Fragoso. Ap\u00f3s v\u00e1rios estudos, foi feito uma adapta\u00e7\u00e3o no armamento a ser utilizado, passando a ser canh\u00f5es de tiro tenso e de longo alcance.<\/p>\n<p style=\"text-align: justify;\">Em 16 de novembro de 1907, o Major Lu\u00eds Eug\u00eanio Francisco Filho foi designado para dirigir a constru\u00e7\u00e3o da moderna fortifica\u00e7\u00e3o.<\/p>\n<p style=\"text-align: justify;\">Em 5 de janeiro de 1908, ocorreu o lan\u00e7amento da pedra fundamental, com a presen\u00e7a do Presidente da Rep\u00fablica, Afonso Pena, e do Ministro da Guerra, Marechal Hermes da Fonseca.<\/p>\n<p style=\"text-align: justify;\">Foi inaugurado em 28 de setembro de 1914, constituindo a mais moderna pra\u00e7a de guerra da Am\u00e9rica do Sul e um marco para a engenharia militar do seu tempo.<\/p>\n<p style=\"text-align: justify;\">O forte, desde a sua cria\u00e7\u00e3o, foi guarnecido sucessivamente pelas seguintes unidades:<\/p>\n<p style=\"padding-left: 30px;\">6\u00aa Bateria de Artilharia Independente de Posi\u00e7\u00e3o (1912-17)<br \/>\n5\u00aa Bateria do 2\u00aa Batalh\u00e3o de Artilharia de Posi\u00e7\u00e3o (1917)<br \/>\n12\u00aa Bateria do 4\u00ba Grupo de Artilharia de Costa (1917-19)<br \/>\n1\u00aa Bateria Isolada de Artilharia de Costa (1919-31)<br \/>\n1\u00aa Bateria do 6\u00ba Grupo de Artilharia de Costa (1931-34)<br \/>\n3\u00ba Grupo de Artilharia de Costa (1934-58)<\/p>\n<p style=\"text-align: justify;\">Os \u00faltimos disparos realizados pelos seus canh\u00f5es ocorreram em 11 de novembro de 1955, no epis\u00f3dio que ficou conhecido como a Novembrada, por ordem dos militares legalistas comandados pelo Marechal Teixeira Lott, contra o cruzador Tamandar\u00e9, que for\u00e7ara a sa\u00edda da barra.<\/p>\n<p style=\"text-align: justify;\">A partir de 1987, com a extin\u00e7\u00e3o das Baterias de Artilharia de Costa, as instala\u00e7\u00f5es do forte foram transformadas em Espa\u00e7o Cultural, passando a ser designado como Museu Hist\u00f3rico do Ex\u00e9rcito e Forte de Copacabana.<\/p>\n<h3>Os 18 do Forte<\/h3>\n<p style=\"text-align: justify;\">Um fato hist\u00f3rico marcante, ao longo do Per\u00edodo Republicano, foi a revolta do Forte de Copacabana, que ficou conhecida como \u201cRevolta dos 18 do Forte\u201d, ocorrida entre os dias 5 e 6 de julho de 1922.<\/p>\n<p style=\"text-align: justify;\">Liderado por jovens oficiais do Ex\u00e9rcito, foi considerado o primeiro Movimento Tenentista, cujo objetivo era a queda da Rep\u00fablica Velha.<\/p>\n<p style=\"text-align: justify;\">No dia 5 de julho, a Fortaleza de Santa Cruz bombardeou o Forte de Copacabana, por\u00e9m, os 301 revolucion\u00e1rios (oficiais, pra\u00e7as e civis) mantiveram-se nas suas posi\u00e7\u00f5es de defesa. O Capit\u00e3o Euclides Hermes e o Tenente Siqueira Campos sugeriram que desistissem da luta aqueles que quisessem: apenas 29 decidiram continuar.<\/p>\n<p style=\"text-align: justify;\">O Capit\u00e3o Euclides Hermes tentou negociar e, quando saiu do forte, foi preso. A tropa legalista tinha o efetivo de quatro mil homens.<\/p>\n<p style=\"text-align: justify;\">O Tenente Siqueira Campos assumiu o comando e marcharam pela Avenida Atl\u00e2ntica em dire\u00e7\u00e3o ao Leme.<\/p>\n<p style=\"text-align: justify;\">No percurso, alguns integrantes abandonaram o grupo durante o confronto. Os que se mantiveram em marcha foram derrotados em frente \u00e0 Rua Barroso, atual Siqueira Campos.<\/p>\n<p style=\"text-align: justify;\">Apenas o Tenente Siqueira Campos e o Tenente Eduardo Gomes sobreviveram.<\/p>\n<p style=\"text-align: justify;\">Em homenagem ao 1o Tenente Siqueira Campos, foi erguido um monumento na Avenida Atl\u00e2ntica, em frente \u00e0 Rua Siqueira Campos onde ocorreu o confronto e tamb\u00e9m na entrada do forte.<\/p>\n<p style=\"text-align: justify;\">O Forte de Copacabana \u00e9 um marco na hist\u00f3ria do sistema de defesa da Ba\u00eda de Guanabara.<\/p>\n<p style=\"text-align: justify;\">Quando entramos para visit\u00e1-lo, ao longo do corredor da entrada lateral, em exposi\u00e7\u00e3o permanente, observamos os canh\u00f5es coloniais, de tipos diferentes, caracterizando a sua evolu\u00e7\u00e3o b\u00e9lica ao longo da hist\u00f3ria.<\/p>\n<p style=\"text-align: justify;\">Ao fundo, no interior da casamata de concreto, est\u00e1 parte do aquartelamento do forte. Uma estrutura perfeita para as opera\u00e7\u00f5es de tiro e para sustentar o combate.<\/p>\n<p style=\"text-align: justify;\">O cen\u00e1rio encanta os visitantes.<\/p>\n<p style=\"text-align: justify;\">O contraste das c\u00fapulas girat\u00f3rias met\u00e1licas com as casamatas de concreto oferece um bel\u00edssimo espet\u00e1culo visual.<\/p>\n<p style=\"text-align: justify;\">Os sal\u00f5es de exposi\u00e7\u00e3o complementam a museologia do forte, apresentando os fatos hist\u00f3ricos ocorridos, em \u00e9pocas diversas.<\/p>\n<p style=\"text-align: justify;\">O Museu Hist\u00f3rico do Ex\u00e9rcito e Forte de Copacabana tornou-se um espa\u00e7o cultural conhecido em todo o mundo, pelos grandes eventos que ali s\u00e3o realizados, na \u00e1rea social e cultural, e pela riqueza do seu acervo que est\u00e1 \u00e0 disposi\u00e7\u00e3o de todos.<\/p>\n<h3>Encerramento<\/h3>\n<p style=\"text-align: justify;\">Encerramos a nossa reportagem, deixando um convite especial ao prezado leitor, para que conhe\u00e7a este patrim\u00f4nio hist\u00f3rico e se orgulhe do trabalho realizado no decorrer dos anos, cujo objetivo principal, inicialmente, era manter a seguran\u00e7a da Ba\u00eda de Guanabara.<\/p>\n<p style=\"text-align: justify;\">Hoje, transformado em museu, tornou-se um atrativo tur\u00edstico dos mais visitados na Cidade do Rio de Janeiro.<\/p>\n<p style=\"text-align: justify;\">Paulo Roberto Rodrigues Teixeira \u2013 Coronel de Infantaria e Estado-Maior, \u00e9 natural do Rio de Janeiro. Tem o curso de Estado-Maior e da Escola Superior de Guerra. Atualmente, \u00e9 assessor da FunCEB e redator-chefe da revista DaCultura.<\/p>\n<h6 style=\"text-align: right;\"><em>Publica\u00e7\u00e3o (acima) transcrita da revista DaCultura da FunCEB n\u00ba 21.<\/em><\/h6>\n<h3>Curiosidades<\/h3>\n<ul>\n<li style=\"text-align: justify;\">O grupo gerador do forte fornecia energia el\u00e9trica ao bairro de Copacabana.<\/li>\n<li style=\"text-align: justify;\">Os tiros da artilharia do Forte eram anunciados pelo toque de uma sirene, para que os moradores das vizinhan\u00e7as pudessem abrir as janelas de suas casas, para que as vidra\u00e7as n\u00e3o quebrassem.<\/li>\n<li style=\"text-align: justify;\">Alguns soldados da atual guarni\u00e7\u00e3o, envergam o uniforme hist\u00f3rico da \u00e9poca da inaugura\u00e7\u00e3o, em 1914.<\/li>\n<li style=\"text-align: justify;\">O museu preserva em acervo itens curiosos, como uma mecha dos cabelos de Napole\u00e3o Bonaparte e fragmentos da bandeira do Brasil, portados pelos revoltosos de 1922.<\/li>\n<li style=\"text-align: justify;\">Eduardo Gomes, um dos sobreviventes da revolta de 1922, teve a genit\u00e1lia atingida por um tiro. Posteriormente, fez da bala que o castrou um chaveiro (porta-chaves).<\/li>\n<li style=\"text-align: justify;\">Um monumento em bronze em homenagem a Siqueira Campos, de autoria de H. Bertazoni com baixos relevos de Jos\u00e9 Rangel e I. Paran\u00e1 foi inaugurado em 1936.<\/li>\n<li style=\"text-align: justify;\">Constitui-se em uma herma sobre um pedestal revestido em granito, atr\u00e1s da qual, numa placa de m\u00e1rmore est\u00e1 afixado um alto relevo, tamb\u00e9m em bronze.<\/li>\n<li style=\"text-align: justify;\">Durante muito tempo, no espa\u00e7o do Museu reservado \u00e0 For\u00e7a Expedicion\u00e1ria Brasileira, o destaque foi a figura da oficial Major-enfermeira Elza Cansan\u00e7\u00e3o Medeiros.<\/li>\n<\/ul>\n<h3>Fotos<\/h3>\n<p class=\"jetpack-slideshow-noscript robots-nocontent\">Este slideshow necessita de JavaScript.<\/p><div id=\"gallery-2062-1-slideshow\" class=\"jetpack-slideshow-window jetpack-slideshow jetpack-slideshow-black\" data-trans=\"fade\" data-autostart=\"1\" data-gallery=\"[{&quot;src&quot;:&quot;https:\\\/\\\/www.kanenberg.com.br\\\/fatosfotoseregistros\\\/wp-content\\\/uploads\\\/2016\\\/07\\\/mhefc_09.jpg&quot;,&quot;id&quot;:&quot;2141&quot;,&quot;title&quot;:&quot;mhefc_09&quot;,&quot;alt&quot;:&quot;&quot;,&quot;caption&quot;:&quot;Tasso Fragoso&quot;,&quot;itemprop&quot;:&quot;image&quot;},{&quot;src&quot;:&quot;https:\\\/\\\/www.kanenberg.com.br\\\/fatosfotoseregistros\\\/wp-content\\\/uploads\\\/2016\\\/07\\\/mhefc_04.jpg&quot;,&quot;id&quot;:&quot;2136&quot;,&quot;title&quot;:&quot;mhefc_04&quot;,&quot;alt&quot;:&quot;&quot;,&quot;caption&quot;:&quot;Vis\\u00e3o geral da Fortaleza em constru\\u00e7\\u00e3o&quot;,&quot;itemprop&quot;:&quot;image&quot;},{&quot;src&quot;:&quot;https:\\\/\\\/www.kanenberg.com.br\\\/fatosfotoseregistros\\\/wp-content\\\/uploads\\\/2016\\\/07\\\/mhefc_12.jpg&quot;,&quot;id&quot;:&quot;2144&quot;,&quot;title&quot;:&quot;mhefc_12&quot;,&quot;alt&quot;:&quot;&quot;,&quot;caption&quot;:&quot;Alegoria feita sobre as homenagens a Siqueira Campos na entrada do Forte&quot;,&quot;itemprop&quot;:&quot;image&quot;},{&quot;src&quot;:&quot;https:\\\/\\\/www.kanenberg.com.br\\\/fatosfotoseregistros\\\/wp-content\\\/uploads\\\/2016\\\/07\\\/1922-07-06.jpg&quot;,&quot;id&quot;:&quot;2130&quot;,&quot;title&quot;:&quot;1922.07.06&quot;,&quot;alt&quot;:&quot;&quot;,&quot;caption&quot;:&quot;Jornal de 06\\\/07\\\/1922&quot;,&quot;itemprop&quot;:&quot;image&quot;},{&quot;src&quot;:&quot;https:\\\/\\\/www.kanenberg.com.br\\\/fatosfotoseregistros\\\/wp-content\\\/uploads\\\/2016\\\/07\\\/mhefc_25.jpg&quot;,&quot;id&quot;:&quot;2157&quot;,&quot;title&quot;:&quot;mhefc_25&quot;,&quot;alt&quot;:&quot;&quot;,&quot;caption&quot;:&quot;Canh\\u00f5es&quot;,&quot;itemprop&quot;:&quot;image&quot;},{&quot;src&quot;:&quot;https:\\\/\\\/www.kanenberg.com.br\\\/fatosfotoseregistros\\\/wp-content\\\/uploads\\\/2016\\\/07\\\/mhefc_18.jpg&quot;,&quot;id&quot;:&quot;2150&quot;,&quot;title&quot;:&quot;mhefc_18&quot;,&quot;alt&quot;:&quot;&quot;,&quot;caption&quot;:&quot;Canh\\u00f5es&quot;,&quot;itemprop&quot;:&quot;image&quot;},{&quot;src&quot;:&quot;https:\\\/\\\/www.kanenberg.com.br\\\/fatosfotoseregistros\\\/wp-content\\\/uploads\\\/2016\\\/07\\\/mhefc_15.jpg&quot;,&quot;id&quot;:&quot;2147&quot;,&quot;title&quot;:&quot;mhefc_15&quot;,&quot;alt&quot;:&quot;&quot;,&quot;caption&quot;:&quot;Antigo Gabinete do Comandante&quot;,&quot;itemprop&quot;:&quot;image&quot;},{&quot;src&quot;:&quot;https:\\\/\\\/www.kanenberg.com.br\\\/fatosfotoseregistros\\\/wp-content\\\/uploads\\\/2016\\\/07\\\/mhefc_13.jpg&quot;,&quot;id&quot;:&quot;2145&quot;,&quot;title&quot;:&quot;mhefc_13&quot;,&quot;alt&quot;:&quot;&quot;,&quot;caption&quot;:&quot;Alameda lateral de acesso&quot;,&quot;itemprop&quot;:&quot;image&quot;},{&quot;src&quot;:&quot;https:\\\/\\\/www.kanenberg.com.br\\\/fatosfotoseregistros\\\/wp-content\\\/uploads\\\/2016\\\/07\\\/mhefc_26.jpg&quot;,&quot;id&quot;:&quot;2158&quot;,&quot;title&quot;:&quot;mhefc_26&quot;,&quot;alt&quot;:&quot;&quot;,&quot;caption&quot;:&quot;Canh\\u00f5es&quot;,&quot;itemprop&quot;:&quot;image&quot;},{&quot;src&quot;:&quot;https:\\\/\\\/www.kanenberg.com.br\\\/fatosfotoseregistros\\\/wp-content\\\/uploads\\\/2016\\\/07\\\/mhefc_21.jpg&quot;,&quot;id&quot;:&quot;2153&quot;,&quot;title&quot;:&quot;mhefc_21&quot;,&quot;alt&quot;:&quot;&quot;,&quot;caption&quot;:&quot;Guararapes&quot;,&quot;itemprop&quot;:&quot;image&quot;},{&quot;src&quot;:&quot;https:\\\/\\\/www.kanenberg.com.br\\\/fatosfotoseregistros\\\/wp-content\\\/uploads\\\/2016\\\/07\\\/os_18_do_forte.jpg&quot;,&quot;id&quot;:&quot;2159&quot;,&quot;title&quot;:&quot;Os_18_do_Forte&quot;,&quot;alt&quot;:&quot;&quot;,&quot;caption&quot;:&quot;Os 18 do Forte&quot;,&quot;itemprop&quot;:&quot;image&quot;},{&quot;src&quot;:&quot;https:\\\/\\\/www.kanenberg.com.br\\\/fatosfotoseregistros\\\/wp-content\\\/uploads\\\/2016\\\/07\\\/construc3a7c3a3o-do-pc3b3rtico_1919-1920.jpg&quot;,&quot;id&quot;:&quot;2131&quot;,&quot;title&quot;:&quot;constru\\u00e7\\u00e3o do p\\u00f3rtico_1919-1920&quot;,&quot;alt&quot;:&quot;&quot;,&quot;caption&quot;:&quot;Constru\\u00e7\\u00e3o do p\\u00f3rtico (1919-1920)&quot;,&quot;itemprop&quot;:&quot;image&quot;},{&quot;src&quot;:&quot;https:\\\/\\\/www.kanenberg.com.br\\\/fatosfotoseregistros\\\/wp-content\\\/uploads\\\/2016\\\/07\\\/mhefc_14.jpg&quot;,&quot;id&quot;:&quot;2146&quot;,&quot;title&quot;:&quot;mhefc_14&quot;,&quot;alt&quot;:&quot;&quot;,&quot;caption&quot;:&quot;Entrada do Forte&quot;,&quot;itemprop&quot;:&quot;image&quot;},{&quot;src&quot;:&quot;https:\\\/\\\/www.kanenberg.com.br\\\/fatosfotoseregistros\\\/wp-content\\\/uploads\\\/2016\\\/07\\\/mhefc_06.jpg&quot;,&quot;id&quot;:&quot;2138&quot;,&quot;title&quot;:&quot;mhefc_06&quot;,&quot;alt&quot;:&quot;&quot;,&quot;caption&quot;:&quot;P\\u00f3rtico de entrada do Forte, inaugurado em 1920&quot;,&quot;itemprop&quot;:&quot;image&quot;},{&quot;src&quot;:&quot;https:\\\/\\\/www.kanenberg.com.br\\\/fatosfotoseregistros\\\/wp-content\\\/uploads\\\/2016\\\/07\\\/mhefc_22.jpg&quot;,&quot;id&quot;:&quot;2154&quot;,&quot;title&quot;:&quot;mhefc_22&quot;,&quot;alt&quot;:&quot;&quot;,&quot;caption&quot;:&quot;Ensino Militar&quot;,&quot;itemprop&quot;:&quot;image&quot;},{&quot;src&quot;:&quot;https:\\\/\\\/www.kanenberg.com.br\\\/fatosfotoseregistros\\\/wp-content\\\/uploads\\\/2016\\\/07\\\/mhefc_10.jpg&quot;,&quot;id&quot;:&quot;2142&quot;,&quot;title&quot;:&quot;mhefc_10&quot;,&quot;alt&quot;:&quot;&quot;,&quot;caption&quot;:&quot;Entrada da fortifica\\u00e7\\u00e3o&quot;,&quot;itemprop&quot;:&quot;image&quot;},{&quot;src&quot;:&quot;https:\\\/\\\/www.kanenberg.com.br\\\/fatosfotoseregistros\\\/wp-content\\\/uploads\\\/2016\\\/07\\\/igreja-de-nsra-copacabana-antes-de-1908.jpg&quot;,&quot;id&quot;:&quot;2133&quot;,&quot;title&quot;:&quot;Igreja de NSra Copacabana antes de 1908&quot;,&quot;alt&quot;:&quot;&quot;,&quot;caption&quot;:&quot;Igreja de NSra Copacabana antes de 1908&quot;,&quot;itemprop&quot;:&quot;image&quot;},{&quot;src&quot;:&quot;https:\\\/\\\/www.kanenberg.com.br\\\/fatosfotoseregistros\\\/wp-content\\\/uploads\\\/2016\\\/07\\\/mhefc_23.jpg&quot;,&quot;id&quot;:&quot;2155&quot;,&quot;title&quot;:&quot;mhefc_23&quot;,&quot;alt&quot;:&quot;&quot;,&quot;caption&quot;:&quot;Rondon&quot;,&quot;itemprop&quot;:&quot;image&quot;},{&quot;src&quot;:&quot;https:\\\/\\\/www.kanenberg.com.br\\\/fatosfotoseregistros\\\/wp-content\\\/uploads\\\/2016\\\/07\\\/mhefc_01.jpg&quot;,&quot;id&quot;:&quot;2134&quot;,&quot;title&quot;:&quot;mhefc_01&quot;,&quot;alt&quot;:&quot;&quot;,&quot;caption&quot;:&quot;Vista A\\u00e9rea&quot;,&quot;itemprop&quot;:&quot;image&quot;},{&quot;src&quot;:&quot;https:\\\/\\\/www.kanenberg.com.br\\\/fatosfotoseregistros\\\/wp-content\\\/uploads\\\/2016\\\/07\\\/mhefc_17.jpg&quot;,&quot;id&quot;:&quot;2149&quot;,&quot;title&quot;:&quot;mhefc_17&quot;,&quot;alt&quot;:&quot;&quot;,&quot;caption&quot;:&quot;Entrada da fortifica\\u00e7\\u00e3o&quot;,&quot;itemprop&quot;:&quot;image&quot;},{&quot;src&quot;:&quot;https:\\\/\\\/www.kanenberg.com.br\\\/fatosfotoseregistros\\\/wp-content\\\/uploads\\\/2016\\\/07\\\/mhefc_11.jpg&quot;,&quot;id&quot;:&quot;2143&quot;,&quot;title&quot;:&quot;mhefc_11&quot;,&quot;alt&quot;:&quot;&quot;,&quot;caption&quot;:&quot;Tela de Ivan Wash Rodrigues&quot;,&quot;itemprop&quot;:&quot;image&quot;},{&quot;src&quot;:&quot;https:\\\/\\\/www.kanenberg.com.br\\\/fatosfotoseregistros\\\/wp-content\\\/uploads\\\/2016\\\/07\\\/cc3bapula-de-305mm-montada-em-essen_krupp_alemanha.jpg&quot;,&quot;id&quot;:&quot;2132&quot;,&quot;title&quot;:&quot;C\\u00fapula de 305mm montada em Essen_Krupp_Alemanha&quot;,&quot;alt&quot;:&quot;&quot;,&quot;caption&quot;:&quot;C\\u00fapula de 305mm (montada em Essen Krupp \\u0026#8211; Alemanha)&quot;,&quot;itemprop&quot;:&quot;image&quot;},{&quot;src&quot;:&quot;https:\\\/\\\/www.kanenberg.com.br\\\/fatosfotoseregistros\\\/wp-content\\\/uploads\\\/2016\\\/07\\\/mhefc_20.jpg&quot;,&quot;id&quot;:&quot;2152&quot;,&quot;title&quot;:&quot;mhefc_20&quot;,&quot;alt&quot;:&quot;&quot;,&quot;caption&quot;:&quot;Lanches&quot;,&quot;itemprop&quot;:&quot;image&quot;},{&quot;src&quot;:&quot;https:\\\/\\\/www.kanenberg.com.br\\\/fatosfotoseregistros\\\/wp-content\\\/uploads\\\/2016\\\/07\\\/mhefc_03.jpg&quot;,&quot;id&quot;:&quot;2135&quot;,&quot;title&quot;:&quot;mhefc_03&quot;,&quot;alt&quot;:&quot;&quot;,&quot;caption&quot;:&quot;Igrejinha de Nossa Senhora de Copacabana ou Sacopenabam, como chamavam os ind\\u00edgenas, existente no promont\\u00f3rio onde foi construido o Forte&quot;,&quot;itemprop&quot;:&quot;image&quot;},{&quot;src&quot;:&quot;https:\\\/\\\/www.kanenberg.com.br\\\/fatosfotoseregistros\\\/wp-content\\\/uploads\\\/2016\\\/07\\\/mhefc_24.jpg&quot;,&quot;id&quot;:&quot;2156&quot;,&quot;title&quot;:&quot;mhefc_24&quot;,&quot;alt&quot;:&quot;&quot;,&quot;caption&quot;:&quot;For\\u00e7a Expedicion\\u00e1ria Brasileira&quot;,&quot;itemprop&quot;:&quot;image&quot;},{&quot;src&quot;:&quot;https:\\\/\\\/www.kanenberg.com.br\\\/fatosfotoseregistros\\\/wp-content\\\/uploads\\\/2016\\\/07\\\/mhefc_16.jpg&quot;,&quot;id&quot;:&quot;2148&quot;,&quot;title&quot;:&quot;mhefc_16&quot;,&quot;alt&quot;:&quot;&quot;,&quot;caption&quot;:&quot;Galeria de circula\\u00e7\\u00e3o e de exposi\\u00e7\\u00e3o&quot;,&quot;itemprop&quot;:&quot;image&quot;},{&quot;src&quot;:&quot;https:\\\/\\\/www.kanenberg.com.br\\\/fatosfotoseregistros\\\/wp-content\\\/uploads\\\/2016\\\/07\\\/mhefc_19.jpg&quot;,&quot;id&quot;:&quot;2151&quot;,&quot;title&quot;:&quot;mhefc_19&quot;,&quot;alt&quot;:&quot;&quot;,&quot;caption&quot;:&quot;Vista A\\u00e9rea&quot;,&quot;itemprop&quot;:&quot;image&quot;},{&quot;src&quot;:&quot;https:\\\/\\\/www.kanenberg.com.br\\\/fatosfotoseregistros\\\/wp-content\\\/uploads\\\/2016\\\/07\\\/mhefc_07.jpg&quot;,&quot;id&quot;:&quot;2139&quot;,&quot;title&quot;:&quot;mhefc_07&quot;,&quot;alt&quot;:&quot;&quot;,&quot;caption&quot;:&quot;A guarni\\u00e7\\u00e3o da entrada do forte usando uniforme e armamento da \\u00e9poca da inaugura\\u00e7\\u00e3o&quot;,&quot;itemprop&quot;:&quot;image&quot;},{&quot;src&quot;:&quot;https:\\\/\\\/www.kanenberg.com.br\\\/fatosfotoseregistros\\\/wp-content\\\/uploads\\\/2016\\\/07\\\/mhefc_05.jpg&quot;,&quot;id&quot;:&quot;2137&quot;,&quot;title&quot;:&quot;mhefc_05&quot;,&quot;alt&quot;:&quot;&quot;,&quot;caption&quot;:&quot;Comiss\\u00e3o de Obras visita a constru\\u00e7\\u00e3o&quot;,&quot;itemprop&quot;:&quot;image&quot;},{&quot;src&quot;:&quot;https:\\\/\\\/www.kanenberg.com.br\\\/fatosfotoseregistros\\\/wp-content\\\/uploads\\\/2016\\\/07\\\/mhefc_08.jpg&quot;,&quot;id&quot;:&quot;2140&quot;,&quot;title&quot;:&quot;mhefc_08&quot;,&quot;alt&quot;:&quot;&quot;,&quot;caption&quot;:&quot;Nicolau Durand de Villegaignon&quot;,&quot;itemprop&quot;:&quot;image&quot;}]\" itemscope itemtype=\"https:\/\/schema.org\/ImageGallery\"><\/div>\n<p>&nbsp;<\/p>\n<h3>V\u00eddeos<\/h3>\n<p><span class=\"embed-youtube\" style=\"text-align:center; display: block;\"><iframe loading=\"lazy\" class=\"youtube-player\" width=\"840\" height=\"473\" src=\"https:\/\/www.youtube.com\/embed\/Y-jpZhEkFIo?version=3&#038;rel=1&#038;showsearch=0&#038;showinfo=1&#038;iv_load_policy=1&#038;fs=1&#038;hl=pt-BR&#038;autohide=2&#038;wmode=transparent\" allowfullscreen=\"true\" style=\"border:0;\" sandbox=\"allow-scripts allow-same-origin allow-popups allow-presentation allow-popups-to-escape-sandbox\"><\/iframe><\/span><\/p>\n<p><span class=\"embed-youtube\" style=\"text-align:center; display: block;\"><iframe loading=\"lazy\" class=\"youtube-player\" width=\"840\" height=\"473\" src=\"https:\/\/www.youtube.com\/embed\/sECldh7rv3g?version=3&#038;rel=1&#038;showsearch=0&#038;showinfo=1&#038;iv_load_policy=1&#038;fs=1&#038;hl=pt-BR&#038;autohide=2&#038;wmode=transparent\" allowfullscreen=\"true\" style=\"border:0;\" sandbox=\"allow-scripts allow-same-origin allow-popups allow-presentation allow-popups-to-escape-sandbox\"><\/iframe><\/span><\/p>\n<p>&nbsp;<\/p>\n","protected":false},"excerpt":{"rendered":"<p>O local escolhido para a sua constru\u00e7\u00e3o consistia numa regi\u00e3o cujos rochedos avan\u00e7avam contra o mar em dire\u00e7\u00e3o \u00e0 entrada da Ba\u00eda de Guanabara.<\/p>\n","protected":false},"author":1,"featured_media":0,"comment_status":"open","ping_status":"open","sticky":false,"template":"","format":"standard","meta":{"_exactmetrics_skip_tracking":false,"_jetpack_newsletter_access":"","_jetpack_dont_email_post_to_subs":false,"_jetpack_newsletter_tier_id":0,"_jetpack_memberships_contains_paywalled_content":false,"_jetpack_feature_clip_id":0,"_jetpack_memberships_contains_paid_content":false,"footnotes":"","jetpack_publicize_message":"","jetpack_publicize_feature_enabled":true,"jetpack_social_post_already_shared":true,"jetpack_social_options":{"image_generator_settings":{"template":"highway","default_image_id":0,"font":"","enabled":false},"version":2},"jetpack_post_was_ever_published":false},"categories":[262,282,265,278],"tags":[254,341,255,289],"class_list":["post-2062","post","type-post","status-publish","format-standard","hentry","category-imagem","category-lugares","category-textos","category-video","tag-curiosidades","tag-fortes-e-fortalezas","tag-historia","tag-rio-de-janeiro"],"jetpack_publicize_connections":[],"jetpack_sharing_enabled":true,"jetpack_shortlink":"https:\/\/wp.me\/phkM1X-xg","jetpack-related-posts":[{"id":147,"url":"https:\/\/www.kanenberg.com.br\/fatosfotoseregistros\/morro-da-babilonia\/","url_meta":{"origin":2062,"position":0},"title":"Morro da Babil\u00f4nia","author":"kanenberg","date":"2 de julho de 2015","format":false,"excerpt":"O Morro da Babil\u00f4nia era uma \u00e1rea militar, usada como ponto estrat\u00e9gico no controle da entrada de embarca\u00e7\u00f5es na Ba\u00eda de Guanabara.","rel":"","context":"Em &quot;Imagem&quot;","block_context":{"text":"Imagem","link":"https:\/\/www.kanenberg.com.br\/fatosfotoseregistros\/category\/imagem\/"},"img":{"alt_text":"Copacabana - Babil\u00f4nia","src":"http:\/\/i0.wp.com\/fatosfotoseregistros.files.wordpress.com\/2015\/06\/wpid-wp-1434853041335.jpeg?w=528%3Fw%3D700&resize=350%2C200","width":350,"height":200,"srcset":"http:\/\/i0.wp.com\/fatosfotoseregistros.files.wordpress.com\/2015\/06\/wpid-wp-1434853041335.jpeg?w=528%3Fw%3D700&resize=350%2C200 1x, http:\/\/i0.wp.com\/fatosfotoseregistros.files.wordpress.com\/2015\/06\/wpid-wp-1434853041335.jpeg?w=528%3Fw%3D700&resize=525%2C300 1.5x, http:\/\/i0.wp.com\/fatosfotoseregistros.files.wordpress.com\/2015\/06\/wpid-wp-1434853041335.jpeg?w=528%3Fw%3D700&resize=700%2C400 2x"},"classes":[]},{"id":2858,"url":"https:\/\/www.kanenberg.com.br\/fatosfotoseregistros\/baia-de-guanabara-baleias-e-esportes-olimpicos-extintos\/","url_meta":{"origin":2062,"position":1},"title":"Ba\u00eda de Guanabara, Baleias e Esportes Ol\u00edmpicos Extintos","author":"kanenberg","date":"12 de agosto de 2016","format":false,"excerpt":"Rio um passeio pela hist\u00f3ria com o professor Milton Teixeira, na sua coluna da R\u00e1dio BandNewsFM do dia 12\/08\/2016, falando sobre a Ba\u00eda de Guanabara, Baleias e Esportes Ol\u00edmpicos Extintos.","rel":"","context":"Em &quot;\u00c1udio&quot;","block_context":{"text":"\u00c1udio","link":"https:\/\/www.kanenberg.com.br\/fatosfotoseregistros\/category\/audio\/"},"img":{"alt_text":"cabo_guerra","src":"https:\/\/fatosfotoseregistros.files.wordpress.com\/2016\/08\/cabo_guerra.jpg?w=350&h=200&crop=1","width":350,"height":200},"classes":[]},{"id":99,"url":"https:\/\/www.kanenberg.com.br\/fatosfotoseregistros\/trilha-morro-da-babilonia\/","url_meta":{"origin":2062,"position":2},"title":"Trilha Morro da Babil\u00f4nia","author":"kanenberg","date":"27 de abril de 2015","format":false,"excerpt":"Entre os bairros do Leme, Botafogo, Urca, Babil\u00f4nia e Chap\u00e9u-Mangueira, uma linda trilha, a mais de 230 metros de altitude, guarda muitas surpresas: ru\u00ednas de casamatas...","rel":"","context":"Em &quot;Lugares&quot;","block_context":{"text":"Lugares","link":"https:\/\/www.kanenberg.com.br\/fatosfotoseregistros\/category\/lugares\/"},"img":{"alt_text":"Morro da Babil\u00f4nia","src":"https:\/\/i0.wp.com\/www.kanenberg.com.br\/fatosfotoseregistros\/wp-content\/uploads\/2015\/04\/2015-04-19-11-36-08.jpg?resize=350%2C200&ssl=1","width":350,"height":200,"srcset":"https:\/\/i0.wp.com\/www.kanenberg.com.br\/fatosfotoseregistros\/wp-content\/uploads\/2015\/04\/2015-04-19-11-36-08.jpg?resize=350%2C200&ssl=1 1x, https:\/\/i0.wp.com\/www.kanenberg.com.br\/fatosfotoseregistros\/wp-content\/uploads\/2015\/04\/2015-04-19-11-36-08.jpg?resize=525%2C300&ssl=1 1.5x, https:\/\/i0.wp.com\/www.kanenberg.com.br\/fatosfotoseregistros\/wp-content\/uploads\/2015\/04\/2015-04-19-11-36-08.jpg?resize=700%2C400&ssl=1 2x, https:\/\/i0.wp.com\/www.kanenberg.com.br\/fatosfotoseregistros\/wp-content\/uploads\/2015\/04\/2015-04-19-11-36-08.jpg?resize=1050%2C600&ssl=1 3x, https:\/\/i0.wp.com\/www.kanenberg.com.br\/fatosfotoseregistros\/wp-content\/uploads\/2015\/04\/2015-04-19-11-36-08.jpg?resize=1400%2C800&ssl=1 4x"},"classes":[]},{"id":541,"url":"https:\/\/www.kanenberg.com.br\/fatosfotoseregistros\/forte-da-laje\/","url_meta":{"origin":2062,"position":3},"title":"Forte Tamandar\u00e9 (Forte da Laje)","author":"kanenberg","date":"20 de abril de 2016","format":false,"excerpt":"Laje \u00e9 uma pequena ilha ou ilhota, que mede cerca de 100 metros em sua maior dimens\u00e3o. Certamente o nome Laje \u00e9 decorrente de ser uma ilha de pedra, com forma semelhante \u00e0 um plat\u00f4 de rocha sobre o mar. O nome oficial do Forte da Lage \u00e9 Forte Tamandar\u00e9,\u2026","rel":"","context":"Em &quot;Lugares&quot;","block_context":{"text":"Lugares","link":"https:\/\/www.kanenberg.com.br\/fatosfotoseregistros\/category\/lugares\/"},"img":{"alt_text":"Forte-da-lage-baia-da-guanabara-rio-de-janeiro.jpg","src":"https:\/\/upload.wikimedia.org\/wikipedia\/commons\/4\/49\/Forte-da-lage-baia-da-guanabara-rio-de-janeiro.jpg","width":350,"height":200,"srcset":"https:\/\/upload.wikimedia.org\/wikipedia\/commons\/4\/49\/Forte-da-lage-baia-da-guanabara-rio-de-janeiro.jpg 1x, https:\/\/upload.wikimedia.org\/wikipedia\/commons\/4\/49\/Forte-da-lage-baia-da-guanabara-rio-de-janeiro.jpg 1.5x"},"classes":[]},{"id":5325,"url":"https:\/\/www.kanenberg.com.br\/fatosfotoseregistros\/museu-ilha-das-flores\/","url_meta":{"origin":2062,"position":4},"title":"Museu da Imigra\u00e7\u00e3o da Ilha das Flores: um lugar de chegada, esperan\u00e7a e mem\u00f3ria","author":"kanenberg","date":"18 de fevereiro de 2019","format":false,"excerpt":"Na Ba\u00eda de Guanabara, no munic\u00edpio de S\u00e3o Gon\u00e7alo, encontra-se um lugar que guarda uma importante parte da hist\u00f3ria da imigra\u00e7\u00e3o no Brasil: a Ilha das Flores, onde funcionou, entre 1883 e 1966, a Hospedaria de Imigrantes da Ilha das Flores.","rel":"","context":"Em &quot;Lugares&quot;","block_context":{"text":"Lugares","link":"https:\/\/www.kanenberg.com.br\/fatosfotoseregistros\/category\/lugares\/"},"img":{"alt_text":"Vista do cais de entrada da Hospedaria de Imigrantes, na Ilha das Flores","src":"https:\/\/i0.wp.com\/www.kanenberg.com.br\/fatosfotoseregistros\/wp-content\/uploads\/2019\/02\/ilha_flores_00.jpg.jpg?resize=350%2C200&ssl=1","width":350,"height":200,"srcset":"https:\/\/i0.wp.com\/www.kanenberg.com.br\/fatosfotoseregistros\/wp-content\/uploads\/2019\/02\/ilha_flores_00.jpg.jpg?resize=350%2C200&ssl=1 1x, https:\/\/i0.wp.com\/www.kanenberg.com.br\/fatosfotoseregistros\/wp-content\/uploads\/2019\/02\/ilha_flores_00.jpg.jpg?resize=525%2C300&ssl=1 1.5x, https:\/\/i0.wp.com\/www.kanenberg.com.br\/fatosfotoseregistros\/wp-content\/uploads\/2019\/02\/ilha_flores_00.jpg.jpg?resize=700%2C400&ssl=1 2x, https:\/\/i0.wp.com\/www.kanenberg.com.br\/fatosfotoseregistros\/wp-content\/uploads\/2019\/02\/ilha_flores_00.jpg.jpg?resize=1050%2C600&ssl=1 3x, https:\/\/i0.wp.com\/www.kanenberg.com.br\/fatosfotoseregistros\/wp-content\/uploads\/2019\/02\/ilha_flores_00.jpg.jpg?resize=1400%2C800&ssl=1 4x"},"classes":[]},{"id":6289,"url":"https:\/\/www.kanenberg.com.br\/fatosfotoseregistros\/luz-del-fuego-a-pioneira-do-naturismo-das-cobras-e-da-liberdade-no-rio-de-janeiro\/","url_meta":{"origin":2062,"position":5},"title":"Luz Del Fuego: A pioneira do naturismo, das cobras e da liberdade no Rio de Janeiro","author":"kanenberg","date":"13 de agosto de 2026","format":false,"excerpt":"Se voc\u00ea caminhar pela hist\u00f3ria cultural do Rio de Janeiro em meados do s\u00e9culo XX, encontrar\u00e1 figuras fascinantes, mas poucas foram t\u00e3o ousadas, vision\u00e1rias e pol\u00eamicas quanto Luz Del Fuego. Artista, bailarina, ativista e pioneira do naturismo no Brasil, ela desafiou a moral conservadora de sua \u00e9poca e transformou uma\u2026","rel":"","context":"Em &quot;Lugares&quot;","block_context":{"text":"Lugares","link":"https:\/\/www.kanenberg.com.br\/fatosfotoseregistros\/category\/lugares\/"},"img":{"alt_text":"Luz Del Fuego e suas famosas cobras. Fonte: Wikip\u00e9dia \/ Luz del Fuego \u2013 Wikip\u00e9dia, a enciclop\u00e9dia livre","src":"https:\/\/i0.wp.com\/www.kanenberg.com.br\/fatosfotoseregistros\/wp-content\/uploads\/2026\/08\/Luz-Del-Fuego.jpg?resize=350%2C200&ssl=1","width":350,"height":200},"classes":[]}],"jetpack_likes_enabled":true,"amp_enabled":true,"jetpack_featured_media_url":"","_links":{"self":[{"href":"https:\/\/www.kanenberg.com.br\/fatosfotoseregistros\/wp-json\/wp\/v2\/posts\/2062","targetHints":{"allow":["GET"]}}],"collection":[{"href":"https:\/\/www.kanenberg.com.br\/fatosfotoseregistros\/wp-json\/wp\/v2\/posts"}],"about":[{"href":"https:\/\/www.kanenberg.com.br\/fatosfotoseregistros\/wp-json\/wp\/v2\/types\/post"}],"author":[{"embeddable":true,"href":"https:\/\/www.kanenberg.com.br\/fatosfotoseregistros\/wp-json\/wp\/v2\/users\/1"}],"replies":[{"embeddable":true,"href":"https:\/\/www.kanenberg.com.br\/fatosfotoseregistros\/wp-json\/wp\/v2\/comments?post=2062"}],"version-history":[{"count":3,"href":"https:\/\/www.kanenberg.com.br\/fatosfotoseregistros\/wp-json\/wp\/v2\/posts\/2062\/revisions"}],"predecessor-version":[{"id":6321,"href":"https:\/\/www.kanenberg.com.br\/fatosfotoseregistros\/wp-json\/wp\/v2\/posts\/2062\/revisions\/6321"}],"wp:attachment":[{"href":"https:\/\/www.kanenberg.com.br\/fatosfotoseregistros\/wp-json\/wp\/v2\/media?parent=2062"}],"wp:term":[{"taxonomy":"category","embeddable":true,"href":"https:\/\/www.kanenberg.com.br\/fatosfotoseregistros\/wp-json\/wp\/v2\/categories?post=2062"},{"taxonomy":"post_tag","embeddable":true,"href":"https:\/\/www.kanenberg.com.br\/fatosfotoseregistros\/wp-json\/wp\/v2\/tags?post=2062"}],"curies":[{"name":"wp","href":"https:\/\/api.w.org\/{rel}","templated":true}]}}