{"id":1915,"date":"2016-07-15T15:41:43","date_gmt":"2016-07-15T18:41:43","guid":{"rendered":"https:\/\/fatosfotoseregistros.wordpress.com\/?p=1915"},"modified":"2026-08-09T12:40:23","modified_gmt":"2026-08-09T15:40:23","slug":"vlt-theatro-municipal-maracana-e-trem-pagador","status":"publish","type":"post","link":"https:\/\/www.kanenberg.com.br\/fatosfotoseregistros\/vlt-theatro-municipal-maracana-e-trem-pagador\/","title":{"rendered":"VLT, Theatro Municipal, Maracan\u00e3 e Trem Pagador"},"content":{"rendered":"<p style=\"text-align: justify;\">Rio um passeio pela hist\u00f3ria com o professor Milton Teixeira, na sua coluna da R\u00e1dio BandNewsFM do dia 15\/07\/2016, falando sobre o VLT, Theatro Municipal, Maracan\u00e3 e Assalto ao Trem Pagador.<\/p>\n<p><iframe loading=\"lazy\" title=\"VLT, Theatro Municipal, Maracan\u00e3 e Assalto ao Trem Pagador\" src=\"https:\/\/audiomack.com\/embed\/song\/fatosfotoseregistros\/vlt-theatro-municipal-maracan-e-assalto-ao-trem-pagador\" scrolling=\"no\" width=\"649\" height=\"252\" scrollbars=\"no\" frameborder=\"0\"><\/iframe><\/p>\n","protected":false},"excerpt":{"rendered":"<p>Rio um passeio pela hist\u00f3ria com o professor Milton Teixeira, na sua coluna da R\u00e1dio BandNewsFM do dia 15\/07\/2016, falando sobre o VLT, Theatro Municipal, Maracan\u00e3 e Assalto ao Trem Pagador.<\/p>\n","protected":false},"author":1,"featured_media":0,"comment_status":"open","ping_status":"open","sticky":false,"template":"","format":"standard","meta":{"_exactmetrics_skip_tracking":false,"_jetpack_newsletter_access":"","_jetpack_dont_email_post_to_subs":false,"_jetpack_newsletter_tier_id":0,"_jetpack_memberships_contains_paywalled_content":false,"_jetpack_feature_clip_id":0,"_jetpack_memberships_contains_paid_content":false,"footnotes":"","jetpack_publicize_message":"","jetpack_publicize_feature_enabled":true,"jetpack_social_post_already_shared":true,"jetpack_social_options":{"image_generator_settings":{"template":"highway","default_image_id":0,"font":"","enabled":false},"version":2},"jetpack_post_was_ever_published":false},"categories":[251],"tags":[254,255,256,289],"class_list":["post-1915","post","type-post","status-publish","format-standard","hentry","category-audio","tag-curiosidades","tag-historia","tag-milton-teixeira","tag-rio-de-janeiro"],"jetpack_publicize_connections":[],"jetpack_sharing_enabled":true,"jetpack_shortlink":"https:\/\/wp.me\/phkM1X-uT","jetpack-related-posts":[{"id":2858,"url":"https:\/\/www.kanenberg.com.br\/fatosfotoseregistros\/baia-de-guanabara-baleias-e-esportes-olimpicos-extintos\/","url_meta":{"origin":1915,"position":0},"title":"Ba\u00eda de Guanabara, Baleias e Esportes Ol\u00edmpicos Extintos","author":"kanenberg","date":"12 de agosto de 2016","format":false,"excerpt":"Rio um passeio pela hist\u00f3ria com o professor Milton Teixeira, na sua coluna da R\u00e1dio BandNewsFM do dia 12\/08\/2016, falando sobre a Ba\u00eda de Guanabara, Baleias e Esportes Ol\u00edmpicos Extintos.","rel":"","context":"Em &quot;\u00c1udio&quot;","block_context":{"text":"\u00c1udio","link":"https:\/\/www.kanenberg.com.br\/fatosfotoseregistros\/category\/audio\/"},"img":{"alt_text":"cabo_guerra","src":"https:\/\/fatosfotoseregistros.files.wordpress.com\/2016\/08\/cabo_guerra.jpg?w=350&h=200&crop=1","width":350,"height":200},"classes":[]},{"id":3162,"url":"https:\/\/www.kanenberg.com.br\/fatosfotoseregistros\/getulio-vargas-e-1o-automovel-licenciado\/","url_meta":{"origin":1915,"position":1},"title":"Get\u00falio Vargas e 1\u00ba autom\u00f3vel licenciado","author":"kanenberg","date":"26 de agosto de 2016","format":false,"excerpt":"Rio um passeio pela hist\u00f3ria com o professor Milton Teixeira, na sua coluna da R\u00e1dio BandNewsFM do dia 26\/08\/2016, falando sobre Get\u00falio Vargas e o primeiro autom\u00f3vel licenciado","rel":"","context":"Em &quot;\u00c1udio&quot;","block_context":{"text":"\u00c1udio","link":"https:\/\/www.kanenberg.com.br\/fatosfotoseregistros\/category\/audio\/"},"img":{"alt_text":"getuliodornellesvargas_pq","src":"https:\/\/fatosfotoseregistros.files.wordpress.com\/2016\/08\/getuliodornellesvargas_pq.jpg?w=350&h=200&crop=1","width":350,"height":200},"classes":[]},{"id":4666,"url":"https:\/\/www.kanenberg.com.br\/fatosfotoseregistros\/milton20170901\/","url_meta":{"origin":1915,"position":2},"title":"Milton Teixeira \u2013 Massacre de Vig\u00e1rio Geral, Bonde de Santa Teresa e Revolta da Armada","author":"kanenberg","date":"6 de setembro de 2017","format":false,"excerpt":"Coluna do professor e historiador Milton Teixeira, na r\u00e1dio BandNewsFM Fluminense do dia 01\/09\/2017, falando sobre o Massacre de Vig\u00e1rio Geral, o Bonde de Santa Teresa e a Revolta da Armada.","rel":"","context":"Em &quot;\u00c1udio&quot;","block_context":{"text":"\u00c1udio","link":"https:\/\/www.kanenberg.com.br\/fatosfotoseregistros\/category\/audio\/"},"img":{"alt_text":"","src":"https:\/\/i0.wp.com\/www.kanenberg.com.br\/fatosfotoseregistros\/wp-content\/uploads\/2017\/09\/massacre-de-vigc3a1rio.jpg?resize=350%2C200&ssl=1","width":350,"height":200},"classes":[]},{"id":1230,"url":"https:\/\/www.kanenberg.com.br\/fatosfotoseregistros\/japeri\/","url_meta":{"origin":1915,"position":3},"title":"Cidade de Japeri","author":"kanenberg","date":"5 de julho de 2016","format":false,"excerpt":"A hist\u00f3ria de Japeri come\u00e7a no dia 13 de agosto de 1743, data de sua funda\u00e7\u00e3o, por In\u00e1cio Dias da C\u00e2mara Leme, denominado Morgado de Bel\u00e9m. A partir de 1750, as terras passaram a pertencer \u00e0 Freguesia de Sacra Fam\u00edlia de Tingu\u00e1, pois at\u00e9 ent\u00e3o pertenciam \u00e0 Freguesia de Paty\u2026","rel":"","context":"Em &quot;Imagem&quot;","block_context":{"text":"Imagem","link":"https:\/\/www.kanenberg.com.br\/fatosfotoseregistros\/category\/imagem\/"},"img":{"alt_text":"japeri_1928","src":"https:\/\/i0.wp.com\/www.kanenberg.com.br\/fatosfotoseregistros\/wp-content\/uploads\/2016\/07\/japeri_1928.jpg?resize=350%2C200&ssl=1","width":350,"height":200},"classes":[]},{"id":3527,"url":"https:\/\/www.kanenberg.com.br\/fatosfotoseregistros\/theatro-municipal-ao-anoitecer\/","url_meta":{"origin":1915,"position":4},"title":"Theatro Municipal ao anoitecer","author":"kanenberg","date":"17 de setembro de 2016","format":false,"excerpt":"Inaugurado em 1909, o Theatro Municipal \u00e9 uma das principais casas de espet\u00e1culo do Brasil e da Am\u00e9rica Latina.","rel":"","context":"Em &quot;Imagem&quot;","block_context":{"text":"Imagem","link":"https:\/\/www.kanenberg.com.br\/fatosfotoseregistros\/category\/imagem\/"},"img":{"alt_text":"img_20160911_180305637-01","src":"https:\/\/fatosfotoseregistros.files.wordpress.com\/2016\/09\/img_20160911_180305637-01.jpg?w=350&h=200&crop=1","width":350,"height":200,"srcset":"https:\/\/fatosfotoseregistros.files.wordpress.com\/2016\/09\/img_20160911_180305637-01.jpg?w=350&h=200&crop=1 1x, https:\/\/fatosfotoseregistros.files.wordpress.com\/2016\/09\/img_20160911_180305637-01.jpg?w=525&h=300&crop=1 1.5x, https:\/\/fatosfotoseregistros.files.wordpress.com\/2016\/09\/img_20160911_180305637-01.jpg?w=700&h=400&crop=1 2x"},"classes":[]},{"id":3762,"url":"https:\/\/www.kanenberg.com.br\/fatosfotoseregistros\/documentario-baleia-a-oleo\/","url_meta":{"origin":1915,"position":5},"title":"Document\u00e1rio: Baleia a \u00d3leo","author":"kanenberg","date":"12 de outubro de 2016","format":false,"excerpt":"Este excelente document\u00e1rio, do Canal Futura, tem a participa\u00e7\u00e3o do professor e historiador Milton Teixeira.","rel":"","context":"Em &quot;V\u00eddeo&quot;","block_context":{"text":"V\u00eddeo","link":"https:\/\/www.kanenberg.com.br\/fatosfotoseregistros\/category\/video\/"},"img":{"alt_text":"","src":"https:\/\/i0.wp.com\/img.youtube.com\/vi\/rK8H5aKA0ok\/0.jpg?resize=350%2C200","width":350,"height":200},"classes":[]}],"jetpack_likes_enabled":true,"amp_enabled":true,"jetpack_featured_media_url":"","_links":{"self":[{"href":"https:\/\/www.kanenberg.com.br\/fatosfotoseregistros\/wp-json\/wp\/v2\/posts\/1915","targetHints":{"allow":["GET"]}}],"collection":[{"href":"https:\/\/www.kanenberg.com.br\/fatosfotoseregistros\/wp-json\/wp\/v2\/posts"}],"about":[{"href":"https:\/\/www.kanenberg.com.br\/fatosfotoseregistros\/wp-json\/wp\/v2\/types\/post"}],"author":[{"embeddable":true,"href":"https:\/\/www.kanenberg.com.br\/fatosfotoseregistros\/wp-json\/wp\/v2\/users\/1"}],"replies":[{"embeddable":true,"href":"https:\/\/www.kanenberg.com.br\/fatosfotoseregistros\/wp-json\/wp\/v2\/comments?post=1915"}],"version-history":[{"count":2,"href":"https:\/\/www.kanenberg.com.br\/fatosfotoseregistros\/wp-json\/wp\/v2\/posts\/1915\/revisions"}],"predecessor-version":[{"id":6260,"href":"https:\/\/www.kanenberg.com.br\/fatosfotoseregistros\/wp-json\/wp\/v2\/posts\/1915\/revisions\/6260"}],"wp:attachment":[{"href":"https:\/\/www.kanenberg.com.br\/fatosfotoseregistros\/wp-json\/wp\/v2\/media?parent=1915"}],"wp:term":[{"taxonomy":"category","embeddable":true,"href":"https:\/\/www.kanenberg.com.br\/fatosfotoseregistros\/wp-json\/wp\/v2\/categories?post=1915"},{"taxonomy":"post_tag","embeddable":true,"href":"https:\/\/www.kanenberg.com.br\/fatosfotoseregistros\/wp-json\/wp\/v2\/tags?post=1915"}],"curies":[{"name":"wp","href":"https:\/\/api.w.org\/{rel}","templated":true}]}}