{"id":1886,"date":"2016-07-14T10:05:59","date_gmt":"2016-07-14T13:05:59","guid":{"rendered":"https:\/\/fatosfotoseregistros.wordpress.com\/?p=1886"},"modified":"2026-07-18T22:17:38","modified_gmt":"2026-07-19T01:17:38","slug":"relogio-da-gloria","status":"publish","type":"post","link":"https:\/\/www.kanenberg.com.br\/fatosfotoseregistros\/relogio-da-gloria\/","title":{"rendered":"Rel\u00f3gio da Gl\u00f3ria"},"content":{"rendered":"<p style=\"text-align: justify;\">O belo rel\u00f3gio de quatro faces sobre suporte cil\u00edndrico em granito esculpido integra-se ao corpo da balaustrada que delimitava a antiga localiza\u00e7\u00e3o da praia da Gl\u00f3ria. Foi constru\u00eddo sob a administra\u00e7\u00e3o do prefeito Pereira Passos em 1905 como parte dos melhoramentos urbanos no bairro, que inclu\u00edam ilumina\u00e7\u00e3o p\u00fablica e tratamento de esgotos. \u00c9 um dos marcos mais expressivos do desenvolvimento urban\u00edstico do Rio de Janeiro na Rep\u00fablica Velha.<\/p>\n<figure id=\"attachment_1903\" aria-describedby=\"caption-attachment-1903\" style=\"width: 960px\" class=\"wp-caption aligncenter\"><img loading=\"lazy\" decoding=\"async\" data-attachment-id=\"1903\" data-permalink=\"https:\/\/www.kanenberg.com.br\/fatosfotoseregistros\/relogio-da-gloria\/relogio-da-gloria-1910\/\" data-orig-file=\"https:\/\/www.kanenberg.com.br\/fatosfotoseregistros\/wp-content\/uploads\/2016\/07\/relc3b3gio-da-glc3b3ria-1910.jpg\" data-orig-size=\"960,473\" data-comments-opened=\"1\" data-image-meta=\"{&quot;aperture&quot;:&quot;0&quot;,&quot;credit&quot;:&quot;&quot;,&quot;camera&quot;:&quot;&quot;,&quot;caption&quot;:&quot;&quot;,&quot;created_timestamp&quot;:&quot;0&quot;,&quot;copyright&quot;:&quot;&quot;,&quot;focal_length&quot;:&quot;0&quot;,&quot;iso&quot;:&quot;0&quot;,&quot;shutter_speed&quot;:&quot;0&quot;,&quot;title&quot;:&quot;&quot;,&quot;orientation&quot;:&quot;0&quot;}\" data-image-title=\"Rel\u00f3gio da Gl\u00f3ria &amp;#8211; 1910\" data-image-description=\"\" data-image-caption=\"\" data-large-file=\"https:\/\/www.kanenberg.com.br\/fatosfotoseregistros\/wp-content\/uploads\/2016\/07\/relc3b3gio-da-glc3b3ria-1910.jpg\" class=\" size-full wp-image-1903 aligncenter\" src=\"https:\/\/fatosfotoseregistros.files.wordpress.com\/2016\/07\/relc3b3gio-da-glc3b3ria-1910.jpg\" alt=\"Rel\u00f3gio da Gl\u00f3ria - 1910\" width=\"960\" height=\"473\" srcset=\"https:\/\/www.kanenberg.com.br\/fatosfotoseregistros\/wp-content\/uploads\/2016\/07\/relc3b3gio-da-glc3b3ria-1910.jpg 960w, https:\/\/www.kanenberg.com.br\/fatosfotoseregistros\/wp-content\/uploads\/2016\/07\/relc3b3gio-da-glc3b3ria-1910-300x148.jpg 300w, https:\/\/www.kanenberg.com.br\/fatosfotoseregistros\/wp-content\/uploads\/2016\/07\/relc3b3gio-da-glc3b3ria-1910-768x378.jpg 768w\" sizes=\"auto, (max-width: 960px) 100vw, 960px\" \/><figcaption id=\"caption-attachment-1903\" class=\"wp-caption-text\">Rel\u00f3gio da Gl\u00f3ria &#8211; 1910<\/figcaption><\/figure>\n<p><strong>Curiosidade<\/strong>:<\/p>\n<p style=\"text-align: justify;\">A m\u00e1quina do rel\u00f3gio \u00e9 francesa e foi instalada pelo relojoeiro alem\u00e3o Frederich Krussman. O rel\u00f3gio\u00a0funcionava a energia el\u00e9trica. Mas quando este foi instalado, o bairro da Gl\u00f3ria ainda n\u00e3o contava com rede de distribui\u00e7\u00e3o el\u00e9trica. A \u00fanica fonte el\u00e9trica no local eram os cabos el\u00e9tricos dos bondes da Cia Ferro-Carril do Jardim Bot\u00e2nico, cuja qual se comprometeu em ceder energia para que o rel\u00f3gio pudesse ser inaugurado e entrar em funcionamento em 15 de abril de 1905, sob a administra\u00e7\u00e3o do prefeito Pereira Passos.<\/p>\n<p><strong>Localiza\u00e7\u00e3o<\/strong>:<\/p>\n<div class=\"googlemaps\">\n\t\t\t\t<iframe loading=\"lazy\" width=\"600\" height=\"450\" frameborder=\"0\" scrolling=\"no\" marginheight=\"0\" marginwidth=\"0\"  src=\"https:\/\/www.google.com\/maps\/embed?pb=%211m14%211m12%211m3%211d460.6494775980369%212d-43.17698887448082%213d-22.919745615896357%212m3%211f0%212f0%213f0%213m2%211i1024%212i768%214f13.1%215e0%213m2%211spt-BR%212sbr%214v1468500042323\"><\/iframe>\n\t\t\t<\/div>\n<strong>Tombamento e mais informa\u00e7\u00f5es<\/strong>: <a href=\"http:\/\/www.inepac.rj.gov.br\/index.php\/bens_tombados\/detalhar\/306\" target=\"_blank\" rel=\"noopener\">www.inepac.rj.gov.br<\/a><\/p>\n","protected":false},"excerpt":{"rendered":"<p>O belo rel\u00f3gio de quatro faces sobre suporte cil\u00edndrico em granito esculpido integra-se ao corpo da balaustrada que delimitava a antiga localiza\u00e7\u00e3o da praia da Gl\u00f3ria. Foi constru\u00eddo sob a administra\u00e7\u00e3o do prefeito Pereira Passos em 1905 como parte dos melhoramentos urbanos no bairro, que inclu\u00edam ilumina\u00e7\u00e3o p\u00fablica e tratamento de esgotos.<\/p>\n","protected":false},"author":1,"featured_media":0,"comment_status":"open","ping_status":"open","sticky":false,"template":"","format":"standard","meta":{"_exactmetrics_skip_tracking":false,"_jetpack_newsletter_access":"","_jetpack_dont_email_post_to_subs":false,"_jetpack_newsletter_tier_id":0,"_jetpack_memberships_contains_paywalled_content":false,"_jetpack_feature_clip_id":0,"_jetpack_memberships_contains_paid_content":false,"footnotes":"","jetpack_publicize_message":"","jetpack_publicize_feature_enabled":true,"jetpack_social_post_already_shared":true,"jetpack_social_options":{"image_generator_settings":{"template":"highway","default_image_id":0,"font":"","enabled":false},"version":2},"jetpack_post_was_ever_published":false},"categories":[262,282,265],"tags":[254,351,255,289],"class_list":["post-1886","post","type-post","status-publish","format-standard","hentry","category-imagem","category-lugares","category-textos","tag-curiosidades","tag-gloria","tag-historia","tag-rio-de-janeiro"],"jetpack_publicize_connections":[],"jetpack_sharing_enabled":true,"jetpack_shortlink":"https:\/\/wp.me\/phkM1X-uq","jetpack-related-posts":[{"id":1357,"url":"https:\/\/www.kanenberg.com.br\/fatosfotoseregistros\/central-do-brasil\/","url_meta":{"origin":1886,"position":0},"title":"Central do Brasil","author":"kanenberg","date":"28 de junho de 2016","format":false,"excerpt":"Central do Brasil, lugar conhecido por alguns e desconhecido por outros, admirado por uns e temido por outros, para alguns \u00e9 caminho obrigat\u00f3rio no dia-a-dia, enfim, um lugar cheio de hist\u00f3rias e curiosidades.","rel":"","context":"Em &quot;Imagem&quot;","block_context":{"text":"Imagem","link":"https:\/\/www.kanenberg.com.br\/fatosfotoseregistros\/category\/imagem\/"},"img":{"alt_text":"","src":"https:\/\/i0.wp.com\/www.kanenberg.com.br\/fatosfotoseregistros\/wp-content\/uploads\/2016\/06\/pvargas.jpg?resize=350%2C200&ssl=1","width":350,"height":200,"srcset":"https:\/\/i0.wp.com\/www.kanenberg.com.br\/fatosfotoseregistros\/wp-content\/uploads\/2016\/06\/pvargas.jpg?resize=350%2C200&ssl=1 1x, https:\/\/i0.wp.com\/www.kanenberg.com.br\/fatosfotoseregistros\/wp-content\/uploads\/2016\/06\/pvargas.jpg?resize=525%2C300&ssl=1 1.5x"},"classes":[]},{"id":6135,"url":"https:\/\/www.kanenberg.com.br\/fatosfotoseregistros\/relogio-sol\/","url_meta":{"origin":1886,"position":1},"title":"Monumento do Rel\u00f3gio do Sol","author":"kanenberg","date":"13 de julho de 2026","format":false,"excerpt":"Este Monumento do Rel\u00f3gio do Sol est\u00e1 localizado na Pra\u00e7a Cara Nova (tamb\u00e9m conhecida como Pra\u00e7a Presidente Castelo Branco), no Centro da cidade de Paracambi\/RJ.","rel":"","context":"Em &quot;Imagem&quot;","block_context":{"text":"Imagem","link":"https:\/\/www.kanenberg.com.br\/fatosfotoseregistros\/category\/imagem\/"},"img":{"alt_text":"","src":"https:\/\/i0.wp.com\/www.kanenberg.com.br\/fatosfotoseregistros\/wp-content\/uploads\/2026\/07\/fb_img_17839722641656819786998519087950.jpg?resize=350%2C200&ssl=1","width":350,"height":200,"srcset":"https:\/\/i0.wp.com\/www.kanenberg.com.br\/fatosfotoseregistros\/wp-content\/uploads\/2026\/07\/fb_img_17839722641656819786998519087950.jpg?resize=350%2C200&ssl=1 1x, https:\/\/i0.wp.com\/www.kanenberg.com.br\/fatosfotoseregistros\/wp-content\/uploads\/2026\/07\/fb_img_17839722641656819786998519087950.jpg?resize=525%2C300&ssl=1 1.5x, https:\/\/i0.wp.com\/www.kanenberg.com.br\/fatosfotoseregistros\/wp-content\/uploads\/2026\/07\/fb_img_17839722641656819786998519087950.jpg?resize=700%2C400&ssl=1 2x, https:\/\/i0.wp.com\/www.kanenberg.com.br\/fatosfotoseregistros\/wp-content\/uploads\/2026\/07\/fb_img_17839722641656819786998519087950.jpg?resize=1050%2C600&ssl=1 3x"},"classes":[]},{"id":2169,"url":"https:\/\/www.kanenberg.com.br\/fatosfotoseregistros\/a-lenda-da-pedra-da-onca\/","url_meta":{"origin":1886,"position":2},"title":"A Lenda da Pedra da On\u00e7a","author":"kanenberg","date":"21 de julho de 2016","format":false,"excerpt":"Existe uma escultura de uma Gato Maracaj\u00e1 sobre a Pedra dos Amores que fica na praia do Bananal, na Ilha do Governador (cidade do Rio de Janeiro). Essa escultura, da d\u00e9cada de 1920, \u00e9 fruto de famosa lenda e se tornou um s\u00edmbolo daquele bairro.","rel":"","context":"Em &quot;Textos&quot;","block_context":{"text":"Textos","link":"https:\/\/www.kanenberg.com.br\/fatosfotoseregistros\/category\/textos\/"},"img":{"alt_text":"pedra_onca_1954","src":"https:\/\/fatosfotoseregistros.files.wordpress.com\/2016\/07\/pedra_onca_1954.jpg?w=350&h=200&crop=1","width":350,"height":200},"classes":[]},{"id":2062,"url":"https:\/\/www.kanenberg.com.br\/fatosfotoseregistros\/museu-historico-do-exercito-e-forte-de-copacabana\/","url_meta":{"origin":1886,"position":3},"title":"Museu Hist\u00f3rico do Ex\u00e9rcito e Forte de Copacabana","author":"kanenberg","date":"19 de julho de 2016","format":false,"excerpt":"O local escolhido para a sua constru\u00e7\u00e3o consistia numa regi\u00e3o cujos rochedos avan\u00e7avam contra o mar em dire\u00e7\u00e3o \u00e0 entrada da Ba\u00eda de Guanabara.","rel":"","context":"Em &quot;Imagem&quot;","block_context":{"text":"Imagem","link":"https:\/\/www.kanenberg.com.br\/fatosfotoseregistros\/category\/imagem\/"},"img":{"alt_text":"","src":"https:\/\/i0.wp.com\/www.kanenberg.com.br\/fatosfotoseregistros\/wp-content\/uploads\/2016\/07\/1922-07-06-150x150.jpg?resize=350%2C200&ssl=1","width":350,"height":200,"srcset":"https:\/\/i0.wp.com\/www.kanenberg.com.br\/fatosfotoseregistros\/wp-content\/uploads\/2016\/07\/1922-07-06-150x150.jpg?resize=350%2C200&ssl=1 1x, https:\/\/i0.wp.com\/www.kanenberg.com.br\/fatosfotoseregistros\/wp-content\/uploads\/2016\/07\/1922-07-06-150x150.jpg?resize=525%2C300&ssl=1 1.5x"},"classes":[]},{"id":5343,"url":"https:\/\/www.kanenberg.com.br\/fatosfotoseregistros\/do-caminho-do-boi-aos-tabajaras-a-historia-e-as-curiosidades-de-uma-das-ladeiras-mais-famosas-do-rio\/","url_meta":{"origin":1886,"position":4},"title":"Do Caminho do Boi aos Tabajaras: A Hist\u00f3ria e as Curiosidades de uma das Ladeiras Mais Famosas do Rio","author":"kanenberg","date":"14 de fevereiro de 2019","format":false,"excerpt":"Quem passa hoje pelo in\u00edcio da Ladeira dos Tabajaras, logo na altura da Rua Siqueira Campos, em Copacabana, dificilmente imagina que aquele corredor urbano j\u00e1 foi uma rota estreita e poeirenta usada para o transporte de gado no s\u00e9culo XIX.","rel":"","context":"Em &quot;Lugares&quot;","block_context":{"text":"Lugares","link":"https:\/\/www.kanenberg.com.br\/fatosfotoseregistros\/category\/lugares\/"},"img":{"alt_text":"Ladeira dos Tabajaras","src":"https:\/\/i0.wp.com\/www.kanenberg.com.br\/fatosfotoseregistros\/wp-content\/uploads\/2019\/02\/FB_IMG_1550139554943.jpg?resize=350%2C200&ssl=1","width":350,"height":200,"srcset":"https:\/\/i0.wp.com\/www.kanenberg.com.br\/fatosfotoseregistros\/wp-content\/uploads\/2019\/02\/FB_IMG_1550139554943.jpg?resize=350%2C200&ssl=1 1x, https:\/\/i0.wp.com\/www.kanenberg.com.br\/fatosfotoseregistros\/wp-content\/uploads\/2019\/02\/FB_IMG_1550139554943.jpg?resize=525%2C300&ssl=1 1.5x, https:\/\/i0.wp.com\/www.kanenberg.com.br\/fatosfotoseregistros\/wp-content\/uploads\/2019\/02\/FB_IMG_1550139554943.jpg?resize=700%2C400&ssl=1 2x"},"classes":[]},{"id":846,"url":"https:\/\/www.kanenberg.com.br\/fatosfotoseregistros\/ruinas-do-matadouro-de-santa-cruz\/","url_meta":{"origin":1886,"position":5},"title":"Ru\u00ednas do Matadouro de Santa Cruz","author":"kanenberg","date":"24 de maio de 2016","format":false,"excerpt":"O Matadouro de Santa Cruz foi uma importante unidade industrial para abastecimento de carne do munic\u00edpio do Rio de Janeiro que funcionou do final do s\u00e9culo XIX at\u00e9 a segunda metade do s\u00e9culo XX no bairro de Santa Cruz...","rel":"","context":"Em &quot;Imagem&quot;","block_context":{"text":"Imagem","link":"https:\/\/www.kanenberg.com.br\/fatosfotoseregistros\/category\/imagem\/"},"img":{"alt_text":"","src":"https:\/\/i0.wp.com\/www.kanenberg.com.br\/fatosfotoseregistros\/wp-content\/uploads\/2016\/05\/img_20150628_140955441.jpg?resize=350%2C200&ssl=1","width":350,"height":200,"srcset":"https:\/\/i0.wp.com\/www.kanenberg.com.br\/fatosfotoseregistros\/wp-content\/uploads\/2016\/05\/img_20150628_140955441.jpg?resize=350%2C200&ssl=1 1x, https:\/\/i0.wp.com\/www.kanenberg.com.br\/fatosfotoseregistros\/wp-content\/uploads\/2016\/05\/img_20150628_140955441.jpg?resize=525%2C300&ssl=1 1.5x, https:\/\/i0.wp.com\/www.kanenberg.com.br\/fatosfotoseregistros\/wp-content\/uploads\/2016\/05\/img_20150628_140955441.jpg?resize=700%2C400&ssl=1 2x, https:\/\/i0.wp.com\/www.kanenberg.com.br\/fatosfotoseregistros\/wp-content\/uploads\/2016\/05\/img_20150628_140955441.jpg?resize=1050%2C600&ssl=1 3x, https:\/\/i0.wp.com\/www.kanenberg.com.br\/fatosfotoseregistros\/wp-content\/uploads\/2016\/05\/img_20150628_140955441.jpg?resize=1400%2C800&ssl=1 4x"},"classes":[]}],"jetpack_likes_enabled":true,"amp_enabled":true,"jetpack_featured_media_url":"","_links":{"self":[{"href":"https:\/\/www.kanenberg.com.br\/fatosfotoseregistros\/wp-json\/wp\/v2\/posts\/1886","targetHints":{"allow":["GET"]}}],"collection":[{"href":"https:\/\/www.kanenberg.com.br\/fatosfotoseregistros\/wp-json\/wp\/v2\/posts"}],"about":[{"href":"https:\/\/www.kanenberg.com.br\/fatosfotoseregistros\/wp-json\/wp\/v2\/types\/post"}],"author":[{"embeddable":true,"href":"https:\/\/www.kanenberg.com.br\/fatosfotoseregistros\/wp-json\/wp\/v2\/users\/1"}],"replies":[{"embeddable":true,"href":"https:\/\/www.kanenberg.com.br\/fatosfotoseregistros\/wp-json\/wp\/v2\/comments?post=1886"}],"version-history":[{"count":3,"href":"https:\/\/www.kanenberg.com.br\/fatosfotoseregistros\/wp-json\/wp\/v2\/posts\/1886\/revisions"}],"predecessor-version":[{"id":6148,"href":"https:\/\/www.kanenberg.com.br\/fatosfotoseregistros\/wp-json\/wp\/v2\/posts\/1886\/revisions\/6148"}],"wp:attachment":[{"href":"https:\/\/www.kanenberg.com.br\/fatosfotoseregistros\/wp-json\/wp\/v2\/media?parent=1886"}],"wp:term":[{"taxonomy":"category","embeddable":true,"href":"https:\/\/www.kanenberg.com.br\/fatosfotoseregistros\/wp-json\/wp\/v2\/categories?post=1886"},{"taxonomy":"post_tag","embeddable":true,"href":"https:\/\/www.kanenberg.com.br\/fatosfotoseregistros\/wp-json\/wp\/v2\/tags?post=1886"}],"curies":[{"name":"wp","href":"https:\/\/api.w.org\/{rel}","templated":true}]}}