{"id":1848,"date":"2016-07-12T08:25:20","date_gmt":"2016-07-12T11:25:20","guid":{"rendered":"https:\/\/fatosfotoseregistros.wordpress.com\/?p=1848"},"modified":"2026-08-09T12:46:23","modified_gmt":"2026-08-09T15:46:23","slug":"favela-da-catacumba","status":"publish","type":"post","link":"https:\/\/www.kanenberg.com.br\/fatosfotoseregistros\/favela-da-catacumba\/","title":{"rendered":"Favela da Catacumba"},"content":{"rendered":"<p style=\"text-align: justify;\">Muitos moradores da cidade do Rio de Janeiro, que com frequ\u00eancia passam pelas proximidades da Lagoa Rodrigo de Freitas, sequer conhecer o Parque da Catacumba. Outros at\u00e9 conhecem ou j\u00e1 viram a presen\u00e7a do parque mas desconhecem que o local j\u00e1 abrigou uma favela noutra \u00e9poca.<\/p>\n<p style=\"text-align: justify;\">Para a origem do nome Catacumba h\u00e1 uma lenda que afirma que o local era usado por \u00edndio como cemit\u00e9rio. No entanto, nunca houve confirma\u00e7\u00e3o deste fato. Sequer foram encontrados vest\u00edgios.<\/p>\n<p style=\"text-align: justify;\">J\u00e1 no in\u00edcio do s\u00e9culo XX, o local que pertencia \u00e0 Baronesa da Lagoa Rodrigo de Freitas, sendo conhecido o local como Ch\u00e1cara da Catacumba. Conforme registram alguns livros, a Baronesa teria deixado via testamento essas suas terras para seus ex-escravos, que passaram a ocupar as terras ap\u00f3s a sua morte.<\/p>\n<p style=\"text-align: justify;\">Os primeiros casebres e barracos da favela come\u00e7aram a ser erguidos na d\u00e9cada de 30. Todavia o auge do crescimento demogr\u00e1fico ocorreu na d\u00e9cada de 40, com a chegada de migrantes nordestinos. Desde ent\u00e3o, a mata local foi gradativamente sendo derrubada e a favela foi crescendo a todo vapor.<\/p>\n<p style=\"text-align: justify;\">Em 1970, durante gest\u00e3o de Negr\u00e3o de Lima, a favela ali instalada foi removida. Na ocasi\u00e3o, a favela contava com mais de 2000 barracos onde viviam mais de 10000 pessoas em p\u00e9ssimas condi\u00e7\u00f5es, sem servi\u00e7o de \u00e1gua pot\u00e1vel e o esgoto in natura sendo despejado diretamente na Lagoa Rodrigo de Freitas. Al\u00e9m \u00e9 claro dos riscos de inc\u00eandios e deslizamentos.<\/p>\n<p style=\"text-align: justify;\">A grande maioria das fam\u00edlias ali instaladas foram removidas para conjuntos habitacionais como o do Quitungo na Penha, e outros conjuntos na Cidade de Deus e Vila Kennedy. Desse modo, muitas fam\u00edlias al\u00e9m de terem sido removidas \u00e0 for\u00e7a e contra sua vontade ainda perdiam a proximidade do seu trabalho.<\/p>\n<p style=\"text-align: justify;\">Com a remo\u00e7\u00e3o da favela e para evitar que o local fosse novamente ocupado, o local passou por um processo de reflorestamento e conten\u00e7\u00e3o de encostas.<\/p>\n<p style=\"text-align: justify;\">Na d\u00e9cada de 80, a t\u00e9cnica de reflorestamento utilizava principalmente mudas de \u00e1rvores prim\u00e1rias (crescimento r\u00e1pido e que servir de sombra para as demais). S\u00f3 em 1999 foi realizado o plantio de esp\u00e9cies secund\u00e1rias.<\/p>\n<p style=\"text-align: justify;\">Foi assim que nasceu o atual Parque Natural Municipal da Catacumba.<\/p>\n<p style=\"text-align: justify;\">O parque tamb\u00e9m ficou conhecido na d\u00e9cada de 80 por abrigar shows gratuitos de m\u00fasica ao ar livre, geralmente aos domingos. O p\u00fablico se sentava na grama e apreciava shows de m\u00fasicos como os saxofonistas Leo Gandelman, Mauro Senise, o guitarrista Ricardo Silveira e o violonista argentino Victor Biglione.<\/p>\n<p style=\"text-align: justify;\">Em 2008, a prefeitura, por meio de suas secretarias de Meio Ambiente e Turismo, iniciou um projeto inovador de abertura dos Parques Municipais para atividades de Ecoturismo e Turismo de Aventura. O Parque da Catacumba era um deles. Com isso, foram instalados em sua \u00e1rea equipamentos de turismo de aventura e belas esculturas.<\/p>\n<p><img loading=\"lazy\" decoding=\"async\" data-attachment-id=\"1854\" data-permalink=\"https:\/\/www.kanenberg.com.br\/fatosfotoseregistros\/favela-da-catacumba\/jb_09-09-1967\/\" data-orig-file=\"https:\/\/www.kanenberg.com.br\/fatosfotoseregistros\/wp-content\/uploads\/2016\/07\/jb_09-09-1967.jpg\" data-orig-size=\"367,539\" data-comments-opened=\"1\" data-image-meta=\"{&quot;aperture&quot;:&quot;0&quot;,&quot;credit&quot;:&quot;&quot;,&quot;camera&quot;:&quot;&quot;,&quot;caption&quot;:&quot;&quot;,&quot;created_timestamp&quot;:&quot;0&quot;,&quot;copyright&quot;:&quot;&quot;,&quot;focal_length&quot;:&quot;0&quot;,&quot;iso&quot;:&quot;0&quot;,&quot;shutter_speed&quot;:&quot;0&quot;,&quot;title&quot;:&quot;&quot;,&quot;orientation&quot;:&quot;0&quot;}\" data-image-title=\"jb_09-09-1967\" data-image-description=\"\" data-image-caption=\"\" data-large-file=\"https:\/\/www.kanenberg.com.br\/fatosfotoseregistros\/wp-content\/uploads\/2016\/07\/jb_09-09-1967.jpg\" class=\" size-full wp-image-1854 aligncenter\" src=\"https:\/\/fatosfotoseregistros.files.wordpress.com\/2016\/07\/jb_09-09-1967.jpg\" alt=\"jb_09-09-1967\" width=\"367\" height=\"539\" srcset=\"https:\/\/www.kanenberg.com.br\/fatosfotoseregistros\/wp-content\/uploads\/2016\/07\/jb_09-09-1967.jpg 367w, https:\/\/www.kanenberg.com.br\/fatosfotoseregistros\/wp-content\/uploads\/2016\/07\/jb_09-09-1967-204x300.jpg 204w\" sizes=\"auto, (max-width: 367px) 100vw, 367px\" \/><\/p>\n<p><img loading=\"lazy\" decoding=\"async\" data-attachment-id=\"1850\" data-permalink=\"https:\/\/www.kanenberg.com.br\/fatosfotoseregistros\/favela-da-catacumba\/img_20160503_130551\/\" data-orig-file=\"https:\/\/www.kanenberg.com.br\/fatosfotoseregistros\/wp-content\/uploads\/2016\/07\/img_20160503_130551.jpg\" data-orig-size=\"1945,1442\" data-comments-opened=\"1\" data-image-meta=\"{&quot;aperture&quot;:&quot;0&quot;,&quot;credit&quot;:&quot;&quot;,&quot;camera&quot;:&quot;&quot;,&quot;caption&quot;:&quot;&quot;,&quot;created_timestamp&quot;:&quot;0&quot;,&quot;copyright&quot;:&quot;&quot;,&quot;focal_length&quot;:&quot;0&quot;,&quot;iso&quot;:&quot;0&quot;,&quot;shutter_speed&quot;:&quot;0&quot;,&quot;title&quot;:&quot;&quot;,&quot;orientation&quot;:&quot;0&quot;}\" data-image-title=\"IMG_20160503_130551\" data-image-description=\"\" data-image-caption=\"\" data-large-file=\"https:\/\/www.kanenberg.com.br\/fatosfotoseregistros\/wp-content\/uploads\/2016\/07\/img_20160503_130551-1024x759.jpg\" class=\" size-full wp-image-1850 aligncenter\" src=\"https:\/\/fatosfotoseregistros.files.wordpress.com\/2016\/07\/img_20160503_130551.jpg\" alt=\"IMG_20160503_130551\" width=\"1945\" height=\"1442\" srcset=\"https:\/\/www.kanenberg.com.br\/fatosfotoseregistros\/wp-content\/uploads\/2016\/07\/img_20160503_130551.jpg 1945w, https:\/\/www.kanenberg.com.br\/fatosfotoseregistros\/wp-content\/uploads\/2016\/07\/img_20160503_130551-300x222.jpg 300w, https:\/\/www.kanenberg.com.br\/fatosfotoseregistros\/wp-content\/uploads\/2016\/07\/img_20160503_130551-768x569.jpg 768w, https:\/\/www.kanenberg.com.br\/fatosfotoseregistros\/wp-content\/uploads\/2016\/07\/img_20160503_130551-1024x759.jpg 1024w\" sizes=\"auto, (max-width: 1945px) 100vw, 1945px\" \/><\/p>\n<p><img loading=\"lazy\" decoding=\"async\" data-attachment-id=\"1865\" data-permalink=\"https:\/\/www.kanenberg.com.br\/fatosfotoseregistros\/catacumba_aterro_lagoa\/\" data-orig-file=\"https:\/\/www.kanenberg.com.br\/fatosfotoseregistros\/wp-content\/uploads\/2016\/07\/catacumba_aterro_lagoa.jpg\" data-orig-size=\"600,386\" data-comments-opened=\"1\" data-image-meta=\"{&quot;aperture&quot;:&quot;0&quot;,&quot;credit&quot;:&quot;&quot;,&quot;camera&quot;:&quot;&quot;,&quot;caption&quot;:&quot;&quot;,&quot;created_timestamp&quot;:&quot;0&quot;,&quot;copyright&quot;:&quot;&quot;,&quot;focal_length&quot;:&quot;0&quot;,&quot;iso&quot;:&quot;0&quot;,&quot;shutter_speed&quot;:&quot;0&quot;,&quot;title&quot;:&quot;&quot;,&quot;orientation&quot;:&quot;0&quot;,&quot;alt&quot;:&quot;&quot;}\" data-image-title=\"catacumba_aterro_lagoa\" data-image-description=\"\" data-image-caption=\"\" data-large-file=\"https:\/\/www.kanenberg.com.br\/fatosfotoseregistros\/wp-content\/uploads\/2016\/07\/catacumba_aterro_lagoa.jpg\" class=\" size-full wp-image-1865 aligncenter\" src=\"https:\/\/fatosfotoseregistros.files.wordpress.com\/2016\/07\/catacumba_aterro_lagoa.jpg\" alt=\"catacumba_aterro_lagoa\" width=\"600\" height=\"386\" srcset=\"https:\/\/www.kanenberg.com.br\/fatosfotoseregistros\/wp-content\/uploads\/2016\/07\/catacumba_aterro_lagoa.jpg 600w, https:\/\/www.kanenberg.com.br\/fatosfotoseregistros\/wp-content\/uploads\/2016\/07\/catacumba_aterro_lagoa-300x193.jpg 300w\" sizes=\"auto, (max-width: 600px) 100vw, 600px\" \/><\/p>\n<p><img loading=\"lazy\" decoding=\"async\" data-attachment-id=\"1866\" data-permalink=\"https:\/\/www.kanenberg.com.br\/fatosfotoseregistros\/catacumba_sem_data\/\" data-orig-file=\"https:\/\/www.kanenberg.com.br\/fatosfotoseregistros\/wp-content\/uploads\/2016\/07\/catacumba_sem_data.jpg\" data-orig-size=\"600,415\" data-comments-opened=\"1\" data-image-meta=\"{&quot;aperture&quot;:&quot;0&quot;,&quot;credit&quot;:&quot;&quot;,&quot;camera&quot;:&quot;&quot;,&quot;caption&quot;:&quot;&quot;,&quot;created_timestamp&quot;:&quot;0&quot;,&quot;copyright&quot;:&quot;&quot;,&quot;focal_length&quot;:&quot;0&quot;,&quot;iso&quot;:&quot;0&quot;,&quot;shutter_speed&quot;:&quot;0&quot;,&quot;title&quot;:&quot;&quot;,&quot;orientation&quot;:&quot;0&quot;,&quot;alt&quot;:&quot;&quot;}\" data-image-title=\"catacumba_sem_data\" data-image-description=\"\" data-image-caption=\"\" data-large-file=\"https:\/\/www.kanenberg.com.br\/fatosfotoseregistros\/wp-content\/uploads\/2016\/07\/catacumba_sem_data.jpg\" class=\" size-full wp-image-1866 aligncenter\" src=\"https:\/\/fatosfotoseregistros.files.wordpress.com\/2016\/07\/catacumba_sem_data.jpg\" alt=\"catacumba_sem_data\" width=\"600\" height=\"415\" srcset=\"https:\/\/www.kanenberg.com.br\/fatosfotoseregistros\/wp-content\/uploads\/2016\/07\/catacumba_sem_data.jpg 600w, https:\/\/www.kanenberg.com.br\/fatosfotoseregistros\/wp-content\/uploads\/2016\/07\/catacumba_sem_data-300x208.jpg 300w\" sizes=\"auto, (max-width: 600px) 100vw, 600px\" \/><\/p>\n<p><img loading=\"lazy\" decoding=\"async\" data-attachment-id=\"1867\" data-permalink=\"https:\/\/www.kanenberg.com.br\/fatosfotoseregistros\/catacumba1\/\" data-orig-file=\"https:\/\/www.kanenberg.com.br\/fatosfotoseregistros\/wp-content\/uploads\/2016\/07\/catacumba1.jpg\" data-orig-size=\"600,554\" data-comments-opened=\"1\" data-image-meta=\"{&quot;aperture&quot;:&quot;0&quot;,&quot;credit&quot;:&quot;&quot;,&quot;camera&quot;:&quot;&quot;,&quot;caption&quot;:&quot;&quot;,&quot;created_timestamp&quot;:&quot;0&quot;,&quot;copyright&quot;:&quot;&quot;,&quot;focal_length&quot;:&quot;0&quot;,&quot;iso&quot;:&quot;0&quot;,&quot;shutter_speed&quot;:&quot;0&quot;,&quot;title&quot;:&quot;&quot;,&quot;orientation&quot;:&quot;0&quot;,&quot;alt&quot;:&quot;&quot;}\" data-image-title=\"catacumba1\" data-image-description=\"\" data-image-caption=\"\" data-large-file=\"https:\/\/www.kanenberg.com.br\/fatosfotoseregistros\/wp-content\/uploads\/2016\/07\/catacumba1.jpg\" class=\" size-full wp-image-1867 aligncenter\" src=\"https:\/\/fatosfotoseregistros.files.wordpress.com\/2016\/07\/catacumba1.jpg\" alt=\"catacumba1\" width=\"600\" height=\"554\" srcset=\"https:\/\/www.kanenberg.com.br\/fatosfotoseregistros\/wp-content\/uploads\/2016\/07\/catacumba1.jpg 600w, https:\/\/www.kanenberg.com.br\/fatosfotoseregistros\/wp-content\/uploads\/2016\/07\/catacumba1-300x277.jpg 300w\" sizes=\"auto, (max-width: 600px) 100vw, 600px\" \/><\/p>\n<p><img loading=\"lazy\" decoding=\"async\" data-attachment-id=\"1868\" data-permalink=\"https:\/\/www.kanenberg.com.br\/fatosfotoseregistros\/catacumba2\/\" data-orig-file=\"https:\/\/www.kanenberg.com.br\/fatosfotoseregistros\/wp-content\/uploads\/2016\/07\/catacumba2.jpg\" data-orig-size=\"600,390\" data-comments-opened=\"1\" data-image-meta=\"{&quot;aperture&quot;:&quot;0&quot;,&quot;credit&quot;:&quot;&quot;,&quot;camera&quot;:&quot;&quot;,&quot;caption&quot;:&quot;&quot;,&quot;created_timestamp&quot;:&quot;0&quot;,&quot;copyright&quot;:&quot;&quot;,&quot;focal_length&quot;:&quot;0&quot;,&quot;iso&quot;:&quot;0&quot;,&quot;shutter_speed&quot;:&quot;0&quot;,&quot;title&quot;:&quot;&quot;,&quot;orientation&quot;:&quot;0&quot;,&quot;alt&quot;:&quot;&quot;}\" data-image-title=\"catacumba2\" data-image-description=\"\" data-image-caption=\"\" data-large-file=\"https:\/\/www.kanenberg.com.br\/fatosfotoseregistros\/wp-content\/uploads\/2016\/07\/catacumba2.jpg\" class=\" size-full wp-image-1868 aligncenter\" src=\"https:\/\/fatosfotoseregistros.files.wordpress.com\/2016\/07\/catacumba2.jpg\" alt=\"catacumba2\" width=\"600\" height=\"390\" srcset=\"https:\/\/www.kanenberg.com.br\/fatosfotoseregistros\/wp-content\/uploads\/2016\/07\/catacumba2.jpg 600w, https:\/\/www.kanenberg.com.br\/fatosfotoseregistros\/wp-content\/uploads\/2016\/07\/catacumba2-300x195.jpg 300w\" sizes=\"auto, (max-width: 600px) 100vw, 600px\" \/><\/p>\n<p><img loading=\"lazy\" decoding=\"async\" data-attachment-id=\"1870\" data-permalink=\"https:\/\/www.kanenberg.com.br\/fatosfotoseregistros\/catacumba1970_1\/\" data-orig-file=\"https:\/\/www.kanenberg.com.br\/fatosfotoseregistros\/wp-content\/uploads\/2016\/07\/catacumba1970_1.jpg\" data-orig-size=\"600,374\" data-comments-opened=\"1\" data-image-meta=\"{&quot;aperture&quot;:&quot;0&quot;,&quot;credit&quot;:&quot;&quot;,&quot;camera&quot;:&quot;&quot;,&quot;caption&quot;:&quot;&quot;,&quot;created_timestamp&quot;:&quot;0&quot;,&quot;copyright&quot;:&quot;&quot;,&quot;focal_length&quot;:&quot;0&quot;,&quot;iso&quot;:&quot;0&quot;,&quot;shutter_speed&quot;:&quot;0&quot;,&quot;title&quot;:&quot;&quot;,&quot;orientation&quot;:&quot;0&quot;,&quot;alt&quot;:&quot;&quot;}\" data-image-title=\"catacumba1970_1\" data-image-description=\"\" data-image-caption=\"\" data-large-file=\"https:\/\/www.kanenberg.com.br\/fatosfotoseregistros\/wp-content\/uploads\/2016\/07\/catacumba1970_1.jpg\" class=\" size-full wp-image-1870 aligncenter\" src=\"https:\/\/fatosfotoseregistros.files.wordpress.com\/2016\/07\/catacumba1970_1.jpg\" alt=\"catacumba1970_1\" width=\"600\" height=\"374\" srcset=\"https:\/\/www.kanenberg.com.br\/fatosfotoseregistros\/wp-content\/uploads\/2016\/07\/catacumba1970_1.jpg 600w, https:\/\/www.kanenberg.com.br\/fatosfotoseregistros\/wp-content\/uploads\/2016\/07\/catacumba1970_1-300x187.jpg 300w\" sizes=\"auto, (max-width: 600px) 100vw, 600px\" \/><\/p>\n<p><img loading=\"lazy\" decoding=\"async\" data-attachment-id=\"1871\" data-permalink=\"https:\/\/www.kanenberg.com.br\/fatosfotoseregistros\/catacumba1970_2\/\" data-orig-file=\"https:\/\/www.kanenberg.com.br\/fatosfotoseregistros\/wp-content\/uploads\/2016\/07\/catacumba1970_2.jpg\" data-orig-size=\"600,381\" data-comments-opened=\"1\" data-image-meta=\"{&quot;aperture&quot;:&quot;0&quot;,&quot;credit&quot;:&quot;&quot;,&quot;camera&quot;:&quot;&quot;,&quot;caption&quot;:&quot;&quot;,&quot;created_timestamp&quot;:&quot;0&quot;,&quot;copyright&quot;:&quot;&quot;,&quot;focal_length&quot;:&quot;0&quot;,&quot;iso&quot;:&quot;0&quot;,&quot;shutter_speed&quot;:&quot;0&quot;,&quot;title&quot;:&quot;&quot;,&quot;orientation&quot;:&quot;0&quot;,&quot;alt&quot;:&quot;&quot;}\" data-image-title=\"catacumba1970_2\" data-image-description=\"\" data-image-caption=\"\" data-large-file=\"https:\/\/www.kanenberg.com.br\/fatosfotoseregistros\/wp-content\/uploads\/2016\/07\/catacumba1970_2.jpg\" class=\" size-full wp-image-1871 aligncenter\" src=\"https:\/\/fatosfotoseregistros.files.wordpress.com\/2016\/07\/catacumba1970_2.jpg\" alt=\"catacumba1970_2\" width=\"600\" height=\"381\" srcset=\"https:\/\/www.kanenberg.com.br\/fatosfotoseregistros\/wp-content\/uploads\/2016\/07\/catacumba1970_2.jpg 600w, https:\/\/www.kanenberg.com.br\/fatosfotoseregistros\/wp-content\/uploads\/2016\/07\/catacumba1970_2-300x191.jpg 300w\" sizes=\"auto, (max-width: 600px) 100vw, 600px\" \/><\/p>\n<p><img loading=\"lazy\" decoding=\"async\" data-attachment-id=\"1869\" data-permalink=\"https:\/\/www.kanenberg.com.br\/fatosfotoseregistros\/catacumba3\/\" data-orig-file=\"https:\/\/www.kanenberg.com.br\/fatosfotoseregistros\/wp-content\/uploads\/2016\/07\/catacumba3.jpg\" data-orig-size=\"600,423\" data-comments-opened=\"1\" data-image-meta=\"{&quot;aperture&quot;:&quot;0&quot;,&quot;credit&quot;:&quot;&quot;,&quot;camera&quot;:&quot;&quot;,&quot;caption&quot;:&quot;&quot;,&quot;created_timestamp&quot;:&quot;0&quot;,&quot;copyright&quot;:&quot;&quot;,&quot;focal_length&quot;:&quot;0&quot;,&quot;iso&quot;:&quot;0&quot;,&quot;shutter_speed&quot;:&quot;0&quot;,&quot;title&quot;:&quot;&quot;,&quot;orientation&quot;:&quot;0&quot;,&quot;alt&quot;:&quot;&quot;}\" data-image-title=\"catacumba3\" data-image-description=\"\" data-image-caption=\"\" data-large-file=\"https:\/\/www.kanenberg.com.br\/fatosfotoseregistros\/wp-content\/uploads\/2016\/07\/catacumba3.jpg\" class=\" size-full wp-image-1869 aligncenter\" src=\"https:\/\/fatosfotoseregistros.files.wordpress.com\/2016\/07\/catacumba3.jpg\" alt=\"catacumba3\" width=\"600\" height=\"423\" srcset=\"https:\/\/www.kanenberg.com.br\/fatosfotoseregistros\/wp-content\/uploads\/2016\/07\/catacumba3.jpg 600w, https:\/\/www.kanenberg.com.br\/fatosfotoseregistros\/wp-content\/uploads\/2016\/07\/catacumba3-300x212.jpg 300w\" sizes=\"auto, (max-width: 600px) 100vw, 600px\" \/><\/p>\n<h3>Fotos atuais<\/h3>\n<p><img loading=\"lazy\" decoding=\"async\" data-attachment-id=\"1864\" data-permalink=\"https:\/\/www.kanenberg.com.br\/fatosfotoseregistros\/2015-11-22_12-22-17_o\/\" data-orig-file=\"https:\/\/www.kanenberg.com.br\/fatosfotoseregistros\/wp-content\/uploads\/2016\/07\/2015-11-22_12-22-17_o-scaled.jpg\" data-orig-size=\"2560,1440\" data-comments-opened=\"1\" data-image-meta=\"{&quot;aperture&quot;:&quot;2&quot;,&quot;credit&quot;:&quot;&quot;,&quot;camera&quot;:&quot;XT1069&quot;,&quot;caption&quot;:&quot;&quot;,&quot;created_timestamp&quot;:&quot;1039348800&quot;,&quot;copyright&quot;:&quot;&quot;,&quot;focal_length&quot;:&quot;3.54&quot;,&quot;iso&quot;:&quot;80&quot;,&quot;shutter_speed&quot;:&quot;0.00038&quot;,&quot;title&quot;:&quot;&quot;,&quot;orientation&quot;:&quot;0&quot;,&quot;alt&quot;:&quot;&quot;}\" data-image-title=\"2015-11-22_12-22-17_o\" data-image-description=\"\" data-image-caption=\"\" data-large-file=\"https:\/\/www.kanenberg.com.br\/fatosfotoseregistros\/wp-content\/uploads\/2016\/07\/2015-11-22_12-22-17_o-1024x576.jpg\" class=\" size-full wp-image-1864 aligncenter\" src=\"https:\/\/fatosfotoseregistros.files.wordpress.com\/2016\/07\/2015-11-22_12-22-17_o.jpg\" alt=\"2015-11-22_12-22-17_o\" width=\"3264\" height=\"1836\" \/><\/p>\n<p><img loading=\"lazy\" decoding=\"async\" data-attachment-id=\"1863\" data-permalink=\"https:\/\/www.kanenberg.com.br\/fatosfotoseregistros\/sam_1352\/\" data-orig-file=\"https:\/\/www.kanenberg.com.br\/fatosfotoseregistros\/wp-content\/uploads\/2016\/07\/sam_1352.jpg\" data-orig-size=\"2560,1920\" data-comments-opened=\"1\" data-image-meta=\"{&quot;aperture&quot;:&quot;3.5&quot;,&quot;credit&quot;:&quot;&quot;,&quot;camera&quot;:&quot;SAMSUNG ES65, ES67 \/ VLUU ES65, ES67 \/ SAMSUNG SL50&quot;,&quot;caption&quot;:&quot;&quot;,&quot;created_timestamp&quot;:&quot;1419158703&quot;,&quot;copyright&quot;:&quot;COPYRIGHT, 2010&quot;,&quot;focal_length&quot;:&quot;4.9&quot;,&quot;iso&quot;:&quot;100&quot;,&quot;shutter_speed&quot;:&quot;0.022222222222222&quot;,&quot;title&quot;:&quot;&quot;,&quot;orientation&quot;:&quot;1&quot;,&quot;alt&quot;:&quot;&quot;}\" data-image-title=\"SAM_1352\" data-image-description=\"\" data-image-caption=\"\" data-large-file=\"https:\/\/www.kanenberg.com.br\/fatosfotoseregistros\/wp-content\/uploads\/2016\/07\/sam_1352-1024x768.jpg\" class=\" size-full wp-image-1863 aligncenter\" src=\"https:\/\/fatosfotoseregistros.files.wordpress.com\/2016\/07\/sam_1352.jpg\" alt=\"SAM_1352\" width=\"2560\" height=\"1920\" srcset=\"https:\/\/www.kanenberg.com.br\/fatosfotoseregistros\/wp-content\/uploads\/2016\/07\/sam_1352.jpg 2560w, https:\/\/www.kanenberg.com.br\/fatosfotoseregistros\/wp-content\/uploads\/2016\/07\/sam_1352-300x225.jpg 300w, https:\/\/www.kanenberg.com.br\/fatosfotoseregistros\/wp-content\/uploads\/2016\/07\/sam_1352-1024x768.jpg 1024w, https:\/\/www.kanenberg.com.br\/fatosfotoseregistros\/wp-content\/uploads\/2016\/07\/sam_1352-768x576.jpg 768w, https:\/\/www.kanenberg.com.br\/fatosfotoseregistros\/wp-content\/uploads\/2016\/07\/sam_1352-1536x1152.jpg 1536w, https:\/\/www.kanenberg.com.br\/fatosfotoseregistros\/wp-content\/uploads\/2016\/07\/sam_1352-2048x1536.jpg 2048w\" sizes=\"auto, (max-width: 2560px) 100vw, 2560px\" \/><\/p>\n<p><img loading=\"lazy\" decoding=\"async\" data-attachment-id=\"1872\" data-permalink=\"https:\/\/www.kanenberg.com.br\/fatosfotoseregistros\/mirante_urubu_1\/\" data-orig-file=\"https:\/\/www.kanenberg.com.br\/fatosfotoseregistros\/wp-content\/uploads\/2016\/07\/mirante_urubu_1.jpg\" data-orig-size=\"960,720\" data-comments-opened=\"1\" data-image-meta=\"{&quot;aperture&quot;:&quot;0&quot;,&quot;credit&quot;:&quot;&quot;,&quot;camera&quot;:&quot;&quot;,&quot;caption&quot;:&quot;&quot;,&quot;created_timestamp&quot;:&quot;0&quot;,&quot;copyright&quot;:&quot;&quot;,&quot;focal_length&quot;:&quot;0&quot;,&quot;iso&quot;:&quot;0&quot;,&quot;shutter_speed&quot;:&quot;0&quot;,&quot;title&quot;:&quot;&quot;,&quot;orientation&quot;:&quot;1&quot;,&quot;alt&quot;:&quot;&quot;}\" data-image-title=\"mirante_urubu_1\" data-image-description=\"\" data-image-caption=\"\" data-large-file=\"https:\/\/www.kanenberg.com.br\/fatosfotoseregistros\/wp-content\/uploads\/2016\/07\/mirante_urubu_1.jpg\" class=\" size-full wp-image-1872 aligncenter\" src=\"https:\/\/fatosfotoseregistros.files.wordpress.com\/2016\/07\/mirante_urubu_1.jpg\" alt=\"mirante_urubu_1\" width=\"960\" height=\"720\" srcset=\"https:\/\/www.kanenberg.com.br\/fatosfotoseregistros\/wp-content\/uploads\/2016\/07\/mirante_urubu_1.jpg 960w, https:\/\/www.kanenberg.com.br\/fatosfotoseregistros\/wp-content\/uploads\/2016\/07\/mirante_urubu_1-300x225.jpg 300w, https:\/\/www.kanenberg.com.br\/fatosfotoseregistros\/wp-content\/uploads\/2016\/07\/mirante_urubu_1-768x576.jpg 768w\" sizes=\"auto, (max-width: 960px) 100vw, 960px\" \/><\/p>\n","protected":false},"excerpt":{"rendered":"<p>Em 1970, durante gest\u00e3o de Negr\u00e3o de Lima, a favela ali instalada foi removida. Na ocasi\u00e3o, a favela contava com mais de 2000 barracos onde viviam mais de 10000 pessoas em p\u00e9ssimas condi\u00e7\u00f5es, sem servi\u00e7o de \u00e1gua pot\u00e1vel e o esgoto in natura sendo despejado diretamente na Lagoa Rodrigo de Freitas.<\/p>\n","protected":false},"author":1,"featured_media":0,"comment_status":"open","ping_status":"open","sticky":false,"template":"","format":"standard","meta":{"_exactmetrics_skip_tracking":false,"_jetpack_newsletter_access":"","_jetpack_dont_email_post_to_subs":false,"_jetpack_newsletter_tier_id":0,"_jetpack_memberships_contains_paywalled_content":false,"_jetpack_feature_clip_id":0,"_jetpack_memberships_contains_paid_content":false,"footnotes":"","jetpack_publicize_message":"","jetpack_publicize_feature_enabled":true,"jetpack_social_post_already_shared":true,"jetpack_social_options":{"image_generator_settings":{"template":"highway","default_image_id":0,"font":"","enabled":false},"version":2},"jetpack_post_was_ever_published":false},"categories":[262,282,265],"tags":[254,255,315,289],"class_list":["post-1848","post","type-post","status-publish","format-standard","hentry","category-imagem","category-lugares","category-textos","tag-curiosidades","tag-historia","tag-parques","tag-rio-de-janeiro"],"jetpack_publicize_connections":[],"jetpack_sharing_enabled":true,"jetpack_shortlink":"https:\/\/wp.me\/phkM1X-tO","jetpack-related-posts":[{"id":3030,"url":"https:\/\/www.kanenberg.com.br\/fatosfotoseregistros\/2-trilhas-no-rio-de-janeiro-para-iniciantes\/","url_meta":{"origin":1848,"position":0},"title":"2 trilhas no Rio de Janeiro para iniciantes","author":"kanenberg","date":"24 de agosto de 2016","format":false,"excerpt":"Gostaria de se aventurar fazendo alguma trilha no Rio de Janeiro mas n\u00e3o sabe qual e por onde come\u00e7ar? Confira duas trilhas para iniciantes...","rel":"","context":"Em &quot;Imagem&quot;","block_context":{"text":"Imagem","link":"https:\/\/www.kanenberg.com.br\/fatosfotoseregistros\/category\/imagem\/"},"img":{"alt_text":"2015-11-22_12-21-57_o","src":"https:\/\/fatosfotoseregistros.files.wordpress.com\/2016\/08\/2015-11-22_12-21-57_o.jpg?w=350&h=200&crop=1","width":350,"height":200,"srcset":"https:\/\/fatosfotoseregistros.files.wordpress.com\/2016\/08\/2015-11-22_12-21-57_o.jpg?w=350&h=200&crop=1 1x, https:\/\/fatosfotoseregistros.files.wordpress.com\/2016\/08\/2015-11-22_12-21-57_o.jpg?w=525&h=300&crop=1 1.5x"},"classes":[]},{"id":938,"url":"https:\/\/www.kanenberg.com.br\/fatosfotoseregistros\/morro-da-babilonia-2\/","url_meta":{"origin":1848,"position":1},"title":"Morro da Babil\u00f4nia","author":"kanenberg","date":"25 de maio de 2016","format":false,"excerpt":"O Morro da Babil\u00f4nia esta localizado na divisa entre os bairros do Leme, Botafogo, Urca e Copacabana. A localidade abriga as comunidades do Morro da Babil\u00f4nia e a do Chap\u00e9u Mangueira al\u00e9m de uma ampla \u00e1rea de prote\u00e7\u00e3o ambiental fazendo parte do Parque Natural Municipal Paisagem Carioca.","rel":"","context":"Em &quot;Lugares&quot;","block_context":{"text":"Lugares","link":"https:\/\/www.kanenberg.com.br\/fatosfotoseregistros\/category\/lugares\/"},"img":{"alt_text":"2015-04-19 11.38.46","src":"https:\/\/fatosfotoseregistros.files.wordpress.com\/2016\/05\/2015-04-19-11-38-46.jpg?w=350&h=200&crop=1","width":350,"height":200,"srcset":"https:\/\/fatosfotoseregistros.files.wordpress.com\/2016\/05\/2015-04-19-11-38-46.jpg?w=350&h=200&crop=1 1x, https:\/\/fatosfotoseregistros.files.wordpress.com\/2016\/05\/2015-04-19-11-38-46.jpg?w=525&h=300&crop=1 1.5x, https:\/\/fatosfotoseregistros.files.wordpress.com\/2016\/05\/2015-04-19-11-38-46.jpg?w=700&h=400&crop=1 2x"},"classes":[]},{"id":2877,"url":"https:\/\/www.kanenberg.com.br\/fatosfotoseregistros\/locais-para-conhecer-rj-1\/","url_meta":{"origin":1848,"position":2},"title":"Locais para conhecer no Rio de Janeiro &#8211; Parte 1","author":"kanenberg","date":"16 de agosto de 2016","format":false,"excerpt":"A cidade do Rio de Janeiro, guarda lugares fant\u00e1sticos, alguns desconhecidos at\u00e9 mesmo pelos pr\u00f3prios cariocas. Conhe\u00e7a alguns destes lugares lindos e cheios de hist\u00f3ria.","rel":"","context":"Em &quot;Imagem&quot;","block_context":{"text":"Imagem","link":"https:\/\/www.kanenberg.com.br\/fatosfotoseregistros\/category\/imagem\/"},"img":{"alt_text":"valongo1","src":"https:\/\/fatosfotoseregistros.files.wordpress.com\/2016\/08\/valongo1.jpg?w=350&h=200&crop=1","width":350,"height":200,"srcset":"https:\/\/fatosfotoseregistros.files.wordpress.com\/2016\/08\/valongo1.jpg?w=350&h=200&crop=1 1x, https:\/\/fatosfotoseregistros.files.wordpress.com\/2016\/08\/valongo1.jpg?w=525&h=300&crop=1 1.5x"},"classes":[]},{"id":290,"url":"https:\/\/www.kanenberg.com.br\/fatosfotoseregistros\/engenho-da-rainha\/","url_meta":{"origin":1848,"position":3},"title":"Engenho da Rainha","author":"kanenberg","date":"14 de junho de 2016","format":false,"excerpt":"A regi\u00e3o acolhia uma resid\u00eancia adquirida pela Rainha Carlota Joaquina, esposa de D. Jo\u00e3o VI, por volta de 1810 com o objetivo de nela descansar, dai tamb\u00e9m a origem do nome do bairro.","rel":"","context":"Em &quot;Textos&quot;","block_context":{"text":"Textos","link":"https:\/\/www.kanenberg.com.br\/fatosfotoseregistros\/category\/textos\/"},"img":{"alt_text":"12717974_968432819919974_7760659722182098204_n","src":"https:\/\/fatosfotoseregistros.files.wordpress.com\/2016\/04\/12717974_968432819919974_7760659722182098204_n.jpg?w=350&h=200&crop=1","width":350,"height":200,"srcset":"https:\/\/fatosfotoseregistros.files.wordpress.com\/2016\/04\/12717974_968432819919974_7760659722182098204_n.jpg?w=350&h=200&crop=1 1x, https:\/\/fatosfotoseregistros.files.wordpress.com\/2016\/04\/12717974_968432819919974_7760659722182098204_n.jpg?w=525&h=300&crop=1 1.5x"},"classes":[]},{"id":815,"url":"https:\/\/www.kanenberg.com.br\/fatosfotoseregistros\/jaime-gold-um-ano-se-passou\/","url_meta":{"origin":1848,"position":4},"title":"Jaime Gold &#8211; Um ano se passou","author":"kanenberg","date":"20 de maio de 2016","format":false,"excerpt":"Um ano depois do crime, apenas o tempo passou pois a inseguran\u00e7a afins continua a mesma!","rel":"","context":"Em &quot;Textos&quot;","block_context":{"text":"Textos","link":"https:\/\/www.kanenberg.com.br\/fatosfotoseregistros\/category\/textos\/"},"img":{"alt_text":"","src":"","width":0,"height":0},"classes":[]},{"id":1357,"url":"https:\/\/www.kanenberg.com.br\/fatosfotoseregistros\/central-do-brasil\/","url_meta":{"origin":1848,"position":5},"title":"Central do Brasil","author":"kanenberg","date":"28 de junho de 2016","format":false,"excerpt":"Central do Brasil, lugar conhecido por alguns e desconhecido por outros, admirado por uns e temido por outros, para alguns \u00e9 caminho obrigat\u00f3rio no dia-a-dia, enfim, um lugar cheio de hist\u00f3rias e curiosidades.","rel":"","context":"Em &quot;Imagem&quot;","block_context":{"text":"Imagem","link":"https:\/\/www.kanenberg.com.br\/fatosfotoseregistros\/category\/imagem\/"},"img":{"alt_text":"","src":"https:\/\/i0.wp.com\/www.kanenberg.com.br\/fatosfotoseregistros\/wp-content\/uploads\/2016\/06\/pvargas.jpg?resize=350%2C200&ssl=1","width":350,"height":200,"srcset":"https:\/\/i0.wp.com\/www.kanenberg.com.br\/fatosfotoseregistros\/wp-content\/uploads\/2016\/06\/pvargas.jpg?resize=350%2C200&ssl=1 1x, https:\/\/i0.wp.com\/www.kanenberg.com.br\/fatosfotoseregistros\/wp-content\/uploads\/2016\/06\/pvargas.jpg?resize=525%2C300&ssl=1 1.5x"},"classes":[]}],"jetpack_likes_enabled":true,"amp_enabled":true,"jetpack_featured_media_url":"","_links":{"self":[{"href":"https:\/\/www.kanenberg.com.br\/fatosfotoseregistros\/wp-json\/wp\/v2\/posts\/1848","targetHints":{"allow":["GET"]}}],"collection":[{"href":"https:\/\/www.kanenberg.com.br\/fatosfotoseregistros\/wp-json\/wp\/v2\/posts"}],"about":[{"href":"https:\/\/www.kanenberg.com.br\/fatosfotoseregistros\/wp-json\/wp\/v2\/types\/post"}],"author":[{"embeddable":true,"href":"https:\/\/www.kanenberg.com.br\/fatosfotoseregistros\/wp-json\/wp\/v2\/users\/1"}],"replies":[{"embeddable":true,"href":"https:\/\/www.kanenberg.com.br\/fatosfotoseregistros\/wp-json\/wp\/v2\/comments?post=1848"}],"version-history":[{"count":2,"href":"https:\/\/www.kanenberg.com.br\/fatosfotoseregistros\/wp-json\/wp\/v2\/posts\/1848\/revisions"}],"predecessor-version":[{"id":6266,"href":"https:\/\/www.kanenberg.com.br\/fatosfotoseregistros\/wp-json\/wp\/v2\/posts\/1848\/revisions\/6266"}],"wp:attachment":[{"href":"https:\/\/www.kanenberg.com.br\/fatosfotoseregistros\/wp-json\/wp\/v2\/media?parent=1848"}],"wp:term":[{"taxonomy":"category","embeddable":true,"href":"https:\/\/www.kanenberg.com.br\/fatosfotoseregistros\/wp-json\/wp\/v2\/categories?post=1848"},{"taxonomy":"post_tag","embeddable":true,"href":"https:\/\/www.kanenberg.com.br\/fatosfotoseregistros\/wp-json\/wp\/v2\/tags?post=1848"}],"curies":[{"name":"wp","href":"https:\/\/api.w.org\/{rel}","templated":true}]}}