{"id":1785,"date":"2016-07-06T08:02:17","date_gmt":"2016-07-06T11:02:17","guid":{"rendered":"https:\/\/fatosfotoseregistros.wordpress.com\/?p=1785"},"modified":"2026-08-09T12:32:57","modified_gmt":"2026-08-09T15:32:57","slug":"rio-de-janeiro-curiosidades-historicas","status":"publish","type":"post","link":"https:\/\/www.kanenberg.com.br\/fatosfotoseregistros\/rio-de-janeiro-curiosidades-historicas\/","title":{"rendered":"Rio de Janeiro &#8211; Curiosidades Hist\u00f3ricas"},"content":{"rendered":"<p style=\"text-align: justify;\">\u00c1lbum dedicado a estampar imagens curiosas e fatos hist\u00f3ricos ocorridos na Cidade do Rio de Janeiro.<\/p>\n<p style=\"text-align: justify;\">A casa do Ouvidor, que deu nome a rua do Ouvidor; a casa onde foi assassinado, em 1711, o cors\u00e1rio Duclerc, os elefantes do Catete, a marreca e as saracuras, o primeiro autom\u00f3vel a circular na avenida Presidente Vargas, etc.<\/p>\n<p><span class=\"embed-youtube\" style=\"text-align:center; display: block;\"><iframe loading=\"lazy\" class=\"youtube-player\" width=\"840\" height=\"473\" src=\"https:\/\/www.youtube.com\/embed\/2KI2SWuaQ4w?version=3&#038;rel=1&#038;showsearch=0&#038;showinfo=1&#038;iv_load_policy=1&#038;fs=1&#038;hl=pt-BR&#038;autohide=2&#038;wmode=transparent\" allowfullscreen=\"true\" style=\"border:0;\" sandbox=\"allow-scripts allow-same-origin allow-popups allow-presentation allow-popups-to-escape-sandbox\"><\/iframe><\/span><\/p>\n","protected":false},"excerpt":{"rendered":"<p>\u00c1lbum dedicado a estampar imagens curiosas e fatos hist\u00f3ricos ocorridos na Cidade do Rio de Janeiro.<\/p>\n","protected":false},"author":1,"featured_media":0,"comment_status":"open","ping_status":"open","sticky":false,"template":"","format":"standard","meta":{"_exactmetrics_skip_tracking":false,"_jetpack_newsletter_access":"","_jetpack_dont_email_post_to_subs":false,"_jetpack_newsletter_tier_id":0,"_jetpack_memberships_contains_paywalled_content":false,"_jetpack_feature_clip_id":0,"_jetpack_memberships_contains_paid_content":false,"footnotes":"","jetpack_publicize_message":"","jetpack_publicize_feature_enabled":true,"jetpack_social_post_already_shared":true,"jetpack_social_options":{"image_generator_settings":{"template":"highway","default_image_id":0,"font":"","enabled":false},"version":2},"jetpack_post_was_ever_published":false},"categories":[278],"tags":[254,255,289],"class_list":["post-1785","post","type-post","status-publish","format-standard","hentry","category-video","tag-curiosidades","tag-historia","tag-rio-de-janeiro"],"jetpack_publicize_connections":[],"jetpack_sharing_enabled":true,"jetpack_shortlink":"https:\/\/wp.me\/phkM1X-sN","jetpack-related-posts":[{"id":1357,"url":"https:\/\/www.kanenberg.com.br\/fatosfotoseregistros\/central-do-brasil\/","url_meta":{"origin":1785,"position":0},"title":"Central do Brasil","author":"kanenberg","date":"28 de junho de 2016","format":false,"excerpt":"Central do Brasil, lugar conhecido por alguns e desconhecido por outros, admirado por uns e temido por outros, para alguns \u00e9 caminho obrigat\u00f3rio no dia-a-dia, enfim, um lugar cheio de hist\u00f3rias e curiosidades.","rel":"","context":"Em &quot;Imagem&quot;","block_context":{"text":"Imagem","link":"https:\/\/www.kanenberg.com.br\/fatosfotoseregistros\/category\/imagem\/"},"img":{"alt_text":"","src":"https:\/\/i0.wp.com\/www.kanenberg.com.br\/fatosfotoseregistros\/wp-content\/uploads\/2016\/06\/pvargas.jpg?resize=350%2C200&ssl=1","width":350,"height":200,"srcset":"https:\/\/i0.wp.com\/www.kanenberg.com.br\/fatosfotoseregistros\/wp-content\/uploads\/2016\/06\/pvargas.jpg?resize=350%2C200&ssl=1 1x, https:\/\/i0.wp.com\/www.kanenberg.com.br\/fatosfotoseregistros\/wp-content\/uploads\/2016\/06\/pvargas.jpg?resize=525%2C300&ssl=1 1.5x"},"classes":[]},{"id":507,"url":"https:\/\/www.kanenberg.com.br\/fatosfotoseregistros\/jose-datrino\/","url_meta":{"origin":1785,"position":1},"title":"Voc\u00ea sabe quem foi Jos\u00e9 Datrino?","author":"kanenberg","date":"14 de abril de 2016","format":false,"excerpt":"Talvez muitos v\u00e3o se lembrar da express\u00e3o Gentileza gera Gentileza, ou ainda v\u00e3o se lembrar das 56 inscri\u00e7\u00f5es ou prov\u00e9rbios nas pilastras do Viaduto do Gas\u00f4metro, no Rio de Janeiro, que v\u00e3o do Cemit\u00e9rio do Caj\u00fa at\u00e9 a Rodovi\u00e1ria Novo Rio.","rel":"","context":"Em &quot;Textos&quot;","block_context":{"text":"Textos","link":"https:\/\/www.kanenberg.com.br\/fatosfotoseregistros\/category\/textos\/"},"img":{"alt_text":"datrino1","src":"https:\/\/i0.wp.com\/fatosfotoseregistros.kanenberg.com.br\/wp-content\/uploads\/2016\/04\/datrino1.jpg?resize=350%2C200&ssl=1","width":350,"height":200},"classes":[]},{"id":2062,"url":"https:\/\/www.kanenberg.com.br\/fatosfotoseregistros\/museu-historico-do-exercito-e-forte-de-copacabana\/","url_meta":{"origin":1785,"position":2},"title":"Museu Hist\u00f3rico do Ex\u00e9rcito e Forte de Copacabana","author":"kanenberg","date":"19 de julho de 2016","format":false,"excerpt":"O local escolhido para a sua constru\u00e7\u00e3o consistia numa regi\u00e3o cujos rochedos avan\u00e7avam contra o mar em dire\u00e7\u00e3o \u00e0 entrada da Ba\u00eda de Guanabara.","rel":"","context":"Em &quot;Imagem&quot;","block_context":{"text":"Imagem","link":"https:\/\/www.kanenberg.com.br\/fatosfotoseregistros\/category\/imagem\/"},"img":{"alt_text":"","src":"https:\/\/i0.wp.com\/www.kanenberg.com.br\/fatosfotoseregistros\/wp-content\/uploads\/2016\/07\/1922-07-06-150x150.jpg?resize=350%2C200&ssl=1","width":350,"height":200,"srcset":"https:\/\/i0.wp.com\/www.kanenberg.com.br\/fatosfotoseregistros\/wp-content\/uploads\/2016\/07\/1922-07-06-150x150.jpg?resize=350%2C200&ssl=1 1x, https:\/\/i0.wp.com\/www.kanenberg.com.br\/fatosfotoseregistros\/wp-content\/uploads\/2016\/07\/1922-07-06-150x150.jpg?resize=525%2C300&ssl=1 1.5x"},"classes":[]},{"id":456,"url":"https:\/\/www.kanenberg.com.br\/fatosfotoseregistros\/lenda-maria-gorda\/","url_meta":{"origin":1785,"position":3},"title":"Ilha de Paquet\u00e1: A lenda do baob\u00e1 &#8220;Maria Gorda&#8221;","author":"kanenberg","date":"8 de abril de 2016","format":false,"excerpt":"A \"Maria Gorda\" \u00e9 um baob\u00e1 \u2014 \u00e1rvore majestosa localizada na Praia dos Tamoios, bem pr\u00f3ximo \u00e0 esquina com a Ladeira do Vicente. Origin\u00e1ria das savanas africanas, a esp\u00e9cie tamb\u00e9m \u00e9 famosa por sua presen\u00e7a no asteroide B-612, da obra O Pequeno Pr\u00edncipe, de Antoine de Saint-Exup\u00e9ry.","rel":"","context":"Em &quot;Lugares&quot;","block_context":{"text":"Lugares","link":"https:\/\/www.kanenberg.com.br\/fatosfotoseregistros\/category\/lugares\/"},"img":{"alt_text":"sam_1815-01.jpeg","src":"https:\/\/fatosfotoseregistros.files.wordpress.com\/2016\/04\/sam_1815-01.jpeg?w=350&h=200&crop=1","width":350,"height":200},"classes":[]},{"id":3471,"url":"https:\/\/www.kanenberg.com.br\/fatosfotoseregistros\/12-de-setembro\/","url_meta":{"origin":1785,"position":4},"title":"12 de setembro","author":"kanenberg","date":"12 de setembro de 2016","format":false,"excerpt":"Hoje, 12 de setembro, comemoramos dois importantes fatos: A cria\u00e7\u00e3o do Instituto Benjamin Constant e a Inaugura\u00e7\u00e3o da R\u00e1dio Nacional.","rel":"","context":"Em &quot;Textos&quot;","block_context":{"text":"Textos","link":"https:\/\/www.kanenberg.com.br\/fatosfotoseregistros\/category\/textos\/"},"img":{"alt_text":"2015-04-05-11-38","src":"https:\/\/fatosfotoseregistros.files.wordpress.com\/2016\/09\/2015-04-05-11-38.jpg?w=350&h=200&crop=1","width":350,"height":200,"srcset":"https:\/\/fatosfotoseregistros.files.wordpress.com\/2016\/09\/2015-04-05-11-38.jpg?w=350&h=200&crop=1 1x, https:\/\/fatosfotoseregistros.files.wordpress.com\/2016\/09\/2015-04-05-11-38.jpg?w=525&h=300&crop=1 1.5x"},"classes":[]},{"id":6204,"url":"https:\/\/www.kanenberg.com.br\/fatosfotoseregistros\/canhao-el-cristiano-historia-curiosidades-e-a-polemica-do-trofeu-de-guerra\/","url_meta":{"origin":1785,"position":5},"title":"Canh\u00e3o El Cristiano: Hist\u00f3ria, Curiosidades e a Pol\u00eamica do Trof\u00e9u de Guerra","author":"kanenberg","date":"2 de agosto de 2026","format":false,"excerpt":"O canh\u00e3o \"El Cristiano\" \u00e9 uma das pe\u00e7as mais simb\u00f3licas e controversas da hist\u00f3ria militar da Am\u00e9rica do Sul. Exposto no p\u00e1tio do Museu Hist\u00f3rico Nacional (MHN), no centro do Rio de Janeiro, ele voltou aos holofotes devido \u00e0s recorrentes tratativas diplom\u00e1ticas e apelos do governo paraguaio pela sua restitui\u00e7\u00e3o\u2026","rel":"","context":"Em &quot;Textos&quot;","block_context":{"text":"Textos","link":"https:\/\/www.kanenberg.com.br\/fatosfotoseregistros\/category\/textos\/"},"img":{"alt_text":"El Cristiano","src":"https:\/\/i0.wp.com\/www.kanenberg.com.br\/fatosfotoseregistros\/wp-content\/uploads\/2026\/08\/El-Cristiano-scaled.jpg?resize=350%2C200&ssl=1","width":350,"height":200,"srcset":"https:\/\/i0.wp.com\/www.kanenberg.com.br\/fatosfotoseregistros\/wp-content\/uploads\/2026\/08\/El-Cristiano-scaled.jpg?resize=350%2C200&ssl=1 1x, https:\/\/i0.wp.com\/www.kanenberg.com.br\/fatosfotoseregistros\/wp-content\/uploads\/2026\/08\/El-Cristiano-scaled.jpg?resize=525%2C300&ssl=1 1.5x, https:\/\/i0.wp.com\/www.kanenberg.com.br\/fatosfotoseregistros\/wp-content\/uploads\/2026\/08\/El-Cristiano-scaled.jpg?resize=700%2C400&ssl=1 2x, https:\/\/i0.wp.com\/www.kanenberg.com.br\/fatosfotoseregistros\/wp-content\/uploads\/2026\/08\/El-Cristiano-scaled.jpg?resize=1050%2C600&ssl=1 3x, https:\/\/i0.wp.com\/www.kanenberg.com.br\/fatosfotoseregistros\/wp-content\/uploads\/2026\/08\/El-Cristiano-scaled.jpg?resize=1400%2C800&ssl=1 4x"},"classes":[]}],"jetpack_likes_enabled":true,"amp_enabled":true,"jetpack_featured_media_url":"","_links":{"self":[{"href":"https:\/\/www.kanenberg.com.br\/fatosfotoseregistros\/wp-json\/wp\/v2\/posts\/1785","targetHints":{"allow":["GET"]}}],"collection":[{"href":"https:\/\/www.kanenberg.com.br\/fatosfotoseregistros\/wp-json\/wp\/v2\/posts"}],"about":[{"href":"https:\/\/www.kanenberg.com.br\/fatosfotoseregistros\/wp-json\/wp\/v2\/types\/post"}],"author":[{"embeddable":true,"href":"https:\/\/www.kanenberg.com.br\/fatosfotoseregistros\/wp-json\/wp\/v2\/users\/1"}],"replies":[{"embeddable":true,"href":"https:\/\/www.kanenberg.com.br\/fatosfotoseregistros\/wp-json\/wp\/v2\/comments?post=1785"}],"version-history":[{"count":2,"href":"https:\/\/www.kanenberg.com.br\/fatosfotoseregistros\/wp-json\/wp\/v2\/posts\/1785\/revisions"}],"predecessor-version":[{"id":6254,"href":"https:\/\/www.kanenberg.com.br\/fatosfotoseregistros\/wp-json\/wp\/v2\/posts\/1785\/revisions\/6254"}],"wp:attachment":[{"href":"https:\/\/www.kanenberg.com.br\/fatosfotoseregistros\/wp-json\/wp\/v2\/media?parent=1785"}],"wp:term":[{"taxonomy":"category","embeddable":true,"href":"https:\/\/www.kanenberg.com.br\/fatosfotoseregistros\/wp-json\/wp\/v2\/categories?post=1785"},{"taxonomy":"post_tag","embeddable":true,"href":"https:\/\/www.kanenberg.com.br\/fatosfotoseregistros\/wp-json\/wp\/v2\/tags?post=1785"}],"curies":[{"name":"wp","href":"https:\/\/api.w.org\/{rel}","templated":true}]}}