{"id":147,"date":"2015-07-02T21:21:00","date_gmt":"2015-07-03T00:21:00","guid":{"rendered":"https:\/\/fatosfotoseregistros.wordpress.com\/?p=147"},"modified":"2026-08-09T12:50:54","modified_gmt":"2026-08-09T15:50:54","slug":"morro-da-babilonia","status":"publish","type":"post","link":"https:\/\/www.kanenberg.com.br\/fatosfotoseregistros\/morro-da-babilonia\/","title":{"rendered":"Morro da Babil\u00f4nia"},"content":{"rendered":"<p align=\"justify\">Complementando o post anterior, seguem mais alguns registros sobre a <a href=\"https:\/\/www.kanenberg.com.br\/fatosfotoseregistros\/trilha-morro-da-babilonia\/\">Trilha no Morro da Babil\u00f4nia<\/a>, um local fascinante que voc\u00ea precisa conhecer.<\/p>\n<p align=\"justify\">A trilha ecol\u00f3gica no Morro da Babil\u00f4nia \u00e9 feita em uma \u00e1rea de prote\u00e7\u00e3o ambiental, localizada no mesmo morro onde est\u00e3o as Comunidades da Babil\u00f4nia e Chap\u00e9u Mangueira (pacificadas desde 2008), no bairro Leme, na Zona Sul do Rio.<\/p>\n<p align=\"justify\">A regi\u00e3o do Morro da Babil\u00f4nia se estende pelos bairros da Urca, Botafogo e Leme.<\/p>\n<p align=\"justify\">Para come\u00e7ar, al\u00e9m do contato com a natureza, fugindo literalmente um pouco do asfalto, os diversos pontos de vis\u00e3o do Morro da Babil\u00f4nia s\u00e3o fant\u00e1sticos. De diversos os \u00e2ngulos, voc\u00ea poder\u00e1 visualizar cen\u00e1rios lindos de tirar o f\u00f4lego. Vide abaixo uma vis\u00e3o da Praia de Copacabana at\u00e9 o Forte de Copacabana.<\/p>\n<p align=\"justify\">Podemos contar com a vis\u00e3o da Ilha Rasa (ou do Farol), do Arquip\u00e9lago das Cagarras, do Forte de Copacabana, dos Morros Pav\u00e3o e Pav\u00e3ozinho, Cabritos, Agulhinha e S\u00e3o Jo\u00e3o.<\/p>\n<p align=\"justify\">Do topo do morro, mais especificamente no Mirante do Tel\u00e9grafo, podemos desfrutar de uma vis\u00e3o de 360 graus contemplando o Vale do Humait\u00e1, Cristo Redentor, Botafogo, Dona Marta, Enseada de Botafogo, Flamengo, Ilha do Governador, fundos da Baia de Guanabara, Ponte Rio-Niter\u00f3i, Niter\u00f3i, Santo Amaro, Morro da Urca, P\u00e3o de A\u00e7\u00facar, Leme, Copacabana, Morros Dois Irm\u00e3os, Pedra da G\u00e1vea, Horto, etc.<\/p>\n<p><img loading=\"lazy\" decoding=\"async\" class=\"aligncenter\" title=\"Copacabana - Babil\u00f4nia\" src=\"http:\/\/i0.wp.com\/fatosfotoseregistros.files.wordpress.com\/2015\/06\/wpid-wp-1434853041335.jpeg?w=528?w=700\" alt=\"Copacabana - Babil\u00f4nia\" width=\"830\" height=\"26\" \/><\/p>\n<p align=\"justify\">Paiol de guarda de explosivos usados na abertura do t\u00fanel do metr\u00f4.<\/p>\n<p><img loading=\"lazy\" decoding=\"async\" class=\"aligncenter\" title=\"Paiol de explosivos\" src=\"http:\/\/i0.wp.com\/fatosfotoseregistros.files.wordpress.com\/2015\/06\/wpid-wp-1434853262281.jpeg?w=528?w=700\" alt=\"image\" width=\"830\" height=\"26\" \/><\/p>\n<p align=\"justify\">Casamata constru\u00edda na \u00e9poca da 2\u00aa Guerra para triangula\u00e7\u00e3o (usada com t\u00e9cnica para localiza\u00e7\u00e3o de navios alvo da nossa defesa) e tamb\u00e9m como ponto de observa\u00e7\u00e3o.<\/p>\n<p><img loading=\"lazy\" decoding=\"async\" class=\"aligncenter\" title=\"Casamata\" src=\"http:\/\/i0.wp.com\/fatosfotoseregistros.files.wordpress.com\/2015\/06\/wpid-wp-1434853307461.jpeg?w=528?w=700\" alt=\"image\" width=\"528\" height=\"297\" \/><\/p>\n<p align=\"justify\">O Morro da Babil\u00f4nia era uma \u00e1rea militar, usada como ponto estrat\u00e9gico no controle da entrada de embarca\u00e7\u00f5es na Ba\u00eda de Guanabara.<\/p>\n<p>Atrativos na trilha:<\/p>\n<p>\u2022\u00a0Mirante de Copacabana;<br \/>\n\u2022\u00a0Mirante Rio Sul;<br \/>\n\u2022\u00a0Mirante do Tel\u00e9grafo;<br \/>\n\u2022\u00a0Pedra do Urubu;<br \/>\n\u2022\u00a0Paiol de explosivos;<br \/>\n\u2022\u00a0Casamatas da \u00e9poca da 2\u00aa guerra mundial;<br \/>\n\u2022\u00a0Pau Brasil, Jequitib\u00e1, Aroeira e outros atrativos e esp\u00e9cies nativas ao longo da trilha.<\/p>\n","protected":false},"excerpt":{"rendered":"<p>O Morro da Babil\u00f4nia era uma \u00e1rea militar, usada como ponto estrat\u00e9gico no controle da entrada de embarca\u00e7\u00f5es na Ba\u00eda de Guanabara.<\/p>\n","protected":false},"author":1,"featured_media":0,"comment_status":"open","ping_status":"open","sticky":false,"template":"","format":"standard","meta":{"_exactmetrics_skip_tracking":false,"_jetpack_newsletter_access":"","_jetpack_dont_email_post_to_subs":false,"_jetpack_newsletter_tier_id":0,"_jetpack_memberships_contains_paywalled_content":false,"_jetpack_feature_clip_id":0,"_jetpack_memberships_contains_paid_content":false,"footnotes":"","jetpack_publicize_message":"","jetpack_publicize_feature_enabled":true,"jetpack_social_post_already_shared":true,"jetpack_social_options":{"image_generator_settings":{"template":"highway","default_image_id":0,"font":"","enabled":false},"version":2},"jetpack_post_was_ever_published":false},"categories":[262,282],"tags":[263,289,320],"class_list":["post-147","post","type-post","status-publish","format-standard","hentry","category-imagem","category-lugares","tag-natureza","tag-rio-de-janeiro","tag-trilhas"],"jetpack_publicize_connections":[],"jetpack_sharing_enabled":true,"jetpack_shortlink":"https:\/\/wp.me\/phkM1X-2n","jetpack-related-posts":[{"id":938,"url":"https:\/\/www.kanenberg.com.br\/fatosfotoseregistros\/morro-da-babilonia-2\/","url_meta":{"origin":147,"position":0},"title":"Morro da Babil\u00f4nia","author":"kanenberg","date":"25 de maio de 2016","format":false,"excerpt":"O Morro da Babil\u00f4nia esta localizado na divisa entre os bairros do Leme, Botafogo, Urca e Copacabana. A localidade abriga as comunidades do Morro da Babil\u00f4nia e a do Chap\u00e9u Mangueira al\u00e9m de uma ampla \u00e1rea de prote\u00e7\u00e3o ambiental fazendo parte do Parque Natural Municipal Paisagem Carioca.","rel":"","context":"Em &quot;Lugares&quot;","block_context":{"text":"Lugares","link":"https:\/\/www.kanenberg.com.br\/fatosfotoseregistros\/category\/lugares\/"},"img":{"alt_text":"2015-04-19 11.38.46","src":"https:\/\/fatosfotoseregistros.files.wordpress.com\/2016\/05\/2015-04-19-11-38-46.jpg?w=350&h=200&crop=1","width":350,"height":200,"srcset":"https:\/\/fatosfotoseregistros.files.wordpress.com\/2016\/05\/2015-04-19-11-38-46.jpg?w=350&h=200&crop=1 1x, https:\/\/fatosfotoseregistros.files.wordpress.com\/2016\/05\/2015-04-19-11-38-46.jpg?w=525&h=300&crop=1 1.5x, https:\/\/fatosfotoseregistros.files.wordpress.com\/2016\/05\/2015-04-19-11-38-46.jpg?w=700&h=400&crop=1 2x"},"classes":[]},{"id":99,"url":"https:\/\/www.kanenberg.com.br\/fatosfotoseregistros\/trilha-morro-da-babilonia\/","url_meta":{"origin":147,"position":1},"title":"Trilha Morro da Babil\u00f4nia","author":"kanenberg","date":"27 de abril de 2015","format":false,"excerpt":"Entre os bairros do Leme, Botafogo, Urca, Babil\u00f4nia e Chap\u00e9u-Mangueira, uma linda trilha, a mais de 230 metros de altitude, guarda muitas surpresas: ru\u00ednas de casamatas...","rel":"","context":"Em &quot;Lugares&quot;","block_context":{"text":"Lugares","link":"https:\/\/www.kanenberg.com.br\/fatosfotoseregistros\/category\/lugares\/"},"img":{"alt_text":"Morro da Babil\u00f4nia","src":"https:\/\/i0.wp.com\/www.kanenberg.com.br\/fatosfotoseregistros\/wp-content\/uploads\/2015\/04\/2015-04-19-11-36-08.jpg?resize=350%2C200&ssl=1","width":350,"height":200,"srcset":"https:\/\/i0.wp.com\/www.kanenberg.com.br\/fatosfotoseregistros\/wp-content\/uploads\/2015\/04\/2015-04-19-11-36-08.jpg?resize=350%2C200&ssl=1 1x, https:\/\/i0.wp.com\/www.kanenberg.com.br\/fatosfotoseregistros\/wp-content\/uploads\/2015\/04\/2015-04-19-11-36-08.jpg?resize=525%2C300&ssl=1 1.5x, https:\/\/i0.wp.com\/www.kanenberg.com.br\/fatosfotoseregistros\/wp-content\/uploads\/2015\/04\/2015-04-19-11-36-08.jpg?resize=700%2C400&ssl=1 2x, https:\/\/i0.wp.com\/www.kanenberg.com.br\/fatosfotoseregistros\/wp-content\/uploads\/2015\/04\/2015-04-19-11-36-08.jpg?resize=1050%2C600&ssl=1 3x, https:\/\/i0.wp.com\/www.kanenberg.com.br\/fatosfotoseregistros\/wp-content\/uploads\/2015\/04\/2015-04-19-11-36-08.jpg?resize=1400%2C800&ssl=1 4x"},"classes":[]},{"id":5343,"url":"https:\/\/www.kanenberg.com.br\/fatosfotoseregistros\/do-caminho-do-boi-aos-tabajaras-a-historia-e-as-curiosidades-de-uma-das-ladeiras-mais-famosas-do-rio\/","url_meta":{"origin":147,"position":2},"title":"Do Caminho do Boi aos Tabajaras: A Hist\u00f3ria e as Curiosidades de uma das Ladeiras Mais Famosas do Rio","author":"kanenberg","date":"14 de fevereiro de 2019","format":false,"excerpt":"Quem passa hoje pelo in\u00edcio da Ladeira dos Tabajaras, logo na altura da Rua Siqueira Campos, em Copacabana, dificilmente imagina que aquele corredor urbano j\u00e1 foi uma rota estreita e poeirenta usada para o transporte de gado no s\u00e9culo XIX.","rel":"","context":"Em &quot;Lugares&quot;","block_context":{"text":"Lugares","link":"https:\/\/www.kanenberg.com.br\/fatosfotoseregistros\/category\/lugares\/"},"img":{"alt_text":"Ladeira dos Tabajaras","src":"https:\/\/i0.wp.com\/www.kanenberg.com.br\/fatosfotoseregistros\/wp-content\/uploads\/2019\/02\/FB_IMG_1550139554943.jpg?resize=350%2C200&ssl=1","width":350,"height":200,"srcset":"https:\/\/i0.wp.com\/www.kanenberg.com.br\/fatosfotoseregistros\/wp-content\/uploads\/2019\/02\/FB_IMG_1550139554943.jpg?resize=350%2C200&ssl=1 1x, https:\/\/i0.wp.com\/www.kanenberg.com.br\/fatosfotoseregistros\/wp-content\/uploads\/2019\/02\/FB_IMG_1550139554943.jpg?resize=525%2C300&ssl=1 1.5x, https:\/\/i0.wp.com\/www.kanenberg.com.br\/fatosfotoseregistros\/wp-content\/uploads\/2019\/02\/FB_IMG_1550139554943.jpg?resize=700%2C400&ssl=1 2x"},"classes":[]},{"id":2062,"url":"https:\/\/www.kanenberg.com.br\/fatosfotoseregistros\/museu-historico-do-exercito-e-forte-de-copacabana\/","url_meta":{"origin":147,"position":3},"title":"Museu Hist\u00f3rico do Ex\u00e9rcito e Forte de Copacabana","author":"kanenberg","date":"19 de julho de 2016","format":false,"excerpt":"O local escolhido para a sua constru\u00e7\u00e3o consistia numa regi\u00e3o cujos rochedos avan\u00e7avam contra o mar em dire\u00e7\u00e3o \u00e0 entrada da Ba\u00eda de Guanabara.","rel":"","context":"Em &quot;Imagem&quot;","block_context":{"text":"Imagem","link":"https:\/\/www.kanenberg.com.br\/fatosfotoseregistros\/category\/imagem\/"},"img":{"alt_text":"","src":"https:\/\/i0.wp.com\/www.kanenberg.com.br\/fatosfotoseregistros\/wp-content\/uploads\/2016\/07\/1922-07-06-150x150.jpg?resize=350%2C200&ssl=1","width":350,"height":200,"srcset":"https:\/\/i0.wp.com\/www.kanenberg.com.br\/fatosfotoseregistros\/wp-content\/uploads\/2016\/07\/1922-07-06-150x150.jpg?resize=350%2C200&ssl=1 1x, https:\/\/i0.wp.com\/www.kanenberg.com.br\/fatosfotoseregistros\/wp-content\/uploads\/2016\/07\/1922-07-06-150x150.jpg?resize=525%2C300&ssl=1 1.5x"},"classes":[]},{"id":3852,"url":"https:\/\/www.kanenberg.com.br\/fatosfotoseregistros\/morro-dois-irmaos-via-drone\/","url_meta":{"origin":147,"position":4},"title":"Morro Dois Irm\u00e3os via Drone","author":"kanenberg","date":"10 de novembro de 2016","format":false,"excerpt":"Imagens sensacionais do Morro Dois Irm\u00e3os com um visual de cair o queixo!","rel":"","context":"Em &quot;Sem categoria&quot;","block_context":{"text":"Sem categoria","link":"https:\/\/www.kanenberg.com.br\/fatosfotoseregistros\/category\/sem-categoria\/"},"img":{"alt_text":"2irmao_drone","src":"https:\/\/fatosfotoseregistros.files.wordpress.com\/2016\/11\/2irmao_drone.jpg?w=350&h=200&crop=1","width":350,"height":200,"srcset":"https:\/\/fatosfotoseregistros.files.wordpress.com\/2016\/11\/2irmao_drone.jpg?w=350&h=200&crop=1 1x, https:\/\/fatosfotoseregistros.files.wordpress.com\/2016\/11\/2irmao_drone.jpg?w=525&h=300&crop=1 1.5x"},"classes":[]},{"id":2877,"url":"https:\/\/www.kanenberg.com.br\/fatosfotoseregistros\/locais-para-conhecer-rj-1\/","url_meta":{"origin":147,"position":5},"title":"Locais para conhecer no Rio de Janeiro &#8211; Parte 1","author":"kanenberg","date":"16 de agosto de 2016","format":false,"excerpt":"A cidade do Rio de Janeiro, guarda lugares fant\u00e1sticos, alguns desconhecidos at\u00e9 mesmo pelos pr\u00f3prios cariocas. Conhe\u00e7a alguns destes lugares lindos e cheios de hist\u00f3ria.","rel":"","context":"Em &quot;Imagem&quot;","block_context":{"text":"Imagem","link":"https:\/\/www.kanenberg.com.br\/fatosfotoseregistros\/category\/imagem\/"},"img":{"alt_text":"valongo1","src":"https:\/\/fatosfotoseregistros.files.wordpress.com\/2016\/08\/valongo1.jpg?w=350&h=200&crop=1","width":350,"height":200,"srcset":"https:\/\/fatosfotoseregistros.files.wordpress.com\/2016\/08\/valongo1.jpg?w=350&h=200&crop=1 1x, https:\/\/fatosfotoseregistros.files.wordpress.com\/2016\/08\/valongo1.jpg?w=525&h=300&crop=1 1.5x"},"classes":[]}],"jetpack_likes_enabled":true,"amp_enabled":true,"jetpack_featured_media_url":"","_links":{"self":[{"href":"https:\/\/www.kanenberg.com.br\/fatosfotoseregistros\/wp-json\/wp\/v2\/posts\/147","targetHints":{"allow":["GET"]}}],"collection":[{"href":"https:\/\/www.kanenberg.com.br\/fatosfotoseregistros\/wp-json\/wp\/v2\/posts"}],"about":[{"href":"https:\/\/www.kanenberg.com.br\/fatosfotoseregistros\/wp-json\/wp\/v2\/types\/post"}],"author":[{"embeddable":true,"href":"https:\/\/www.kanenberg.com.br\/fatosfotoseregistros\/wp-json\/wp\/v2\/users\/1"}],"replies":[{"embeddable":true,"href":"https:\/\/www.kanenberg.com.br\/fatosfotoseregistros\/wp-json\/wp\/v2\/comments?post=147"}],"version-history":[{"count":4,"href":"https:\/\/www.kanenberg.com.br\/fatosfotoseregistros\/wp-json\/wp\/v2\/posts\/147\/revisions"}],"predecessor-version":[{"id":6274,"href":"https:\/\/www.kanenberg.com.br\/fatosfotoseregistros\/wp-json\/wp\/v2\/posts\/147\/revisions\/6274"}],"wp:attachment":[{"href":"https:\/\/www.kanenberg.com.br\/fatosfotoseregistros\/wp-json\/wp\/v2\/media?parent=147"}],"wp:term":[{"taxonomy":"category","embeddable":true,"href":"https:\/\/www.kanenberg.com.br\/fatosfotoseregistros\/wp-json\/wp\/v2\/categories?post=147"},{"taxonomy":"post_tag","embeddable":true,"href":"https:\/\/www.kanenberg.com.br\/fatosfotoseregistros\/wp-json\/wp\/v2\/tags?post=147"}],"curies":[{"name":"wp","href":"https:\/\/api.w.org\/{rel}","templated":true}]}}