{"id":1357,"date":"2016-06-28T08:24:59","date_gmt":"2016-06-28T11:24:59","guid":{"rendered":"https:\/\/fatosfotoseregistros.wordpress.com\/?p=1357"},"modified":"2026-08-30T11:37:52","modified_gmt":"2026-08-30T14:37:52","slug":"central-do-brasil","status":"publish","type":"post","link":"https:\/\/www.kanenberg.com.br\/fatosfotoseregistros\/central-do-brasil\/","title":{"rendered":"Central do Brasil"},"content":{"rendered":"<p align=\"justify\">Central do Brasil, lugar conhecido por alguns e desconhecido por outros, admirado por uns e temido por outros, para alguns \u00e9 caminho obrigat\u00f3rio no dia-a-dia, enfim, um lugar cheio de hist\u00f3rias e curiosidades.<\/p>\n<p align=\"justify\">Provavelmente voc\u00ea j\u00e1 esteve no edif\u00edcio ou j\u00e1 passou por l\u00e1, mas provavelmente n\u00e3o conhece tudo sobre este local hist\u00f3rico!<\/p>\n<h3><strong>Hist\u00f3ria<\/strong><\/h3>\n<p align=\"justify\">Nas primeiras d\u00e9cadas do s\u00e9culo XIX, durante a reg\u00eancia de Diogo Ant\u00f4nio Feij\u00f3 (conhecido como Regente Feij\u00f3 ou Padre Feij\u00f3 que era um sacerdote cat\u00f3lico e estadista brasileiro), logo ap\u00f3s a inven\u00e7\u00e3o da primeira locomotiva por <a href=\"https:\/\/pt.wikipedia.org\/wiki\/George_Stephenson\" target=\"_blank\" rel=\"noopener\">George Stephenson<\/a>, foi promulgado o <a href=\"http:\/\/www2.camara.leg.br\/legin\/fed\/decret\/1824-1899\/decreto-101-31-outubro-1835-562803-publicacaooriginal-86906-pl.html\" target=\"_blank\" rel=\"noopener\">Decreto n\u00ba 101<\/a>, de 31 de Outubro de 1835, iniciando a constru\u00e7\u00e3o de ferrovias.<\/p>\n<p align=\"justify\">Este foi o ponto inicial para o Brasil iniciar uma trajet\u00f3ria hist\u00f3rica expressiva no transporte ferrovi\u00e1rio.<\/p>\n<p align=\"justify\">Para come\u00e7ar a falar sobre a Central do Brasil, vamos retornar a um ponto antes da exist\u00eancia da pr\u00f3pria Central do Brasil, quando no local existia a Igreja de Santana ou Igreja de Santa Ana, conforme descrevem alguns livros.<\/p>\n<figure id=\"attachment_1373\" aria-describedby=\"caption-attachment-1373\" style=\"width: 600px\" class=\"wp-caption aligncenter\"><img loading=\"lazy\" decoding=\"async\" data-attachment-id=\"1373\" data-permalink=\"https:\/\/www.kanenberg.com.br\/fatosfotoseregistros\/central-do-brasil\/igreja_santana\/\" data-orig-file=\"https:\/\/www.kanenberg.com.br\/fatosfotoseregistros\/wp-content\/uploads\/2016\/06\/igreja_santana.png\" data-orig-size=\"600,394\" data-comments-opened=\"1\" data-image-meta=\"{&quot;aperture&quot;:&quot;0&quot;,&quot;credit&quot;:&quot;&quot;,&quot;camera&quot;:&quot;&quot;,&quot;caption&quot;:&quot;&quot;,&quot;created_timestamp&quot;:&quot;0&quot;,&quot;copyright&quot;:&quot;&quot;,&quot;focal_length&quot;:&quot;0&quot;,&quot;iso&quot;:&quot;0&quot;,&quot;shutter_speed&quot;:&quot;0&quot;,&quot;title&quot;:&quot;&quot;,&quot;orientation&quot;:&quot;0&quot;}\" data-image-title=\"igreja_santana\" data-image-description=\"\" data-image-caption=\"\" data-large-file=\"https:\/\/www.kanenberg.com.br\/fatosfotoseregistros\/wp-content\/uploads\/2016\/06\/igreja_santana.png\" class=\" size-full wp-image-1373 aligncenter\" src=\"https:\/\/fatosfotoseregistros.files.wordpress.com\/2016\/06\/igreja_santana.png\" alt=\"Igreja de Santana e o Chafariz das Lavadeiras no Campo de Santana\" width=\"600\" height=\"394\" srcset=\"https:\/\/www.kanenberg.com.br\/fatosfotoseregistros\/wp-content\/uploads\/2016\/06\/igreja_santana.png 600w, https:\/\/www.kanenberg.com.br\/fatosfotoseregistros\/wp-content\/uploads\/2016\/06\/igreja_santana-300x197.png 300w, https:\/\/www.kanenberg.com.br\/fatosfotoseregistros\/wp-content\/uploads\/2016\/06\/igreja_santana-120x80.png 120w\" sizes=\"auto, (max-width: 600px) 100vw, 600px\" \/><figcaption id=\"caption-attachment-1373\" class=\"wp-caption-text\">Igreja de Santana e o Chafariz das Lavadeiras no Campo de Santana<\/figcaption><\/figure>\n<p align=\"justify\">Em 1840, o governo imperial, sob a reg\u00eancia do Marqu\u00eas de Olinda, considerou impr\u00f3pria a velha igreja para a categoria de sede da Matriz. Achava que a Matriz de Santa Ana deveria ser mais suntuosa, e em lugar mais amplo. A seguir a Cia. Estrada de Ferro Dom Pedro II (depois E. F. Central do Brasil) necessitou do terreno onde estava a igreja, para levantar ali a esta\u00e7\u00e3o inicial de sua linha. Em 1850 iniciou-se a constru\u00e7\u00e3o da nova igreja na Rua de Santana.<\/p>\n<p align=\"justify\">A linha da Estrada de Ferro come\u00e7ava em um dos extremos da Pra\u00e7a da Aclama\u00e7\u00e3o, entre as ruas General Pedra e do Pr\u00edncipe, mais tarde denominada Senador Pompeu. Por causa desta localiza\u00e7\u00e3o, para a instala\u00e7\u00e3o da esta\u00e7\u00e3o, foi necess\u00e1rio demolir a igreja paroquial de Santana, constru\u00edda em 1735.<\/p>\n<p align=\"justify\">A escolha do local, ao lado do Quartel do Campo da Aclama\u00e7\u00e3o (onde atualmente se encontra o pr\u00e9dio do Pal\u00e1cio Duque de Caxias), muito provavelmente tenha sido de forma estrat\u00e9gica para gerar seguran\u00e7a ao local j\u00e1 que haveria aglomera\u00e7\u00e3o de multid\u00f5es.<\/p>\n<p align=\"justify\">Desta esta\u00e7\u00e3o partiriam locomotivas unificando o com\u00e9rcio de mercadorias, em especial o caf\u00e9, nas prov\u00edncias mais pr\u00f3speras do Imp\u00e9rio: Rio, S\u00e3o Paulo e Minas Gerais.<\/p>\n<figure id=\"attachment_1378\" aria-describedby=\"caption-attachment-1378\" style=\"width: 600px\" class=\"wp-caption aligncenter\"><img loading=\"lazy\" decoding=\"async\" data-attachment-id=\"1378\" data-permalink=\"https:\/\/www.kanenberg.com.br\/fatosfotoseregistros\/central-do-brasil\/central_1899\/\" data-orig-file=\"https:\/\/www.kanenberg.com.br\/fatosfotoseregistros\/wp-content\/uploads\/2016\/06\/central_1899.jpg\" data-orig-size=\"600,286\" data-comments-opened=\"1\" data-image-meta=\"{&quot;aperture&quot;:&quot;0&quot;,&quot;credit&quot;:&quot;&quot;,&quot;camera&quot;:&quot;&quot;,&quot;caption&quot;:&quot;&quot;,&quot;created_timestamp&quot;:&quot;0&quot;,&quot;copyright&quot;:&quot;&quot;,&quot;focal_length&quot;:&quot;0&quot;,&quot;iso&quot;:&quot;0&quot;,&quot;shutter_speed&quot;:&quot;0&quot;,&quot;title&quot;:&quot;&quot;,&quot;orientation&quot;:&quot;0&quot;}\" data-image-title=\"central_1899\" data-image-description=\"\" data-image-caption=\"\" data-large-file=\"https:\/\/www.kanenberg.com.br\/fatosfotoseregistros\/wp-content\/uploads\/2016\/06\/central_1899.jpg\" class=\"wp-image-1378 size-full\" src=\"https:\/\/www.kanenberg.com.br\/fatosfotoseregistros\/wp-content\/uploads\/2016\/06\/central_1899.jpg\" alt=\"central_1899\" width=\"600\" height=\"286\" srcset=\"https:\/\/www.kanenberg.com.br\/fatosfotoseregistros\/wp-content\/uploads\/2016\/06\/central_1899.jpg 600w, https:\/\/www.kanenberg.com.br\/fatosfotoseregistros\/wp-content\/uploads\/2016\/06\/central_1899-300x143.jpg 300w\" sizes=\"auto, (max-width: 600px) 100vw, 600px\" \/><figcaption id=\"caption-attachment-1378\" class=\"wp-caption-text\">Central do Brasil em 1899<\/figcaption><\/figure>\n<p align=\"justify\">Em 1858 foi inaugurada a Estrada de Ferro Dom Pedro II tendo como esta\u00e7\u00e3o terminal a &#8220;Esta\u00e7\u00e3o do Campo&#8221;.<\/p>\n<p align=\"justify\">Posteriormente o nome foi alterado para &#8220;Esta\u00e7\u00e3o da Corte&#8221;, depois &#8220;Esta\u00e7\u00e3o Dom Pedro II&#8221; e desde 1971 &#8220;Esta\u00e7\u00e3o Central do Brasil&#8221; em alus\u00e3o a antiga e extinta ferrovia Central do Brasil da RFFSA.<\/p>\n<p align=\"justify\">No ato da inaugura\u00e7\u00e3o, foi realizada a primeira viagem que teve como passageiros D. Pedro II e sua fam\u00edlia, num percurso total de 47 quil\u00f4metros at\u00e9 a cidade de Queimados.<\/p>\n<p align=\"justify\">A frota inicial era composta por 40 vag\u00f5es de passageiros, 100 vag\u00f5es de carga e um total de 10 locomotivas.<\/p>\n<p align=\"justify\">Em 1869, o comendador Mariano Proc\u00f3pio empreendeu algumas reformas e a esta\u00e7\u00e3o ganhou mais dois andares para atender \u00e0s demandas da \u00e9poca.<\/p>\n<p align=\"justify\">Foi reformado anos mais tarde e teve a parte central do edif\u00edcio reconstru\u00edda em 1871.<\/p>\n<p align=\"justify\">O pr\u00e9dio recebeu o nome de Dom Pedro II em 1925, ano do centen\u00e1rio do nascimento do Imperador.<\/p>\n<p><img loading=\"lazy\" decoding=\"async\" data-attachment-id=\"1384\" data-permalink=\"https:\/\/www.kanenberg.com.br\/fatosfotoseregistros\/central-do-brasil\/dpedro9251\/\" data-orig-file=\"https:\/\/www.kanenberg.com.br\/fatosfotoseregistros\/wp-content\/uploads\/2016\/06\/dpedro9251.jpg\" data-orig-size=\"450,354\" data-comments-opened=\"1\" data-image-meta=\"{&quot;aperture&quot;:&quot;0&quot;,&quot;credit&quot;:&quot;&quot;,&quot;camera&quot;:&quot;&quot;,&quot;caption&quot;:&quot;&quot;,&quot;created_timestamp&quot;:&quot;0&quot;,&quot;copyright&quot;:&quot;&quot;,&quot;focal_length&quot;:&quot;0&quot;,&quot;iso&quot;:&quot;0&quot;,&quot;shutter_speed&quot;:&quot;0&quot;,&quot;title&quot;:&quot;&quot;,&quot;orientation&quot;:&quot;0&quot;}\" data-image-title=\"dpedro9251\" data-image-description=\"\" data-image-caption=\"\" data-large-file=\"https:\/\/www.kanenberg.com.br\/fatosfotoseregistros\/wp-content\/uploads\/2016\/06\/dpedro9251.jpg\" class=\" size-full wp-image-1384 aligncenter\" src=\"https:\/\/fatosfotoseregistros.files.wordpress.com\/2016\/06\/dpedro9251.jpg\" alt=\"dpedro9251\" width=\"450\" height=\"354\" srcset=\"https:\/\/www.kanenberg.com.br\/fatosfotoseregistros\/wp-content\/uploads\/2016\/06\/dpedro9251.jpg 450w, https:\/\/www.kanenberg.com.br\/fatosfotoseregistros\/wp-content\/uploads\/2016\/06\/dpedro9251-300x236.jpg 300w\" sizes=\"auto, (max-width: 450px) 100vw, 450px\" \/><br \/>\n<img loading=\"lazy\" decoding=\"async\" data-attachment-id=\"1388\" data-permalink=\"https:\/\/www.kanenberg.com.br\/fatosfotoseregistros\/central-do-brasil\/dpedro1930\/\" data-orig-file=\"https:\/\/www.kanenberg.com.br\/fatosfotoseregistros\/wp-content\/uploads\/2016\/06\/dpedro1930.jpg\" data-orig-size=\"600,382\" data-comments-opened=\"1\" data-image-meta=\"{&quot;aperture&quot;:&quot;0&quot;,&quot;credit&quot;:&quot;&quot;,&quot;camera&quot;:&quot;&quot;,&quot;caption&quot;:&quot;&quot;,&quot;created_timestamp&quot;:&quot;0&quot;,&quot;copyright&quot;:&quot;&quot;,&quot;focal_length&quot;:&quot;0&quot;,&quot;iso&quot;:&quot;0&quot;,&quot;shutter_speed&quot;:&quot;0&quot;,&quot;title&quot;:&quot;&quot;,&quot;orientation&quot;:&quot;0&quot;}\" data-image-title=\"dpedro1930\" data-image-description=\"\" data-image-caption=\"\" data-large-file=\"https:\/\/www.kanenberg.com.br\/fatosfotoseregistros\/wp-content\/uploads\/2016\/06\/dpedro1930.jpg\" class=\" size-full wp-image-1388 aligncenter\" src=\"https:\/\/fatosfotoseregistros.files.wordpress.com\/2016\/06\/dpedro1930.jpg\" alt=\"dpedro1930\" width=\"600\" height=\"382\" srcset=\"https:\/\/www.kanenberg.com.br\/fatosfotoseregistros\/wp-content\/uploads\/2016\/06\/dpedro1930.jpg 600w, https:\/\/www.kanenberg.com.br\/fatosfotoseregistros\/wp-content\/uploads\/2016\/06\/dpedro1930-300x191.jpg 300w\" sizes=\"auto, (max-width: 600px) 100vw, 600px\" \/><\/p>\n<p align=\"justify\">Foto a\u00e9rea (acima) tomada por volta de 1930 mostrando que a esta\u00e7\u00e3o ficava em posi\u00e7\u00e3o diagonal \u00e0 avenida (posteriormente alargada em toda a sua extens\u00e3o) e \u00e0 frente do Campo de Santana. As plataformas eram perpendiculares \u00e0 fachada da esta\u00e7\u00e3o e cobertas por um telhado comprido e largo (Acervo Biblioteca Nacional).<\/p>\n<figure id=\"attachment_1452\" aria-describedby=\"caption-attachment-1452\" style=\"width: 600px\" class=\"wp-caption aligncenter\"><img loading=\"lazy\" decoding=\"async\" data-attachment-id=\"1452\" data-permalink=\"https:\/\/www.kanenberg.com.br\/fatosfotoseregistros\/central-do-brasil\/maps\/\" data-orig-file=\"https:\/\/www.kanenberg.com.br\/fatosfotoseregistros\/wp-content\/uploads\/2016\/06\/maps.jpg\" data-orig-size=\"600,362\" data-comments-opened=\"1\" data-image-meta=\"{&quot;aperture&quot;:&quot;0&quot;,&quot;credit&quot;:&quot;&quot;,&quot;camera&quot;:&quot;&quot;,&quot;caption&quot;:&quot;&quot;,&quot;created_timestamp&quot;:&quot;0&quot;,&quot;copyright&quot;:&quot;&quot;,&quot;focal_length&quot;:&quot;0&quot;,&quot;iso&quot;:&quot;0&quot;,&quot;shutter_speed&quot;:&quot;0&quot;,&quot;title&quot;:&quot;&quot;,&quot;orientation&quot;:&quot;0&quot;}\" data-image-title=\"maps\" data-image-description=\"\" data-image-caption=\"\" data-large-file=\"https:\/\/www.kanenberg.com.br\/fatosfotoseregistros\/wp-content\/uploads\/2016\/06\/maps.jpg\" class=\" size-full wp-image-1452 aligncenter\" src=\"https:\/\/fatosfotoseregistros.files.wordpress.com\/2016\/06\/maps.jpg\" alt=\"maps\" width=\"600\" height=\"362\" srcset=\"https:\/\/www.kanenberg.com.br\/fatosfotoseregistros\/wp-content\/uploads\/2016\/06\/maps.jpg 600w, https:\/\/www.kanenberg.com.br\/fatosfotoseregistros\/wp-content\/uploads\/2016\/06\/maps-300x181.jpg 300w\" sizes=\"auto, (max-width: 600px) 100vw, 600px\" \/><figcaption id=\"caption-attachment-1452\" class=\"wp-caption-text\">Imagem de sat\u00e9lite &#8211; recente<\/figcaption><\/figure>\n<p align=\"justify\">Em fevereiro de 1938, foi inaugurada a eletrifica\u00e7\u00e3o da linha da Central at\u00e9 Bel\u00e9m (Japeri). Em fun\u00e7\u00e3o das obras na esta\u00e7\u00e3o Dom Pedro II, apenas os trens eletrificados partiam desta esta\u00e7\u00e3o. Os trens a vapor passaram a partir da esta\u00e7\u00e3o de Alfredo Maia.<\/p>\n<p align=\"justify\">Na d\u00e9cada de 1940 a antiga constru\u00e7\u00e3o foi demolida para a expans\u00e3o do sistema ferrovi\u00e1rio e tamb\u00e9m para a passagem da Av. Presidente Vargas, quando ent\u00e3o foi erguido o pr\u00e9dio atual.<\/p>\n<p align=\"justify\">Apenas no dia 14 de junho de 1941, todos os trens voltaram a sair da plataforma da nova esta\u00e7\u00e3o ainda inacabada.<\/p>\n<p><img loading=\"lazy\" decoding=\"async\" data-attachment-id=\"1394\" data-permalink=\"https:\/\/www.kanenberg.com.br\/fatosfotoseregistros\/central-do-brasil\/dpedro9411\/\" data-orig-file=\"https:\/\/www.kanenberg.com.br\/fatosfotoseregistros\/wp-content\/uploads\/2016\/06\/dpedro9411.jpg\" data-orig-size=\"368,438\" data-comments-opened=\"1\" data-image-meta=\"{&quot;aperture&quot;:&quot;0&quot;,&quot;credit&quot;:&quot;&quot;,&quot;camera&quot;:&quot;&quot;,&quot;caption&quot;:&quot;&quot;,&quot;created_timestamp&quot;:&quot;0&quot;,&quot;copyright&quot;:&quot;&quot;,&quot;focal_length&quot;:&quot;0&quot;,&quot;iso&quot;:&quot;0&quot;,&quot;shutter_speed&quot;:&quot;0&quot;,&quot;title&quot;:&quot;&quot;,&quot;orientation&quot;:&quot;0&quot;}\" data-image-title=\"dpedro9411\" data-image-description=\"\" data-image-caption=\"\" data-large-file=\"https:\/\/www.kanenberg.com.br\/fatosfotoseregistros\/wp-content\/uploads\/2016\/06\/dpedro9411.jpg\" class=\"aligncenter wp-image-1394 size-full\" src=\"https:\/\/www.kanenberg.com.br\/fatosfotoseregistros\/wp-content\/uploads\/2016\/06\/dpedro9411.jpg\" alt=\"dpedro9411\" width=\"368\" height=\"438\" srcset=\"https:\/\/www.kanenberg.com.br\/fatosfotoseregistros\/wp-content\/uploads\/2016\/06\/dpedro9411.jpg 368w, https:\/\/www.kanenberg.com.br\/fatosfotoseregistros\/wp-content\/uploads\/2016\/06\/dpedro9411-252x300.jpg 252w\" sizes=\"auto, (max-width: 368px) 100vw, 368px\" \/><\/p>\n<p align=\"justify\">Cabe ainda ressaltar que a pr\u00f3pria estrada de ferro, ao longo de sua exist\u00eancia, sofreu diversas altera\u00e7\u00f5es na sua denomina\u00e7\u00e3o, conforme vemos a seguir:<\/p>\n<p>&#8211; Estrada de Ferro Dom Pedro II (1858-1889)<br \/>\n&#8211; Estrada de Ferro Central do Brasil (1889-1975)<br \/>\n&#8211; RFFSA &#8211; Rede Ferrovi\u00e1ria Federal Sociedade An\u00f4nima (1975-1997)<br \/>\n&#8211; Supervia (1997-At\u00e9 hoje)<\/p>\n<p align=\"justify\">A inaugura\u00e7\u00e3o oficial do Pr\u00e9dio foi em 29 de mar\u00e7o de 1943, sendo um grande acontecimento c\u00edvico que contou com a presen\u00e7a de um representante do Presidente da Rep\u00fablica, do Minist\u00e9rio da Via\u00e7\u00e3o e Obras P\u00fablicas, Gal. Jo\u00e3o Mendon\u00e7a Lima e do diretor da Estrada de Ferro Central do Brasil, Major Napole\u00e3o de Alencastro Guimar\u00e3es que, instalados num palanque especialmente erguido para festejar a ocasi\u00e3o acionaram uma chave que colocou em funcionamento o rel\u00f3gio.<\/p>\n<p align=\"justify\">Atualmente, da Esta\u00e7\u00e3o Central do Brasil, partem diversas linhas conectando o Centro aos bairros da Zona Norte e Oeste do Rio de Janeiro assim como a diversos munic\u00edpios da Baixada Fluminense, inclusive a linha de Saracuruna cuja qual originalmente partia da Esta\u00e7\u00e3o Bar\u00e3o de Mau\u00e1, por esta pertencer \u00e0 antiga estrada de Ferro Leopoldina.<\/p>\n<p align=\"justify\">Alguns anos atr\u00e1s existia tamb\u00e9m um ramal para a Esta\u00e7\u00e3o Mar\u00edtima, que foi desativada e abandonada. No local, atualmente, se encontra a Cidade do Samba.<\/p>\n<p><img loading=\"lazy\" decoding=\"async\" data-attachment-id=\"1398\" data-permalink=\"https:\/\/www.kanenberg.com.br\/fatosfotoseregistros\/central-do-brasil\/maritima8811\/\" data-orig-file=\"https:\/\/www.kanenberg.com.br\/fatosfotoseregistros\/wp-content\/uploads\/2016\/06\/maritima8811.jpg\" data-orig-size=\"600,449\" data-comments-opened=\"1\" data-image-meta=\"{&quot;aperture&quot;:&quot;0&quot;,&quot;credit&quot;:&quot;&quot;,&quot;camera&quot;:&quot;&quot;,&quot;caption&quot;:&quot;&quot;,&quot;created_timestamp&quot;:&quot;0&quot;,&quot;copyright&quot;:&quot;&quot;,&quot;focal_length&quot;:&quot;0&quot;,&quot;iso&quot;:&quot;0&quot;,&quot;shutter_speed&quot;:&quot;0&quot;,&quot;title&quot;:&quot;&quot;,&quot;orientation&quot;:&quot;0&quot;}\" data-image-title=\"maritima8811\" data-image-description=\"\" data-image-caption=\"\" data-large-file=\"https:\/\/www.kanenberg.com.br\/fatosfotoseregistros\/wp-content\/uploads\/2016\/06\/maritima8811.jpg\" class=\" size-full wp-image-1398 aligncenter\" src=\"https:\/\/fatosfotoseregistros.files.wordpress.com\/2016\/06\/maritima8811.jpg\" alt=\"maritima8811\" width=\"600\" height=\"449\" srcset=\"https:\/\/www.kanenberg.com.br\/fatosfotoseregistros\/wp-content\/uploads\/2016\/06\/maritima8811.jpg 600w, https:\/\/www.kanenberg.com.br\/fatosfotoseregistros\/wp-content\/uploads\/2016\/06\/maritima8811-300x225.jpg 300w\" sizes=\"auto, (max-width: 600px) 100vw, 600px\" \/><\/p>\n<p align=\"justify\">A esta\u00e7\u00e3o de Mar\u00edtima foi inaugurada em 1880. O ramal, que tinha pouco mais de 1 km e servia apenas para o transporte e dep\u00f3sito das cargas que chegavam de trem para embarque no Porto do Rio de Janeiro.<\/p>\n<p><img loading=\"lazy\" decoding=\"async\" data-attachment-id=\"1401\" data-permalink=\"https:\/\/www.kanenberg.com.br\/fatosfotoseregistros\/central-do-brasil\/maritima9101\/\" data-orig-file=\"https:\/\/www.kanenberg.com.br\/fatosfotoseregistros\/wp-content\/uploads\/2016\/06\/maritima9101.jpg\" data-orig-size=\"450,297\" data-comments-opened=\"1\" data-image-meta=\"{&quot;aperture&quot;:&quot;0&quot;,&quot;credit&quot;:&quot;&quot;,&quot;camera&quot;:&quot;&quot;,&quot;caption&quot;:&quot;&quot;,&quot;created_timestamp&quot;:&quot;0&quot;,&quot;copyright&quot;:&quot;&quot;,&quot;focal_length&quot;:&quot;0&quot;,&quot;iso&quot;:&quot;0&quot;,&quot;shutter_speed&quot;:&quot;0&quot;,&quot;title&quot;:&quot;&quot;,&quot;orientation&quot;:&quot;0&quot;}\" data-image-title=\"maritima9101\" data-image-description=\"\" data-image-caption=\"\" data-large-file=\"https:\/\/www.kanenberg.com.br\/fatosfotoseregistros\/wp-content\/uploads\/2016\/06\/maritima9101.jpg\" class=\" size-full wp-image-1401 aligncenter\" src=\"https:\/\/fatosfotoseregistros.files.wordpress.com\/2016\/06\/maritima9101.jpg\" alt=\"maritima9101\" width=\"450\" height=\"297\" srcset=\"https:\/\/www.kanenberg.com.br\/fatosfotoseregistros\/wp-content\/uploads\/2016\/06\/maritima9101.jpg 450w, https:\/\/www.kanenberg.com.br\/fatosfotoseregistros\/wp-content\/uploads\/2016\/06\/maritima9101-300x198.jpg 300w, https:\/\/www.kanenberg.com.br\/fatosfotoseregistros\/wp-content\/uploads\/2016\/06\/maritima9101-120x80.jpg 120w\" sizes=\"auto, (max-width: 450px) 100vw, 450px\" \/><\/p>\n<p align=\"justify\">Na foto acima, a esta\u00e7\u00e3o Mar\u00edtima, \u00e0 direita, e sua posi\u00e7\u00e3o relativa \u00e0 esta\u00e7\u00e3o Dom Pedro II, em 1910. A\u00ed podem se notar os t\u00faneis, sob o Morro da Providencia e o Morro da Favela (ou da Formiga). A esta\u00e7\u00e3o ainda era a antiga, pequena. A Avenida Presidente Vargas n\u00e3o existia.<\/p>\n<p align=\"justify\">Atualmente este t\u00fanel ser\u00e1 utilizado para a passagem do VLT Carioca.<\/p>\n<h3><strong>O edif\u00edcio<\/strong><\/h3>\n<p align=\"justify\">O Edif\u00edcio da Central do Brasil \u00e9 um arranha-c\u00e9u com uma torre, de se\u00e7\u00e3o quadrada e 135 metros de altura, distribu\u00eddos em 30 pavimentos. A torre \u00e9 escalonada em 3 patamares, sendo o primeiro do t\u00e9rreo ao 19\u00ba pavimento, o segundo do 20\u00ba ao 26\u00ba pavimento e o terceiro do 27\u00ba ao 30\u00ba pavimento. O rel\u00f3gio de quatro faces, com imensos ponteiros com ilumina\u00e7\u00e3o, ocupa as fachadas entre o 21\u00ba e o 26\u00ba pavimento.<\/p>\n<p align=\"justify\">\u00c9 uma constru\u00e7\u00e3o de estilo Art d\u00e9co localizado em plena Avenida Presidente Vargas, no Rio de Janeiro. \u00c9 considerado um dos marcos da verticaliza\u00e7\u00e3o dos centros urbanos brasileiros e, junto com o Edif\u00edcio Martinelli, Edif\u00edcio Joseph Gire (A Noite) e o Edif\u00edcio Altino Arantes, forma o conjunto dos primeiros arranha-c\u00e9us brasileiros.<\/p>\n<p align=\"justify\">Foi a maior estrutura de concreto armado do mundo at\u00e9 a constru\u00e7\u00e3o do Edif\u00edcio Altino Arantes, S\u00e3o Paulo.<\/p>\n<p align=\"justify\">O pr\u00e9dio abriga tamb\u00e9m a Secretaria de Estado de Seguran\u00e7a, do atual Secret\u00e1rio Jos\u00e9 Mariano Beltrame.<\/p>\n<figure id=\"attachment_1531\" aria-describedby=\"caption-attachment-1531\" style=\"width: 600px\" class=\"wp-caption aligncenter\"><img loading=\"lazy\" decoding=\"async\" data-attachment-id=\"1531\" data-permalink=\"https:\/\/www.kanenberg.com.br\/fatosfotoseregistros\/central-do-brasil\/centralearth\/\" data-orig-file=\"https:\/\/www.kanenberg.com.br\/fatosfotoseregistros\/wp-content\/uploads\/2016\/06\/centralearth.jpg\" data-orig-size=\"600,334\" data-comments-opened=\"1\" data-image-meta=\"{&quot;aperture&quot;:&quot;0&quot;,&quot;credit&quot;:&quot;&quot;,&quot;camera&quot;:&quot;&quot;,&quot;caption&quot;:&quot;&quot;,&quot;created_timestamp&quot;:&quot;0&quot;,&quot;copyright&quot;:&quot;&quot;,&quot;focal_length&quot;:&quot;0&quot;,&quot;iso&quot;:&quot;0&quot;,&quot;shutter_speed&quot;:&quot;0&quot;,&quot;title&quot;:&quot;&quot;,&quot;orientation&quot;:&quot;1&quot;}\" data-image-title=\"centralearth\" data-image-description=\"\" data-image-caption=\"\" data-large-file=\"https:\/\/www.kanenberg.com.br\/fatosfotoseregistros\/wp-content\/uploads\/2016\/06\/centralearth.jpg\" class=\" size-full wp-image-1531 aligncenter\" src=\"https:\/\/fatosfotoseregistros.files.wordpress.com\/2016\/06\/centralearth.jpg\" alt=\"centralearth\" width=\"600\" height=\"334\" srcset=\"https:\/\/www.kanenberg.com.br\/fatosfotoseregistros\/wp-content\/uploads\/2016\/06\/centralearth.jpg 600w, https:\/\/www.kanenberg.com.br\/fatosfotoseregistros\/wp-content\/uploads\/2016\/06\/centralearth-300x167.jpg 300w\" sizes=\"auto, (max-width: 600px) 100vw, 600px\" \/><figcaption id=\"caption-attachment-1531\" class=\"wp-caption-text\">Imagens via Google Earth<\/figcaption><\/figure>\n<h3><strong>Curiosidades<\/strong><\/h3>\n<p align=\"justify\">No ano de 2011 a esta\u00e7\u00e3o Central do Brasil e seu hist\u00f3rico rel\u00f3gio foram homenageados pelos Correios com um selo comemorativo.<\/p>\n<p><img loading=\"lazy\" decoding=\"async\" data-attachment-id=\"1408\" data-permalink=\"https:\/\/www.kanenberg.com.br\/fatosfotoseregistros\/central-do-brasil\/selo\/\" data-orig-file=\"https:\/\/www.kanenberg.com.br\/fatosfotoseregistros\/wp-content\/uploads\/2016\/06\/selo.jpg\" data-orig-size=\"250,323\" data-comments-opened=\"1\" data-image-meta=\"{&quot;aperture&quot;:&quot;0&quot;,&quot;credit&quot;:&quot;&quot;,&quot;camera&quot;:&quot;&quot;,&quot;caption&quot;:&quot;&quot;,&quot;created_timestamp&quot;:&quot;0&quot;,&quot;copyright&quot;:&quot;&quot;,&quot;focal_length&quot;:&quot;0&quot;,&quot;iso&quot;:&quot;0&quot;,&quot;shutter_speed&quot;:&quot;0&quot;,&quot;title&quot;:&quot;&quot;,&quot;orientation&quot;:&quot;0&quot;}\" data-image-title=\"selo\" data-image-description=\"\" data-image-caption=\"\" data-large-file=\"https:\/\/www.kanenberg.com.br\/fatosfotoseregistros\/wp-content\/uploads\/2016\/06\/selo.jpg\" class=\" size-full wp-image-1408 aligncenter\" src=\"https:\/\/fatosfotoseregistros.files.wordpress.com\/2016\/06\/selo.jpg\" alt=\"selo\" width=\"250\" height=\"323\" srcset=\"https:\/\/www.kanenberg.com.br\/fatosfotoseregistros\/wp-content\/uploads\/2016\/06\/selo.jpg 250w, https:\/\/www.kanenberg.com.br\/fatosfotoseregistros\/wp-content\/uploads\/2016\/06\/selo-232x300.jpg 232w\" sizes=\"auto, (max-width: 250px) 100vw, 250px\" \/><\/p>\n<p align=\"justify\">No dia 13 de mar\u00e7o de 1964 ocorreu o famoso Com\u00edcio da Central em frente \u00e0 Esta\u00e7\u00e3o da Central do Brasil com a presen\u00e7a de cerca de 150 mil pessoas para escutar as palavras do Presidente da Rep\u00fablica, Jo\u00e3o Goulart.<\/p>\n<p align=\"justify\">O famoso rel\u00f3gio da Central do Brasil \u00e9 maior que Big Ben, de Londres. O dos ingleses mede 7 metros, enquanto os brasileiros t\u00eam 10 metros em cada face.<\/p>\n<p align=\"justify\">Em 1997, a esta\u00e7\u00e3o foi cen\u00e1rio do filme Central do Brasil, em que a atriz Fernanda Montenegro faz o papel de uma mulher que ganha a vida na gare escrevendo cartas ditadas por analfabetos.<\/p>\n<p align=\"justify\">N\u00e3o pense que os problemas de seguran\u00e7a e atrasos s\u00e3o fatos recentes. Estes s\u00e3o problemas antigos. Tanto que em 1940, os compositores Arthur Villarinho e Stanislau da Silva, fizeram o samba &#8220;O trem atrasou&#8221; que foi gravado por Roberto Paiva. Veja um trecho deste:<\/p>\n<blockquote>\n<p align=\"justify\">Patr\u00e3o, o trem atrasou<br \/>\nPor isso estou chegando agora<br \/>\nTrago aqui um memorando da central<br \/>\nO trem atrasou meia hora<br \/>\nO senhor n\u00e3o tem raz\u00e3o<br \/>\nPara me mandar embora!<\/p>\n<\/blockquote>\n<h3 align=\"justify\"><strong> Fotos<\/strong><\/h3>\n<figure id=\"attachment_1445\" aria-describedby=\"caption-attachment-1445\" style=\"width: 600px\" class=\"wp-caption aligncenter\"><img loading=\"lazy\" decoding=\"async\" data-attachment-id=\"1445\" data-permalink=\"https:\/\/www.kanenberg.com.br\/fatosfotoseregistros\/central-do-brasil\/sagua1977\/\" data-orig-file=\"https:\/\/www.kanenberg.com.br\/fatosfotoseregistros\/wp-content\/uploads\/2016\/06\/sagua1977.jpg\" data-orig-size=\"600,361\" data-comments-opened=\"1\" data-image-meta=\"{&quot;aperture&quot;:&quot;0&quot;,&quot;credit&quot;:&quot;&quot;,&quot;camera&quot;:&quot;&quot;,&quot;caption&quot;:&quot;&quot;,&quot;created_timestamp&quot;:&quot;0&quot;,&quot;copyright&quot;:&quot;&quot;,&quot;focal_length&quot;:&quot;0&quot;,&quot;iso&quot;:&quot;0&quot;,&quot;shutter_speed&quot;:&quot;0&quot;,&quot;title&quot;:&quot;&quot;,&quot;orientation&quot;:&quot;0&quot;}\" data-image-title=\"sagua1977\" data-image-description=\"\" data-image-caption=\"\" data-large-file=\"https:\/\/www.kanenberg.com.br\/fatosfotoseregistros\/wp-content\/uploads\/2016\/06\/sagua1977.jpg\" class=\" size-full wp-image-1445 aligncenter\" src=\"https:\/\/fatosfotoseregistros.files.wordpress.com\/2016\/06\/sagua1977.jpg\" alt=\"sagua1977\" width=\"600\" height=\"361\" srcset=\"https:\/\/www.kanenberg.com.br\/fatosfotoseregistros\/wp-content\/uploads\/2016\/06\/sagua1977.jpg 600w, https:\/\/www.kanenberg.com.br\/fatosfotoseregistros\/wp-content\/uploads\/2016\/06\/sagua1977-300x181.jpg 300w\" sizes=\"auto, (max-width: 600px) 100vw, 600px\" \/><figcaption id=\"caption-attachment-1445\" class=\"wp-caption-text\">Sagu\u00e3o em 1977<\/figcaption><\/figure>\n<figure id=\"attachment_1448\" aria-describedby=\"caption-attachment-1448\" style=\"width: 600px\" class=\"wp-caption aligncenter\"><img loading=\"lazy\" decoding=\"async\" data-attachment-id=\"1448\" data-permalink=\"https:\/\/www.kanenberg.com.br\/fatosfotoseregistros\/central-do-brasil\/saguao\/\" data-orig-file=\"https:\/\/www.kanenberg.com.br\/fatosfotoseregistros\/wp-content\/uploads\/2016\/06\/saguao.jpg\" data-orig-size=\"600,450\" data-comments-opened=\"1\" data-image-meta=\"{&quot;aperture&quot;:&quot;0&quot;,&quot;credit&quot;:&quot;&quot;,&quot;camera&quot;:&quot;&quot;,&quot;caption&quot;:&quot;&quot;,&quot;created_timestamp&quot;:&quot;0&quot;,&quot;copyright&quot;:&quot;COPYRIGHT, 2009&quot;,&quot;focal_length&quot;:&quot;0&quot;,&quot;iso&quot;:&quot;0&quot;,&quot;shutter_speed&quot;:&quot;0&quot;,&quot;title&quot;:&quot;&quot;,&quot;orientation&quot;:&quot;0&quot;}\" data-image-title=\"saguao\" data-image-description=\"\" data-image-caption=\"\" data-large-file=\"https:\/\/www.kanenberg.com.br\/fatosfotoseregistros\/wp-content\/uploads\/2016\/06\/saguao.jpg\" class=\" size-full wp-image-1448 aligncenter\" src=\"https:\/\/fatosfotoseregistros.files.wordpress.com\/2016\/06\/saguao.jpg\" alt=\"saguao\" width=\"600\" height=\"450\" srcset=\"https:\/\/www.kanenberg.com.br\/fatosfotoseregistros\/wp-content\/uploads\/2016\/06\/saguao.jpg 600w, https:\/\/www.kanenberg.com.br\/fatosfotoseregistros\/wp-content\/uploads\/2016\/06\/saguao-300x225.jpg 300w\" sizes=\"auto, (max-width: 600px) 100vw, 600px\" \/><figcaption id=\"caption-attachment-1448\" class=\"wp-caption-text\">Sagu\u00e3o<\/figcaption><\/figure>\n<figure id=\"attachment_1456\" aria-describedby=\"caption-attachment-1456\" style=\"width: 600px\" class=\"wp-caption aligncenter\"><img loading=\"lazy\" decoding=\"async\" data-attachment-id=\"1456\" data-permalink=\"https:\/\/www.kanenberg.com.br\/fatosfotoseregistros\/central-do-brasil\/central2015\/\" data-orig-file=\"https:\/\/www.kanenberg.com.br\/fatosfotoseregistros\/wp-content\/uploads\/2016\/06\/central2015.jpg\" data-orig-size=\"600,368\" data-comments-opened=\"1\" data-image-meta=\"{&quot;aperture&quot;:&quot;0&quot;,&quot;credit&quot;:&quot;&quot;,&quot;camera&quot;:&quot;&quot;,&quot;caption&quot;:&quot;&quot;,&quot;created_timestamp&quot;:&quot;0&quot;,&quot;copyright&quot;:&quot;&quot;,&quot;focal_length&quot;:&quot;0&quot;,&quot;iso&quot;:&quot;0&quot;,&quot;shutter_speed&quot;:&quot;0&quot;,&quot;title&quot;:&quot;&quot;,&quot;orientation&quot;:&quot;0&quot;}\" data-image-title=\"central2015\" data-image-description=\"\" data-image-caption=\"\" data-large-file=\"https:\/\/www.kanenberg.com.br\/fatosfotoseregistros\/wp-content\/uploads\/2016\/06\/central2015.jpg\" class=\" size-full wp-image-1456 aligncenter\" src=\"https:\/\/fatosfotoseregistros.files.wordpress.com\/2016\/06\/central2015.jpg\" alt=\"central2015\" width=\"600\" height=\"368\" srcset=\"https:\/\/www.kanenberg.com.br\/fatosfotoseregistros\/wp-content\/uploads\/2016\/06\/central2015.jpg 600w, https:\/\/www.kanenberg.com.br\/fatosfotoseregistros\/wp-content\/uploads\/2016\/06\/central2015-300x184.jpg 300w\" sizes=\"auto, (max-width: 600px) 100vw, 600px\" \/><figcaption id=\"caption-attachment-1456\" class=\"wp-caption-text\">Central do Brasil em 2015<\/figcaption><\/figure>\n<p><img loading=\"lazy\" decoding=\"async\" data-attachment-id=\"1464\" data-permalink=\"https:\/\/www.kanenberg.com.br\/fatosfotoseregistros\/central-do-brasil\/relogio2015\/\" data-orig-file=\"https:\/\/www.kanenberg.com.br\/fatosfotoseregistros\/wp-content\/uploads\/2016\/06\/relogio2015.jpg\" data-orig-size=\"600,800\" data-comments-opened=\"1\" data-image-meta=\"{&quot;aperture&quot;:&quot;0&quot;,&quot;credit&quot;:&quot;&quot;,&quot;camera&quot;:&quot;&quot;,&quot;caption&quot;:&quot;&quot;,&quot;created_timestamp&quot;:&quot;0&quot;,&quot;copyright&quot;:&quot;&quot;,&quot;focal_length&quot;:&quot;0&quot;,&quot;iso&quot;:&quot;0&quot;,&quot;shutter_speed&quot;:&quot;0&quot;,&quot;title&quot;:&quot;&quot;,&quot;orientation&quot;:&quot;1&quot;}\" data-image-title=\"relogio2015\" data-image-description=\"\" data-image-caption=\"\" data-large-file=\"https:\/\/www.kanenberg.com.br\/fatosfotoseregistros\/wp-content\/uploads\/2016\/06\/relogio2015.jpg\" class=\" size-full wp-image-1464 aligncenter\" src=\"https:\/\/fatosfotoseregistros.files.wordpress.com\/2016\/06\/relogio2015.jpg\" alt=\"relogio2015\" width=\"600\" height=\"800\" srcset=\"https:\/\/www.kanenberg.com.br\/fatosfotoseregistros\/wp-content\/uploads\/2016\/06\/relogio2015.jpg 600w, https:\/\/www.kanenberg.com.br\/fatosfotoseregistros\/wp-content\/uploads\/2016\/06\/relogio2015-225x300.jpg 225w\" sizes=\"auto, (max-width: 600px) 100vw, 600px\" \/><\/p>\n<p><img loading=\"lazy\" decoding=\"async\" data-attachment-id=\"1467\" data-permalink=\"https:\/\/www.kanenberg.com.br\/fatosfotoseregistros\/central-do-brasil\/pvargas\/\" data-orig-file=\"https:\/\/www.kanenberg.com.br\/fatosfotoseregistros\/wp-content\/uploads\/2016\/06\/pvargas.jpg\" data-orig-size=\"600,338\" data-comments-opened=\"1\" data-image-meta=\"{&quot;aperture&quot;:&quot;0&quot;,&quot;credit&quot;:&quot;&quot;,&quot;camera&quot;:&quot;&quot;,&quot;caption&quot;:&quot;&quot;,&quot;created_timestamp&quot;:&quot;0&quot;,&quot;copyright&quot;:&quot;&quot;,&quot;focal_length&quot;:&quot;0&quot;,&quot;iso&quot;:&quot;0&quot;,&quot;shutter_speed&quot;:&quot;0&quot;,&quot;title&quot;:&quot;&quot;,&quot;orientation&quot;:&quot;0&quot;}\" data-image-title=\"pvargas\" data-image-description=\"\" data-image-caption=\"\" data-large-file=\"https:\/\/www.kanenberg.com.br\/fatosfotoseregistros\/wp-content\/uploads\/2016\/06\/pvargas.jpg\" class=\"aligncenter wp-image-1467 size-full\" src=\"https:\/\/www.kanenberg.com.br\/fatosfotoseregistros\/wp-content\/uploads\/2016\/06\/pvargas.jpg\" alt=\"pvargas\" width=\"600\" height=\"338\" srcset=\"https:\/\/www.kanenberg.com.br\/fatosfotoseregistros\/wp-content\/uploads\/2016\/06\/pvargas.jpg 600w, https:\/\/www.kanenberg.com.br\/fatosfotoseregistros\/wp-content\/uploads\/2016\/06\/pvargas-300x169.jpg 300w\" sizes=\"auto, (max-width: 600px) 100vw, 600px\" \/><\/p>\n<p>&nbsp;<\/p>\n<h3><strong>V\u00eddeos<\/strong><\/h3>\n<p align=\"justify\">Document\u00e1rio &#8220;Vida Carioca &#8211; Um dia na Central&#8221;, com cenas do cotidiano dos usu\u00e1rios da Estrada de Ferro Central do Brasil na cidade do Rio de Janeiro nos anos 50. Cenas de trens e esta\u00e7\u00f5es<\/p>\n<p><span class=\"embed-youtube\" style=\"text-align:center; display: block;\"><iframe loading=\"lazy\" class=\"youtube-player\" width=\"840\" height=\"473\" src=\"https:\/\/www.youtube.com\/embed\/gb156RbMeFw?version=3&#038;rel=1&#038;showsearch=0&#038;showinfo=1&#038;iv_load_policy=1&#038;fs=1&#038;hl=pt-BR&#038;autohide=2&#038;wmode=transparent\" allowfullscreen=\"true\" style=\"border:0;\" sandbox=\"allow-scripts allow-same-origin allow-popups allow-presentation allow-popups-to-escape-sandbox\"><\/iframe><\/span><\/p>\n<p align=\"justify\">Em 13 de mar\u00e7o de 1964, Jango discursou na Central do Brasil para 150 mil pessoas. Ele anunciou reformas, como a nacionaliza\u00e7\u00e3o de refinarias de petr\u00f3leo e a desapropria\u00e7\u00e3o de terras para a implementa\u00e7\u00e3o da reforma agr\u00e1ria, numa tentativa desesperada de conseguir apoio popular.<\/p>\n<p><span class=\"embed-youtube\" style=\"text-align:center; display: block;\"><iframe loading=\"lazy\" class=\"youtube-player\" width=\"840\" height=\"473\" src=\"https:\/\/www.youtube.com\/embed\/KjM48ZjevmA?version=3&#038;rel=1&#038;showsearch=0&#038;showinfo=1&#038;iv_load_policy=1&#038;fs=1&#038;hl=pt-BR&#038;autohide=2&#038;wmode=transparent\" allowfullscreen=\"true\" style=\"border:0;\" sandbox=\"allow-scripts allow-same-origin allow-popups allow-presentation allow-popups-to-escape-sandbox\"><\/iframe><\/span><\/p>\n<p><span class=\"embed-youtube\" style=\"text-align:center; display: block;\"><iframe loading=\"lazy\" class=\"youtube-player\" width=\"840\" height=\"473\" src=\"https:\/\/www.youtube.com\/embed\/lYttkDBCgf0?version=3&#038;rel=1&#038;showsearch=0&#038;showinfo=1&#038;iv_load_policy=1&#038;fs=1&#038;hl=pt-BR&#038;autohide=2&#038;wmode=transparent\" allowfullscreen=\"true\" style=\"border:0;\" sandbox=\"allow-scripts allow-same-origin allow-popups allow-presentation allow-popups-to-escape-sandbox\"><\/iframe><\/span><\/p>\n<p align=\"justify\">FlashMob realizado na Esta\u00e7\u00e3o da Central do Brasil (Rio de Janeiro) no dia 16 de maio de 2013, com a performance da Orquestra e C\u00f4ro da Escola de M\u00fasica da UFRJ do &#8220;Maracatu de Chico-Rei&#8221; de Francisco Mignone, como interven\u00e7\u00e3o urbana integrada \u00e0 campanha &#8220;Quero Educa\u00e7\u00e3o Musical na Escola&#8221;.<\/p>\n<p><span class=\"embed-youtube\" style=\"text-align:center; display: block;\"><iframe loading=\"lazy\" class=\"youtube-player\" width=\"840\" height=\"473\" src=\"https:\/\/www.youtube.com\/embed\/kNiXvHK12So?version=3&#038;rel=1&#038;showsearch=0&#038;showinfo=1&#038;iv_load_policy=1&#038;fs=1&#038;hl=pt-BR&#038;autohide=2&#038;wmode=transparent\" allowfullscreen=\"true\" style=\"border:0;\" sandbox=\"allow-scripts allow-same-origin allow-popups allow-presentation allow-popups-to-escape-sandbox\"><\/iframe><\/span><\/p>\n<h3 align=\"justify\"><strong>Bibliografia e Refer\u00eancias<\/strong><\/h3>\n<ul>\n<li><a href=\"http:\/\/www.estacoesferroviarias.com.br\/efcb_rj_linha_centro\/dpedro.htm\" target=\"_blank\" rel=\"noopener\">Esta\u00e7\u00f5es Ferrovi\u00e1rias do Brasil &#8211; Esta\u00e7\u00e3o D. Pedro II<\/a><\/li>\n<li><a href=\"http:\/\/www.estacoesferroviarias.com.br\/efcb_rj_linha_centro\/maritima.htm\" target=\"_blank\" rel=\"noopener\">Esta\u00e7\u00f5es Ferrovi\u00e1rias do Brasil &#8211; Esta\u00e7\u00e3o Mar\u00edtima<\/a><\/li>\n<li><a href=\"https:\/\/pt.wikipedia.org\/wiki\/Esta%C3%A7%C3%A3o_Central_do_Brasil\" target=\"_blank\" rel=\"noopener\">Esta\u00e7\u00e3o Central do Brasil<\/a><\/li>\n<li><a href=\"http:\/\/www.rj.gov.br\/web\/imprensa\/exibeconteudo?article-id=441518\" target=\"_blank\" rel=\"noopener\">Central do Brasil e seu hist\u00f3rico rel\u00f3gio s\u00e3o homenageados pelos Correios<\/a><\/li>\n<li><a href=\"http:\/\/trilhosdorio.com.br\/forum\/viewtopic.php?f=84&amp;t=116\" target=\"_blank\" rel=\"noopener\">Ramal e Esta\u00e7\u00e3o Mar\u00edtima da Gamboa<\/a><\/li>\n<li><a href=\"http:\/\/www.institutojoaogoulart.org.br\/conteudo.php?id=31\" target=\"_blank\" rel=\"noopener\">Discurso de Jo\u00e3o Goulart no com\u00edcio de 13 de mar\u00e7o de 1964<\/a><\/li>\n<li>O Rio de Janeiro. Sua Hist\u00f3ria, Monumentos, Homens Not\u00e1veis, Usos e Curiosidades &#8211; de Moreira de Azevedo.<\/li>\n<li>Mem\u00f3ria hist\u00f3rica da Estrada de Ferro Central do Brasil.<\/li>\n<li>Das vanguardas \u00e0 tradi\u00e7\u00e3o: arquitetura, teatro e espa\u00e7o urbano.<\/li>\n<li>Rio de Janeiro, sua hist\u00f3ria, monumentos, homens not\u00e1veis, usos e curiosidades.<\/li>\n<li>O Rio de Janeiro do Bota-Abaixo.<\/li>\n<\/ul>\n","protected":false},"excerpt":{"rendered":"<p>Central do Brasil, lugar conhecido por alguns e desconhecido por outros, admirado por uns e temido por outros, para alguns \u00e9 caminho obrigat\u00f3rio no dia-a-dia, enfim, um lugar cheio de hist\u00f3rias e curiosidades.<\/p>\n","protected":false},"author":1,"featured_media":0,"comment_status":"open","ping_status":"open","sticky":false,"template":"","format":"standard","meta":{"_exactmetrics_skip_tracking":false,"_jetpack_newsletter_access":"","_jetpack_dont_email_post_to_subs":false,"_jetpack_newsletter_tier_id":0,"_jetpack_memberships_contains_paywalled_content":false,"_jetpack_feature_clip_id":0,"_jetpack_memberships_contains_paid_content":false,"footnotes":"","jetpack_publicize_message":"","jetpack_publicize_feature_enabled":true,"jetpack_social_post_already_shared":true,"jetpack_social_options":{"image_generator_settings":{"template":"highway","default_image_id":0,"font":"","enabled":false},"version":2},"jetpack_post_was_ever_published":false},"categories":[262,282,265,278],"tags":[254,255,289,450],"class_list":["post-1357","post","type-post","status-publish","format-standard","hentry","category-imagem","category-lugares","category-textos","category-video","tag-curiosidades","tag-historia","tag-rio-de-janeiro","tag-transporte-ferroviario"],"jetpack_publicize_connections":[],"jetpack_sharing_enabled":true,"jetpack_shortlink":"https:\/\/wp.me\/phkM1X-lT","jetpack-related-posts":[{"id":6073,"url":"https:\/\/www.kanenberg.com.br\/fatosfotoseregistros\/a-senhora-centenaria-de-santa-catarina\/","url_meta":{"origin":1357,"position":0},"title":"A senhora centen\u00e1ria de Santa Catarina","author":"kanenberg","date":"13 de maio de 2026","format":false,"excerpt":"A Ponte Herc\u00edlio Luz chega aos seus 100 anos como muito mais do que uma liga\u00e7\u00e3o entre a Ilha de Santa Catarina e o continente. Ela se tornou um s\u00edmbolo. Um marco do tempo. Um elo entre gera\u00e7\u00f5es de catarinenses que cresceram olhando para sua impon\u00eancia recortando o c\u00e9u de\u2026","rel":"","context":"Em &quot;Lugares&quot;","block_context":{"text":"Lugares","link":"https:\/\/www.kanenberg.com.br\/fatosfotoseregistros\/category\/lugares\/"},"img":{"alt_text":"Ponte Herc\u00edlio Luz 100 anos","src":"https:\/\/i0.wp.com\/www.kanenberg.com.br\/fatosfotoseregistros\/wp-content\/uploads\/2026\/05\/Gemini_Generated_Image_r1dobr1dobr1dobr.png?resize=350%2C200&ssl=1","width":350,"height":200,"srcset":"https:\/\/i0.wp.com\/www.kanenberg.com.br\/fatosfotoseregistros\/wp-content\/uploads\/2026\/05\/Gemini_Generated_Image_r1dobr1dobr1dobr.png?resize=350%2C200&ssl=1 1x, https:\/\/i0.wp.com\/www.kanenberg.com.br\/fatosfotoseregistros\/wp-content\/uploads\/2026\/05\/Gemini_Generated_Image_r1dobr1dobr1dobr.png?resize=525%2C300&ssl=1 1.5x, https:\/\/i0.wp.com\/www.kanenberg.com.br\/fatosfotoseregistros\/wp-content\/uploads\/2026\/05\/Gemini_Generated_Image_r1dobr1dobr1dobr.png?resize=700%2C400&ssl=1 2x, https:\/\/i0.wp.com\/www.kanenberg.com.br\/fatosfotoseregistros\/wp-content\/uploads\/2026\/05\/Gemini_Generated_Image_r1dobr1dobr1dobr.png?resize=1050%2C600&ssl=1 3x"},"classes":[]},{"id":2877,"url":"https:\/\/www.kanenberg.com.br\/fatosfotoseregistros\/locais-para-conhecer-rj-1\/","url_meta":{"origin":1357,"position":1},"title":"Locais para conhecer no Rio de Janeiro &#8211; Parte 1","author":"kanenberg","date":"16 de agosto de 2016","format":false,"excerpt":"A cidade do Rio de Janeiro, guarda lugares fant\u00e1sticos, alguns desconhecidos at\u00e9 mesmo pelos pr\u00f3prios cariocas. Conhe\u00e7a alguns destes lugares lindos e cheios de hist\u00f3ria.","rel":"","context":"Em &quot;Imagem&quot;","block_context":{"text":"Imagem","link":"https:\/\/www.kanenberg.com.br\/fatosfotoseregistros\/category\/imagem\/"},"img":{"alt_text":"valongo1","src":"https:\/\/fatosfotoseregistros.files.wordpress.com\/2016\/08\/valongo1.jpg?w=350&h=200&crop=1","width":350,"height":200,"srcset":"https:\/\/fatosfotoseregistros.files.wordpress.com\/2016\/08\/valongo1.jpg?w=350&h=200&crop=1 1x, https:\/\/fatosfotoseregistros.files.wordpress.com\/2016\/08\/valongo1.jpg?w=525&h=300&crop=1 1.5x"},"classes":[]},{"id":1230,"url":"https:\/\/www.kanenberg.com.br\/fatosfotoseregistros\/japeri\/","url_meta":{"origin":1357,"position":2},"title":"Cidade de Japeri","author":"kanenberg","date":"5 de julho de 2016","format":false,"excerpt":"A hist\u00f3ria de Japeri come\u00e7a no dia 13 de agosto de 1743, data de sua funda\u00e7\u00e3o, por In\u00e1cio Dias da C\u00e2mara Leme, denominado Morgado de Bel\u00e9m. A partir de 1750, as terras passaram a pertencer \u00e0 Freguesia de Sacra Fam\u00edlia de Tingu\u00e1, pois at\u00e9 ent\u00e3o pertenciam \u00e0 Freguesia de Paty\u2026","rel":"","context":"Em &quot;Imagem&quot;","block_context":{"text":"Imagem","link":"https:\/\/www.kanenberg.com.br\/fatosfotoseregistros\/category\/imagem\/"},"img":{"alt_text":"japeri_1928","src":"https:\/\/i0.wp.com\/www.kanenberg.com.br\/fatosfotoseregistros\/wp-content\/uploads\/2016\/07\/japeri_1928.jpg?resize=350%2C200&ssl=1","width":350,"height":200},"classes":[]},{"id":6161,"url":"https:\/\/www.kanenberg.com.br\/fatosfotoseregistros\/dia-do-escritor-2026\/","url_meta":{"origin":1357,"position":3},"title":"O Imperador da Mente Versada: A Faceta Escritora e Tradutora de D. Pedro II","author":"kanenberg","date":"25 de julho de 2026","format":false,"excerpt":"Neste Dia do Escritor, celebrado em 25 de julho, costumamos lembrar das grandes mentes que moldaram a literatura brasileira, de Machado de Assis a Clarice Lispector. No entanto, h\u00e1 um cap\u00edtulo fascinante da nossa hist\u00f3ria liter\u00e1ria que muitas vezes permanece \u00e0 sombra da pol\u00edtica: a faceta de Dom Pedro II\u2026","rel":"","context":"Em &quot;Personalidades&quot;","block_context":{"text":"Personalidades","link":"https:\/\/www.kanenberg.com.br\/fatosfotoseregistros\/category\/personalidades\/"},"img":{"alt_text":"","src":"https:\/\/i0.wp.com\/www.kanenberg.com.br\/fatosfotoseregistros\/wp-content\/uploads\/2026\/07\/file_000000003a14820ea374c6653d068dae8963584501828690726.png?resize=350%2C200&ssl=1","width":350,"height":200,"srcset":"https:\/\/i0.wp.com\/www.kanenberg.com.br\/fatosfotoseregistros\/wp-content\/uploads\/2026\/07\/file_000000003a14820ea374c6653d068dae8963584501828690726.png?resize=350%2C200&ssl=1 1x, https:\/\/i0.wp.com\/www.kanenberg.com.br\/fatosfotoseregistros\/wp-content\/uploads\/2026\/07\/file_000000003a14820ea374c6653d068dae8963584501828690726.png?resize=525%2C300&ssl=1 1.5x, https:\/\/i0.wp.com\/www.kanenberg.com.br\/fatosfotoseregistros\/wp-content\/uploads\/2026\/07\/file_000000003a14820ea374c6653d068dae8963584501828690726.png?resize=700%2C400&ssl=1 2x, https:\/\/i0.wp.com\/www.kanenberg.com.br\/fatosfotoseregistros\/wp-content\/uploads\/2026\/07\/file_000000003a14820ea374c6653d068dae8963584501828690726.png?resize=1050%2C600&ssl=1 3x, https:\/\/i0.wp.com\/www.kanenberg.com.br\/fatosfotoseregistros\/wp-content\/uploads\/2026\/07\/file_000000003a14820ea374c6653d068dae8963584501828690726.png?resize=1400%2C800&ssl=1 4x"},"classes":[]},{"id":5325,"url":"https:\/\/www.kanenberg.com.br\/fatosfotoseregistros\/museu-ilha-das-flores\/","url_meta":{"origin":1357,"position":4},"title":"Museu da Imigra\u00e7\u00e3o da Ilha das Flores: um lugar de chegada, esperan\u00e7a e mem\u00f3ria","author":"kanenberg","date":"18 de fevereiro de 2019","format":false,"excerpt":"Na Ba\u00eda de Guanabara, no munic\u00edpio de S\u00e3o Gon\u00e7alo, encontra-se um lugar que guarda uma importante parte da hist\u00f3ria da imigra\u00e7\u00e3o no Brasil: a Ilha das Flores, onde funcionou, entre 1883 e 1966, a Hospedaria de Imigrantes da Ilha das Flores.","rel":"","context":"Em &quot;Lugares&quot;","block_context":{"text":"Lugares","link":"https:\/\/www.kanenberg.com.br\/fatosfotoseregistros\/category\/lugares\/"},"img":{"alt_text":"Vista do cais de entrada da Hospedaria de Imigrantes, na Ilha das Flores","src":"https:\/\/i0.wp.com\/www.kanenberg.com.br\/fatosfotoseregistros\/wp-content\/uploads\/2019\/02\/ilha_flores_00.jpg.jpg?resize=350%2C200&ssl=1","width":350,"height":200,"srcset":"https:\/\/i0.wp.com\/www.kanenberg.com.br\/fatosfotoseregistros\/wp-content\/uploads\/2019\/02\/ilha_flores_00.jpg.jpg?resize=350%2C200&ssl=1 1x, https:\/\/i0.wp.com\/www.kanenberg.com.br\/fatosfotoseregistros\/wp-content\/uploads\/2019\/02\/ilha_flores_00.jpg.jpg?resize=525%2C300&ssl=1 1.5x, https:\/\/i0.wp.com\/www.kanenberg.com.br\/fatosfotoseregistros\/wp-content\/uploads\/2019\/02\/ilha_flores_00.jpg.jpg?resize=700%2C400&ssl=1 2x, https:\/\/i0.wp.com\/www.kanenberg.com.br\/fatosfotoseregistros\/wp-content\/uploads\/2019\/02\/ilha_flores_00.jpg.jpg?resize=1050%2C600&ssl=1 3x, https:\/\/i0.wp.com\/www.kanenberg.com.br\/fatosfotoseregistros\/wp-content\/uploads\/2019\/02\/ilha_flores_00.jpg.jpg?resize=1400%2C800&ssl=1 4x"},"classes":[]},{"id":3807,"url":"https:\/\/www.kanenberg.com.br\/fatosfotoseregistros\/barra-velha\/","url_meta":{"origin":1357,"position":5},"title":"Descubra os encantos de Barra Velha","author":"kanenberg","date":"29 de outubro de 2016","format":false,"excerpt":"Barra Velha - Cidade no litoral Norte Catarinense. Primeira pessoa vista pela BR-101 no sentido norte\/sul do estado...","rel":"","context":"Em &quot;Lugares&quot;","block_context":{"text":"Lugares","link":"https:\/\/www.kanenberg.com.br\/fatosfotoseregistros\/category\/lugares\/"},"img":{"alt_text":"","src":"https:\/\/fatosfotoseregistros.files.wordpress.com\/2016\/10\/wp-image-2074729432jpg.jpg?w=350&h=200&crop=1","width":350,"height":200,"srcset":"https:\/\/fatosfotoseregistros.files.wordpress.com\/2016\/10\/wp-image-2074729432jpg.jpg?w=350&h=200&crop=1 1x, https:\/\/fatosfotoseregistros.files.wordpress.com\/2016\/10\/wp-image-2074729432jpg.jpg?w=525&h=300&crop=1 1.5x"},"classes":[]}],"jetpack_likes_enabled":true,"amp_enabled":true,"jetpack_featured_media_url":"","_links":{"self":[{"href":"https:\/\/www.kanenberg.com.br\/fatosfotoseregistros\/wp-json\/wp\/v2\/posts\/1357","targetHints":{"allow":["GET"]}}],"collection":[{"href":"https:\/\/www.kanenberg.com.br\/fatosfotoseregistros\/wp-json\/wp\/v2\/posts"}],"about":[{"href":"https:\/\/www.kanenberg.com.br\/fatosfotoseregistros\/wp-json\/wp\/v2\/types\/post"}],"author":[{"embeddable":true,"href":"https:\/\/www.kanenberg.com.br\/fatosfotoseregistros\/wp-json\/wp\/v2\/users\/1"}],"replies":[{"embeddable":true,"href":"https:\/\/www.kanenberg.com.br\/fatosfotoseregistros\/wp-json\/wp\/v2\/comments?post=1357"}],"version-history":[{"count":4,"href":"https:\/\/www.kanenberg.com.br\/fatosfotoseregistros\/wp-json\/wp\/v2\/posts\/1357\/revisions"}],"predecessor-version":[{"id":6351,"href":"https:\/\/www.kanenberg.com.br\/fatosfotoseregistros\/wp-json\/wp\/v2\/posts\/1357\/revisions\/6351"}],"wp:attachment":[{"href":"https:\/\/www.kanenberg.com.br\/fatosfotoseregistros\/wp-json\/wp\/v2\/media?parent=1357"}],"wp:term":[{"taxonomy":"category","embeddable":true,"href":"https:\/\/www.kanenberg.com.br\/fatosfotoseregistros\/wp-json\/wp\/v2\/categories?post=1357"},{"taxonomy":"post_tag","embeddable":true,"href":"https:\/\/www.kanenberg.com.br\/fatosfotoseregistros\/wp-json\/wp\/v2\/tags?post=1357"}],"curies":[{"name":"wp","href":"https:\/\/api.w.org\/{rel}","templated":true}]}}