{"id":1308,"date":"2016-06-23T12:33:26","date_gmt":"2016-06-23T15:33:26","guid":{"rendered":"https:\/\/fatosfotoseregistros.wordpress.com\/?p=1308"},"modified":"2026-08-27T20:37:42","modified_gmt":"2026-08-27T23:37:42","slug":"sem-papas-na-lingua-23jun2016","status":"publish","type":"post","link":"https:\/\/www.kanenberg.com.br\/fatosfotoseregistros\/sem-papas-na-lingua-23jun2016\/","title":{"rendered":"Sem papas na l\u00edngua \u2013 23\/Jun\/2016"},"content":{"rendered":"<p align=\"justify\">Coluna do prof. Deon\u00edsio da Silva na r\u00e1dio BandNewsFM Fluminense, do dia 23\/06\/2016, falando sobre o fen\u00f4meno de ter palavras no nosso idioma com origem al\u00e9m do latim e ainda sobre os 10 idiomas mais falados que est\u00e3o na seguinte ordem: mandarim, ingl\u00eas, espanhol, indu, portugu\u00eas, russo, \u00e1rabe, bengali, malaio e franc\u00eas.<\/p>\n<p><iframe loading=\"lazy\" title=\"Sem Papas na L\u00edngua\" src=\"https:\/\/audiomack.com\/embed\/song\/fatosfotoseregistros\/sem-papas-na-lngua-2\" scrolling=\"no\" width=\"649\" height=\"252\" scrollbars=\"no\" frameborder=\"0\"><\/iframe><\/p>\n","protected":false},"excerpt":{"rendered":"<p>Coluna do prof. Deon\u00edsio da Silva na r\u00e1dio BandNewsFM Fluminense, do dia 23\/06\/2016, falando sobre o fen\u00f4meno de ter palavras no nosso idioma com origem al\u00e9m do latim e ainda sobre os 10 idiomas mais falados que est\u00e3o na seguinte ordem: mandarim, ingl\u00eas, espanhol, indu, portugu\u00eas, russo, \u00e1rabe, bengali, malaio e franc\u00eas.<\/p>\n","protected":false},"author":1,"featured_media":0,"comment_status":"open","ping_status":"open","sticky":false,"template":"","format":"standard","meta":{"_exactmetrics_skip_tracking":false,"_jetpack_newsletter_access":"","_jetpack_dont_email_post_to_subs":false,"_jetpack_newsletter_tier_id":0,"_jetpack_memberships_contains_paywalled_content":false,"_jetpack_feature_clip_id":0,"_jetpack_memberships_contains_paid_content":false,"footnotes":"","jetpack_publicize_message":"","jetpack_publicize_feature_enabled":true,"jetpack_social_post_already_shared":true,"jetpack_social_options":{"image_generator_settings":{"template":"highway","default_image_id":0,"font":"","enabled":false},"version":2},"jetpack_post_was_ever_published":false},"categories":[251],"tags":[252,253],"class_list":["post-1308","post","type-post","status-publish","format-standard","hentry","category-audio","tag-deonisio-da-silva","tag-etimologia"],"jetpack_publicize_connections":[],"jetpack_sharing_enabled":true,"jetpack_shortlink":"https:\/\/wp.me\/phkM1X-l6","jetpack-related-posts":[{"id":4634,"url":"https:\/\/www.kanenberg.com.br\/fatosfotoseregistros\/spl20170810\/","url_meta":{"origin":1308,"position":0},"title":"Sem Papas na L\u00edngua \u2013 10\/08\/2017","author":"kanenberg","date":"10 de agosto de 2017","format":false,"excerpt":"Coluna \u201cSem Papas na L\u00edngua\u201d do prof. Deon\u00edsio da Silva na r\u00e1dio BandNewsFM Fluminense, do dia 10\/08\/2017, falando sobre palavras como caricatura, cartoon (charge) e chiste. As express\u00f5es e prov\u00e9rbios \"Rei da cocada preta\" e \"Quem tem boca vai a Roma\".","rel":"","context":"Em &quot;\u00c1udio&quot;","block_context":{"text":"\u00c1udio","link":"https:\/\/www.kanenberg.com.br\/fatosfotoseregistros\/category\/audio\/"},"img":{"alt_text":"","src":"","width":0,"height":0},"classes":[]},{"id":4629,"url":"https:\/\/www.kanenberg.com.br\/fatosfotoseregistros\/sem-papas-na-lingua-03082017\/","url_meta":{"origin":1308,"position":1},"title":"Sem Papas na L\u00edngua \u2013 03\/08\/2017","author":"kanenberg","date":"3 de agosto de 2017","format":false,"excerpt":"Coluna \u201cSem Papas na L\u00edngua\u201d do prof. Deon\u00edsio da Silva na r\u00e1dio BandNewsFM Fluminense, do dia 03\/08\/2017, falando sobre palavras como blefe, baz\u00f3fia e bravata. E para finalizar, as express\u00f5es\/provrbios \"A cobra vai fumar\", \"Mordido pela mosca azul\", \"Viver como gato e cachorro\", \"Soltar cobras e lagartos\" e \"Mais vale\u2026","rel":"","context":"Em &quot;\u00c1udio&quot;","block_context":{"text":"\u00c1udio","link":"https:\/\/www.kanenberg.com.br\/fatosfotoseregistros\/category\/audio\/"},"img":{"alt_text":"","src":"","width":0,"height":0},"classes":[]},{"id":2192,"url":"https:\/\/www.kanenberg.com.br\/fatosfotoseregistros\/petropolis-e-teresopolis\/","url_meta":{"origin":1308,"position":2},"title":"Petr\u00f3polis e Teres\u00f3polis","author":"kanenberg","date":"22 de julho de 2016","format":false,"excerpt":"Conhe\u00e7a a origem dos nomes das cidades de Petr\u00f3polis e Teres\u00f3polis.","rel":"","context":"Em &quot;Textos&quot;","block_context":{"text":"Textos","link":"https:\/\/www.kanenberg.com.br\/fatosfotoseregistros\/category\/textos\/"},"img":{"alt_text":"petro_tere","src":"https:\/\/fatosfotoseregistros.files.wordpress.com\/2016\/07\/petro_tere.jpg?w=350&h=200&crop=1","width":350,"height":200},"classes":[]},{"id":1915,"url":"https:\/\/www.kanenberg.com.br\/fatosfotoseregistros\/vlt-theatro-municipal-maracana-e-trem-pagador\/","url_meta":{"origin":1308,"position":3},"title":"VLT, Theatro Municipal, Maracan\u00e3 e Trem Pagador","author":"kanenberg","date":"15 de julho de 2016","format":false,"excerpt":"Rio um passeio pela hist\u00f3ria com o professor Milton Teixeira, na sua coluna da R\u00e1dio BandNewsFM do dia 15\/07\/2016, falando sobre o VLT, Theatro Municipal, Maracan\u00e3 e Assalto ao Trem Pagador.","rel":"","context":"Em &quot;\u00c1udio&quot;","block_context":{"text":"\u00c1udio","link":"https:\/\/www.kanenberg.com.br\/fatosfotoseregistros\/category\/audio\/"},"img":{"alt_text":"","src":"","width":0,"height":0},"classes":[]},{"id":2858,"url":"https:\/\/www.kanenberg.com.br\/fatosfotoseregistros\/baia-de-guanabara-baleias-e-esportes-olimpicos-extintos\/","url_meta":{"origin":1308,"position":4},"title":"Ba\u00eda de Guanabara, Baleias e Esportes Ol\u00edmpicos Extintos","author":"kanenberg","date":"12 de agosto de 2016","format":false,"excerpt":"Rio um passeio pela hist\u00f3ria com o professor Milton Teixeira, na sua coluna da R\u00e1dio BandNewsFM do dia 12\/08\/2016, falando sobre a Ba\u00eda de Guanabara, Baleias e Esportes Ol\u00edmpicos Extintos.","rel":"","context":"Em &quot;\u00c1udio&quot;","block_context":{"text":"\u00c1udio","link":"https:\/\/www.kanenberg.com.br\/fatosfotoseregistros\/category\/audio\/"},"img":{"alt_text":"cabo_guerra","src":"https:\/\/fatosfotoseregistros.files.wordpress.com\/2016\/08\/cabo_guerra.jpg?w=350&h=200&crop=1","width":350,"height":200},"classes":[]},{"id":3162,"url":"https:\/\/www.kanenberg.com.br\/fatosfotoseregistros\/getulio-vargas-e-1o-automovel-licenciado\/","url_meta":{"origin":1308,"position":5},"title":"Get\u00falio Vargas e 1\u00ba autom\u00f3vel licenciado","author":"kanenberg","date":"26 de agosto de 2016","format":false,"excerpt":"Rio um passeio pela hist\u00f3ria com o professor Milton Teixeira, na sua coluna da R\u00e1dio BandNewsFM do dia 26\/08\/2016, falando sobre Get\u00falio Vargas e o primeiro autom\u00f3vel licenciado","rel":"","context":"Em &quot;\u00c1udio&quot;","block_context":{"text":"\u00c1udio","link":"https:\/\/www.kanenberg.com.br\/fatosfotoseregistros\/category\/audio\/"},"img":{"alt_text":"getuliodornellesvargas_pq","src":"https:\/\/fatosfotoseregistros.files.wordpress.com\/2016\/08\/getuliodornellesvargas_pq.jpg?w=350&h=200&crop=1","width":350,"height":200},"classes":[]}],"jetpack_likes_enabled":true,"amp_enabled":true,"jetpack_featured_media_url":"","_links":{"self":[{"href":"https:\/\/www.kanenberg.com.br\/fatosfotoseregistros\/wp-json\/wp\/v2\/posts\/1308","targetHints":{"allow":["GET"]}}],"collection":[{"href":"https:\/\/www.kanenberg.com.br\/fatosfotoseregistros\/wp-json\/wp\/v2\/posts"}],"about":[{"href":"https:\/\/www.kanenberg.com.br\/fatosfotoseregistros\/wp-json\/wp\/v2\/types\/post"}],"author":[{"embeddable":true,"href":"https:\/\/www.kanenberg.com.br\/fatosfotoseregistros\/wp-json\/wp\/v2\/users\/1"}],"replies":[{"embeddable":true,"href":"https:\/\/www.kanenberg.com.br\/fatosfotoseregistros\/wp-json\/wp\/v2\/comments?post=1308"}],"version-history":[{"count":1,"href":"https:\/\/www.kanenberg.com.br\/fatosfotoseregistros\/wp-json\/wp\/v2\/posts\/1308\/revisions"}],"predecessor-version":[{"id":5891,"href":"https:\/\/www.kanenberg.com.br\/fatosfotoseregistros\/wp-json\/wp\/v2\/posts\/1308\/revisions\/5891"}],"wp:attachment":[{"href":"https:\/\/www.kanenberg.com.br\/fatosfotoseregistros\/wp-json\/wp\/v2\/media?parent=1308"}],"wp:term":[{"taxonomy":"category","embeddable":true,"href":"https:\/\/www.kanenberg.com.br\/fatosfotoseregistros\/wp-json\/wp\/v2\/categories?post=1308"},{"taxonomy":"post_tag","embeddable":true,"href":"https:\/\/www.kanenberg.com.br\/fatosfotoseregistros\/wp-json\/wp\/v2\/tags?post=1308"}],"curies":[{"name":"wp","href":"https:\/\/api.w.org\/{rel}","templated":true}]}}