{"id":1230,"date":"2016-07-05T10:22:14","date_gmt":"2016-07-05T13:22:14","guid":{"rendered":"https:\/\/fatosfotoseregistros.wordpress.com\/?p=1230"},"modified":"2026-08-30T11:16:31","modified_gmt":"2026-08-30T14:16:31","slug":"japeri","status":"publish","type":"post","link":"https:\/\/www.kanenberg.com.br\/fatosfotoseregistros\/japeri\/","title":{"rendered":"Cidade de Japeri"},"content":{"rendered":"<p align=\"justify\">Japeri \u00e9 um munic\u00edpio da Regi\u00e3o Metropolitana do estado do Rio de Janeiro, distante aproximadamente 70km da capital. A cidade faz limite com os munic\u00edpios de Paracambi, Serop\u00e9dica, Queimados, Miguel Pereira e Nova Igua\u00e7u. Banhado pelos rios Guandu, Santana, Rio dos Po\u00e7os, Rio d&#8217;Ouro, Santo Ant\u00f4nio, Ribeir\u00e3o das Lages e S\u00e3o Pedro.<\/p>\n<div class=\"googlemaps\">\n\t\t\t\t<iframe loading=\"lazy\" width=\"600\" height=\"450\" frameborder=\"0\" scrolling=\"no\" marginheight=\"0\" marginwidth=\"0\"  src=\"https:\/\/www.google.com\/maps\/embed?pb=%211m18%211m12%211m3%211d83304.1133051615%212d-43.645131502632985%213d-22.670319854978928%212m3%211f0%212f0%213f0%213m2%211i1024%212i768%214f13.1%213m3%211m2%211s0x9944d589620395%3A0x53208f9e652ecea0%212sJaperi%2C%20RJ%215e0%213m2%211spt-BR%212sbr%214v1467662037742\"><\/iframe>\n\t\t\t<\/div>\n<h2 align=\"justify\">Hist\u00f3ria<\/h2>\n<p align=\"justify\">A atual cidade de Japeri, j\u00e1 foi anteriormente chamada de Bel\u00e9m e muito antes ainda de Engenho de Pedro Dias.<\/p>\n<p align=\"justify\">A forma\u00e7\u00e3o do seu povoamento ocorreu no entorno da Capela de Nossa Senhora de Bel\u00e9m e do Menino Deus.<\/p>\n<p align=\"justify\">A hist\u00f3ria de Japeri come\u00e7a no dia 13 de agosto de 1743, data de sua funda\u00e7\u00e3o, por In\u00e1cio Dias da C\u00e2mara Leme, denominado Morgado de Bel\u00e9m. A partir de 1750, as terras passaram a pertencer \u00e0 Freguesia de Sacra Fam\u00edlia de Tingu\u00e1, pois at\u00e9 ent\u00e3o pertenciam \u00e0 Freguesia de Paty do Alferes.<\/p>\n<p align=\"justify\">Fernando Paes Leme, o Marqu\u00eas de S\u00e3o Jo\u00e3o Marcos, sucessor de In\u00e1cio Leme, conseguiu trazer melhorias no desenvolvimento com incentivo a lavouras, engenhos de cana de a\u00e7\u00facar, inaugurou a primeira escola (em 1872), erigiu a Igreja do Menino de Deus de Bel\u00e9m, criou um teatro e influenciou bastante para a constru\u00e7\u00e3o da Estrada de Ferro Dom Pedro II com a inaugura\u00e7\u00e3o da Esta\u00e7\u00e3o de Bel\u00e9m (atual Esta\u00e7\u00e3o de Japeri) que ocorreu em 1858.<\/p>\n<p align=\"justify\">Em 1890 a fazenda de Bel\u00e9m, em fun\u00e7\u00e3o da morte de Fernando Paes Leme, foi vendida por seus herdeiros para a Companhia Industrial de Seda e Ramie, cuja qual ap\u00f3s a sua dissolu\u00e7\u00e3o em 1904, distribuiu suas terras entre seus acionistas e uma grande parte vendida \u00e0 Empresa de Obras P\u00fablicas do Brasil e posteriormente passadas para Raimundo Otoni de Castro Maia.<\/p>\n<p align=\"justify\">Em 28 de abril de 1952, pela Lei 1.472, a regi\u00e3o foi elevada \u00e0 condi\u00e7\u00e3o de distrito do munic\u00edpio de Nova Igua\u00e7u, passando de Bel\u00e9m ao nome atual de Japeri.<\/p>\n<p align=\"justify\">Em 30 de junho de 1991, ocorreu a emancipa\u00e7\u00e3o do munic\u00edpio de Japeri, constitu\u00eddo pelas localidades de Japeri, Engenheiro Pedreira e Rio D\u2019Ouro. Jaceruba, apesar de citada como distrito japeriense atualmente \u00e9 distrito de Nova Igua\u00e7u.<\/p>\n<h2 align=\"justify\">Engenheiro Pedreira<\/h2>\n<p align=\"justify\">Engenheiro Pedreira \u00e9 um distrito do munic\u00edpio de Japeri, centralizando o maior n\u00famero da popula\u00e7\u00e3o, ind\u00fastria e com\u00e9rcio, inclusive, mais at\u00e9 que o pr\u00f3prio centro de Japeri. Seu nome \u00e9 uma homenagem ao Engenheiro Raul Pedreira, respons\u00e1vel t\u00e9cnico pela constru\u00e7\u00e3o da esta\u00e7\u00e3o de trem do distrito, a Esta\u00e7\u00e3o de Engenheiro Pedreira.<\/p>\n<p align=\"justify\">A esta\u00e7\u00e3o de Engenheiro Pedreira (distrito de Japeri) j\u00e1 foi chamada anteriormente de Caramujos, esta inaugurada no ano de 1914.<\/p>\n<h2 align=\"justify\">Esta\u00e7\u00e3o Ferrovi\u00e1ria de Japeri<\/h2>\n<p align=\"justify\">A Esta\u00e7\u00e3o Ferrovi\u00e1ria de Japeri, \u00faltima esta\u00e7\u00e3o do maior ramal da Antiga Estrada de Ferro Dom Pedro II, cujo nome original era Esta\u00e7\u00e3o de Bel\u00e9m foi inaugurada em 8 de novembro de 1858, sem esquecer de mencionar que a esta\u00e7\u00e3o tamb\u00e9m recebia trens provenientes da antiga Estrada de Ferro Melhoramentos do Brasil (a partir de 1898), mais tarde encampada e alcunhada de Linha Auxiliar.<\/p>\n<figure id=\"attachment_1700\" aria-describedby=\"caption-attachment-1700\" style=\"width: 500px\" class=\"wp-caption aligncenter\"><img loading=\"lazy\" decoding=\"async\" data-attachment-id=\"1700\" data-permalink=\"https:\/\/www.kanenberg.com.br\/fatosfotoseregistros\/japeri_1928\/\" data-orig-file=\"https:\/\/www.kanenberg.com.br\/fatosfotoseregistros\/wp-content\/uploads\/2016\/07\/japeri_1928.jpg\" data-orig-size=\"500,367\" data-comments-opened=\"1\" data-image-meta=\"{&quot;aperture&quot;:&quot;0&quot;,&quot;credit&quot;:&quot;&quot;,&quot;camera&quot;:&quot;&quot;,&quot;caption&quot;:&quot;&quot;,&quot;created_timestamp&quot;:&quot;0&quot;,&quot;copyright&quot;:&quot;&quot;,&quot;focal_length&quot;:&quot;0&quot;,&quot;iso&quot;:&quot;0&quot;,&quot;shutter_speed&quot;:&quot;0&quot;,&quot;title&quot;:&quot;&quot;,&quot;orientation&quot;:&quot;0&quot;,&quot;alt&quot;:&quot;&quot;}\" data-image-title=\"japeri_1928\" data-image-description=\"\" data-image-caption=\"\" data-large-file=\"https:\/\/www.kanenberg.com.br\/fatosfotoseregistros\/wp-content\/uploads\/2016\/07\/japeri_1928.jpg\" class=\"wp-image-1700 size-full\" src=\"https:\/\/www.kanenberg.com.br\/fatosfotoseregistros\/wp-content\/uploads\/2016\/07\/japeri_1928.jpg\" alt=\"japeri_1928\" width=\"500\" height=\"367\" srcset=\"https:\/\/www.kanenberg.com.br\/fatosfotoseregistros\/wp-content\/uploads\/2016\/07\/japeri_1928.jpg 500w, https:\/\/www.kanenberg.com.br\/fatosfotoseregistros\/wp-content\/uploads\/2016\/07\/japeri_1928-300x220.jpg 300w\" sizes=\"auto, (max-width: 500px) 100vw, 500px\" \/><figcaption id=\"caption-attachment-1700\" class=\"wp-caption-text\">Esta\u00e7\u00e3o de Japeri em 1928<\/figcaption><\/figure>\n<p align=\"justify\">Foi o ponto terminal do segundo trecho inaugurado pela Estrada de Ferro Dom Pedro II &#8211; o primeiro foi at\u00e9 Queimados.<\/p>\n<p align=\"justify\">Esta esta\u00e7\u00e3o era a primeira parada das composi\u00e7\u00f5es com destino ao estado de S\u00e3o Paulo, entre elas, o famoso Trem de Prata.<\/p>\n<p align=\"justify\">Desta esta\u00e7\u00e3o, em outra \u00e9poca, tamb\u00e9m partia o trem <a href=\"http:\/\/www.estacoesferroviarias.com.br\/trens_rj\/barrinha.htm\" target=\"_blank\" rel=\"noopener\">Barrinha<\/a>, que transportava passageiros e a produ\u00e7\u00e3o agr\u00edcola da serra para Barra do Pira\u00ed, e foi extinto em 1996 depois de um grande desastre com v\u00edtimas.<\/p>\n<figure id=\"attachment_1704\" aria-describedby=\"caption-attachment-1704\" style=\"width: 500px\" class=\"wp-caption aligncenter\"><img loading=\"lazy\" decoding=\"async\" data-attachment-id=\"1704\" data-permalink=\"https:\/\/www.kanenberg.com.br\/fatosfotoseregistros\/japeri_aux\/\" data-orig-file=\"https:\/\/www.kanenberg.com.br\/fatosfotoseregistros\/wp-content\/uploads\/2016\/07\/japeri_aux.jpg\" data-orig-size=\"500,357\" data-comments-opened=\"1\" data-image-meta=\"{&quot;aperture&quot;:&quot;0&quot;,&quot;credit&quot;:&quot;&quot;,&quot;camera&quot;:&quot;&quot;,&quot;caption&quot;:&quot;&quot;,&quot;created_timestamp&quot;:&quot;0&quot;,&quot;copyright&quot;:&quot;&quot;,&quot;focal_length&quot;:&quot;0&quot;,&quot;iso&quot;:&quot;0&quot;,&quot;shutter_speed&quot;:&quot;0&quot;,&quot;title&quot;:&quot;&quot;,&quot;orientation&quot;:&quot;0&quot;,&quot;alt&quot;:&quot;&quot;}\" data-image-title=\"japeri_aux\" data-image-description=\"\" data-image-caption=\"\" data-large-file=\"https:\/\/www.kanenberg.com.br\/fatosfotoseregistros\/wp-content\/uploads\/2016\/07\/japeri_aux.jpg\" class=\"wp-image-1704 size-full\" src=\"https:\/\/www.kanenberg.com.br\/fatosfotoseregistros\/wp-content\/uploads\/2016\/07\/japeri_aux.jpg\" alt=\"japeri_aux\" width=\"500\" height=\"357\" srcset=\"https:\/\/www.kanenberg.com.br\/fatosfotoseregistros\/wp-content\/uploads\/2016\/07\/japeri_aux.jpg 500w, https:\/\/www.kanenberg.com.br\/fatosfotoseregistros\/wp-content\/uploads\/2016\/07\/japeri_aux-300x214.jpg 300w\" sizes=\"auto, (max-width: 500px) 100vw, 500px\" \/><figcaption id=\"caption-attachment-1704\" class=\"wp-caption-text\">Linha auxiliar, linha centro e ramal Paracambi<\/figcaption><\/figure>\n<p align=\"justify\">Possui um pr\u00e9dio hist\u00f3rico, constru\u00edda em t\u00e9cnica enxaimel (madeiras encaixadas preenchidas com tijolos) e j\u00e1 foi objeto de homenagem do servi\u00e7o filat\u00e9lico dos Correios em 1984.<\/p>\n<p align=\"justify\">Parte do pr\u00e9dio hist\u00f3rico da esta\u00e7\u00e3o de trem foi destru\u00eddo por um raio em meados do ano de 1980.<\/p>\n<figure id=\"attachment_1705\" aria-describedby=\"caption-attachment-1705\" style=\"width: 500px\" class=\"wp-caption aligncenter\"><img loading=\"lazy\" decoding=\"async\" data-attachment-id=\"1705\" data-permalink=\"https:\/\/www.kanenberg.com.br\/fatosfotoseregistros\/japeri_estacao\/\" data-orig-file=\"https:\/\/www.kanenberg.com.br\/fatosfotoseregistros\/wp-content\/uploads\/2016\/07\/japeri_estacao.jpg\" data-orig-size=\"500,333\" data-comments-opened=\"1\" data-image-meta=\"{&quot;aperture&quot;:&quot;0&quot;,&quot;credit&quot;:&quot;&quot;,&quot;camera&quot;:&quot;&quot;,&quot;caption&quot;:&quot;&quot;,&quot;created_timestamp&quot;:&quot;0&quot;,&quot;copyright&quot;:&quot;&quot;,&quot;focal_length&quot;:&quot;0&quot;,&quot;iso&quot;:&quot;0&quot;,&quot;shutter_speed&quot;:&quot;0&quot;,&quot;title&quot;:&quot;&quot;,&quot;orientation&quot;:&quot;0&quot;,&quot;alt&quot;:&quot;&quot;}\" data-image-title=\"japeri_estacao\" data-image-description=\"\" data-image-caption=\"\" data-large-file=\"https:\/\/www.kanenberg.com.br\/fatosfotoseregistros\/wp-content\/uploads\/2016\/07\/japeri_estacao.jpg\" class=\"wp-image-1705 size-full\" src=\"https:\/\/www.kanenberg.com.br\/fatosfotoseregistros\/wp-content\/uploads\/2016\/07\/japeri_estacao.jpg\" alt=\"japeri_estacao\" width=\"500\" height=\"333\" srcset=\"https:\/\/www.kanenberg.com.br\/fatosfotoseregistros\/wp-content\/uploads\/2016\/07\/japeri_estacao.jpg 500w, https:\/\/www.kanenberg.com.br\/fatosfotoseregistros\/wp-content\/uploads\/2016\/07\/japeri_estacao-300x200.jpg 300w, https:\/\/www.kanenberg.com.br\/fatosfotoseregistros\/wp-content\/uploads\/2016\/07\/japeri_estacao-120x80.jpg 120w, https:\/\/www.kanenberg.com.br\/fatosfotoseregistros\/wp-content\/uploads\/2016\/07\/japeri_estacao-360x240.jpg 360w\" sizes=\"auto, (max-width: 500px) 100vw, 500px\" \/><figcaption id=\"caption-attachment-1705\" class=\"wp-caption-text\">Esta\u00e7\u00e3o Japeri em 1990<\/figcaption><\/figure>\n<p align=\"justify\">Em 1960, aconteceu nas proximidades da esta\u00e7\u00e3o o c\u00e9lebre assalto ao trem pagador da Estrada de Ferro Central do Brasil, no antigo trecho (hoje abandonado) da Linha Auxiliar da E.F. Central do Brasil que ligava a Esta\u00e7\u00e3o Japeri \u00e0 Esta\u00e7\u00e3o Botais, em Miguel Pereira.<\/p>\n<figure id=\"attachment_1713\" aria-describedby=\"caption-attachment-1713\" style=\"width: 500px\" class=\"wp-caption aligncenter\"><img loading=\"lazy\" decoding=\"async\" data-attachment-id=\"1713\" data-permalink=\"https:\/\/www.kanenberg.com.br\/fatosfotoseregistros\/trem_pagador\/\" data-orig-file=\"https:\/\/www.kanenberg.com.br\/fatosfotoseregistros\/wp-content\/uploads\/2016\/07\/trem_pagador.jpg\" data-orig-size=\"500,376\" data-comments-opened=\"1\" data-image-meta=\"{&quot;aperture&quot;:&quot;0&quot;,&quot;credit&quot;:&quot;&quot;,&quot;camera&quot;:&quot;&quot;,&quot;caption&quot;:&quot;&quot;,&quot;created_timestamp&quot;:&quot;0&quot;,&quot;copyright&quot;:&quot;&quot;,&quot;focal_length&quot;:&quot;0&quot;,&quot;iso&quot;:&quot;0&quot;,&quot;shutter_speed&quot;:&quot;0&quot;,&quot;title&quot;:&quot;&quot;,&quot;orientation&quot;:&quot;1&quot;,&quot;alt&quot;:&quot;&quot;}\" data-image-title=\"trem_pagador\" data-image-description=\"\" data-image-caption=\"\" data-large-file=\"https:\/\/www.kanenberg.com.br\/fatosfotoseregistros\/wp-content\/uploads\/2016\/07\/trem_pagador.jpg\" class=\"wp-image-1713 size-full\" src=\"https:\/\/www.kanenberg.com.br\/fatosfotoseregistros\/wp-content\/uploads\/2016\/07\/trem_pagador.jpg\" alt=\"trem_pagador\" width=\"500\" height=\"376\" srcset=\"https:\/\/www.kanenberg.com.br\/fatosfotoseregistros\/wp-content\/uploads\/2016\/07\/trem_pagador.jpg 500w, https:\/\/www.kanenberg.com.br\/fatosfotoseregistros\/wp-content\/uploads\/2016\/07\/trem_pagador-300x226.jpg 300w\" sizes=\"auto, (max-width: 500px) 100vw, 500px\" \/><figcaption id=\"caption-attachment-1713\" class=\"wp-caption-text\">Assalto\u00a0ao Trem Pagador<\/figcaption><\/figure>\n<blockquote>\n<p align=\"justify\">O assalto ao trem pagador da Estrada de Ferro Central do Brasil foi um crime famoso ocorrido em Japeri, no estado brasileiro do Rio de Janeiro, \u00e0s 08:30 h do dia 14 de junho de 1960. Na ocasi\u00e3o, um grupo de criminosos assaltou o trem de pagamentos da antiga Estrada de Ferro Central do Brasil (na \u00e9poca, incorporada \u00e0 Rede Ferrovi\u00e1ria Federal), tendo subtra\u00eddo uma grande quantia que totalizava Cr$ 27,598 milh\u00f5es (cruzeiros). Na \u00e9poca, o assalto ao trem pagador foi largamente noticiado pela m\u00eddia brasileira, tendo servido de tema para o filme O Assalto ao Trem Pagador, que foi um dos maiores sucessos da hist\u00f3ria do cinema brasileiro.<\/p>\n<p align=\"justify\">Not\u00edcia no Jornal do Brasil de 15 de junho de 1960, no site da <a href=\"http:\/\/memoria.bn.br\/DocReader\/DocReader.aspx?bib=030015_08\" target=\"_blank\" rel=\"noopener\">Biblioteca Nacional<\/a>.<\/p>\n<\/blockquote>\n<h2 align=\"justify\">Pico da Coragem<\/h2>\n<p align=\"justify\">Usado para a pr\u00e1tica de v\u00f4o livre, o Pico da Coragem, j\u00e1 foi caminho para Dom Pedro I durante a \u00e9poca do Imp\u00e9rio para a regi\u00e3o serrana.<\/p>\n<p align=\"justify\"><img loading=\"lazy\" decoding=\"async\" data-attachment-id=\"1711\" data-permalink=\"https:\/\/www.kanenberg.com.br\/fatosfotoseregistros\/pico_coragem\/\" data-orig-file=\"https:\/\/www.kanenberg.com.br\/fatosfotoseregistros\/wp-content\/uploads\/2016\/07\/pico_coragem.jpg\" data-orig-size=\"500,281\" data-comments-opened=\"1\" data-image-meta=\"{&quot;aperture&quot;:&quot;0&quot;,&quot;credit&quot;:&quot;&quot;,&quot;camera&quot;:&quot;&quot;,&quot;caption&quot;:&quot;&quot;,&quot;created_timestamp&quot;:&quot;0&quot;,&quot;copyright&quot;:&quot;&quot;,&quot;focal_length&quot;:&quot;0&quot;,&quot;iso&quot;:&quot;0&quot;,&quot;shutter_speed&quot;:&quot;0&quot;,&quot;title&quot;:&quot;&quot;,&quot;orientation&quot;:&quot;0&quot;,&quot;alt&quot;:&quot;&quot;}\" data-image-title=\"pico_coragem\" data-image-description=\"\" data-image-caption=\"\" data-large-file=\"https:\/\/www.kanenberg.com.br\/fatosfotoseregistros\/wp-content\/uploads\/2016\/07\/pico_coragem.jpg\" class=\"aligncenter wp-image-1711 size-full\" src=\"https:\/\/www.kanenberg.com.br\/fatosfotoseregistros\/wp-content\/uploads\/2016\/07\/pico_coragem.jpg\" alt=\"pico_coragem\" width=\"500\" height=\"281\" srcset=\"https:\/\/www.kanenberg.com.br\/fatosfotoseregistros\/wp-content\/uploads\/2016\/07\/pico_coragem.jpg 500w, https:\/\/www.kanenberg.com.br\/fatosfotoseregistros\/wp-content\/uploads\/2016\/07\/pico_coragem-300x169.jpg 300w\" sizes=\"auto, (max-width: 500px) 100vw, 500px\" \/><\/p>\n<p align=\"justify\">Um dos cart\u00f5es postais da cidade, com aproximadamente 380 metros de altura, \u00e9 muito utilizado pelos amantes de esportes radiais como v\u00f4o livre, asa delta e parapente.<\/p>\n<p align=\"justify\"><img loading=\"lazy\" decoding=\"async\" data-attachment-id=\"1712\" data-permalink=\"https:\/\/www.kanenberg.com.br\/fatosfotoseregistros\/pico_coragem2\/\" data-orig-file=\"https:\/\/www.kanenberg.com.br\/fatosfotoseregistros\/wp-content\/uploads\/2016\/07\/pico_coragem2.jpg\" data-orig-size=\"500,281\" data-comments-opened=\"1\" data-image-meta=\"{&quot;aperture&quot;:&quot;0&quot;,&quot;credit&quot;:&quot;&quot;,&quot;camera&quot;:&quot;&quot;,&quot;caption&quot;:&quot;&quot;,&quot;created_timestamp&quot;:&quot;0&quot;,&quot;copyright&quot;:&quot;&quot;,&quot;focal_length&quot;:&quot;0&quot;,&quot;iso&quot;:&quot;0&quot;,&quot;shutter_speed&quot;:&quot;0&quot;,&quot;title&quot;:&quot;&quot;,&quot;orientation&quot;:&quot;0&quot;,&quot;alt&quot;:&quot;&quot;}\" data-image-title=\"pico_coragem2\" data-image-description=\"\" data-image-caption=\"\" data-large-file=\"https:\/\/www.kanenberg.com.br\/fatosfotoseregistros\/wp-content\/uploads\/2016\/07\/pico_coragem2.jpg\" class=\"aligncenter wp-image-1712 size-full\" src=\"https:\/\/www.kanenberg.com.br\/fatosfotoseregistros\/wp-content\/uploads\/2016\/07\/pico_coragem2.jpg\" alt=\"pico_coragem2\" width=\"500\" height=\"281\" srcset=\"https:\/\/www.kanenberg.com.br\/fatosfotoseregistros\/wp-content\/uploads\/2016\/07\/pico_coragem2.jpg 500w, https:\/\/www.kanenberg.com.br\/fatosfotoseregistros\/wp-content\/uploads\/2016\/07\/pico_coragem2-300x169.jpg 300w\" sizes=\"auto, (max-width: 500px) 100vw, 500px\" \/><\/p>\n<p align=\"justify\">Desde o ano de 2011 que o local se transformou em uma APA (\u00c1rea de Prote\u00e7\u00e3o Ambiental).<\/p>\n<p align=\"justify\">O acesso ao local \u00e9 conhecido como Caminho da Coragem, caminho este muito utilizado tamb\u00e9m para a pr\u00e1tica de caminhadas onde inclusive existem cachoeiras.<\/p>\n<h2 align=\"justify\">Atra\u00e7\u00f5es de Japeri<\/h2>\n<p align=\"justify\">Feriados: 30 de junho (anivers\u00e1rio do munic\u00edpio), 2\u00ba domingo de agosto (Festa de Nosso Senhor do Bonfim) e 8 de dezembro (festa de Nossa Senhora da Concei\u00e7\u00e3o &#8211; Padroeira do Munic\u00edpio).<\/p>\n<p align=\"justify\">Nas proximidades de Engenheiro Pedreira, encontra-se o primeiro campo de golfe p\u00fablico do pa\u00eds, o <a href=\"http:\/\/japerigolfe.com.br\" target=\"_blank\" rel=\"noopener\">Japeri Golfe Clube<\/a>, abonado pela Federa\u00e7\u00e3o de Golfe do Estado do Rio de Janeiro.<\/p>\n<p align=\"justify\">No esp\u00edrito aventureiro, a cidade de Japeri conta com uma pista de voo livre, no Pico da Coragem al\u00e9m de diversas op\u00e7\u00f5es de lazer ecol\u00f3gico, como trilhas e cachoeiras como as de Santo Ant\u00f4nio e a de Jaceruba. Sem contar com as escaladas e rapel na Pedra Lisa.<\/p>\n<figure id=\"attachment_1710\" aria-describedby=\"caption-attachment-1710\" style=\"width: 500px\" class=\"wp-caption aligncenter\"><img loading=\"lazy\" decoding=\"async\" data-attachment-id=\"1710\" data-permalink=\"https:\/\/www.kanenberg.com.br\/fatosfotoseregistros\/pedra_lisa\/\" data-orig-file=\"https:\/\/www.kanenberg.com.br\/fatosfotoseregistros\/wp-content\/uploads\/2016\/07\/pedra_lisa.jpg\" data-orig-size=\"500,281\" data-comments-opened=\"1\" data-image-meta=\"{&quot;aperture&quot;:&quot;0&quot;,&quot;credit&quot;:&quot;&quot;,&quot;camera&quot;:&quot;&quot;,&quot;caption&quot;:&quot;&quot;,&quot;created_timestamp&quot;:&quot;0&quot;,&quot;copyright&quot;:&quot;&quot;,&quot;focal_length&quot;:&quot;0&quot;,&quot;iso&quot;:&quot;0&quot;,&quot;shutter_speed&quot;:&quot;0&quot;,&quot;title&quot;:&quot;&quot;,&quot;orientation&quot;:&quot;0&quot;,&quot;alt&quot;:&quot;&quot;}\" data-image-title=\"pedra_lisa\" data-image-description=\"\" data-image-caption=\"\" data-large-file=\"https:\/\/www.kanenberg.com.br\/fatosfotoseregistros\/wp-content\/uploads\/2016\/07\/pedra_lisa.jpg\" class=\" size-full wp-image-1710 aligncenter\" src=\"https:\/\/fatosfotoseregistros.files.wordpress.com\/2016\/07\/pedra_lisa.jpg\" alt=\"pedra_lisa\" width=\"500\" height=\"281\" srcset=\"https:\/\/www.kanenberg.com.br\/fatosfotoseregistros\/wp-content\/uploads\/2016\/07\/pedra_lisa.jpg 500w, https:\/\/www.kanenberg.com.br\/fatosfotoseregistros\/wp-content\/uploads\/2016\/07\/pedra_lisa-300x169.jpg 300w\" sizes=\"auto, (max-width: 500px) 100vw, 500px\" \/><figcaption id=\"caption-attachment-1710\" class=\"wp-caption-text\">Pedra Lisa<\/figcaption><\/figure>\n<p align=\"justify\">A cidade de Japeri,\u00a0realiza frequentemente caminhadas na natureza por interm\u00e9dio do\u00a0<a href=\"https:\/\/www.facebook.com\/groups\/1419411841647354\/\" target=\"_blank\" rel=\"noopener\">Projeto Anda Japeri<\/a>,\u00a0que \u00e9 uma proposta para estimular e promover o desenvolvimento territorial sustent\u00e1vel por meio da realiza\u00e7\u00e3o de caminhadas no meio rural, as quais s\u00e3o internacionalmente conhecidas como esportes populares. Eis um projeto que vale conhecer.<\/p>\n<h2 align=\"justify\">Curiosidades<\/h2>\n<p align=\"justify\">O nome Japeri \u00e9 de origem ind\u00edgena e denominava uma planta semelhante ao junco, que flutuava nos p\u00e2ntanos da regi\u00e3o, a qual os \u00edndios chamavam Yaperi, que em tupi-guarani significa aquilo que flutua. H\u00e1 tamb\u00e9m a indica\u00e7\u00e3o que o nome significaria &#8220;rio dos japis&#8221;, pela jun\u00e7\u00e3o dos termos tupis \u00eeapim (japi) e y (rio). Entretanto, n\u00e3o h\u00e1 registros de tribos ind\u00edgenas assentadas no local \u00e0 \u00e9poca de sua funda\u00e7\u00e3o.<\/p>\n<p align=\"justify\">A Igreja de Nossa Senhora da Concei\u00e7\u00e3o tem constru\u00e7\u00e3o datada de 1943 enquanto a Igreja do Senhor do Bonfim \u00e9 datada de 1957.<\/p>\n<h2 align=\"justify\">Imagens<\/h2>\n<figure id=\"attachment_1716\" aria-describedby=\"caption-attachment-1716\" style=\"width: 500px\" class=\"wp-caption aligncenter\"><img loading=\"lazy\" decoding=\"async\" data-attachment-id=\"1716\" data-permalink=\"https:\/\/www.kanenberg.com.br\/fatosfotoseregistros\/igreja_conceicao\/\" data-orig-file=\"https:\/\/www.kanenberg.com.br\/fatosfotoseregistros\/wp-content\/uploads\/2016\/07\/igreja_conceicao.jpg\" data-orig-size=\"500,281\" data-comments-opened=\"1\" data-image-meta=\"{&quot;aperture&quot;:&quot;0&quot;,&quot;credit&quot;:&quot;&quot;,&quot;camera&quot;:&quot;&quot;,&quot;caption&quot;:&quot;&quot;,&quot;created_timestamp&quot;:&quot;0&quot;,&quot;copyright&quot;:&quot;&quot;,&quot;focal_length&quot;:&quot;0&quot;,&quot;iso&quot;:&quot;0&quot;,&quot;shutter_speed&quot;:&quot;0&quot;,&quot;title&quot;:&quot;&quot;,&quot;orientation&quot;:&quot;0&quot;,&quot;alt&quot;:&quot;&quot;}\" data-image-title=\"igreja_conceicao\" data-image-description=\"\" data-image-caption=\"\" data-large-file=\"https:\/\/www.kanenberg.com.br\/fatosfotoseregistros\/wp-content\/uploads\/2016\/07\/igreja_conceicao.jpg\" class=\"wp-image-1716 size-full\" src=\"https:\/\/www.kanenberg.com.br\/fatosfotoseregistros\/wp-content\/uploads\/2016\/07\/igreja_conceicao.jpg\" alt=\"igreja_conceicao\" width=\"500\" height=\"281\" srcset=\"https:\/\/www.kanenberg.com.br\/fatosfotoseregistros\/wp-content\/uploads\/2016\/07\/igreja_conceicao.jpg 500w, https:\/\/www.kanenberg.com.br\/fatosfotoseregistros\/wp-content\/uploads\/2016\/07\/igreja_conceicao-300x169.jpg 300w\" sizes=\"auto, (max-width: 500px) 100vw, 500px\" \/><figcaption id=\"caption-attachment-1716\" class=\"wp-caption-text\">Par\u00f3quia Nossa Senhora da Concei\u00e7\u00e3o<\/figcaption><\/figure>\n<figure id=\"attachment_1709\" aria-describedby=\"caption-attachment-1709\" style=\"width: 500px\" class=\"wp-caption aligncenter\"><img loading=\"lazy\" decoding=\"async\" data-attachment-id=\"1709\" data-permalink=\"https:\/\/www.kanenberg.com.br\/fatosfotoseregistros\/japeri_rural2\/\" data-orig-file=\"https:\/\/www.kanenberg.com.br\/fatosfotoseregistros\/wp-content\/uploads\/2016\/07\/japeri_rural2.jpg\" data-orig-size=\"500,281\" data-comments-opened=\"1\" data-image-meta=\"{&quot;aperture&quot;:&quot;0&quot;,&quot;credit&quot;:&quot;&quot;,&quot;camera&quot;:&quot;&quot;,&quot;caption&quot;:&quot;&quot;,&quot;created_timestamp&quot;:&quot;0&quot;,&quot;copyright&quot;:&quot;&quot;,&quot;focal_length&quot;:&quot;0&quot;,&quot;iso&quot;:&quot;0&quot;,&quot;shutter_speed&quot;:&quot;0&quot;,&quot;title&quot;:&quot;&quot;,&quot;orientation&quot;:&quot;0&quot;,&quot;alt&quot;:&quot;&quot;}\" data-image-title=\"japeri_rural2\" data-image-description=\"\" data-image-caption=\"\" data-large-file=\"https:\/\/www.kanenberg.com.br\/fatosfotoseregistros\/wp-content\/uploads\/2016\/07\/japeri_rural2.jpg\" class=\" size-full wp-image-1709 aligncenter\" src=\"https:\/\/fatosfotoseregistros.files.wordpress.com\/2016\/07\/japeri_rural2.jpg\" alt=\"japeri_rural2\" width=\"500\" height=\"281\" srcset=\"https:\/\/www.kanenberg.com.br\/fatosfotoseregistros\/wp-content\/uploads\/2016\/07\/japeri_rural2.jpg 500w, https:\/\/www.kanenberg.com.br\/fatosfotoseregistros\/wp-content\/uploads\/2016\/07\/japeri_rural2-300x169.jpg 300w\" sizes=\"auto, (max-width: 500px) 100vw, 500px\" \/><figcaption id=\"caption-attachment-1709\" class=\"wp-caption-text\">Japeri Rural &#8211; A cidade \u00e9 um grande produtor de aipim<\/figcaption><\/figure>\n<figure id=\"attachment_1708\" aria-describedby=\"caption-attachment-1708\" style=\"width: 500px\" class=\"wp-caption aligncenter\"><img loading=\"lazy\" decoding=\"async\" data-attachment-id=\"1708\" data-permalink=\"https:\/\/www.kanenberg.com.br\/fatosfotoseregistros\/japeri_rural\/\" data-orig-file=\"https:\/\/www.kanenberg.com.br\/fatosfotoseregistros\/wp-content\/uploads\/2016\/07\/japeri_rural.jpg\" data-orig-size=\"500,281\" data-comments-opened=\"1\" data-image-meta=\"{&quot;aperture&quot;:&quot;0&quot;,&quot;credit&quot;:&quot;&quot;,&quot;camera&quot;:&quot;&quot;,&quot;caption&quot;:&quot;&quot;,&quot;created_timestamp&quot;:&quot;0&quot;,&quot;copyright&quot;:&quot;&quot;,&quot;focal_length&quot;:&quot;0&quot;,&quot;iso&quot;:&quot;0&quot;,&quot;shutter_speed&quot;:&quot;0&quot;,&quot;title&quot;:&quot;&quot;,&quot;orientation&quot;:&quot;0&quot;,&quot;alt&quot;:&quot;&quot;}\" data-image-title=\"japeri_rural\" data-image-description=\"\" data-image-caption=\"\" data-large-file=\"https:\/\/www.kanenberg.com.br\/fatosfotoseregistros\/wp-content\/uploads\/2016\/07\/japeri_rural.jpg\" class=\" size-full wp-image-1708 aligncenter\" src=\"https:\/\/fatosfotoseregistros.files.wordpress.com\/2016\/07\/japeri_rural.jpg\" alt=\"japeri_rural\" width=\"500\" height=\"281\" srcset=\"https:\/\/www.kanenberg.com.br\/fatosfotoseregistros\/wp-content\/uploads\/2016\/07\/japeri_rural.jpg 500w, https:\/\/www.kanenberg.com.br\/fatosfotoseregistros\/wp-content\/uploads\/2016\/07\/japeri_rural-300x169.jpg 300w\" sizes=\"auto, (max-width: 500px) 100vw, 500px\" \/><figcaption id=\"caption-attachment-1708\" class=\"wp-caption-text\">Japeri Rural<\/figcaption><\/figure>\n<figure id=\"attachment_1707\" aria-describedby=\"caption-attachment-1707\" style=\"width: 500px\" class=\"wp-caption aligncenter\"><img loading=\"lazy\" decoding=\"async\" data-attachment-id=\"1707\" data-permalink=\"https:\/\/www.kanenberg.com.br\/fatosfotoseregistros\/japeri_estacao3\/\" data-orig-file=\"https:\/\/www.kanenberg.com.br\/fatosfotoseregistros\/wp-content\/uploads\/2016\/07\/japeri_estacao3.jpg\" data-orig-size=\"500,281\" data-comments-opened=\"1\" data-image-meta=\"{&quot;aperture&quot;:&quot;0&quot;,&quot;credit&quot;:&quot;&quot;,&quot;camera&quot;:&quot;&quot;,&quot;caption&quot;:&quot;&quot;,&quot;created_timestamp&quot;:&quot;0&quot;,&quot;copyright&quot;:&quot;&quot;,&quot;focal_length&quot;:&quot;0&quot;,&quot;iso&quot;:&quot;0&quot;,&quot;shutter_speed&quot;:&quot;0&quot;,&quot;title&quot;:&quot;&quot;,&quot;orientation&quot;:&quot;0&quot;,&quot;alt&quot;:&quot;&quot;}\" data-image-title=\"japeri_estacao3\" data-image-description=\"\" data-image-caption=\"\" data-large-file=\"https:\/\/www.kanenberg.com.br\/fatosfotoseregistros\/wp-content\/uploads\/2016\/07\/japeri_estacao3.jpg\" class=\" size-full wp-image-1707 aligncenter\" src=\"https:\/\/fatosfotoseregistros.files.wordpress.com\/2016\/07\/japeri_estacao3.jpg\" alt=\"japeri_estacao3\" width=\"500\" height=\"281\" srcset=\"https:\/\/www.kanenberg.com.br\/fatosfotoseregistros\/wp-content\/uploads\/2016\/07\/japeri_estacao3.jpg 500w, https:\/\/www.kanenberg.com.br\/fatosfotoseregistros\/wp-content\/uploads\/2016\/07\/japeri_estacao3-300x169.jpg 300w\" sizes=\"auto, (max-width: 500px) 100vw, 500px\" \/><figcaption id=\"caption-attachment-1707\" class=\"wp-caption-text\">Esta\u00e7\u00e3o Ferrovi\u00e1ria de Japeri<\/figcaption><\/figure>\n<figure id=\"attachment_1706\" aria-describedby=\"caption-attachment-1706\" style=\"width: 500px\" class=\"wp-caption aligncenter\"><img loading=\"lazy\" decoding=\"async\" data-attachment-id=\"1706\" data-permalink=\"https:\/\/www.kanenberg.com.br\/fatosfotoseregistros\/japeri_estacao2\/\" data-orig-file=\"https:\/\/www.kanenberg.com.br\/fatosfotoseregistros\/wp-content\/uploads\/2016\/07\/japeri_estacao2.jpg\" data-orig-size=\"500,375\" data-comments-opened=\"1\" data-image-meta=\"{&quot;aperture&quot;:&quot;0&quot;,&quot;credit&quot;:&quot;&quot;,&quot;camera&quot;:&quot;&quot;,&quot;caption&quot;:&quot;&quot;,&quot;created_timestamp&quot;:&quot;0&quot;,&quot;copyright&quot;:&quot;&quot;,&quot;focal_length&quot;:&quot;0&quot;,&quot;iso&quot;:&quot;0&quot;,&quot;shutter_speed&quot;:&quot;0&quot;,&quot;title&quot;:&quot;&quot;,&quot;orientation&quot;:&quot;0&quot;,&quot;alt&quot;:&quot;&quot;}\" data-image-title=\"japeri_estacao2\" data-image-description=\"\" data-image-caption=\"\" data-large-file=\"https:\/\/www.kanenberg.com.br\/fatosfotoseregistros\/wp-content\/uploads\/2016\/07\/japeri_estacao2.jpg\" class=\"alignnone size-full wp-image-1706\" src=\"https:\/\/fatosfotoseregistros.files.wordpress.com\/2016\/07\/japeri_estacao2.jpg\" alt=\"japeri_estacao2\" width=\"500\" height=\"375\" srcset=\"https:\/\/www.kanenberg.com.br\/fatosfotoseregistros\/wp-content\/uploads\/2016\/07\/japeri_estacao2.jpg 500w, https:\/\/www.kanenberg.com.br\/fatosfotoseregistros\/wp-content\/uploads\/2016\/07\/japeri_estacao2-300x225.jpg 300w\" sizes=\"auto, (max-width: 500px) 100vw, 500px\" \/><figcaption id=\"caption-attachment-1706\" class=\"wp-caption-text\">Esta\u00e7\u00e3o Ferrovi\u00e1ria de Japeri<\/figcaption><\/figure>\n<figure id=\"attachment_1703\" aria-describedby=\"caption-attachment-1703\" style=\"width: 500px\" class=\"wp-caption aligncenter\"><img loading=\"lazy\" decoding=\"async\" data-attachment-id=\"1703\" data-permalink=\"https:\/\/www.kanenberg.com.br\/fatosfotoseregistros\/japeri_aereo\/\" data-orig-file=\"https:\/\/www.kanenberg.com.br\/fatosfotoseregistros\/wp-content\/uploads\/2016\/07\/japeri_aereo.jpg\" data-orig-size=\"500,334\" data-comments-opened=\"1\" data-image-meta=\"{&quot;aperture&quot;:&quot;0&quot;,&quot;credit&quot;:&quot;&quot;,&quot;camera&quot;:&quot;&quot;,&quot;caption&quot;:&quot;&quot;,&quot;created_timestamp&quot;:&quot;0&quot;,&quot;copyright&quot;:&quot;&quot;,&quot;focal_length&quot;:&quot;0&quot;,&quot;iso&quot;:&quot;0&quot;,&quot;shutter_speed&quot;:&quot;0&quot;,&quot;title&quot;:&quot;&quot;,&quot;orientation&quot;:&quot;0&quot;,&quot;alt&quot;:&quot;&quot;}\" data-image-title=\"japeri_aereo\" data-image-description=\"\" data-image-caption=\"\" data-large-file=\"https:\/\/www.kanenberg.com.br\/fatosfotoseregistros\/wp-content\/uploads\/2016\/07\/japeri_aereo.jpg\" class=\" size-full wp-image-1703 aligncenter\" src=\"https:\/\/fatosfotoseregistros.files.wordpress.com\/2016\/07\/japeri_aereo.jpg\" alt=\"japeri_aereo\" width=\"500\" height=\"334\" srcset=\"https:\/\/www.kanenberg.com.br\/fatosfotoseregistros\/wp-content\/uploads\/2016\/07\/japeri_aereo.jpg 500w, https:\/\/www.kanenberg.com.br\/fatosfotoseregistros\/wp-content\/uploads\/2016\/07\/japeri_aereo-300x200.jpg 300w, https:\/\/www.kanenberg.com.br\/fatosfotoseregistros\/wp-content\/uploads\/2016\/07\/japeri_aereo-120x80.jpg 120w, https:\/\/www.kanenberg.com.br\/fatosfotoseregistros\/wp-content\/uploads\/2016\/07\/japeri_aereo-360x240.jpg 360w\" sizes=\"auto, (max-width: 500px) 100vw, 500px\" \/><figcaption id=\"caption-attachment-1703\" class=\"wp-caption-text\">Vista A\u00e9rea de Japeri<\/figcaption><\/figure>\n<figure id=\"attachment_1701\" aria-describedby=\"caption-attachment-1701\" style=\"width: 500px\" class=\"wp-caption aligncenter\"><img loading=\"lazy\" decoding=\"async\" data-attachment-id=\"1701\" data-permalink=\"https:\/\/www.kanenberg.com.br\/fatosfotoseregistros\/japeri_1976\/\" data-orig-file=\"https:\/\/www.kanenberg.com.br\/fatosfotoseregistros\/wp-content\/uploads\/2016\/07\/japeri_1976.jpg\" data-orig-size=\"500,331\" data-comments-opened=\"1\" data-image-meta=\"{&quot;aperture&quot;:&quot;0&quot;,&quot;credit&quot;:&quot;&quot;,&quot;camera&quot;:&quot;&quot;,&quot;caption&quot;:&quot;&quot;,&quot;created_timestamp&quot;:&quot;0&quot;,&quot;copyright&quot;:&quot;&quot;,&quot;focal_length&quot;:&quot;0&quot;,&quot;iso&quot;:&quot;0&quot;,&quot;shutter_speed&quot;:&quot;0&quot;,&quot;title&quot;:&quot;&quot;,&quot;orientation&quot;:&quot;0&quot;,&quot;alt&quot;:&quot;&quot;}\" data-image-title=\"japeri_1976\" data-image-description=\"\" data-image-caption=\"\" data-large-file=\"https:\/\/www.kanenberg.com.br\/fatosfotoseregistros\/wp-content\/uploads\/2016\/07\/japeri_1976.jpg\" class=\" size-full wp-image-1701 aligncenter\" src=\"https:\/\/fatosfotoseregistros.files.wordpress.com\/2016\/07\/japeri_1976.jpg\" alt=\"japeri_1976\" width=\"500\" height=\"331\" srcset=\"https:\/\/www.kanenberg.com.br\/fatosfotoseregistros\/wp-content\/uploads\/2016\/07\/japeri_1976.jpg 500w, https:\/\/www.kanenberg.com.br\/fatosfotoseregistros\/wp-content\/uploads\/2016\/07\/japeri_1976-300x199.jpg 300w, https:\/\/www.kanenberg.com.br\/fatosfotoseregistros\/wp-content\/uploads\/2016\/07\/japeri_1976-120x80.jpg 120w\" sizes=\"auto, (max-width: 500px) 100vw, 500px\" \/><figcaption id=\"caption-attachment-1701\" class=\"wp-caption-text\">Esta\u00e7\u00e3o Ferrovi\u00e1ria de Japeri<\/figcaption><\/figure>\n<figure id=\"attachment_1714\" aria-describedby=\"caption-attachment-1714\" style=\"width: 500px\" class=\"wp-caption aligncenter\"><img loading=\"lazy\" decoding=\"async\" data-attachment-id=\"1714\" data-permalink=\"https:\/\/www.kanenberg.com.br\/fatosfotoseregistros\/acidente_barrinha1\/\" data-orig-file=\"https:\/\/www.kanenberg.com.br\/fatosfotoseregistros\/wp-content\/uploads\/2016\/07\/acidente_barrinha1.jpg\" data-orig-size=\"500,531\" data-comments-opened=\"1\" data-image-meta=\"{&quot;aperture&quot;:&quot;0&quot;,&quot;credit&quot;:&quot;&quot;,&quot;camera&quot;:&quot;&quot;,&quot;caption&quot;:&quot;&quot;,&quot;created_timestamp&quot;:&quot;0&quot;,&quot;copyright&quot;:&quot;&quot;,&quot;focal_length&quot;:&quot;0&quot;,&quot;iso&quot;:&quot;0&quot;,&quot;shutter_speed&quot;:&quot;0&quot;,&quot;title&quot;:&quot;&quot;,&quot;orientation&quot;:&quot;0&quot;,&quot;alt&quot;:&quot;&quot;}\" data-image-title=\"acidente_barrinha1\" data-image-description=\"\" data-image-caption=\"\" data-large-file=\"https:\/\/www.kanenberg.com.br\/fatosfotoseregistros\/wp-content\/uploads\/2016\/07\/acidente_barrinha1.jpg\" class=\" size-full wp-image-1714 aligncenter\" src=\"https:\/\/fatosfotoseregistros.files.wordpress.com\/2016\/07\/acidente_barrinha1.jpg\" alt=\"acidente_barrinha1\" width=\"500\" height=\"531\" srcset=\"https:\/\/www.kanenberg.com.br\/fatosfotoseregistros\/wp-content\/uploads\/2016\/07\/acidente_barrinha1.jpg 500w, https:\/\/www.kanenberg.com.br\/fatosfotoseregistros\/wp-content\/uploads\/2016\/07\/acidente_barrinha1-282x300.jpg 282w\" sizes=\"auto, (max-width: 500px) 100vw, 500px\" \/><figcaption id=\"caption-attachment-1714\" class=\"wp-caption-text\">Acidente de Trem em Japeri<\/figcaption><\/figure>\n<figure id=\"attachment_1715\" aria-describedby=\"caption-attachment-1715\" style=\"width: 500px\" class=\"wp-caption aligncenter\"><img loading=\"lazy\" decoding=\"async\" data-attachment-id=\"1715\" data-permalink=\"https:\/\/www.kanenberg.com.br\/fatosfotoseregistros\/acidente_barrinha2\/\" data-orig-file=\"https:\/\/www.kanenberg.com.br\/fatosfotoseregistros\/wp-content\/uploads\/2016\/07\/acidente_barrinha2.jpg\" data-orig-size=\"500,788\" data-comments-opened=\"1\" data-image-meta=\"{&quot;aperture&quot;:&quot;0&quot;,&quot;credit&quot;:&quot;&quot;,&quot;camera&quot;:&quot;&quot;,&quot;caption&quot;:&quot;&quot;,&quot;created_timestamp&quot;:&quot;0&quot;,&quot;copyright&quot;:&quot;&quot;,&quot;focal_length&quot;:&quot;0&quot;,&quot;iso&quot;:&quot;0&quot;,&quot;shutter_speed&quot;:&quot;0&quot;,&quot;title&quot;:&quot;&quot;,&quot;orientation&quot;:&quot;0&quot;,&quot;alt&quot;:&quot;&quot;}\" data-image-title=\"acidente_barrinha2\" data-image-description=\"\" data-image-caption=\"\" data-large-file=\"https:\/\/www.kanenberg.com.br\/fatosfotoseregistros\/wp-content\/uploads\/2016\/07\/acidente_barrinha2.jpg\" class=\" size-full wp-image-1715 aligncenter\" src=\"https:\/\/fatosfotoseregistros.files.wordpress.com\/2016\/07\/acidente_barrinha2.jpg\" alt=\"acidente_barrinha2\" width=\"500\" height=\"788\" srcset=\"https:\/\/www.kanenberg.com.br\/fatosfotoseregistros\/wp-content\/uploads\/2016\/07\/acidente_barrinha2.jpg 500w, https:\/\/www.kanenberg.com.br\/fatosfotoseregistros\/wp-content\/uploads\/2016\/07\/acidente_barrinha2-190x300.jpg 190w\" sizes=\"auto, (max-width: 500px) 100vw, 500px\" \/><figcaption id=\"caption-attachment-1715\" class=\"wp-caption-text\">Acidente de Trem em Japeri<\/figcaption><\/figure>\n<h3 align=\"justify\">V\u00eddeos<\/h3>\n<p><span class=\"embed-youtube\" style=\"text-align:center; display: block;\"><iframe loading=\"lazy\" class=\"youtube-player\" width=\"840\" height=\"473\" src=\"https:\/\/www.youtube.com\/embed\/Zc8GGc-0wZw?version=3&#038;rel=1&#038;showsearch=0&#038;showinfo=1&#038;iv_load_policy=1&#038;fs=1&#038;hl=pt-BR&#038;autohide=2&#038;wmode=transparent\" allowfullscreen=\"true\" style=\"border:0;\" sandbox=\"allow-scripts allow-same-origin allow-popups allow-presentation allow-popups-to-escape-sandbox\"><\/iframe><\/span><\/p>\n","protected":false},"excerpt":{"rendered":"<p>A hist\u00f3ria de Japeri come\u00e7a no dia 13 de agosto de 1743, data de sua funda\u00e7\u00e3o, por In\u00e1cio Dias da C\u00e2mara Leme, denominado Morgado de Bel\u00e9m. A partir de 1750, as terras passaram a pertencer \u00e0 Freguesia de Sacra Fam\u00edlia de Tingu\u00e1, pois at\u00e9 ent\u00e3o pertenciam \u00e0 Freguesia de Paty do Alferes.<\/p>\n","protected":false},"author":1,"featured_media":0,"comment_status":"open","ping_status":"open","sticky":false,"template":"","format":"standard","meta":{"_exactmetrics_skip_tracking":false,"_jetpack_newsletter_access":"","_jetpack_dont_email_post_to_subs":false,"_jetpack_newsletter_tier_id":0,"_jetpack_memberships_contains_paywalled_content":false,"_jetpack_feature_clip_id":0,"_jetpack_memberships_contains_paid_content":false,"footnotes":"","jetpack_publicize_message":"","jetpack_publicize_feature_enabled":true,"jetpack_social_post_already_shared":true,"jetpack_social_options":{"image_generator_settings":{"template":"highway","default_image_id":0,"font":"","enabled":false},"version":2},"jetpack_post_was_ever_published":false},"categories":[262,282,265,278],"tags":[254,255,270],"class_list":["post-1230","post","type-post","status-publish","format-standard","hentry","category-imagem","category-lugares","category-textos","category-video","tag-curiosidades","tag-historia","tag-japeri"],"jetpack_publicize_connections":[],"jetpack_sharing_enabled":true,"jetpack_shortlink":"https:\/\/wp.me\/shkM1X-japeri","jetpack-related-posts":[{"id":1357,"url":"https:\/\/www.kanenberg.com.br\/fatosfotoseregistros\/central-do-brasil\/","url_meta":{"origin":1230,"position":0},"title":"Central do Brasil","author":"kanenberg","date":"28 de junho de 2016","format":false,"excerpt":"Central do Brasil, lugar conhecido por alguns e desconhecido por outros, admirado por uns e temido por outros, para alguns \u00e9 caminho obrigat\u00f3rio no dia-a-dia, enfim, um lugar cheio de hist\u00f3rias e curiosidades.","rel":"","context":"Em &quot;Imagem&quot;","block_context":{"text":"Imagem","link":"https:\/\/www.kanenberg.com.br\/fatosfotoseregistros\/category\/imagem\/"},"img":{"alt_text":"","src":"https:\/\/i0.wp.com\/www.kanenberg.com.br\/fatosfotoseregistros\/wp-content\/uploads\/2016\/06\/pvargas.jpg?resize=350%2C200&ssl=1","width":350,"height":200,"srcset":"https:\/\/i0.wp.com\/www.kanenberg.com.br\/fatosfotoseregistros\/wp-content\/uploads\/2016\/06\/pvargas.jpg?resize=350%2C200&ssl=1 1x, https:\/\/i0.wp.com\/www.kanenberg.com.br\/fatosfotoseregistros\/wp-content\/uploads\/2016\/06\/pvargas.jpg?resize=525%2C300&ssl=1 1.5x"},"classes":[]},{"id":846,"url":"https:\/\/www.kanenberg.com.br\/fatosfotoseregistros\/ruinas-do-matadouro-de-santa-cruz\/","url_meta":{"origin":1230,"position":1},"title":"Ru\u00ednas do Matadouro de Santa Cruz","author":"kanenberg","date":"24 de maio de 2016","format":false,"excerpt":"O Matadouro de Santa Cruz foi uma importante unidade industrial para abastecimento de carne do munic\u00edpio do Rio de Janeiro que funcionou do final do s\u00e9culo XIX at\u00e9 a segunda metade do s\u00e9culo XX no bairro de Santa Cruz...","rel":"","context":"Em &quot;Imagem&quot;","block_context":{"text":"Imagem","link":"https:\/\/www.kanenberg.com.br\/fatosfotoseregistros\/category\/imagem\/"},"img":{"alt_text":"","src":"https:\/\/i0.wp.com\/www.kanenberg.com.br\/fatosfotoseregistros\/wp-content\/uploads\/2016\/05\/img_20150628_140955441.jpg?resize=350%2C200&ssl=1","width":350,"height":200,"srcset":"https:\/\/i0.wp.com\/www.kanenberg.com.br\/fatosfotoseregistros\/wp-content\/uploads\/2016\/05\/img_20150628_140955441.jpg?resize=350%2C200&ssl=1 1x, https:\/\/i0.wp.com\/www.kanenberg.com.br\/fatosfotoseregistros\/wp-content\/uploads\/2016\/05\/img_20150628_140955441.jpg?resize=525%2C300&ssl=1 1.5x, https:\/\/i0.wp.com\/www.kanenberg.com.br\/fatosfotoseregistros\/wp-content\/uploads\/2016\/05\/img_20150628_140955441.jpg?resize=700%2C400&ssl=1 2x, https:\/\/i0.wp.com\/www.kanenberg.com.br\/fatosfotoseregistros\/wp-content\/uploads\/2016\/05\/img_20150628_140955441.jpg?resize=1050%2C600&ssl=1 3x, https:\/\/i0.wp.com\/www.kanenberg.com.br\/fatosfotoseregistros\/wp-content\/uploads\/2016\/05\/img_20150628_140955441.jpg?resize=1400%2C800&ssl=1 4x"},"classes":[]},{"id":3807,"url":"https:\/\/www.kanenberg.com.br\/fatosfotoseregistros\/barra-velha\/","url_meta":{"origin":1230,"position":2},"title":"Descubra os encantos de Barra Velha","author":"kanenberg","date":"29 de outubro de 2016","format":false,"excerpt":"Barra Velha - Cidade no litoral Norte Catarinense. Primeira pessoa vista pela BR-101 no sentido norte\/sul do estado...","rel":"","context":"Em &quot;Lugares&quot;","block_context":{"text":"Lugares","link":"https:\/\/www.kanenberg.com.br\/fatosfotoseregistros\/category\/lugares\/"},"img":{"alt_text":"","src":"https:\/\/fatosfotoseregistros.files.wordpress.com\/2016\/10\/wp-image-2074729432jpg.jpg?w=350&h=200&crop=1","width":350,"height":200,"srcset":"https:\/\/fatosfotoseregistros.files.wordpress.com\/2016\/10\/wp-image-2074729432jpg.jpg?w=350&h=200&crop=1 1x, https:\/\/fatosfotoseregistros.files.wordpress.com\/2016\/10\/wp-image-2074729432jpg.jpg?w=525&h=300&crop=1 1.5x"},"classes":[]},{"id":4172,"url":"https:\/\/www.kanenberg.com.br\/fatosfotoseregistros\/parque-natural-municipal-de-nova-iguacu\/","url_meta":{"origin":1230,"position":3},"title":"Parque Natural Municipal de Nova Igua\u00e7u","author":"kanenberg","date":"15 de fevereiro de 2017","format":false,"excerpt":"O parque abriga trilhas, aproximadamente 14 po\u00e7os e cachoeiras abertas para uso recreativo. Um belo local para caminhadas, trilhas, rapel, banhos e muito mais.","rel":"","context":"Em &quot;Lugares&quot;","block_context":{"text":"Lugares","link":"https:\/\/www.kanenberg.com.br\/fatosfotoseregistros\/category\/lugares\/"},"img":{"alt_text":"","src":"https:\/\/i0.wp.com\/www.kanenberg.com.br\/fatosfotoseregistros\/wp-content\/uploads\/2017\/02\/varginha.png?resize=350%2C200&ssl=1","width":350,"height":200,"srcset":"https:\/\/i0.wp.com\/www.kanenberg.com.br\/fatosfotoseregistros\/wp-content\/uploads\/2017\/02\/varginha.png?resize=350%2C200&ssl=1 1x, https:\/\/i0.wp.com\/www.kanenberg.com.br\/fatosfotoseregistros\/wp-content\/uploads\/2017\/02\/varginha.png?resize=525%2C300&ssl=1 1.5x"},"classes":[]},{"id":2169,"url":"https:\/\/www.kanenberg.com.br\/fatosfotoseregistros\/a-lenda-da-pedra-da-onca\/","url_meta":{"origin":1230,"position":4},"title":"A Lenda da Pedra da On\u00e7a","author":"kanenberg","date":"21 de julho de 2016","format":false,"excerpt":"Existe uma escultura de uma Gato Maracaj\u00e1 sobre a Pedra dos Amores que fica na praia do Bananal, na Ilha do Governador (cidade do Rio de Janeiro). Essa escultura, da d\u00e9cada de 1920, \u00e9 fruto de famosa lenda e se tornou um s\u00edmbolo daquele bairro.","rel":"","context":"Em &quot;Textos&quot;","block_context":{"text":"Textos","link":"https:\/\/www.kanenberg.com.br\/fatosfotoseregistros\/category\/textos\/"},"img":{"alt_text":"pedra_onca_1954","src":"https:\/\/fatosfotoseregistros.files.wordpress.com\/2016\/07\/pedra_onca_1954.jpg?w=350&h=200&crop=1","width":350,"height":200},"classes":[]},{"id":290,"url":"https:\/\/www.kanenberg.com.br\/fatosfotoseregistros\/engenho-da-rainha\/","url_meta":{"origin":1230,"position":5},"title":"Engenho da Rainha","author":"kanenberg","date":"14 de junho de 2016","format":false,"excerpt":"A regi\u00e3o acolhia uma resid\u00eancia adquirida pela Rainha Carlota Joaquina, esposa de D. Jo\u00e3o VI, por volta de 1810 com o objetivo de nela descansar, dai tamb\u00e9m a origem do nome do bairro.","rel":"","context":"Em &quot;Textos&quot;","block_context":{"text":"Textos","link":"https:\/\/www.kanenberg.com.br\/fatosfotoseregistros\/category\/textos\/"},"img":{"alt_text":"12717974_968432819919974_7760659722182098204_n","src":"https:\/\/fatosfotoseregistros.files.wordpress.com\/2016\/04\/12717974_968432819919974_7760659722182098204_n.jpg?w=350&h=200&crop=1","width":350,"height":200,"srcset":"https:\/\/fatosfotoseregistros.files.wordpress.com\/2016\/04\/12717974_968432819919974_7760659722182098204_n.jpg?w=350&h=200&crop=1 1x, https:\/\/fatosfotoseregistros.files.wordpress.com\/2016\/04\/12717974_968432819919974_7760659722182098204_n.jpg?w=525&h=300&crop=1 1.5x"},"classes":[]}],"jetpack_likes_enabled":true,"amp_enabled":true,"jetpack_featured_media_url":"","_links":{"self":[{"href":"https:\/\/www.kanenberg.com.br\/fatosfotoseregistros\/wp-json\/wp\/v2\/posts\/1230","targetHints":{"allow":["GET"]}}],"collection":[{"href":"https:\/\/www.kanenberg.com.br\/fatosfotoseregistros\/wp-json\/wp\/v2\/posts"}],"about":[{"href":"https:\/\/www.kanenberg.com.br\/fatosfotoseregistros\/wp-json\/wp\/v2\/types\/post"}],"author":[{"embeddable":true,"href":"https:\/\/www.kanenberg.com.br\/fatosfotoseregistros\/wp-json\/wp\/v2\/users\/1"}],"replies":[{"embeddable":true,"href":"https:\/\/www.kanenberg.com.br\/fatosfotoseregistros\/wp-json\/wp\/v2\/comments?post=1230"}],"version-history":[{"count":3,"href":"https:\/\/www.kanenberg.com.br\/fatosfotoseregistros\/wp-json\/wp\/v2\/posts\/1230\/revisions"}],"predecessor-version":[{"id":6346,"href":"https:\/\/www.kanenberg.com.br\/fatosfotoseregistros\/wp-json\/wp\/v2\/posts\/1230\/revisions\/6346"}],"wp:attachment":[{"href":"https:\/\/www.kanenberg.com.br\/fatosfotoseregistros\/wp-json\/wp\/v2\/media?parent=1230"}],"wp:term":[{"taxonomy":"category","embeddable":true,"href":"https:\/\/www.kanenberg.com.br\/fatosfotoseregistros\/wp-json\/wp\/v2\/categories?post=1230"},{"taxonomy":"post_tag","embeddable":true,"href":"https:\/\/www.kanenberg.com.br\/fatosfotoseregistros\/wp-json\/wp\/v2\/tags?post=1230"}],"curies":[{"name":"wp","href":"https:\/\/api.w.org\/{rel}","templated":true}]}}