{"id":1077,"date":"2016-06-07T08:01:33","date_gmt":"2016-06-07T11:01:33","guid":{"rendered":"https:\/\/fatosfotoseregistros.wordpress.com\/?p=1077"},"modified":"2026-08-25T11:19:49","modified_gmt":"2026-08-25T14:19:49","slug":"fortaleza-de-sao-jose-da-ponta-grossa","status":"publish","type":"post","link":"https:\/\/www.kanenberg.com.br\/fatosfotoseregistros\/fortaleza-de-sao-jose-da-ponta-grossa\/","title":{"rendered":"Fortaleza de S\u00e3o Jos\u00e9 da Ponta Grossa"},"content":{"rendered":"<p><img loading=\"lazy\" decoding=\"async\" class=\"aligncenter wp-image-1106 size-full\" src=\"https:\/\/fatosfotoseregistros.files.wordpress.com\/2016\/06\/pub_ponta_grossa_01.jpg\" alt=\"pub_ponta_grossa_01\" width=\"600\" height=\"402\" \/><\/p>\n<p align=\"center\"><b>Apresenta\u00e7\u00e3o<\/b><\/p>\n<p align=\"justify\">No s\u00e9culo XVIII, a Ilha de Santa Catarina, situada no meio do caminho entre o extremo sul, sob o dom\u00ednio espanhol, e o Rio de Janeiro, sede do Vice-Reino portugu\u00eas, era uma \u00e1rea estrat\u00e9gica de grande import\u00e2ncia, pois servia como base de apoio militar e log\u00edstico para as Coroas portuguesa e espanhola.<\/p>\n<p align=\"justify\">Portugal, prevendo as inten\u00e7\u00f5es da Espanha, determinou a constru\u00e7\u00e3o de diversas fortifica\u00e7\u00f5es para barrar o acesso ao norte e ao sul da\u00a0ba\u00eda, na ilha e no continente. A Fortaleza de Ponta Grossa era uma delas. Juntamente com as Fortalezas de Anhatomirim e Ratones, formava o tri\u00e2ngulo de seguran\u00e7a que barrava o acesso norte da ba\u00eda, juntando-se a elas a Fortaleza de Ara\u00e7atuba que fechava a entrada do sul da ilha.<\/p>\n<p align=\"justify\">Com todo o sistema de defesa implantado, por mais eficientes que fossem, os espanh\u00f3is tomaram posse de todas essas fortalezas, sem entrar\u00a0em combate. Um ano mais tarde, pelo Tratado de\u00a0Santo Ildefonso, a Espanha devolvia a Portugal\u00a0todas as fortalezas conquistadas.<\/p>\n<p><img loading=\"lazy\" decoding=\"async\" class=\" size-full wp-image-1107 aligncenter\" src=\"https:\/\/fatosfotoseregistros.files.wordpress.com\/2016\/06\/pub_ponta_grossa_02.jpg\" alt=\"pub_ponta_grossa_02\" width=\"600\" height=\"364\" \/><\/p>\n<p align=\"justify\">Apresentaremos em nossa reportagem as caracter\u00edsticas\u00a0da Fortaleza de Ponta Grossa, mostrando a riqueza arquitet\u00f4nica renascentista do\u00a0patrim\u00f4nio hist\u00f3rico, como tamb\u00e9m os fatos hist\u00f3ricos\u00a0que se destacaram ao longo de todos esses\u00a0anos. Veremos, tamb\u00e9m, o esfor\u00e7o do IPHAN\u00a0e da UFSC para sua manuten\u00e7\u00e3o, contribuindo\u00a0para que os visitantes guardem a beleza dessa\u00a0grandiosa obra constru\u00edda pelos portugueses.<\/p>\n<p align=\"center\"><b>A Fortaleza<\/b><\/p>\n<p align=\"justify\">Est\u00e1 localizada ao norte da Ilha de Santa Catarina,\u00a0entre as Praias do Forte e de Jurer\u00ea, em Florian\u00f3polis,\u00a0no Estado de Santa Catarina. A constru\u00e7\u00e3o austera e imponente caracteriza-se pela\u00a0riqueza da sua arquitetura, apresentando tra\u00e7os\u00a0de influ\u00eancia renascentista.<\/p>\n<p align=\"justify\"><img loading=\"lazy\" decoding=\"async\" class=\" size-full wp-image-1108 aligncenter\" src=\"https:\/\/fatosfotoseregistros.files.wordpress.com\/2016\/06\/pub_ponta_grossa_03.jpg\" alt=\"pub_ponta_grossa_03\" width=\"600\" height=\"781\" \/><\/p>\n<p align=\"justify\">\u00c9 protegida por longas e robustas muralhas\u00a0que abrigam, em seus v\u00e9rtices, estrat\u00e9gicas guaritas\u00a0de vigil\u00e2ncia que permitiam a observa\u00e7\u00e3o\u00a0dos navios inimigos a longa dist\u00e2ncia.<\/p>\n<p align=\"justify\">Os seus edif\u00edcios s\u00e3o distribu\u00eddos por tr\u00eas\u00a0terraplenos em cotas distintas, contidos pelas\u00a0espessas muralhas, formando pol\u00edgonos irregulares\u00a0protegidos \u00e0 retaguarda pela encosta do\u00a0morro, com as baterias voltadas para o mar, interligadas\u00a0por rampas de pedra apoiadas sobre o terreno. A sua constru\u00e7\u00e3o foi feita em alvenaria\u00a0de pedra com argamassa e revestimento \u00e0 base\u00a0de cal. As pedras foram extra\u00eddas da pr\u00f3pria regi\u00e3o\u00a0de Ponta Grossa, com exce\u00e7\u00e3o do elemento\u00a0de cantaria, encontrado no p\u00f3rtico principal e\u00a0na casa da guarda, e pedra de lioz, tamb\u00e9m conhecida\u00a0como m\u00e1rmore portugu\u00eas, existente nas\u00a0soleiras da casa do comandante, no paiol de p\u00f3lvora e em algumas bases para canh\u00f5es.<\/p>\n<p align=\"justify\">Originalmente, todas as alvenarias, incluindo as muralhas, eram rebocadas e pintadas de branco. Apenas as guaritas circulares, por serem\u00a0postos de vigia, para que n\u00e3o se ressaltassem,\u00a0mantinham-se sem a pintura.<\/p>\n<p align=\"justify\"><img loading=\"lazy\" decoding=\"async\" class=\" size-full wp-image-1109 aligncenter\" src=\"https:\/\/fatosfotoseregistros.files.wordpress.com\/2016\/06\/pub_ponta_grossa_04.jpg\" alt=\"pub_ponta_grossa_04\" width=\"600\" height=\"163\" \/><\/p>\n<p align=\"justify\">Entre os edif\u00edcios, o mais significativo \u00e9 sem\u00a0d\u00favida a casa do comandante, que era geminada\u00a0com o paiol de p\u00f3lvora, formando o \u00fanico conjunto\u00a0com dois pavimentos da fortaleza, o que se\u00a0tornava uma fragilidade no sistema de defesa pelo\u00a0risco de explos\u00e3o, caso fosse atingido pelas granadas\u00a0dos canh\u00f5es inimigos.<\/p>\n<p align=\"justify\">A portada de acesso possu\u00eda originalmente\u00a0uma ponte levadi\u00e7a e um front\u00e3o triangular, e o<br \/>\ncorredor de acesso era coberto por uma ab\u00f3boda\u00a0em alvenaria de tijolos.<\/p>\n<p align=\"justify\"><img loading=\"lazy\" decoding=\"async\" class=\" size-full wp-image-1110 aligncenter\" src=\"https:\/\/fatosfotoseregistros.files.wordpress.com\/2016\/06\/pub_ponta_grossa_05.jpg\" alt=\"pub_ponta_grossa_05\" width=\"600\" height=\"841\" \/><\/p>\n<p align=\"justify\">Ao longo desse corredor, localizavam-se o\u00a0calabou\u00e7o com porta e janela que, na \u00e9poca,\u00a0eram gradeadas, e a casa da guarda, iluminada\u00a0naturalmente por abertura em forma de seteiras.\u00a0Essas constru\u00e7\u00f5es apresentam o teto em forma\u00a0de ab\u00f3boda.<\/p>\n<p align=\"justify\">Ainda no corredor de acesso est\u00e3o os nichos nas paredes laterais, por onde corria uma segunda porta gradeada, utilizada para dificultar o acesso ao interior da fortaleza em caso de ataque. Esse corredor, em forma de rampa, conduz\u00a0ao primeiro terrapleno, onde est\u00e3o as posi\u00e7\u00f5es\u00a0de tiro dos canh\u00f5es, os vest\u00edgios da antiga\u00a0casa da palamenta, onde eram guardados os acess\u00f3rios\u00a0dos canh\u00f5es, e duas guaritas circulares sobre\u00a0suas respectivas bases, em v\u00e9rtices opostos\u00a0da muralha.<\/p>\n<p align=\"justify\">As pedras de cantaria da soleira das portas\u00a0dos edif\u00edcios e as bases de algumas plataformas<br \/>\ndos canh\u00f5es s\u00e3o talhadas em pedra de lioz.<\/p>\n<p align=\"justify\">O abastecimento de \u00e1gua pot\u00e1vel era garantido\u00a0por uma fonte situada na posi\u00e7\u00e3o externa \u00e0s\u00a0muralhas da fortaleza.<\/p>\n<p align=\"justify\">No terrapleno intermedi\u00e1rio, localizam-se\u00a0a segunda ordem de bateria e o quartel da tropa,<br \/>\ncom piso em alvenaria de tijolos, com a cozinha\u00a0e a casa da farinha anexas.<\/p>\n<p align=\"center\"><b>Hist\u00f3ria<\/b><\/p>\n<p align=\"justify\">A Fortaleza de S\u00e3o Jos\u00e9 de Ponta Grossa foi\u00a0projetada pelo engenheiro militar Brigadeiro\u00a0Jos\u00e9 da Silva Paes, primeiro governador da Capitania\u00a0de Santa Catarina (1739-45). Anteriormente,\u00a0em 1635, no mesmo local, existia um entrincheiramento\u00a0muito vulner\u00e1vel. A sua constru\u00e7\u00e3o\u00a0teve in\u00edcio em 1740, sendo conclu\u00edda quatro\u00a0anos depois.<\/p>\n<p align=\"justify\">Ocupava \u00e1rea estrat\u00e9gica, situada no alto\u00a0do morro de Ponta Grossa, e representava, no\u00a0s\u00e9culo XVIII, o terceiro v\u00e9rtice de um sistema triangular\u00a0de defesa, formado pela Fortaleza de\u00a0Santa Cruz de Anhatomirim e pela Fortaleza de Santo Ant\u00f4nio de Ratones. A miss\u00e3o era a de impedir\u00a0as investidas estrangeiras, principalmente\u00a0da Espanha, na barra norte da Ilha de Santa Catarina.\u00a0O sistema defensivo inicial se completou\u00a0com a constru\u00e7\u00e3o da Fortaleza de Ara\u00e7atuba, na\u00a0barra da Ba\u00eda Sul. Dessa forma, consolidava-se a\u00a0ocupa\u00e7\u00e3o do sul do Brasil-Col\u00f4nia, servindo de\u00a0base estrat\u00e9gica para a manuten\u00e7\u00e3o do dom\u00ednio\u00a0portugu\u00eas sobre a Col\u00f4nia do Sacramento e do\u00a0Rio Grande de S\u00e3o Pedro, nos limites meridionais\u00a0do Brasil.<\/p>\n<p align=\"justify\"><img loading=\"lazy\" decoding=\"async\" class=\" size-full wp-image-1111 aligncenter\" src=\"https:\/\/fatosfotoseregistros.files.wordpress.com\/2016\/06\/pub_ponta_grossa_06.jpg\" alt=\"pub_ponta_grossa_06\" width=\"600\" height=\"843\" \/><\/p>\n<p align=\"justify\">Em 1760, por determina\u00e7\u00e3o do Marqu\u00eas de\u00a0Pombal (1750-77), o Governador do Rio de Janeiro,\u00a0Capit\u00e3o-General Gomes Freire de Andrade,\u00a0enviou o Engenheiro Militar Tenente-Coronel\u00a0Jos\u00e9 Cust\u00f3dio de S\u00e1 e Faria, do Real Corpo de Engenheiros, para fazer um levantamento das\u00a0defesas da Ilha de Santa Catarina. S\u00e3o dessa \u00e9poca\u00a0as primeiras iconografias dessa fortifica\u00e7\u00e3o.\u00a0Como nas demais fortalezas, tamb\u00e9m foram executados\u00a0pequenos trabalhos de restaura\u00e7\u00e3o.<\/p>\n<p align=\"justify\">Para completar a defesa do seu flanco leste,\u00a0pela Praia de Jurer\u00ea, distante cerca de 200 metros\u00a0da fortaleza, foi levantada a partir de 1765 a Bateria\u00a0de S\u00e3o Caetano, artilhada com seis canh\u00f5es.<\/p>\n<p align=\"justify\">No s\u00e9culo XVIII a artilharia da fortaleza\u00a0compunha-se de 31 pe\u00e7as, sendo cinco de bronze\u00a0e 26 de ferro.<\/p>\n<p align=\"justify\">No dia 23 de fevereiro de 1777, os espanh\u00f3is\u00a0invadiram a Col\u00f4nia. Uma frota de 117 embarca\u00e7\u00f5es,\u00a0aproximadamente 670 canh\u00f5es e um\u00a0contingente de tropas de cerca de 12 mil homens\u00a0ancorou na Ba\u00eda Norte da Ilha de Santa Catarina.\u00a0Uma for\u00e7a de assalto desembarcou na Praia de\u00a0Canavieiras, conquistando a Bateria de S\u00e3o Caetano,\u00a0e, no prosseguimento das opera\u00e7\u00f5es, a\u00a0Fortaleza de S\u00e3o Jos\u00e9 de Ponta Grossa.<\/p>\n<p align=\"justify\">Esta e os outros fortes somente foram devolvidos\u00a0em 1778, com o Tratado de Santo Ildefonso,\u00a0assinado ainda em 1777, pelo qual a Espanha\u00a0cedeu a Portugal a Ilha de Santa Catarina,\u00a0recebendo em troca a Col\u00f4nia do Sacramento\u00a0(hoje Col\u00f4nia, no Uruguai) e parte do atual Rio\u00a0Grande do Sul.<\/p>\n<p align=\"justify\"><img loading=\"lazy\" decoding=\"async\" class=\" size-full wp-image-1112 aligncenter\" src=\"https:\/\/fatosfotoseregistros.files.wordpress.com\/2016\/06\/pub_ponta_grossa_07.jpg\" alt=\"pub_ponta_grossa_07\" width=\"600\" height=\"411\" \/><\/p>\n<p align=\"justify\">No fim desse s\u00e9culo, ocorreu a apropria\u00e7\u00e3o\u00a0indevida de pedras, tijolos e outros materiais da<br \/>\nfortaleza para a constru\u00e7\u00e3o de moradias pela\u00a0popula\u00e7\u00e3o local.<\/p>\n<p align=\"justify\">Ap\u00f3s esse epis\u00f3dio, o sistema de defesa entrou\u00a0em descr\u00e9dito e a fortaleza foi abandonada\u00a0progressivamente. No s\u00e9culo XIX, dispunha de\u00a029 pe\u00e7as de artilharia, encontrando-se em ru\u00ednas\u00a0j\u00e1 em 1863.<\/p>\n<p align=\"justify\">Foi usada, mais tarde, para fins pac\u00edficos,\u00a0sendo o mais importante deles os servi\u00e7os de sa\u00fade\u00a0prestados \u00e0 comunidade local. Acolheu doentes\u00a0mentais em suas masmorras e, em \u00e9pocas de\u00a0epidemias, serviu como porta de isolamento para\u00a0conter o avan\u00e7o das doen\u00e7as.<\/p>\n<p align=\"justify\">Foi tombada pelo Servi\u00e7o do Patrim\u00f4nio\u00a0Hist\u00f3rico e Art\u00edstico Nacional (SPHAN), depois\u00a0transformado em Instituto do Patrim\u00f4nio\u00a0Hist\u00f3rico e Art\u00edstico Nacional (IPHAN), em\u00a01938, \u00e9poca em que se encontrava completamente\u00a0abandonada.<\/p>\n<p align=\"justify\">A partir de 1976, por iniciativa do IPHAN,\u00a0come\u00e7aram a ser executadas interven\u00e7\u00f5es de limpeza\u00a0da vegeta\u00e7\u00e3o e consolida\u00e7\u00e3o das ru\u00ednas com vistas\u00a0a trabalhos de restauro. Em 1977, foram\u00a0realizadas obras de consolida\u00e7\u00e3o de urg\u00eancia\u00a0em alguns trechos das muralhas, na casa do\u00a0comandante, na portada e ainda restaura\u00e7\u00e3o\u00a0parcial da capela.<\/p>\n<p align=\"justify\"><img loading=\"lazy\" decoding=\"async\" class=\" size-full wp-image-1113 aligncenter\" src=\"https:\/\/fatosfotoseregistros.files.wordpress.com\/2016\/06\/pub_ponta_grossa_08.jpg\" alt=\"pub_ponta_grossa_08\" width=\"600\" height=\"364\" \/><\/p>\n<p align=\"justify\">Foi cadastrada como s\u00edtio arqueol\u00f3gico\u00a0no ano de 1987, passando a ser protegido por\u00a0lei federal. O IPHAN\/Funda\u00e7\u00e3o Pr\u00f3-Mem\u00f3ria\u00a0realizou os primeiros trabalhos de prospec\u00e7\u00e3o\u00a0arqueol\u00f3gica, que tiveram sequ\u00eancia\u00a0em 1989-1990 com a equipe do Museu Universit\u00e1rio\u00a0da Universidade Federal de Santa\u00a0Catarina (UFSC).<\/p>\n<p align=\"justify\">No per\u00edodo de 1991 e 1992, a UFSC e o\u00a0IPHAN conclu\u00edram a restaura\u00e7\u00e3o da fortaleza,\u00a0no \u00e2mbito do Projeto &#8220;Fortalezas da Ilha de\u00a0Santa Catarina &#8211; 250 Anos na Hist\u00f3ria Brasileira&#8221;,<br \/>\ncom recursos da Funda\u00e7\u00e3o Banco do Brasil.<\/p>\n<p align=\"center\"><b>Encerramento<\/b><\/p>\n<p align=\"justify\">Finalizamos a nossa reportagem afirmando\u00a0que a constru\u00e7\u00e3o da Fortaleza de Ponta Grossa,\u00a0juntamente com as Fortalezas de Anhatomirim\u00a0e de Ratones, tinha como objetivo principal\u00a0da Coroa portuguesa a defesa da Ba\u00eda de Santa\u00a0Catarina, contra a amea\u00e7a da Coroa espanhola.<\/p>\n<p align=\"justify\">A Ilha de Santa Catarina apresentava excelentes\u00a0condi\u00e7\u00f5es para ser transformada em base\u00a0naval militar e log\u00edstica e, consequentemente, era\u00a0preciso urg\u00eancia na execu\u00e7\u00e3o dos projetos para\u00a0a edifica\u00e7\u00e3o dessas fortalezas.<\/p>\n<p align=\"justify\">A sua constru\u00e7\u00e3o, chefiada pelo Brigadeiro\u00a0Jos\u00e9 da Silva Paes, ocorreu simultaneamente\u00a0com as demais fortalezas, pela prem\u00eancia do\u00a0tempo para concluir o sistema defensivo da \u00e1rea.<\/p>\n<p align=\"justify\">A invas\u00e3o da Espanha, ocorrida em 1777,\u00a0foi um fato hist\u00f3rico marcante. As guarni\u00e7\u00f5es\u00a0das fortalezas abandonaram suas posi\u00e7\u00f5es e a\u00a0esquadra lusa deslocou-se para o Rio de Janeiro. \u00a0O invasor tomou posse das fortalezas sem\u00a0nenhuma rea\u00e7\u00e3o.<\/p>\n<p align=\"justify\">Em 1778, pelo Tratado de Santo Ildefonso,\u00a0Portugal recebeu de volta tudo o que havia sido \u00a0conquistado pelos espanh\u00f3is.<\/p>\n<p align=\"justify\">Foi usada mais tarde para fins pac\u00edficos,\u00a0destacando-se os servi\u00e7os de sa\u00fade prestados \u00e0\u00a0comunidade local.<\/p>\n<p align=\"justify\">Tombada pelo SPHAN em 1938, somente em 1976 deu-se\u00a0in\u00edcio aos trabalhos de limpeza e<br \/>\nrestauro. A Universidade Federal de Santa Catarina\u00a0(UFSC), juntamente com o IPHAN, participou\u00a0de exaustivo trabalho de restaura\u00e7\u00e3o das suas\u00a0instala\u00e7\u00f5es, apoiada pelos recursos financeiros do\u00a0Banco do Brasil.<\/p>\n<p align=\"justify\"><img loading=\"lazy\" decoding=\"async\" class=\" size-full wp-image-1114 aligncenter\" src=\"https:\/\/fatosfotoseregistros.files.wordpress.com\/2016\/06\/pub_ponta_grossa_09.jpg\" alt=\"pub_ponta_grossa_09\" width=\"400\" height=\"837\" \/><\/p>\n<p align=\"justify\">Atualmente \u00e9 administrada pela UFSC, que\u00a0desenvolve o Projeto Fortalezas Multim\u00eddias, conduzindo\u00a0todas as atividades de manuten\u00e7\u00e3o e aproveitamento da\u00a0fortaleza.<\/p>\n<p align=\"justify\">As suas instala\u00e7\u00f5es s\u00e3o usadas para a realiza\u00e7\u00e3o de exposi\u00e7\u00f5es dos mais variados temas culturais, que s\u00e3o apresentadas periodicamente aos visitantes.<\/p>\n<p align=\"justify\">Possuidora de invej\u00e1vel cen\u00e1rio arquitet\u00f4nico\u00a0e paisag\u00edstico, hoje a fortaleza encontra-se aberta \u00e0\u00a0visita\u00e7\u00e3o p\u00fablica todos os dias, onde os turistas se\u00a0encantam com a beleza do patrim\u00f4nio hist\u00f3rico,\u00a0precioso legado deixado pelos nossos antepassados.<\/p>\n<blockquote>\n<p align=\"justify\">Paulo Roberto Rodrigues Teixeira &#8211; Coronel de Infantaria e\u00a0Estado-Maior, \u00e9 natural do Rio de Janeiro. Tem o curso de Estado-Maior e da Escola Superior de Guerra. Atualmente \u00e9\u00a0assessor da FUNCEB e redator-chefe da revista DaCultura.<\/p>\n<\/blockquote>\n<h5 style=\"text-align: right;\" align=\"justify\"><span style=\"color: #808080;\"><em>Mat\u00e9ria original (acima) publicada na revista DaCultura, da FUNCEB, edi\u00e7\u00e3o n\u00b0 16.<\/em><\/span><\/h5>\n<p align=\"center\"><b>Localiza\u00e7\u00e3o e forma de acesso<\/b><\/p>\n<p align=\"justify\">A Fortaleza de S\u00e3o Jos\u00e9 da Ponta Grossa localiza-se na Praia do Forte, no norte da Ilha de Santa Catarina, distante cerca de 25 km do centro de Florian\u00f3polis.<\/p>\n<p align=\"justify\">Para chegar \u00e0 fortaleza \u00e9 poss\u00edvel ir por terra pela Rodovia SC-401 e no km 13, no trevo de Jurer\u00ea, passar por Jurer\u00ea Internacional, chegando \u00e0 Praia do Forte.<\/p>\n<p align=\"justify\">Ou ir por mar e parar no Trapiche da praia de Jurer\u00ea que fica a 3 km de S\u00e3o Jos\u00e9 da Ponta Grossa.<\/p>\n<p>Fortaleza de S\u00e3o Jos\u00e9 da Ponta Grossa<br \/>\nServid\u00e3o Jos\u00e9 Cardoso de Oliveira, s\/n<br \/>\nPraia do Forte \u2013 Florian\u00f3polis\/SC<br \/>\nTel: (48) 3721-8302<\/p>\n<div class=\"googlemaps\">\n\t\t\t\t<iframe loading=\"lazy\" width=\"600\" height=\"450\" frameborder=\"0\" scrolling=\"no\" marginheight=\"0\" marginwidth=\"0\"  src=\"https:\/\/www.google.com\/maps\/embed?pb=%211m18%211m12%211m3%211d1689.6819862441148%212d-48.518150899532664%213d-27.432065430694585%212m3%211f0%212f0%213f0%213m2%211i1024%212i768%214f13.1%213m3%211m2%211s0x952744e2f5b8d669%3A0x2e8b714c7c78c121%212sFortaleza%20de%20S%C3%A3o%20Jos%C3%A9%20da%20Ponta%20Grossa%215e1%213m2%211spt-BR%212sbr%214v1465228912348\"><\/iframe>\n\t\t\t<\/div>\n<p align=\"center\"><b>O que voc\u00ea v\u00ea por l\u00e1<\/b><\/p>\n<p align=\"justify\">Bateria de S\u00e3o Caetano: Pequena fortifica\u00e7\u00e3o constru\u00edda para aumentar a seguran\u00e7a na parte leste da fortaleza.<\/p>\n<p align=\"justify\">Quartel da tropa: O antigo lugar da tropa de soldados d\u00e1 lugar, hoje, \u00e0s rendeiras que produzem e comercializam as rendas de bilro.<\/p>\n<p align=\"justify\">Casa do Comandante: Sobrado de dois andares que tamb\u00e9m abriga curiosamente o Paiol de P\u00f3lvora. A Casa do Comandante exp\u00f5e \u201cO Cotidiano da Fortaleza de S\u00e3o Jos\u00e9 da Ponta Grossa \u2013 Aspectos da Alimenta\u00e7\u00e3o\u201d que mostra os h\u00e1bitos alimentares daqueles que residiam na fortaleza. Al\u00e9m dela, a Casa do Comandante exp\u00f5e tamb\u00e9m as pe\u00e7as achadas nas escava\u00e7\u00f5es arqueol\u00f3gicas feitas a partir de 1987.<\/p>\n<p align=\"justify\">Paiol de P\u00f3lvora: Abriga uma exposi\u00e7\u00e3o de fotografias que contam a hist\u00f3ria da restaura\u00e7\u00e3o da fortaleza.<\/p>\n<p align=\"justify\">Capela de S\u00e3o Jos\u00e9: Foi a primeira constru\u00e7\u00e3o a ser restaurada pela Ufsc na fortaleza, j\u00e1 que ela ainda \u00e9 utilizada pela comunidade local.<\/p>\n<p align=\"justify\">Fonte de \u00c1gua: O abastecimento de \u00e1gua pot\u00e1vel da regi\u00e3o vem de uma fonte de \u00e1gua externa \u00e0s muralhas.<\/p>\n<p align=\"justify\">Praia do Forte: Localizada entre as praias de Jurer\u00ea Internacional e Daniela, a praia tem uma longa faixa de areia, \u00e1guas calmas e temperatura agrad\u00e1vel. Veja todos os detalhes na nossa p\u00e1gina especial para a Praia do Forte.<\/p>\n<p align=\"center\"><b>V\u00eddeos do local<\/b><\/p>\n<p><span class=\"embed-youtube\" style=\"text-align:center; display: block;\"><iframe loading=\"lazy\" class=\"youtube-player\" width=\"840\" height=\"473\" src=\"https:\/\/www.youtube.com\/embed\/btZu1PlXYRM?version=3&#038;rel=1&#038;showsearch=0&#038;showinfo=1&#038;iv_load_policy=1&#038;fs=1&#038;hl=pt-BR&#038;autohide=2&#038;wmode=transparent\" allowfullscreen=\"true\" style=\"border:0;\" sandbox=\"allow-scripts allow-same-origin allow-popups allow-presentation allow-popups-to-escape-sandbox\"><\/iframe><\/span><\/p>\n<p><span class=\"embed-youtube\" style=\"text-align:center; display: block;\"><iframe loading=\"lazy\" class=\"youtube-player\" width=\"840\" height=\"473\" src=\"https:\/\/www.youtube.com\/embed\/KWz6DSp5SWo?version=3&#038;rel=1&#038;showsearch=0&#038;showinfo=1&#038;iv_load_policy=1&#038;fs=1&#038;hl=pt-BR&#038;autohide=2&#038;wmode=transparent\" allowfullscreen=\"true\" style=\"border:0;\" sandbox=\"allow-scripts allow-same-origin allow-popups allow-presentation allow-popups-to-escape-sandbox\"><\/iframe><\/span><\/p>\n<p><span class=\"embed-youtube\" style=\"text-align:center; display: block;\"><iframe loading=\"lazy\" class=\"youtube-player\" width=\"840\" height=\"473\" src=\"https:\/\/www.youtube.com\/embed\/q1LnZmqVUco?version=3&#038;rel=1&#038;showsearch=0&#038;showinfo=1&#038;iv_load_policy=1&#038;fs=1&#038;hl=pt-BR&#038;autohide=2&#038;wmode=transparent\" allowfullscreen=\"true\" style=\"border:0;\" sandbox=\"allow-scripts allow-same-origin allow-popups allow-presentation allow-popups-to-escape-sandbox\"><\/iframe><\/span><\/p>\n","protected":false},"excerpt":{"rendered":"<p>Est\u00e1 localizada ao norte da Ilha de Santa Catarina, entre as Praias do Forte e de Jurer\u00ea, em Florian\u00f3polis, no Estado de Santa Catarina. A constru\u00e7\u00e3o austera e imponente caracteriza-se pela riqueza da sua arquitetura, apresentando tra\u00e7os de influ\u00eancia renascentista.<\/p>\n","protected":false},"author":1,"featured_media":0,"comment_status":"open","ping_status":"open","sticky":false,"template":"","format":"standard","meta":{"_exactmetrics_skip_tracking":false,"_jetpack_newsletter_access":"","_jetpack_dont_email_post_to_subs":false,"_jetpack_newsletter_tier_id":0,"_jetpack_memberships_contains_paywalled_content":false,"_jetpack_feature_clip_id":0,"_jetpack_memberships_contains_paid_content":false,"footnotes":"","jetpack_publicize_message":"","jetpack_publicize_feature_enabled":true,"jetpack_social_post_already_shared":true,"jetpack_social_options":{"image_generator_settings":{"template":"highway","default_image_id":0,"font":"","enabled":false},"version":2},"jetpack_post_was_ever_published":false},"categories":[262,282,265,278],"tags":[344,255,301],"class_list":["post-1077","post","type-post","status-publish","format-standard","hentry","category-imagem","category-lugares","category-textos","category-video","tag-fortalezas-e-fortes","tag-historia","tag-santa-catarina"],"jetpack_publicize_connections":[],"jetpack_sharing_enabled":true,"jetpack_shortlink":"https:\/\/wp.me\/phkM1X-hn","jetpack-related-posts":[{"id":541,"url":"https:\/\/www.kanenberg.com.br\/fatosfotoseregistros\/forte-da-laje\/","url_meta":{"origin":1077,"position":0},"title":"Forte Tamandar\u00e9 (Forte da Laje)","author":"kanenberg","date":"20 de abril de 2016","format":false,"excerpt":"Laje \u00e9 uma pequena ilha ou ilhota, que mede cerca de 100 metros em sua maior dimens\u00e3o. Certamente o nome Laje \u00e9 decorrente de ser uma ilha de pedra, com forma semelhante \u00e0 um plat\u00f4 de rocha sobre o mar. O nome oficial do Forte da Lage \u00e9 Forte Tamandar\u00e9,\u2026","rel":"","context":"Em &quot;Lugares&quot;","block_context":{"text":"Lugares","link":"https:\/\/www.kanenberg.com.br\/fatosfotoseregistros\/category\/lugares\/"},"img":{"alt_text":"Forte-da-lage-baia-da-guanabara-rio-de-janeiro.jpg","src":"https:\/\/upload.wikimedia.org\/wikipedia\/commons\/4\/49\/Forte-da-lage-baia-da-guanabara-rio-de-janeiro.jpg","width":350,"height":200,"srcset":"https:\/\/upload.wikimedia.org\/wikipedia\/commons\/4\/49\/Forte-da-lage-baia-da-guanabara-rio-de-janeiro.jpg 1x, https:\/\/upload.wikimedia.org\/wikipedia\/commons\/4\/49\/Forte-da-lage-baia-da-guanabara-rio-de-janeiro.jpg 1.5x"},"classes":[]},{"id":2062,"url":"https:\/\/www.kanenberg.com.br\/fatosfotoseregistros\/museu-historico-do-exercito-e-forte-de-copacabana\/","url_meta":{"origin":1077,"position":1},"title":"Museu Hist\u00f3rico do Ex\u00e9rcito e Forte de Copacabana","author":"kanenberg","date":"19 de julho de 2016","format":false,"excerpt":"O local escolhido para a sua constru\u00e7\u00e3o consistia numa regi\u00e3o cujos rochedos avan\u00e7avam contra o mar em dire\u00e7\u00e3o \u00e0 entrada da Ba\u00eda de Guanabara.","rel":"","context":"Em &quot;Imagem&quot;","block_context":{"text":"Imagem","link":"https:\/\/www.kanenberg.com.br\/fatosfotoseregistros\/category\/imagem\/"},"img":{"alt_text":"","src":"https:\/\/i0.wp.com\/www.kanenberg.com.br\/fatosfotoseregistros\/wp-content\/uploads\/2016\/07\/1922-07-06-150x150.jpg?resize=350%2C200&ssl=1","width":350,"height":200,"srcset":"https:\/\/i0.wp.com\/www.kanenberg.com.br\/fatosfotoseregistros\/wp-content\/uploads\/2016\/07\/1922-07-06-150x150.jpg?resize=350%2C200&ssl=1 1x, https:\/\/i0.wp.com\/www.kanenberg.com.br\/fatosfotoseregistros\/wp-content\/uploads\/2016\/07\/1922-07-06-150x150.jpg?resize=525%2C300&ssl=1 1.5x"},"classes":[]},{"id":938,"url":"https:\/\/www.kanenberg.com.br\/fatosfotoseregistros\/morro-da-babilonia-2\/","url_meta":{"origin":1077,"position":2},"title":"Morro da Babil\u00f4nia","author":"kanenberg","date":"25 de maio de 2016","format":false,"excerpt":"O Morro da Babil\u00f4nia esta localizado na divisa entre os bairros do Leme, Botafogo, Urca e Copacabana. A localidade abriga as comunidades do Morro da Babil\u00f4nia e a do Chap\u00e9u Mangueira al\u00e9m de uma ampla \u00e1rea de prote\u00e7\u00e3o ambiental fazendo parte do Parque Natural Municipal Paisagem Carioca.","rel":"","context":"Em &quot;Lugares&quot;","block_context":{"text":"Lugares","link":"https:\/\/www.kanenberg.com.br\/fatosfotoseregistros\/category\/lugares\/"},"img":{"alt_text":"2015-04-19 11.38.46","src":"https:\/\/fatosfotoseregistros.files.wordpress.com\/2016\/05\/2015-04-19-11-38-46.jpg?w=350&h=200&crop=1","width":350,"height":200,"srcset":"https:\/\/fatosfotoseregistros.files.wordpress.com\/2016\/05\/2015-04-19-11-38-46.jpg?w=350&h=200&crop=1 1x, https:\/\/fatosfotoseregistros.files.wordpress.com\/2016\/05\/2015-04-19-11-38-46.jpg?w=525&h=300&crop=1 1.5x, https:\/\/fatosfotoseregistros.files.wordpress.com\/2016\/05\/2015-04-19-11-38-46.jpg?w=700&h=400&crop=1 2x"},"classes":[]},{"id":147,"url":"https:\/\/www.kanenberg.com.br\/fatosfotoseregistros\/morro-da-babilonia\/","url_meta":{"origin":1077,"position":3},"title":"Morro da Babil\u00f4nia","author":"kanenberg","date":"2 de julho de 2015","format":false,"excerpt":"O Morro da Babil\u00f4nia era uma \u00e1rea militar, usada como ponto estrat\u00e9gico no controle da entrada de embarca\u00e7\u00f5es na Ba\u00eda de Guanabara.","rel":"","context":"Em &quot;Imagem&quot;","block_context":{"text":"Imagem","link":"https:\/\/www.kanenberg.com.br\/fatosfotoseregistros\/category\/imagem\/"},"img":{"alt_text":"Copacabana - Babil\u00f4nia","src":"http:\/\/i0.wp.com\/fatosfotoseregistros.files.wordpress.com\/2015\/06\/wpid-wp-1434853041335.jpeg?w=528%3Fw%3D700&resize=350%2C200","width":350,"height":200,"srcset":"http:\/\/i0.wp.com\/fatosfotoseregistros.files.wordpress.com\/2015\/06\/wpid-wp-1434853041335.jpeg?w=528%3Fw%3D700&resize=350%2C200 1x, http:\/\/i0.wp.com\/fatosfotoseregistros.files.wordpress.com\/2015\/06\/wpid-wp-1434853041335.jpeg?w=528%3Fw%3D700&resize=525%2C300 1.5x, http:\/\/i0.wp.com\/fatosfotoseregistros.files.wordpress.com\/2015\/06\/wpid-wp-1434853041335.jpeg?w=528%3Fw%3D700&resize=700%2C400 2x"},"classes":[]},{"id":5275,"url":"https:\/\/www.kanenberg.com.br\/fatosfotoseregistros\/florianopolis-em-1976\/","url_meta":{"origin":1077,"position":4},"title":"Florian\u00f3polis em 1976: Um Retrato Hist\u00f3rico da Capital Catarinense","author":"kanenberg","date":"6 de setembro de 2026","format":false,"excerpt":"O registro em v\u00eddeo resgata imagens da Ilha de Santa Catarina gravadas em 1976, per\u00edodo em que Florian\u00f3polis contava com cerca de 170 mil habitantes espalhados por seus 450 km\u00b2 de \u00e1rea territorial. As filmagens capturam a transi\u00e7\u00e3o entre a tradi\u00e7\u00e3o a\u00e7oriana e a moderniza\u00e7\u00e3o urbana da capital catarinense durante\u2026","rel":"","context":"Em &quot;Lugares&quot;","block_context":{"text":"Lugares","link":"https:\/\/www.kanenberg.com.br\/fatosfotoseregistros\/category\/lugares\/"},"img":{"alt_text":"onte Herc\u00edlio Luz, d\u00e9cada de 70. Vista do lado continental, ao fundo a Ilha de Santa Catarina.","src":"https:\/\/i0.wp.com\/www.kanenberg.com.br\/fatosfotoseregistros\/wp-content\/uploads\/2026\/09\/Ponte_Hercilio_Luz_1970.jpg?resize=350%2C200&ssl=1","width":350,"height":200,"srcset":"https:\/\/i0.wp.com\/www.kanenberg.com.br\/fatosfotoseregistros\/wp-content\/uploads\/2026\/09\/Ponte_Hercilio_Luz_1970.jpg?resize=350%2C200&ssl=1 1x, https:\/\/i0.wp.com\/www.kanenberg.com.br\/fatosfotoseregistros\/wp-content\/uploads\/2026\/09\/Ponte_Hercilio_Luz_1970.jpg?resize=525%2C300&ssl=1 1.5x, https:\/\/i0.wp.com\/www.kanenberg.com.br\/fatosfotoseregistros\/wp-content\/uploads\/2026\/09\/Ponte_Hercilio_Luz_1970.jpg?resize=700%2C400&ssl=1 2x, https:\/\/i0.wp.com\/www.kanenberg.com.br\/fatosfotoseregistros\/wp-content\/uploads\/2026\/09\/Ponte_Hercilio_Luz_1970.jpg?resize=1050%2C600&ssl=1 3x"},"classes":[]},{"id":6073,"url":"https:\/\/www.kanenberg.com.br\/fatosfotoseregistros\/a-senhora-centenaria-de-santa-catarina\/","url_meta":{"origin":1077,"position":5},"title":"A senhora centen\u00e1ria de Santa Catarina","author":"kanenberg","date":"13 de maio de 2026","format":false,"excerpt":"A Ponte Herc\u00edlio Luz chega aos seus 100 anos como muito mais do que uma liga\u00e7\u00e3o entre a Ilha de Santa Catarina e o continente. Ela se tornou um s\u00edmbolo. Um marco do tempo. Um elo entre gera\u00e7\u00f5es de catarinenses que cresceram olhando para sua impon\u00eancia recortando o c\u00e9u de\u2026","rel":"","context":"Em &quot;Lugares&quot;","block_context":{"text":"Lugares","link":"https:\/\/www.kanenberg.com.br\/fatosfotoseregistros\/category\/lugares\/"},"img":{"alt_text":"Ponte Herc\u00edlio Luz 100 anos","src":"https:\/\/i0.wp.com\/www.kanenberg.com.br\/fatosfotoseregistros\/wp-content\/uploads\/2026\/05\/Gemini_Generated_Image_r1dobr1dobr1dobr.png?resize=350%2C200&ssl=1","width":350,"height":200,"srcset":"https:\/\/i0.wp.com\/www.kanenberg.com.br\/fatosfotoseregistros\/wp-content\/uploads\/2026\/05\/Gemini_Generated_Image_r1dobr1dobr1dobr.png?resize=350%2C200&ssl=1 1x, https:\/\/i0.wp.com\/www.kanenberg.com.br\/fatosfotoseregistros\/wp-content\/uploads\/2026\/05\/Gemini_Generated_Image_r1dobr1dobr1dobr.png?resize=525%2C300&ssl=1 1.5x, https:\/\/i0.wp.com\/www.kanenberg.com.br\/fatosfotoseregistros\/wp-content\/uploads\/2026\/05\/Gemini_Generated_Image_r1dobr1dobr1dobr.png?resize=700%2C400&ssl=1 2x, https:\/\/i0.wp.com\/www.kanenberg.com.br\/fatosfotoseregistros\/wp-content\/uploads\/2026\/05\/Gemini_Generated_Image_r1dobr1dobr1dobr.png?resize=1050%2C600&ssl=1 3x"},"classes":[]}],"jetpack_likes_enabled":true,"amp_enabled":true,"jetpack_featured_media_url":"","_links":{"self":[{"href":"https:\/\/www.kanenberg.com.br\/fatosfotoseregistros\/wp-json\/wp\/v2\/posts\/1077","targetHints":{"allow":["GET"]}}],"collection":[{"href":"https:\/\/www.kanenberg.com.br\/fatosfotoseregistros\/wp-json\/wp\/v2\/posts"}],"about":[{"href":"https:\/\/www.kanenberg.com.br\/fatosfotoseregistros\/wp-json\/wp\/v2\/types\/post"}],"author":[{"embeddable":true,"href":"https:\/\/www.kanenberg.com.br\/fatosfotoseregistros\/wp-json\/wp\/v2\/users\/1"}],"replies":[{"embeddable":true,"href":"https:\/\/www.kanenberg.com.br\/fatosfotoseregistros\/wp-json\/wp\/v2\/comments?post=1077"}],"version-history":[{"count":3,"href":"https:\/\/www.kanenberg.com.br\/fatosfotoseregistros\/wp-json\/wp\/v2\/posts\/1077\/revisions"}],"predecessor-version":[{"id":6325,"href":"https:\/\/www.kanenberg.com.br\/fatosfotoseregistros\/wp-json\/wp\/v2\/posts\/1077\/revisions\/6325"}],"wp:attachment":[{"href":"https:\/\/www.kanenberg.com.br\/fatosfotoseregistros\/wp-json\/wp\/v2\/media?parent=1077"}],"wp:term":[{"taxonomy":"category","embeddable":true,"href":"https:\/\/www.kanenberg.com.br\/fatosfotoseregistros\/wp-json\/wp\/v2\/categories?post=1077"},{"taxonomy":"post_tag","embeddable":true,"href":"https:\/\/www.kanenberg.com.br\/fatosfotoseregistros\/wp-json\/wp\/v2\/tags?post=1077"}],"curies":[{"name":"wp","href":"https:\/\/api.w.org\/{rel}","templated":true}]}}