{"id":81,"date":"2019-01-16T14:25:26","date_gmt":"2019-01-16T16:25:26","guid":{"rendered":"https:\/\/familia.kanenberg.com.br\/?p=81"},"modified":"2026-08-16T11:50:40","modified_gmt":"2026-08-16T14:50:40","slug":"sobre-brasoes","status":"publish","type":"post","link":"https:\/\/www.kanenberg.com.br\/familia\/sobre-brasoes\/","title":{"rendered":"Explica\u00e7\u00f5es importantes sobre bras\u00f5es de fam\u00edlia"},"content":{"rendered":"<p>Vamos ao real fato. N\u00f3s n\u00e3o temos bras\u00f5es.<\/p>\n<figure id=\"attachment_82\" aria-describedby=\"caption-attachment-82\" style=\"width: 260px\" class=\"wp-caption aligncenter\"><img loading=\"lazy\" decoding=\"async\" data-attachment-id=\"82\" data-permalink=\"https:\/\/www.kanenberg.com.br\/familia\/sobre-brasoes\/exemplo_brasao\/\" data-orig-file=\"https:\/\/www.kanenberg.com.br\/familia\/wp-content\/uploads\/2019\/01\/exemplo_brasao.jpg\" data-orig-size=\"260,252\" data-comments-opened=\"1\" data-image-meta=\"{&quot;aperture&quot;:&quot;0&quot;,&quot;credit&quot;:&quot;&quot;,&quot;camera&quot;:&quot;&quot;,&quot;caption&quot;:&quot;&quot;,&quot;created_timestamp&quot;:&quot;0&quot;,&quot;copyright&quot;:&quot;&quot;,&quot;focal_length&quot;:&quot;0&quot;,&quot;iso&quot;:&quot;0&quot;,&quot;shutter_speed&quot;:&quot;0&quot;,&quot;title&quot;:&quot;&quot;,&quot;orientation&quot;:&quot;0&quot;}\" data-image-title=\"Exemplo de Bras\u00e3o\" data-image-description=\"\" data-image-caption=\"&lt;p&gt;Exemplo de Bras\u00e3o&lt;\/p&gt;\n\" data-large-file=\"https:\/\/www.kanenberg.com.br\/familia\/wp-content\/uploads\/2019\/01\/exemplo_brasao.jpg\" class=\"wp-image-82 size-full\" src=\"https:\/\/www.kanenberg.com.br\/familia\/wp-content\/uploads\/2019\/01\/exemplo_brasao.jpg\" alt=\"Exemplo de Bras\u00e3o\" width=\"260\" height=\"252\" \/><figcaption id=\"caption-attachment-82\" class=\"wp-caption-text\">Exemplo de Bras\u00e3o<\/figcaption><\/figure>\n<p align=\"justify\">Eles n\u00e3o existem em termos her\u00e1ldicos, ou seja, um bras\u00e3o s\u00f3 era criado devido um t\u00edtulo de nobreza ou por ter uma linhagem real o que deveria acontecer se houvesse uma linhagem nobre ou por algum t\u00edtulo dado pelas realezas dos reinos italianos (antes da unifica\u00e7\u00e3o) ou at\u00e9 mesmo pelo Papa, que na Idade M\u00e9dia, em especial entre os S\u00e9culos X e XV costumava tamb\u00e9m &#8220;presentear&#8221; muitos ricos com t\u00edtulos.<\/p>\n<p align=\"justify\">Hoje, qualquer pessoa, fam\u00edlia, institui\u00e7\u00e3o ou empresa pode criar ou contratar um arte finalista com conhecimento her\u00e1ldico para fazer um bras\u00e3o, mas ele ser\u00e1 contempor\u00e2neo e n\u00e3o trar\u00e1 uma hist\u00f3ria desde o s\u00e9culo XI quando surgiram os primeiros bras\u00f5es.<\/p>\n<p align=\"justify\">Existem fam\u00edlias que n\u00e3o possuem bras\u00e3o. Outras possuem ou at\u00e9 mesmo possuem diversos bras\u00f5es diferentes. Por\u00e9m n\u00e3o podemos utilizar nenhum, pois n\u00e3o sabe se aquele ou esse bras\u00e3o pertence \u00e0 linhagem de qual fam\u00edlia. Para usar um bras\u00e3o, sendo que se houver um detentor do mesmo &#8211; brasonado &#8211; ou seja, um dono do bras\u00e3o por direito, tamb\u00e9m n\u00e3o poder\u00edamos ostent\u00e1-lo, mesmo que sejamos da linhagem dele, pois o direito \u00e9 dele e n\u00e3o da Fam\u00edlia.<\/p>\n<p align=\"justify\">O exemplo do bras\u00e3o do monarca brit\u00e2nico (foto desta postagem). Ele n\u00e3o \u00e9 da atual Rainha Elizabeth II, mas sim do Monarca e passar\u00e1 para seu filho Charles e depois para Willian e assim sucessivamente.<\/p>\n<p align=\"justify\">Daniel Taddone, um conhecedor dos assuntos, redigiu um brilhante texto sobre o assunto que transcrevo parte dele:<\/p>\n<blockquote>\n<p align=\"justify\">Quem nunca se perguntou &#8220;qual \u00e9 o bras\u00e3o da minha fam\u00edlia?&#8221; ou &#8220;qual \u00e9 o bras\u00e3o do sobrenome X?&#8221; \u00c9 uma curiosidade natural que nasce de uma concep\u00e7\u00e3o equivocada de um elemento hist\u00f3rico que de fato existiu e ainda existe. Os primeiros bras\u00f5es datam do s\u00e9culo XI, ou seja, \u00e9 uma hist\u00f3ria de mil anos.<\/p>\n<p>Os bras\u00f5es s\u00e3o representa\u00e7\u00f5es gr\u00e1ficas elaboradas para identificar pessoas, fam\u00edlias, cl\u00e3s, bispos, cardeais, papas, cidades, regi\u00f5es, na\u00e7\u00f5es etc. Note que n\u00e3o citei a palavra &#8220;sobrenomes&#8221;.<\/p>\n<p>E por qu\u00ea?<\/p>\n<p>Porque bras\u00f5es N\u00c3O representam sobrenomes.<\/p>\n<p>Qualquer pessoa ou site que quiser divulgar ou vender que determinado sobrenome possui um bras\u00e3o est\u00e1 te enganando.<\/p>\n<p>Um bras\u00e3o familiar \u00e9 sempre criado sob encomenda para uma fam\u00edlia espec\u00edfica. Quase sempre s\u00e3o fam\u00edlias que receberam t\u00edtulos de nobreza (t\u00edtulos nobili\u00e1rquicos) por diversas raz\u00f5es.<\/p>\n<p>Soma-se a isso outro fato incontest\u00e1vel: 99% dos nossos ancestrais imigrantes eram pessoas economicamente pobres. E essa \u00e9 a hist\u00f3ria da esmagadora maioria de n\u00f3s.<\/p>\n<\/blockquote>\n<p align=\"right\">(parte do texto do Sr. Daniel Taddone)<\/p>\n<p style=\"text-align: right;\">Texto adaptado do original que foi postado em um grupo do facebook pelo amigo\u00a0<a href=\"https:\/\/www.facebook.com\/pauloeduardothsil\" target=\"_blank\" rel=\"noreferrer noopener\">Paulo Eduardo<\/a>.<\/p>\n","protected":false},"excerpt":{"rendered":"<p>Existem fam\u00edlias que n\u00e3o possuem bras\u00e3o. Outras possuem ou at\u00e9 mesmo possuem diversos bras\u00f5es diferentes. Por\u00e9m n\u00e3o podemos utilizar nenhum, pois n\u00e3o sabe se aquele ou esse bras\u00e3o pertence \u00e0 linhagem de qual fam\u00edlia.<\/p>\n","protected":false},"author":1,"featured_media":0,"comment_status":"open","ping_status":"open","sticky":false,"template":"","format":"standard","meta":{"_exactmetrics_skip_tracking":false,"_jetpack_newsletter_access":"","_jetpack_dont_email_post_to_subs":false,"_jetpack_newsletter_tier_id":0,"_jetpack_memberships_contains_paywalled_content":false,"_jetpack_feature_clip_id":0,"_jetpack_memberships_contains_paid_content":false,"footnotes":"","jetpack_publicize_message":"","jetpack_publicize_feature_enabled":true,"jetpack_social_post_already_shared":false,"jetpack_social_options":{"image_generator_settings":{"template":"highway","default_image_id":0,"font":"","enabled":false},"version":2},"jetpack_post_was_ever_published":false},"categories":[7],"tags":[8],"class_list":["post-81","post","type-post","status-publish","format-standard","hentry","category-outros","tag-brasoes"],"jetpack_publicize_connections":[],"jetpack_sharing_enabled":true,"jetpack_shortlink":"https:\/\/wp.me\/paCYDp-1j","jetpack_likes_enabled":true,"jetpack-related-posts":[{"id":1294,"url":"https:\/\/www.kanenberg.com.br\/familia\/sobrenome-boddenberg\/","url_meta":{"origin":81,"position":0},"title":"A origem e o significado do sobrenome Boddenberg","author":"admin","date":"16 de agosto de 2026","format":false,"excerpt":"O sobrenome Boddenberg \u00e9 de origem germ\u00e2nica, sendo um patron\u00edmico\/topon\u00edmico composto que combina uma raiz ligada a um nome pr\u00f3prio germ\u00e2nico antigo (como Bodo ou Botello) com o sufixo -berg (que significa \"montanha\" ou \"monte\" em alem\u00e3o).","rel":"","context":"Em &quot;Boddenberg&quot;","block_context":{"text":"Boddenberg","link":"https:\/\/www.kanenberg.com.br\/familia\/category\/familias\/boddenberg\/"},"img":{"alt_text":"Bras\u00e3o Boddenberg","src":"https:\/\/i0.wp.com\/www.kanenberg.com.br\/familia\/wp-content\/uploads\/2026\/08\/brasao.jpg?resize=350%2C200&ssl=1","width":350,"height":200},"classes":[]},{"id":100,"url":"https:\/\/www.kanenberg.com.br\/familia\/aldeia-boddenberg\/","url_meta":{"origin":81,"position":1},"title":"A aldeia Boddenberg","author":"admin","date":"17 de janeiro de 2019","format":false,"excerpt":"BODDENBERG \u00e9 uma pequena aldeia em Steinb\u00fcchel perto de Neuboddenberg com cerca de 25 casas. A agricultura \u00e9 a atividade predominante da localidade.","rel":"","context":"Em &quot;Boddenberg&quot;","block_context":{"text":"Boddenberg","link":"https:\/\/www.kanenberg.com.br\/familia\/category\/familias\/boddenberg\/"},"img":{"alt_text":"Vila Boddenberg - Berliner Str","src":"https:\/\/i0.wp.com\/www.kanenberg.com.br\/familia\/wp-content\/uploads\/2019\/01\/vila_boddenberg_02.jpg?resize=350%2C200&ssl=1","width":350,"height":200},"classes":[]},{"id":407,"url":"https:\/\/www.kanenberg.com.br\/familia\/flensburg-origem-familia-thomsen\/","url_meta":{"origin":81,"position":2},"title":"Flensburg &#8211; Origem da fam\u00edlia Thomsen","author":"admin","date":"27 de fevereiro de 2019","format":false,"excerpt":"A fam\u00edlia Thomsen, antes de migrar para o Brasil, estava estabelecida na cidade de Flensburg, na Alemanha.","rel":"","context":"Em &quot;Alemanha&quot;","block_context":{"text":"Alemanha","link":"https:\/\/www.kanenberg.com.br\/familia\/category\/lugares\/alemanha\/"},"img":{"alt_text":"Vista A\u00e9rea da cidade de Flensburg","src":"https:\/\/i0.wp.com\/www.kanenberg.com.br\/familia\/wp-content\/uploads\/2019\/02\/37564199_2039280179438030_7212942470307381248_o.jpg?resize=350%2C200&ssl=1","width":350,"height":200,"srcset":"https:\/\/i0.wp.com\/www.kanenberg.com.br\/familia\/wp-content\/uploads\/2019\/02\/37564199_2039280179438030_7212942470307381248_o.jpg?resize=350%2C200&ssl=1 1x, https:\/\/i0.wp.com\/www.kanenberg.com.br\/familia\/wp-content\/uploads\/2019\/02\/37564199_2039280179438030_7212942470307381248_o.jpg?resize=525%2C300&ssl=1 1.5x, https:\/\/i0.wp.com\/www.kanenberg.com.br\/familia\/wp-content\/uploads\/2019\/02\/37564199_2039280179438030_7212942470307381248_o.jpg?resize=700%2C400&ssl=1 2x, https:\/\/i0.wp.com\/www.kanenberg.com.br\/familia\/wp-content\/uploads\/2019\/02\/37564199_2039280179438030_7212942470307381248_o.jpg?resize=1050%2C600&ssl=1 3x, https:\/\/i0.wp.com\/www.kanenberg.com.br\/familia\/wp-content\/uploads\/2019\/02\/37564199_2039280179438030_7212942470307381248_o.jpg?resize=1400%2C800&ssl=1 4x"},"classes":[]},{"id":58,"url":"https:\/\/www.kanenberg.com.br\/familia\/origens-sobrenome-kannenberg\/","url_meta":{"origin":81,"position":3},"title":"Origens do sobrenome Kannenberg","author":"admin","date":"17 de janeiro de 2019","format":false,"excerpt":"KANNENBERG - topon\u00edmico referente \u00e0 aldeia de Kania-Chociwel (nome alem\u00e3o Kannenberg), distrito de Stargard, Pomer\u00e2nia, Pol\u00f4nia.","rel":"","context":"Em &quot;Curiosidades&quot;","block_context":{"text":"Curiosidades","link":"https:\/\/www.kanenberg.com.br\/familia\/category\/outros\/curiosidades\/"},"img":{"alt_text":"kannenberg crest","src":"https:\/\/i0.wp.com\/www.kanenberg.com.br\/familia\/wp-content\/uploads\/2019\/01\/10045_1397752510481253_811119325_n.jpg?resize=350%2C200&ssl=1","width":350,"height":200},"classes":[]},{"id":1141,"url":"https:\/\/www.kanenberg.com.br\/familia\/kannenberg-um-sobrenome-muitas-historias\/","url_meta":{"origin":81,"position":4},"title":"Kannenberg: Um Sobrenome, Muitas Hist\u00f3rias","author":"admin","date":"9 de outubro de 2025","format":false,"excerpt":"Cada Kannenberg tem sua pr\u00f3pria trajet\u00f3ria, mas todos carregam, de certa forma, uma heran\u00e7a que remonta a terras germ\u00e2nicas, com seus costumes, sua cultura e sua mem\u00f3ria ancestral.","rel":"","context":"Em &quot;Kannenberg&quot;","block_context":{"text":"Kannenberg","link":"https:\/\/www.kanenberg.com.br\/familia\/category\/familias\/kannenberg\/"},"img":{"alt_text":"","src":"","width":0,"height":0},"classes":[]},{"id":1219,"url":"https:\/\/www.kanenberg.com.br\/familia\/seus-avos\/","url_meta":{"origin":81,"position":5},"title":"Seus av\u00f3s s\u00e3o um livro que n\u00e3o foi escrito&#8230; Foi vivido","author":"admin","date":"26 de julho de 2026","format":false,"excerpt":"\u00c0s vezes, olhamos para nossos av\u00f3s e enxergamos apenas os cabelos brancos, os passos mais lentos e as marcas que o tempo deixou.","rel":"","context":"Em &quot;Textos diversos&quot;","block_context":{"text":"Textos diversos","link":"https:\/\/www.kanenberg.com.br\/familia\/category\/outros\/textos-diversos\/"},"img":{"alt_text":"Seus av\u00f3s","src":"https:\/\/i0.wp.com\/www.kanenberg.com.br\/familia\/wp-content\/uploads\/2026\/07\/seus-avos.png?resize=350%2C200&ssl=1","width":350,"height":200,"srcset":"https:\/\/i0.wp.com\/www.kanenberg.com.br\/familia\/wp-content\/uploads\/2026\/07\/seus-avos.png?resize=350%2C200&ssl=1 1x, https:\/\/i0.wp.com\/www.kanenberg.com.br\/familia\/wp-content\/uploads\/2026\/07\/seus-avos.png?resize=525%2C300&ssl=1 1.5x, https:\/\/i0.wp.com\/www.kanenberg.com.br\/familia\/wp-content\/uploads\/2026\/07\/seus-avos.png?resize=700%2C400&ssl=1 2x, https:\/\/i0.wp.com\/www.kanenberg.com.br\/familia\/wp-content\/uploads\/2026\/07\/seus-avos.png?resize=1050%2C600&ssl=1 3x, https:\/\/i0.wp.com\/www.kanenberg.com.br\/familia\/wp-content\/uploads\/2026\/07\/seus-avos.png?resize=1400%2C800&ssl=1 4x"},"classes":[]}],"amp_enabled":true,"jetpack_featured_media_url":"","_links":{"self":[{"href":"https:\/\/www.kanenberg.com.br\/familia\/wp-json\/wp\/v2\/posts\/81","targetHints":{"allow":["GET"]}}],"collection":[{"href":"https:\/\/www.kanenberg.com.br\/familia\/wp-json\/wp\/v2\/posts"}],"about":[{"href":"https:\/\/www.kanenberg.com.br\/familia\/wp-json\/wp\/v2\/types\/post"}],"author":[{"embeddable":true,"href":"https:\/\/www.kanenberg.com.br\/familia\/wp-json\/wp\/v2\/users\/1"}],"replies":[{"embeddable":true,"href":"https:\/\/www.kanenberg.com.br\/familia\/wp-json\/wp\/v2\/comments?post=81"}],"version-history":[{"count":5,"href":"https:\/\/www.kanenberg.com.br\/familia\/wp-json\/wp\/v2\/posts\/81\/revisions"}],"predecessor-version":[{"id":1297,"href":"https:\/\/www.kanenberg.com.br\/familia\/wp-json\/wp\/v2\/posts\/81\/revisions\/1297"}],"wp:attachment":[{"href":"https:\/\/www.kanenberg.com.br\/familia\/wp-json\/wp\/v2\/media?parent=81"}],"wp:term":[{"taxonomy":"category","embeddable":true,"href":"https:\/\/www.kanenberg.com.br\/familia\/wp-json\/wp\/v2\/categories?post=81"},{"taxonomy":"post_tag","embeddable":true,"href":"https:\/\/www.kanenberg.com.br\/familia\/wp-json\/wp\/v2\/tags?post=81"}],"curies":[{"name":"wp","href":"https:\/\/api.w.org\/{rel}","templated":true}]}}