{"id":485,"date":"2019-03-03T13:14:26","date_gmt":"2019-03-03T16:14:26","guid":{"rendered":"https:\/\/familia.kanenberg.com.br\/?p=485"},"modified":"2019-03-03T13:14:26","modified_gmt":"2019-03-03T16:14:26","slug":"mueller-ou-simplesmente-mella","status":"publish","type":"post","link":"https:\/\/www.kanenberg.com.br\/familia\/mueller-ou-simplesmente-mella\/","title":{"rendered":"Mueller ou simplesmente Mella"},"content":{"rendered":"<p style=\"text-align: justify;\">Entre as &#8220;personalidades&#8221; que a cidade de Pomerode j\u00e1 teve, o Mueller ou simplesmente Mella \u00e9 uma delas.<\/p>\n<p style=\"text-align: justify;\">Figura f\u00e1cil de ser vista pela regi\u00e3o da f\u00e1brica de Porcelanas Schmidt.<\/p>\n<p><iframe loading=\"lazy\" title=\"Mueller ou simplesmente Mella\" src=\"https:\/\/player.vimeo.com\/video\/321070308?dnt=1&amp;app_id=122963\" width=\"320\" height=\"212\" frameborder=\"0\" allow=\"autoplay; fullscreen; picture-in-picture; clipboard-write\"><\/iframe><\/p>\n","protected":false},"excerpt":{"rendered":"<p>Entre as &#8220;personalidades&#8221; que a cidade de Pomerode j\u00e1 teve, o Mueller ou simplesmente Mella \u00e9 uma delas.<\/p>\n","protected":false},"author":1,"featured_media":0,"comment_status":"open","ping_status":"open","sticky":false,"template":"","format":"standard","meta":{"_exactmetrics_skip_tracking":false,"_jetpack_newsletter_access":"","_jetpack_dont_email_post_to_subs":false,"_jetpack_newsletter_tier_id":0,"_jetpack_memberships_contains_paywalled_content":false,"_jetpack_feature_clip_id":0,"_jetpack_memberships_contains_paid_content":false,"footnotes":"","jetpack_publicize_message":"","jetpack_publicize_feature_enabled":true,"jetpack_social_post_already_shared":true,"jetpack_social_options":{"image_generator_settings":{"template":"highway","default_image_id":0,"font":"","enabled":false},"version":2},"jetpack_post_was_ever_published":false},"categories":[56],"tags":[36],"class_list":["post-485","post","type-post","status-publish","format-standard","hentry","category-videos","tag-pomerode"],"jetpack_publicize_connections":[],"jetpack_sharing_enabled":true,"jetpack_shortlink":"https:\/\/wp.me\/paCYDp-7P","jetpack_likes_enabled":true,"jetpack-related-posts":[{"id":263,"url":"https:\/\/www.kanenberg.com.br\/familia\/criacao-da-associacao-hospitalar\/","url_meta":{"origin":485,"position":0},"title":"Cria\u00e7\u00e3o da Associa\u00e7\u00e3o Hospitalar","author":"admin","date":"3 de fevereiro de 2019","format":false,"excerpt":"No ano de 1949, alguns cidad\u00e3os moradores de Pomerode se reuniram, entre eles Augusto Guilherme Schwanke, Lauro Harbs, Max Jacobsen, Mario Jung, e resolveram construir e fundar a Associa\u00e7\u00e3o Hospitalar.","rel":"","context":"Em &quot;Pomerode&quot;","block_context":{"text":"Pomerode","link":"https:\/\/www.kanenberg.com.br\/familia\/category\/lugares\/brasil\/pomerode\/"},"img":{"alt_text":"Schwester Anita Guenther","src":"https:\/\/i0.wp.com\/www.kanenberg.com.br\/familia\/wp-content\/uploads\/2019\/02\/schwester-anita.jpg?resize=350%2C200&ssl=1","width":350,"height":200},"classes":[]},{"id":254,"url":"https:\/\/www.kanenberg.com.br\/familia\/fotos-pomerode\/","url_meta":{"origin":485,"position":1},"title":"Rio do T\u00easto, Pomerode, Santa Catarina","author":"admin","date":"3 de fevereiro de 2019","format":false,"excerpt":"Fotos da cidade de Pomerode (antiga Rio do T\u00easto). Pomerode \u00e9 um munic\u00edpio do estado de Santa Catarina, no Brasil. Localizado na Mesorregi\u00e3o do Vale do Itaja\u00ed e na Microrregi\u00e3o de Blumenau \u00e9 conhecido por ser \"A cidade mais alem\u00e3 do Brasil\". Al\u00e9m do portugu\u00eas, grande parte da popula\u00e7\u00e3o local\u2026","rel":"","context":"Em &quot;Fotos&quot;","block_context":{"text":"Fotos","link":"https:\/\/www.kanenberg.com.br\/familia\/category\/galerias\/fotos\/"},"img":{"alt_text":"Pomerode - Cria\u00e7\u00e3o da Associa\u00e7\u00e3o Hospitalar","src":"https:\/\/i0.wp.com\/www.kanenberg.com.br\/familia\/wp-content\/uploads\/2019\/02\/pomerode_hospital_1.jpg?resize=350%2C200&ssl=1","width":350,"height":200},"classes":[]},{"id":1323,"url":"https:\/\/www.kanenberg.com.br\/familia\/pomerode_antes_de_ser_pomerode\/","url_meta":{"origin":485,"position":2},"title":"Pomerode antes de ser Pomerode","author":"admin","date":"28 de agosto de 2026","format":false,"excerpt":"As fotografias antigas t\u00eam um valor especial justamente por nos permitirem voltar no tempo e observar aquilo que os documentos escritos muitas vezes n\u00e3o conseguem revelar: as paisagens, as constru\u00e7\u00f5es, os caminhos, o trabalho e o cotidiano das pessoas que ajudaram a construir uma comunidade. Neste post podemos ver um\u2026","rel":"","context":"Em &quot;Fotos&quot;","block_context":{"text":"Fotos","link":"https:\/\/www.kanenberg.com.br\/familia\/category\/galerias\/fotos\/"},"img":{"alt_text":"Constru\u00e7\u00e3o de um boeiro no logar Rio do Testo","src":"https:\/\/i0.wp.com\/www.kanenberg.com.br\/familia\/wp-content\/uploads\/2026\/08\/IHG-FOT-3542-FRENTE-scaled-1.jpg?resize=350%2C200&ssl=1","width":350,"height":200,"srcset":"https:\/\/i0.wp.com\/www.kanenberg.com.br\/familia\/wp-content\/uploads\/2026\/08\/IHG-FOT-3542-FRENTE-scaled-1.jpg?resize=350%2C200&ssl=1 1x, https:\/\/i0.wp.com\/www.kanenberg.com.br\/familia\/wp-content\/uploads\/2026\/08\/IHG-FOT-3542-FRENTE-scaled-1.jpg?resize=525%2C300&ssl=1 1.5x, https:\/\/i0.wp.com\/www.kanenberg.com.br\/familia\/wp-content\/uploads\/2026\/08\/IHG-FOT-3542-FRENTE-scaled-1.jpg?resize=700%2C400&ssl=1 2x, https:\/\/i0.wp.com\/www.kanenberg.com.br\/familia\/wp-content\/uploads\/2026\/08\/IHG-FOT-3542-FRENTE-scaled-1.jpg?resize=1050%2C600&ssl=1 3x, https:\/\/i0.wp.com\/www.kanenberg.com.br\/familia\/wp-content\/uploads\/2026\/08\/IHG-FOT-3542-FRENTE-scaled-1.jpg?resize=1400%2C800&ssl=1 4x"},"classes":[]},{"id":1240,"url":"https:\/\/www.kanenberg.com.br\/familia\/ginasio-dr-blumenau\/","url_meta":{"origin":485,"position":3},"title":"Do Gin\u00e1sio Dr. Blumenau ao Col\u00e9gio Sinodal: A Hist\u00f3ria de Forma\u00e7\u00e3o e Tradi\u00e7\u00e3o no Cora\u00e7\u00e3o de Pomerode","author":"admin","date":"2 de agosto de 2026","format":false,"excerpt":"A trajet\u00f3ria da institui\u00e7\u00e3o educacional que nasceu como Gin\u00e1sio Dr. Blumenau na d\u00e9cada de 1960 e que hoje \u00e9 o Col\u00e9gio Sinodal Doutor Blumenau.","rel":"","context":"Em &quot;Pomerode&quot;","block_context":{"text":"Pomerode","link":"https:\/\/www.kanenberg.com.br\/familia\/category\/lugares\/brasil\/pomerode\/"},"img":{"alt_text":"Dr. Blumenau","src":"https:\/\/i0.wp.com\/www.kanenberg.com.br\/familia\/wp-content\/uploads\/2026\/08\/Dr.-Blumenau.jpg?resize=350%2C200&ssl=1","width":350,"height":200,"srcset":"https:\/\/i0.wp.com\/www.kanenberg.com.br\/familia\/wp-content\/uploads\/2026\/08\/Dr.-Blumenau.jpg?resize=350%2C200&ssl=1 1x, https:\/\/i0.wp.com\/www.kanenberg.com.br\/familia\/wp-content\/uploads\/2026\/08\/Dr.-Blumenau.jpg?resize=525%2C300&ssl=1 1.5x, https:\/\/i0.wp.com\/www.kanenberg.com.br\/familia\/wp-content\/uploads\/2026\/08\/Dr.-Blumenau.jpg?resize=700%2C400&ssl=1 2x, https:\/\/i0.wp.com\/www.kanenberg.com.br\/familia\/wp-content\/uploads\/2026\/08\/Dr.-Blumenau.jpg?resize=1050%2C600&ssl=1 3x, https:\/\/i0.wp.com\/www.kanenberg.com.br\/familia\/wp-content\/uploads\/2026\/08\/Dr.-Blumenau.jpg?resize=1400%2C800&ssl=1 4x"},"classes":[]},{"id":1250,"url":"https:\/\/www.kanenberg.com.br\/familia\/ponte-pensil-schmidt\/","url_meta":{"origin":485,"position":4},"title":"Ponte P\u00eansil Schmidt (Schmidts Steg)","author":"admin","date":"20 de agosto de 2026","format":false,"excerpt":"A famosa ponte p\u00eansil de Pomerode fica na Rua Johanes Roedel, ligando-a \u00e0 Rua Luiz Abry. Popularmente chamada de \"Pinguela do Schmidt\", a travessia ganhou esse apelido porque, ao que tudo indica, contou com a participa\u00e7\u00e3o direta da pr\u00f3pria Porcelana Schmidt em sua constru\u00e7\u00e3o para facilitar o acesso de seus\u2026","rel":"","context":"Em &quot;Pomerode&quot;","block_context":{"text":"Pomerode","link":"https:\/\/www.kanenberg.com.br\/familia\/category\/lugares\/brasil\/pomerode\/"},"img":{"alt_text":"Schmidtsthei","src":"https:\/\/i0.wp.com\/www.kanenberg.com.br\/familia\/wp-content\/uploads\/2026\/08\/Schmidtsthei.jpg?resize=350%2C200&ssl=1","width":350,"height":200,"srcset":"https:\/\/i0.wp.com\/www.kanenberg.com.br\/familia\/wp-content\/uploads\/2026\/08\/Schmidtsthei.jpg?resize=350%2C200&ssl=1 1x, https:\/\/i0.wp.com\/www.kanenberg.com.br\/familia\/wp-content\/uploads\/2026\/08\/Schmidtsthei.jpg?resize=525%2C300&ssl=1 1.5x, https:\/\/i0.wp.com\/www.kanenberg.com.br\/familia\/wp-content\/uploads\/2026\/08\/Schmidtsthei.jpg?resize=700%2C400&ssl=1 2x, https:\/\/i0.wp.com\/www.kanenberg.com.br\/familia\/wp-content\/uploads\/2026\/08\/Schmidtsthei.jpg?resize=1050%2C600&ssl=1 3x, https:\/\/i0.wp.com\/www.kanenberg.com.br\/familia\/wp-content\/uploads\/2026\/08\/Schmidtsthei.jpg?resize=1400%2C800&ssl=1 4x"},"classes":[]},{"id":626,"url":"https:\/\/www.kanenberg.com.br\/familia\/was-ist-heimat-pommern-in-brasilien\/","url_meta":{"origin":485,"position":5},"title":"Was ist Heimat? &#8211; Pommern in Brasilien","author":"admin","date":"6 de mar\u00e7o de 2019","format":false,"excerpt":"Relato de cidad\u00e3o de Pomerode\/SC feito a uma emissora de teve da alemanha DW-TV EUROPA","rel":"","context":"Em &quot;Pomerode&quot;","block_context":{"text":"Pomerode","link":"https:\/\/www.kanenberg.com.br\/familia\/category\/lugares\/brasil\/pomerode\/"},"img":{"alt_text":"","src":"","width":0,"height":0},"classes":[]}],"amp_enabled":true,"jetpack_featured_media_url":"","_links":{"self":[{"href":"https:\/\/www.kanenberg.com.br\/familia\/wp-json\/wp\/v2\/posts\/485","targetHints":{"allow":["GET"]}}],"collection":[{"href":"https:\/\/www.kanenberg.com.br\/familia\/wp-json\/wp\/v2\/posts"}],"about":[{"href":"https:\/\/www.kanenberg.com.br\/familia\/wp-json\/wp\/v2\/types\/post"}],"author":[{"embeddable":true,"href":"https:\/\/www.kanenberg.com.br\/familia\/wp-json\/wp\/v2\/users\/1"}],"replies":[{"embeddable":true,"href":"https:\/\/www.kanenberg.com.br\/familia\/wp-json\/wp\/v2\/comments?post=485"}],"version-history":[{"count":1,"href":"https:\/\/www.kanenberg.com.br\/familia\/wp-json\/wp\/v2\/posts\/485\/revisions"}],"predecessor-version":[{"id":486,"href":"https:\/\/www.kanenberg.com.br\/familia\/wp-json\/wp\/v2\/posts\/485\/revisions\/486"}],"wp:attachment":[{"href":"https:\/\/www.kanenberg.com.br\/familia\/wp-json\/wp\/v2\/media?parent=485"}],"wp:term":[{"taxonomy":"category","embeddable":true,"href":"https:\/\/www.kanenberg.com.br\/familia\/wp-json\/wp\/v2\/categories?post=485"},{"taxonomy":"post_tag","embeddable":true,"href":"https:\/\/www.kanenberg.com.br\/familia\/wp-json\/wp\/v2\/tags?post=485"}],"curies":[{"name":"wp","href":"https:\/\/api.w.org\/{rel}","templated":true}]}}