{"id":445,"date":"2019-02-28T13:12:50","date_gmt":"2019-02-28T16:12:50","guid":{"rendered":"https:\/\/familia.kanenberg.com.br\/?p=445"},"modified":"2019-02-28T13:12:50","modified_gmt":"2019-02-28T16:12:50","slug":"aldeia-raddatz","status":"publish","type":"post","link":"https:\/\/www.kanenberg.com.br\/familia\/aldeia-raddatz\/","title":{"rendered":"Aldeia Raddatz"},"content":{"rendered":"<p style=\"text-align: justify;\">Raddatz (atualmente Radacz, Pol\u00f4nia) est\u00e1 localizado a oeste de Neustettin em Raddatzsee. A aldeia tem a sua pr\u00f3pria igreja, que foi reconstru\u00edda em 1746 e pertenceu a Persanzig.<\/p>\n<p style=\"text-align: justify;\">Radacz \u00e9 uma vila no distrito administrativo de Gmina Borne Sulinowo, no Condado de Szczecinek, Voivodia da Pomer\u00e2nia Ocidental, no noroeste da Pol\u00f4nia. A aldeia est\u00e1 situada na regi\u00e3o hist\u00f3rica de Pomer\u00e2nia.<\/p>\n<p>Habitantes 1864: 446<br \/>\nhabitantes 1925: 460<br \/>\nhabitantes 1939: 425<\/p>\n<div class=\"su-gmap su-u-responsive-media-yes\"><iframe loading=\"lazy\" width=\"800\" height=\"500\" src=\"\/\/maps.google.com\/maps?q=Radacz&amp;output=embed\" title=\"\"><\/iframe><\/div>\n<p class=\"jetpack-slideshow-noscript robots-nocontent\">Este slideshow necessita de JavaScript.<\/p><div id=\"gallery-445-1-slideshow\" class=\"jetpack-slideshow-window jetpack-slideshow jetpack-slideshow-black\" data-trans=\"fade\" data-autostart=\"1\" data-gallery=\"[{&quot;src&quot;:&quot;https:\\\/\\\/www.kanenberg.com.br\\\/familia\\\/wp-content\\\/uploads\\\/2019\\\/02\\\/47575184_2230641123635267_6550497327436529664_n.jpg&quot;,&quot;id&quot;:&quot;446&quot;,&quot;title&quot;:&quot;Raddatz&quot;,&quot;alt&quot;:&quot;Raddatz&quot;,&quot;caption&quot;:&quot;&quot;,&quot;itemprop&quot;:&quot;image&quot;},{&quot;src&quot;:&quot;https:\\\/\\\/www.kanenberg.com.br\\\/familia\\\/wp-content\\\/uploads\\\/2019\\\/02\\\/47286851_2230641173635262_7533898104957829120_n.jpg&quot;,&quot;id&quot;:&quot;447&quot;,&quot;title&quot;:&quot;A igreja em Raddatz&quot;,&quot;alt&quot;:&quot;A igreja em Raddatz&quot;,&quot;caption&quot;:&quot;A igreja em Raddatz&quot;,&quot;itemprop&quot;:&quot;image&quot;},{&quot;src&quot;:&quot;https:\\\/\\\/www.kanenberg.com.br\\\/familia\\\/wp-content\\\/uploads\\\/2019\\\/02\\\/47357559_2230641296968583_4082669137027923968_n.jpg&quot;,&quot;id&quot;:&quot;448&quot;,&quot;title&quot;:&quot;Raddatz&quot;,&quot;alt&quot;:&quot;Raddatz&quot;,&quot;caption&quot;:&quot;&quot;,&quot;itemprop&quot;:&quot;image&quot;},{&quot;src&quot;:&quot;https:\\\/\\\/www.kanenberg.com.br\\\/familia\\\/wp-content\\\/uploads\\\/2019\\\/02\\\/47378790_2230641286968584_469139724418678784_n.jpg&quot;,&quot;id&quot;:&quot;449&quot;,&quot;title&quot;:&quot;Mans\\u00e3o desmoronando&quot;,&quot;alt&quot;:&quot;Mans\\u00e3o desmoronando&quot;,&quot;caption&quot;:&quot;Mans\\u00e3o desmoronando&quot;,&quot;itemprop&quot;:&quot;image&quot;},{&quot;src&quot;:&quot;https:\\\/\\\/www.kanenberg.com.br\\\/familia\\\/wp-content\\\/uploads\\\/2019\\\/02\\\/47395270_2230641050301941_3104869542321455104_n.jpg&quot;,&quot;id&quot;:&quot;450&quot;,&quot;title&quot;:&quot;Raddatz&quot;,&quot;alt&quot;:&quot;Raddatz&quot;,&quot;caption&quot;:&quot;&quot;,&quot;itemprop&quot;:&quot;image&quot;},{&quot;src&quot;:&quot;https:\\\/\\\/www.kanenberg.com.br\\\/familia\\\/wp-content\\\/uploads\\\/2019\\\/02\\\/47423866_2230641193635260_4121249123145875456_n.jpg&quot;,&quot;id&quot;:&quot;451&quot;,&quot;title&quot;:&quot;A hist\\u00f3ria da igreja&quot;,&quot;alt&quot;:&quot;A hist\\u00f3ria da igreja&quot;,&quot;caption&quot;:&quot;A hist\\u00f3ria da igreja&quot;,&quot;itemprop&quot;:&quot;image&quot;},{&quot;src&quot;:&quot;https:\\\/\\\/www.kanenberg.com.br\\\/familia\\\/wp-content\\\/uploads\\\/2019\\\/02\\\/47571517_2230641156968597_8777573849077121024_n.jpg&quot;,&quot;id&quot;:&quot;452&quot;,&quot;title&quot;:&quot;A rua da vila em Raddatz, vista da igreja&quot;,&quot;alt&quot;:&quot;A rua da vila em Raddatz, vista da igreja&quot;,&quot;caption&quot;:&quot;A rua da vila em Raddatz, vista da igreja&quot;,&quot;itemprop&quot;:&quot;image&quot;}]\" itemscope itemtype=\"https:\/\/schema.org\/ImageGallery\"><\/div>\n","protected":false},"excerpt":{"rendered":"<p>Raddatz (atualmente Radacz, Pol\u00f4nia) est\u00e1 localizado a oeste de Neustettin em Raddatzsee. A aldeia tem a sua pr\u00f3pria igreja, que foi reconstru\u00edda em 1746 e pertenceu a Persanzig.<\/p>\n","protected":false},"author":1,"featured_media":0,"comment_status":"open","ping_status":"open","sticky":false,"template":"","format":"standard","meta":{"_exactmetrics_skip_tracking":false,"_jetpack_newsletter_access":"","_jetpack_dont_email_post_to_subs":false,"_jetpack_newsletter_tier_id":0,"_jetpack_memberships_contains_paywalled_content":false,"_jetpack_feature_clip_id":0,"_jetpack_memberships_contains_paid_content":false,"footnotes":"","jetpack_publicize_message":"","jetpack_publicize_feature_enabled":true,"jetpack_social_post_already_shared":true,"jetpack_social_options":{"image_generator_settings":{"template":"highway","default_image_id":0,"font":"","enabled":false},"version":2},"jetpack_post_was_ever_published":false},"categories":[54],"tags":[10,20,55],"class_list":["post-445","post","type-post","status-publish","format-standard","hentry","category-raddatz","tag-polonia","tag-pomerania","tag-raddatz"],"jetpack_publicize_connections":[],"jetpack_sharing_enabled":true,"jetpack_shortlink":"https:\/\/wp.me\/paCYDp-7b","jetpack_likes_enabled":true,"jetpack-related-posts":[{"id":58,"url":"https:\/\/www.kanenberg.com.br\/familia\/origens-sobrenome-kannenberg\/","url_meta":{"origin":445,"position":0},"title":"Origens do sobrenome Kannenberg","author":"admin","date":"17 de janeiro de 2019","format":false,"excerpt":"KANNENBERG - topon\u00edmico referente \u00e0 aldeia de Kania-Chociwel (nome alem\u00e3o Kannenberg), distrito de Stargard, Pomer\u00e2nia, Pol\u00f4nia.","rel":"","context":"Em &quot;Curiosidades&quot;","block_context":{"text":"Curiosidades","link":"https:\/\/www.kanenberg.com.br\/familia\/category\/outros\/curiosidades\/"},"img":{"alt_text":"kannenberg crest","src":"https:\/\/i0.wp.com\/www.kanenberg.com.br\/familia\/wp-content\/uploads\/2019\/01\/10045_1397752510481253_811119325_n.jpg?resize=350%2C200&ssl=1","width":350,"height":200},"classes":[]},{"id":296,"url":"https:\/\/www.kanenberg.com.br\/familia\/genealogia-familia-kannenberg\/","url_meta":{"origin":445,"position":1},"title":"Genealogia da fam\u00edlia Kannenberg","author":"admin","date":"11 de fevereiro de 2019","format":false,"excerpt":"Breve descri\u00e7\u00e3o geneal\u00f3gica da fam\u00edlia Kannenberg, do ancestral mais antigo aos descendentes mais recentes.","rel":"","context":"Em &quot;Kannenberg&quot;","block_context":{"text":"Kannenberg","link":"https:\/\/www.kanenberg.com.br\/familia\/category\/familias\/kannenberg\/"},"img":{"alt_text":"Genealogia","src":"https:\/\/i0.wp.com\/www.kanenberg.com.br\/familia\/wp-content\/uploads\/2019\/02\/genealogia-255x300.png?resize=350%2C200&ssl=1","width":350,"height":200},"classes":[]},{"id":1128,"url":"https:\/\/www.kanenberg.com.br\/familia\/1-encontro-da-familia-kannenberg\/","url_meta":{"origin":445,"position":2},"title":"1\u00ba Encontro da Fam\u00edlia Kannenberg","author":"admin","date":"9 de outubro de 2025","format":false,"excerpt":"O Primeiro Encontro da Fam\u00edlia Kannenberg ocorreu em 13 de julho de 2024, no Restaurante Kiosk Km5, na cidade de Trombudo Central, Santa Catarina, Brasil. Este evento foi fruto de um esfor\u00e7o coletivo, em especial pela brilhante organiza\u00e7\u00e3o e ideia de Leopoldo Kannenberg Filho, com as colabora\u00e7\u00f5es de Carin Heinz,\u2026","rel":"","context":"Em &quot;Kannenberg&quot;","block_context":{"text":"Kannenberg","link":"https:\/\/www.kanenberg.com.br\/familia\/category\/familias\/kannenberg\/"},"img":{"alt_text":"1\u00ba Encontro da Fam\u00edlia Kannenberg","src":"https:\/\/i0.wp.com\/www.kanenberg.com.br\/familia\/wp-content\/uploads\/2025\/10\/Imagem-do-WhatsApp-de-2024-07-13-as-11.25.22_beefdc82.jpg?resize=350%2C200&ssl=1","width":350,"height":200,"srcset":"https:\/\/i0.wp.com\/www.kanenberg.com.br\/familia\/wp-content\/uploads\/2025\/10\/Imagem-do-WhatsApp-de-2024-07-13-as-11.25.22_beefdc82.jpg?resize=350%2C200&ssl=1 1x, https:\/\/i0.wp.com\/www.kanenberg.com.br\/familia\/wp-content\/uploads\/2025\/10\/Imagem-do-WhatsApp-de-2024-07-13-as-11.25.22_beefdc82.jpg?resize=525%2C300&ssl=1 1.5x, https:\/\/i0.wp.com\/www.kanenberg.com.br\/familia\/wp-content\/uploads\/2025\/10\/Imagem-do-WhatsApp-de-2024-07-13-as-11.25.22_beefdc82.jpg?resize=700%2C400&ssl=1 2x, https:\/\/i0.wp.com\/www.kanenberg.com.br\/familia\/wp-content\/uploads\/2025\/10\/Imagem-do-WhatsApp-de-2024-07-13-as-11.25.22_beefdc82.jpg?resize=1050%2C600&ssl=1 3x, https:\/\/i0.wp.com\/www.kanenberg.com.br\/familia\/wp-content\/uploads\/2025\/10\/Imagem-do-WhatsApp-de-2024-07-13-as-11.25.22_beefdc82.jpg?resize=1400%2C800&ssl=1 4x"},"classes":[]},{"id":1301,"url":"https:\/\/www.kanenberg.com.br\/familia\/sobrenome-kamke\/","url_meta":{"origin":445,"position":3},"title":"Origem e significado do sobrenome Kamke","author":"admin","date":"16 de agosto de 2026","format":false,"excerpt":"Kamke \u00e9 um sobrenome de origem prussiana oriental, atualmente t\u00edpico da Pol\u00f4nia, mas que tem muita ocorr\u00eancia na Alemanha.","rel":"","context":"Em &quot;Kamke&quot;","block_context":{"text":"Kamke","link":"https:\/\/www.kanenberg.com.br\/familia\/category\/familias\/kamke\/"},"img":{"alt_text":"Sobrenome Kamke","src":"https:\/\/i0.wp.com\/www.kanenberg.com.br\/familia\/wp-content\/uploads\/2026\/08\/Sobrenome-Kamke.jpg?resize=350%2C200&ssl=1","width":350,"height":200,"srcset":"https:\/\/i0.wp.com\/www.kanenberg.com.br\/familia\/wp-content\/uploads\/2026\/08\/Sobrenome-Kamke.jpg?resize=350%2C200&ssl=1 1x, https:\/\/i0.wp.com\/www.kanenberg.com.br\/familia\/wp-content\/uploads\/2026\/08\/Sobrenome-Kamke.jpg?resize=525%2C300&ssl=1 1.5x, https:\/\/i0.wp.com\/www.kanenberg.com.br\/familia\/wp-content\/uploads\/2026\/08\/Sobrenome-Kamke.jpg?resize=700%2C400&ssl=1 2x, https:\/\/i0.wp.com\/www.kanenberg.com.br\/familia\/wp-content\/uploads\/2026\/08\/Sobrenome-Kamke.jpg?resize=1050%2C600&ssl=1 3x, https:\/\/i0.wp.com\/www.kanenberg.com.br\/familia\/wp-content\/uploads\/2026\/08\/Sobrenome-Kamke.jpg?resize=1400%2C800&ssl=1 4x"},"classes":[]},{"id":299,"url":"https:\/\/www.kanenberg.com.br\/familia\/origens-significados-sobrenomes\/","url_meta":{"origin":445,"position":4},"title":"Origens e significados de sobrenomes","author":"admin","date":"17 de mar\u00e7o de 2019","format":false,"excerpt":"Algumas origens e significados de sobrenomes apresentados em ordem alfab\u00e9tica. Brand Brand - e suas variantes Brandt e Brant - \u00e9 um sobrenome de origem germ\u00e2nica, que aparece em v\u00e1rias regi\u00f5es da Alemanha e tamb\u00e9m em outros pa\u00edses da Europa. A ado\u00e7\u00e3o de um sobrenome (ou nome de fam\u00edlia) a\u2026","rel":"","context":"Em &quot;Curiosidades&quot;","block_context":{"text":"Curiosidades","link":"https:\/\/www.kanenberg.com.br\/familia\/category\/outros\/curiosidades\/"},"img":{"alt_text":"Bras\u00e3o - Brandt","src":"https:\/\/i0.wp.com\/www.kanenberg.com.br\/familia\/wp-content\/uploads\/2019\/03\/brandt_crest_250px.jpg?resize=350%2C200&ssl=1","width":350,"height":200},"classes":[]},{"id":157,"url":"https:\/\/www.kanenberg.com.br\/familia\/fotos-kannenberg-kreis-saatzig\/","url_meta":{"origin":445,"position":5},"title":"Kannenberg, Kreis Saatzig, Pommern","author":"admin","date":"22 de janeiro de 2019","format":false,"excerpt":"Fotos da localidade de Kannenberg (Kreis Saatzig, Pomer\u00e2nia), atual Kania (Pol\u00f4nia).","rel":"","context":"Em &quot;Fotos&quot;","block_context":{"text":"Fotos","link":"https:\/\/www.kanenberg.com.br\/familia\/category\/galerias\/fotos\/"},"img":{"alt_text":"Kannenberg, Kreis Saatzig, Pommern - Monumento das antigas l\u00e1pides da Pr\u00fassia","src":"https:\/\/i0.wp.com\/www.kanenberg.com.br\/familia\/wp-content\/uploads\/2019\/01\/kannenberg-saatzig-01-300x225.jpg?resize=350%2C200&ssl=1","width":350,"height":200,"srcset":"https:\/\/i0.wp.com\/www.kanenberg.com.br\/familia\/wp-content\/uploads\/2019\/01\/kannenberg-saatzig-01-300x225.jpg?resize=350%2C200&ssl=1 1x, https:\/\/i0.wp.com\/www.kanenberg.com.br\/familia\/wp-content\/uploads\/2019\/01\/kannenberg-saatzig-01-300x225.jpg?resize=525%2C300&ssl=1 1.5x, https:\/\/i0.wp.com\/www.kanenberg.com.br\/familia\/wp-content\/uploads\/2019\/01\/kannenberg-saatzig-01-300x225.jpg?resize=700%2C400&ssl=1 2x"},"classes":[]}],"amp_enabled":true,"jetpack_featured_media_url":"","_links":{"self":[{"href":"https:\/\/www.kanenberg.com.br\/familia\/wp-json\/wp\/v2\/posts\/445","targetHints":{"allow":["GET"]}}],"collection":[{"href":"https:\/\/www.kanenberg.com.br\/familia\/wp-json\/wp\/v2\/posts"}],"about":[{"href":"https:\/\/www.kanenberg.com.br\/familia\/wp-json\/wp\/v2\/types\/post"}],"author":[{"embeddable":true,"href":"https:\/\/www.kanenberg.com.br\/familia\/wp-json\/wp\/v2\/users\/1"}],"replies":[{"embeddable":true,"href":"https:\/\/www.kanenberg.com.br\/familia\/wp-json\/wp\/v2\/comments?post=445"}],"version-history":[{"count":1,"href":"https:\/\/www.kanenberg.com.br\/familia\/wp-json\/wp\/v2\/posts\/445\/revisions"}],"predecessor-version":[{"id":453,"href":"https:\/\/www.kanenberg.com.br\/familia\/wp-json\/wp\/v2\/posts\/445\/revisions\/453"}],"wp:attachment":[{"href":"https:\/\/www.kanenberg.com.br\/familia\/wp-json\/wp\/v2\/media?parent=445"}],"wp:term":[{"taxonomy":"category","embeddable":true,"href":"https:\/\/www.kanenberg.com.br\/familia\/wp-json\/wp\/v2\/categories?post=445"},{"taxonomy":"post_tag","embeddable":true,"href":"https:\/\/www.kanenberg.com.br\/familia\/wp-json\/wp\/v2\/tags?post=445"}],"curies":[{"name":"wp","href":"https:\/\/api.w.org\/{rel}","templated":true}]}}