{"id":263,"date":"2019-02-03T12:27:48","date_gmt":"2019-02-03T14:27:48","guid":{"rendered":"https:\/\/familia.kanenberg.com.br\/?p=263"},"modified":"2019-03-11T13:30:20","modified_gmt":"2019-03-11T16:30:20","slug":"criacao-da-associacao-hospitalar","status":"publish","type":"post","link":"https:\/\/www.kanenberg.com.br\/familia\/criacao-da-associacao-hospitalar\/","title":{"rendered":"Cria\u00e7\u00e3o da Associa\u00e7\u00e3o Hospitalar"},"content":{"rendered":"<h2>A cria\u00e7\u00e3o da associa\u00e7\u00e3o hospitalar<\/h2>\n<p style=\"text-align: justify;\">No ano de 1949, alguns cidad\u00e3os moradores de Pomerode se reuniram, entre eles Augusto Guilherme Schwanke, Lauro Harbs, Max Jacobsen, Mario Jung, e resolveram construir e fundar a Associa\u00e7\u00e3o Hospitalar.<\/p>\n<p style=\"text-align: justify;\">Na \u00e9poca, conseguiram em Florian\u00f3polis com o governo do estado o equivalente a vinte mil cruzeiros, e outros duzentos mil cruzeiros com o governo da uni\u00e3o por interm\u00e9dio do deputado federal Leoberto Leal. E assim deram a largada para a constru\u00e7\u00e3o de um hospital para o distrito de Rio do Testo.<\/p>\n<p style=\"text-align: justify;\">Com os recursos que conseguiram, investiram na aquisi\u00e7\u00e3o da casa e terreno da parteira Rosa Borck pelo equivalente a 140 mil cruzeiros e com o restante puderam melhorar o im\u00f3vel j\u00e1 existente, adquirir equipamentos e mobili\u00e1rio.<\/p>\n<p style=\"text-align: justify;\">Ao efetuar o registro da Associa\u00e7\u00e3o Hospitalar perante o cart\u00f3rio em Blumenau, o tabeli\u00e3o Jo\u00e3o Gomes da Nobrega deu a sugest\u00e3o do nome como &#8220;Nossa Senhora da Gl\u00f3ria&#8221;, sugest\u00e3o esta que foi muito bem aceita pelos Srs. Augusto Guilherme Schwanke e Richard Jung. Todavia este nome acabou n\u00e3o sendo muito usado, pois na pr\u00e1tica o mesmo era conhecido por &#8220;Hospital do Rio do Testo&#8221;.<\/p>\n<p style=\"text-align: justify;\">Na inaugura\u00e7\u00e3o contaram com a presen\u00e7a do governador Irineu Bornhausen, Waldemar Selke, Gerhardt Neufert e Wadislau Konstansky.<\/p>\n<figure id=\"attachment_268\" aria-describedby=\"caption-attachment-268\" style=\"width: 1024px\" class=\"wp-caption aligncenter\"><a href=\"https:\/\/www.kanenberg.com.br\/familia\/wp-content\/uploads\/2019\/02\/pomerode_hospital_2.jpg\"><img loading=\"lazy\" decoding=\"async\" data-attachment-id=\"268\" data-permalink=\"https:\/\/www.kanenberg.com.br\/familia\/criacao-da-associacao-hospitalar\/pomerode_hospital_2\/\" data-orig-file=\"https:\/\/www.kanenberg.com.br\/familia\/wp-content\/uploads\/2019\/02\/pomerode_hospital_2.jpg\" data-orig-size=\"1024,683\" data-comments-opened=\"1\" data-image-meta=\"{&quot;aperture&quot;:&quot;0&quot;,&quot;credit&quot;:&quot;&quot;,&quot;camera&quot;:&quot;&quot;,&quot;caption&quot;:&quot;&quot;,&quot;created_timestamp&quot;:&quot;0&quot;,&quot;copyright&quot;:&quot;&quot;,&quot;focal_length&quot;:&quot;0&quot;,&quot;iso&quot;:&quot;0&quot;,&quot;shutter_speed&quot;:&quot;0&quot;,&quot;title&quot;:&quot;&quot;,&quot;orientation&quot;:&quot;0&quot;}\" data-image-title=\"Pomerode &amp;#8211; Cria\u00e7\u00e3o da Associa\u00e7\u00e3o Hospitalar\" data-image-description=\"\" data-image-caption=\"&lt;p&gt;Pomerode &amp;#8211; Cria\u00e7\u00e3o da Associa\u00e7\u00e3o Hospitalar&lt;\/p&gt;\n\" data-large-file=\"https:\/\/www.kanenberg.com.br\/familia\/wp-content\/uploads\/2019\/02\/pomerode_hospital_2-1024x683.jpg\" class=\"size-full wp-image-268\" src=\"https:\/\/www.kanenberg.com.br\/familia\/wp-content\/uploads\/2019\/02\/pomerode_hospital_2.jpg\" alt=\"Pomerode - Cria\u00e7\u00e3o da Associa\u00e7\u00e3o Hospitalar\" width=\"1024\" height=\"683\" srcset=\"https:\/\/www.kanenberg.com.br\/familia\/wp-content\/uploads\/2019\/02\/pomerode_hospital_2.jpg 1024w, https:\/\/www.kanenberg.com.br\/familia\/wp-content\/uploads\/2019\/02\/pomerode_hospital_2-300x200.jpg 300w, https:\/\/www.kanenberg.com.br\/familia\/wp-content\/uploads\/2019\/02\/pomerode_hospital_2-768x512.jpg 768w, https:\/\/www.kanenberg.com.br\/familia\/wp-content\/uploads\/2019\/02\/pomerode_hospital_2-840x560.jpg 840w, https:\/\/www.kanenberg.com.br\/familia\/wp-content\/uploads\/2019\/02\/pomerode_hospital_2-120x80.jpg 120w, https:\/\/www.kanenberg.com.br\/familia\/wp-content\/uploads\/2019\/02\/pomerode_hospital_2-360x240.jpg 360w, https:\/\/www.kanenberg.com.br\/familia\/wp-content\/uploads\/2019\/02\/pomerode_hospital_2-600x400.jpg 600w\" sizes=\"auto, (max-width: 1024px) 100vw, 1024px\" \/><\/a><figcaption id=\"caption-attachment-268\" class=\"wp-caption-text\">Pomerode &#8211; Cria\u00e7\u00e3o da Associa\u00e7\u00e3o Hospitalar<\/figcaption><\/figure>\n<figure id=\"attachment_266\" aria-describedby=\"caption-attachment-266\" style=\"width: 1024px\" class=\"wp-caption aligncenter\"><a href=\"https:\/\/www.kanenberg.com.br\/familia\/wp-content\/uploads\/2019\/02\/pomerode_hospital_3.jpg\"><img loading=\"lazy\" decoding=\"async\" data-attachment-id=\"266\" data-permalink=\"https:\/\/www.kanenberg.com.br\/familia\/fotos-pomerode\/pomerode_hospital_3\/\" data-orig-file=\"https:\/\/www.kanenberg.com.br\/familia\/wp-content\/uploads\/2019\/02\/pomerode_hospital_3.jpg\" data-orig-size=\"1024,715\" data-comments-opened=\"1\" data-image-meta=\"{&quot;aperture&quot;:&quot;0&quot;,&quot;credit&quot;:&quot;&quot;,&quot;camera&quot;:&quot;&quot;,&quot;caption&quot;:&quot;&quot;,&quot;created_timestamp&quot;:&quot;0&quot;,&quot;copyright&quot;:&quot;&quot;,&quot;focal_length&quot;:&quot;0&quot;,&quot;iso&quot;:&quot;0&quot;,&quot;shutter_speed&quot;:&quot;0&quot;,&quot;title&quot;:&quot;&quot;,&quot;orientation&quot;:&quot;0&quot;}\" data-image-title=\"Pomerode &amp;#8211; Cria\u00e7\u00e3o da Associa\u00e7\u00e3o Hospitalar\" data-image-description=\"\" data-image-caption=\"&lt;p&gt;Pomerode &amp;#8211; Cria\u00e7\u00e3o da Associa\u00e7\u00e3o Hospitalar&lt;\/p&gt;\n\" data-large-file=\"https:\/\/www.kanenberg.com.br\/familia\/wp-content\/uploads\/2019\/02\/pomerode_hospital_3-1024x715.jpg\" class=\"size-full wp-image-266\" src=\"https:\/\/www.kanenberg.com.br\/familia\/wp-content\/uploads\/2019\/02\/pomerode_hospital_3.jpg\" alt=\"Pomerode - Cria\u00e7\u00e3o da Associa\u00e7\u00e3o Hospitalar\" width=\"1024\" height=\"715\" srcset=\"https:\/\/www.kanenberg.com.br\/familia\/wp-content\/uploads\/2019\/02\/pomerode_hospital_3.jpg 1024w, https:\/\/www.kanenberg.com.br\/familia\/wp-content\/uploads\/2019\/02\/pomerode_hospital_3-300x209.jpg 300w, https:\/\/www.kanenberg.com.br\/familia\/wp-content\/uploads\/2019\/02\/pomerode_hospital_3-768x536.jpg 768w\" sizes=\"auto, (max-width: 1024px) 100vw, 1024px\" \/><\/a><figcaption id=\"caption-attachment-266\" class=\"wp-caption-text\">Pomerode &#8211; Cria\u00e7\u00e3o da Associa\u00e7\u00e3o Hospitalar<\/figcaption><\/figure>\n<p style=\"text-align: justify;\">Com a cria\u00e7\u00e3o da Associa\u00e7\u00e3o Hospitalar, foi aberto o quadro social mediante o pagamento do valor equivalente a 200 cruzeiros. N\u00e3o havia cobran\u00e7a de mensalidades e seus s\u00f3cios tinham direito a receber desconto em tratamentos hospitalares conforme ficaria estabelecido na Assembl\u00e9ia Anual Geral da Associa\u00e7\u00e3o.<\/p>\n<figure id=\"attachment_267\" aria-describedby=\"caption-attachment-267\" style=\"width: 503px\" class=\"wp-caption aligncenter\"><a href=\"https:\/\/www.kanenberg.com.br\/familia\/wp-content\/uploads\/2019\/02\/pomerode_hospital_1.jpg\"><img loading=\"lazy\" decoding=\"async\" data-attachment-id=\"267\" data-permalink=\"https:\/\/www.kanenberg.com.br\/familia\/fotos-pomerode\/pomerode_hospital_1\/\" data-orig-file=\"https:\/\/www.kanenberg.com.br\/familia\/wp-content\/uploads\/2019\/02\/pomerode_hospital_1.jpg\" data-orig-size=\"503,768\" data-comments-opened=\"1\" data-image-meta=\"{&quot;aperture&quot;:&quot;0&quot;,&quot;credit&quot;:&quot;&quot;,&quot;camera&quot;:&quot;&quot;,&quot;caption&quot;:&quot;&quot;,&quot;created_timestamp&quot;:&quot;0&quot;,&quot;copyright&quot;:&quot;&quot;,&quot;focal_length&quot;:&quot;0&quot;,&quot;iso&quot;:&quot;0&quot;,&quot;shutter_speed&quot;:&quot;0&quot;,&quot;title&quot;:&quot;&quot;,&quot;orientation&quot;:&quot;0&quot;}\" data-image-title=\"Pomerode &amp;#8211; Cria\u00e7\u00e3o da Associa\u00e7\u00e3o Hospitalar\" data-image-description=\"\" data-image-caption=\"&lt;p&gt;Pomerode &amp;#8211; Cria\u00e7\u00e3o da Associa\u00e7\u00e3o Hospitalar &amp;#8211; Circular&lt;\/p&gt;\n\" data-large-file=\"https:\/\/www.kanenberg.com.br\/familia\/wp-content\/uploads\/2019\/02\/pomerode_hospital_1.jpg\" class=\"size-full wp-image-267\" src=\"https:\/\/www.kanenberg.com.br\/familia\/wp-content\/uploads\/2019\/02\/pomerode_hospital_1.jpg\" alt=\"Pomerode - Cria\u00e7\u00e3o da Associa\u00e7\u00e3o Hospitalar\" width=\"503\" height=\"768\" srcset=\"https:\/\/www.kanenberg.com.br\/familia\/wp-content\/uploads\/2019\/02\/pomerode_hospital_1.jpg 503w, https:\/\/www.kanenberg.com.br\/familia\/wp-content\/uploads\/2019\/02\/pomerode_hospital_1-196x300.jpg 196w\" sizes=\"auto, (max-width: 503px) 100vw, 503px\" \/><\/a><figcaption id=\"caption-attachment-267\" class=\"wp-caption-text\">Pomerode &#8211; Cria\u00e7\u00e3o da Associa\u00e7\u00e3o Hospitalar &#8211; Circular<\/figcaption><\/figure>\n<p style=\"text-align: justify;\">Interessante notar que o nome inicialmente sugerido era Hospital e Maternidade Nossa Senhora da Gl\u00f3ria de Rio do Testo, mas ficou conhecido e persistiu somente como Hospital e Maternidade Rio do Testo.<\/p>\n<h2>Anita Guenther<\/h2>\n<p style=\"text-align: justify;\">Falar do Hospital e Maternidade Rio do Testo e n\u00e3o mencionar o nome de Anita Guenther \u00e9 algo imposs\u00edvel.<\/p>\n<figure id=\"attachment_695\" aria-describedby=\"caption-attachment-695\" style=\"width: 369px\" class=\"wp-caption aligncenter\"><a href=\"https:\/\/www.kanenberg.com.br\/familia\/wp-content\/uploads\/2019\/02\/schwester-anita.jpg\"><img loading=\"lazy\" decoding=\"async\" data-attachment-id=\"695\" data-permalink=\"https:\/\/www.kanenberg.com.br\/familia\/criacao-da-associacao-hospitalar\/schwester-anita\/\" data-orig-file=\"https:\/\/www.kanenberg.com.br\/familia\/wp-content\/uploads\/2019\/02\/schwester-anita.jpg\" data-orig-size=\"369,500\" data-comments-opened=\"1\" data-image-meta=\"{&quot;aperture&quot;:&quot;0&quot;,&quot;credit&quot;:&quot;&quot;,&quot;camera&quot;:&quot;&quot;,&quot;caption&quot;:&quot;&quot;,&quot;created_timestamp&quot;:&quot;0&quot;,&quot;copyright&quot;:&quot;&quot;,&quot;focal_length&quot;:&quot;0&quot;,&quot;iso&quot;:&quot;0&quot;,&quot;shutter_speed&quot;:&quot;0&quot;,&quot;title&quot;:&quot;&quot;,&quot;orientation&quot;:&quot;0&quot;}\" data-image-title=\"Schwester Anita Guenther\" data-image-description=\"\" data-image-caption=\"&lt;p&gt;Schwester Anita Guenther&lt;\/p&gt;\n\" data-large-file=\"https:\/\/www.kanenberg.com.br\/familia\/wp-content\/uploads\/2019\/02\/schwester-anita.jpg\" class=\"wp-image-695 size-full\" src=\"https:\/\/www.kanenberg.com.br\/familia\/wp-content\/uploads\/2019\/02\/schwester-anita.jpg\" alt=\"Schwester Anita Guenther\" width=\"369\" height=\"500\" srcset=\"https:\/\/www.kanenberg.com.br\/familia\/wp-content\/uploads\/2019\/02\/schwester-anita.jpg 369w, https:\/\/www.kanenberg.com.br\/familia\/wp-content\/uploads\/2019\/02\/schwester-anita-221x300.jpg 221w\" sizes=\"auto, (max-width: 369px) 100vw, 369px\" \/><\/a><figcaption id=\"caption-attachment-695\" class=\"wp-caption-text\">Schwester Anita Guenther<\/figcaption><\/figure>\n<p style=\"text-align: justify;\">A irm\u00e3 Anita Guenther, ou simplesmente schwester Anita como era conhecida, nasceu em 8 de julho de 1920, onde atualmente funciona o hospital Rio do Testo, nas m\u00e3os da parteira Rosa Borck. Tornou-se diaconisa na Casa Matriz de Diaconisas, em S\u00e3o Leopoldo (RS) no ano de 1944.<\/p>\n<p style=\"text-align: justify;\">Em 30 de outubro de 1967, incentivada pelo pastor Edgar Liesenberg, ela retornou a sua cidade natal para ent\u00e3o assumir a dire\u00e7\u00e3o do hospital que se encontrava com problemas administrativos.<\/p>\n<p style=\"text-align: justify;\">Anita ao longo de sua vida na sua cidade natal (Pomerode) acumulou as fun\u00e7\u00f5es de administradora do hospital, presidente do grupo da OASE, orientadora paroquial, conselheira da Funda\u00e7\u00e3o Cultural al\u00e9m de fundadora e orientadora do Grupo Folcl\u00f3rico Pomerano.<\/p>\n<p style=\"text-align: justify;\">Outro fato importante a ser lembrado que muitos nasceram nas m\u00e3os da Anita. Durante v\u00e1rios anos ela fez in\u00fameros partos. Contou muito com a colabora\u00e7\u00e3o da irm\u00e3 S\u00e9lia.<\/p>\n<p style=\"text-align: justify;\">Faleceu na madrugada do dia 15 de outubro de 2015, \u00e0s 4:20 da manh\u00e3, de causas naturais, aos 95 anos de idade.<\/p>\n","protected":false},"excerpt":{"rendered":"<p>No ano de 1949, alguns cidad\u00e3os moradores de Pomerode se reuniram, entre eles Augusto Guilherme Schwanke, Lauro Harbs, Max Jacobsen, Mario Jung, e resolveram construir e fundar a Associa\u00e7\u00e3o Hospitalar.<\/p>\n","protected":false},"author":1,"featured_media":0,"comment_status":"open","ping_status":"open","sticky":false,"template":"","format":"standard","meta":{"_exactmetrics_skip_tracking":false,"_jetpack_newsletter_access":"","_jetpack_dont_email_post_to_subs":false,"_jetpack_newsletter_tier_id":0,"_jetpack_memberships_contains_paywalled_content":false,"_jetpack_feature_clip_id":0,"_jetpack_memberships_contains_paid_content":false,"footnotes":"","jetpack_publicize_message":"","jetpack_publicize_feature_enabled":true,"jetpack_social_post_already_shared":true,"jetpack_social_options":{"image_generator_settings":{"template":"highway","default_image_id":0,"font":"","enabled":false},"version":2},"jetpack_post_was_ever_published":false},"categories":[35],"tags":[84,83,36,37],"class_list":["post-263","post","type-post","status-publish","format-standard","hentry","category-pomerode","tag-anita-guenther","tag-historia-de-pomerode","tag-pomerode","tag-rio-do-testo"],"jetpack_publicize_connections":[],"jetpack_sharing_enabled":true,"jetpack_shortlink":"https:\/\/wp.me\/paCYDp-4f","jetpack_likes_enabled":true,"jetpack-related-posts":[{"id":254,"url":"https:\/\/www.kanenberg.com.br\/familia\/fotos-pomerode\/","url_meta":{"origin":263,"position":0},"title":"Rio do T\u00easto, Pomerode, Santa Catarina","author":"admin","date":"3 de fevereiro de 2019","format":false,"excerpt":"Fotos da cidade de Pomerode (antiga Rio do T\u00easto). Pomerode \u00e9 um munic\u00edpio do estado de Santa Catarina, no Brasil. Localizado na Mesorregi\u00e3o do Vale do Itaja\u00ed e na Microrregi\u00e3o de Blumenau \u00e9 conhecido por ser \"A cidade mais alem\u00e3 do Brasil\". Al\u00e9m do portugu\u00eas, grande parte da popula\u00e7\u00e3o local\u2026","rel":"","context":"Em &quot;Fotos&quot;","block_context":{"text":"Fotos","link":"https:\/\/www.kanenberg.com.br\/familia\/category\/galerias\/fotos\/"},"img":{"alt_text":"Pomerode - Cria\u00e7\u00e3o da Associa\u00e7\u00e3o Hospitalar","src":"https:\/\/i0.wp.com\/www.kanenberg.com.br\/familia\/wp-content\/uploads\/2019\/02\/pomerode_hospital_1.jpg?resize=350%2C200&ssl=1","width":350,"height":200},"classes":[]},{"id":248,"url":"https:\/\/www.kanenberg.com.br\/familia\/primeiros-moradores-pomerode\/","url_meta":{"origin":263,"position":1},"title":"Rela\u00e7\u00e3o dos moradores da Linha Colonial Rio do Testo \u2013 Col\u00f4nia Blumenau","author":"admin","date":"3 de fevereiro de 2019","format":false,"excerpt":"O documento cont\u00e9m um \u00cdndice Alfab\u00e9tico dos Moradores da Linha Colonial do Rio do Testo, reunindo sobrenomes conhecidos como Achterberg, Behling, Dalmann, Gr\u00fctzmacher, Hornburg, Kr\u00fcger, Siewert, Volkmann, entre outros. Tamb\u00e9m apresenta a Rela\u00e7\u00e3o de Moradores, informando a data de compra e o n\u00famero do lote de cada propriet\u00e1rio. Rela\u00e7\u00e3o dos\u2026","rel":"","context":"Em &quot;Pomerode&quot;","block_context":{"text":"Pomerode","link":"https:\/\/www.kanenberg.com.br\/familia\/category\/lugares\/brasil\/pomerode\/"},"img":{"alt_text":"Rio do T\u00easto - Primeiros Moradores e seus Lotes","src":"https:\/\/i0.wp.com\/www.kanenberg.com.br\/familia\/wp-content\/uploads\/2019\/02\/relacao_pomerode-1.jpg?resize=350%2C200&ssl=1","width":350,"height":200,"srcset":"https:\/\/i0.wp.com\/www.kanenberg.com.br\/familia\/wp-content\/uploads\/2019\/02\/relacao_pomerode-1.jpg?resize=350%2C200&ssl=1 1x, https:\/\/i0.wp.com\/www.kanenberg.com.br\/familia\/wp-content\/uploads\/2019\/02\/relacao_pomerode-1.jpg?resize=525%2C300&ssl=1 1.5x, https:\/\/i0.wp.com\/www.kanenberg.com.br\/familia\/wp-content\/uploads\/2019\/02\/relacao_pomerode-1.jpg?resize=700%2C400&ssl=1 2x"},"classes":[]},{"id":1332,"url":"https:\/\/www.kanenberg.com.br\/familia\/melhorias-na-estrada-para-blumenau\/","url_meta":{"origin":263,"position":2},"title":"Melhorias na estrada para Blumenau","author":"admin","date":"30 de agosto de 2026","format":false,"excerpt":"Alargamento de um trecho de estrada em Testo Central Alto, curva da estrada na beira do rio, ocorrido no ano de 1929.","rel":"","context":"Em &quot;Blumenau&quot;","block_context":{"text":"Blumenau","link":"https:\/\/www.kanenberg.com.br\/familia\/category\/lugares\/brasil\/blumenau\/"},"img":{"alt_text":"Melhorias na estrada para Blumenau","src":"https:\/\/i0.wp.com\/www.kanenberg.com.br\/familia\/wp-content\/uploads\/2026\/08\/Melhorias_Estrada_Bnu.jpg?resize=350%2C200&ssl=1","width":350,"height":200,"srcset":"https:\/\/i0.wp.com\/www.kanenberg.com.br\/familia\/wp-content\/uploads\/2026\/08\/Melhorias_Estrada_Bnu.jpg?resize=350%2C200&ssl=1 1x, https:\/\/i0.wp.com\/www.kanenberg.com.br\/familia\/wp-content\/uploads\/2026\/08\/Melhorias_Estrada_Bnu.jpg?resize=525%2C300&ssl=1 1.5x, https:\/\/i0.wp.com\/www.kanenberg.com.br\/familia\/wp-content\/uploads\/2026\/08\/Melhorias_Estrada_Bnu.jpg?resize=700%2C400&ssl=1 2x, https:\/\/i0.wp.com\/www.kanenberg.com.br\/familia\/wp-content\/uploads\/2026\/08\/Melhorias_Estrada_Bnu.jpg?resize=1050%2C600&ssl=1 3x, https:\/\/i0.wp.com\/www.kanenberg.com.br\/familia\/wp-content\/uploads\/2026\/08\/Melhorias_Estrada_Bnu.jpg?resize=1400%2C800&ssl=1 4x"},"classes":[]},{"id":1323,"url":"https:\/\/www.kanenberg.com.br\/familia\/pomerode_antes_de_ser_pomerode\/","url_meta":{"origin":263,"position":3},"title":"Pomerode antes de ser Pomerode","author":"admin","date":"28 de agosto de 2026","format":false,"excerpt":"As fotografias antigas t\u00eam um valor especial justamente por nos permitirem voltar no tempo e observar aquilo que os documentos escritos muitas vezes n\u00e3o conseguem revelar: as paisagens, as constru\u00e7\u00f5es, os caminhos, o trabalho e o cotidiano das pessoas que ajudaram a construir uma comunidade. Neste post podemos ver um\u2026","rel":"","context":"Em &quot;Fotos&quot;","block_context":{"text":"Fotos","link":"https:\/\/www.kanenberg.com.br\/familia\/category\/galerias\/fotos\/"},"img":{"alt_text":"Constru\u00e7\u00e3o de um boeiro no logar Rio do Testo","src":"https:\/\/i0.wp.com\/www.kanenberg.com.br\/familia\/wp-content\/uploads\/2026\/08\/IHG-FOT-3542-FRENTE-scaled-1.jpg?resize=350%2C200&ssl=1","width":350,"height":200,"srcset":"https:\/\/i0.wp.com\/www.kanenberg.com.br\/familia\/wp-content\/uploads\/2026\/08\/IHG-FOT-3542-FRENTE-scaled-1.jpg?resize=350%2C200&ssl=1 1x, https:\/\/i0.wp.com\/www.kanenberg.com.br\/familia\/wp-content\/uploads\/2026\/08\/IHG-FOT-3542-FRENTE-scaled-1.jpg?resize=525%2C300&ssl=1 1.5x, https:\/\/i0.wp.com\/www.kanenberg.com.br\/familia\/wp-content\/uploads\/2026\/08\/IHG-FOT-3542-FRENTE-scaled-1.jpg?resize=700%2C400&ssl=1 2x, https:\/\/i0.wp.com\/www.kanenberg.com.br\/familia\/wp-content\/uploads\/2026\/08\/IHG-FOT-3542-FRENTE-scaled-1.jpg?resize=1050%2C600&ssl=1 3x, https:\/\/i0.wp.com\/www.kanenberg.com.br\/familia\/wp-content\/uploads\/2026\/08\/IHG-FOT-3542-FRENTE-scaled-1.jpg?resize=1400%2C800&ssl=1 4x"},"classes":[]},{"id":1250,"url":"https:\/\/www.kanenberg.com.br\/familia\/ponte-pensil-schmidt\/","url_meta":{"origin":263,"position":4},"title":"Ponte P\u00eansil Schmidt (Schmidts Steg)","author":"admin","date":"20 de agosto de 2026","format":false,"excerpt":"A famosa ponte p\u00eansil de Pomerode fica na Rua Johanes Roedel, ligando-a \u00e0 Rua Luiz Abry. Popularmente chamada de \"Pinguela do Schmidt\", a travessia ganhou esse apelido porque, ao que tudo indica, contou com a participa\u00e7\u00e3o direta da pr\u00f3pria Porcelana Schmidt em sua constru\u00e7\u00e3o para facilitar o acesso de seus\u2026","rel":"","context":"Em &quot;Pomerode&quot;","block_context":{"text":"Pomerode","link":"https:\/\/www.kanenberg.com.br\/familia\/category\/lugares\/brasil\/pomerode\/"},"img":{"alt_text":"Schmidtsthei","src":"https:\/\/i0.wp.com\/www.kanenberg.com.br\/familia\/wp-content\/uploads\/2026\/08\/Schmidtsthei.jpg?resize=350%2C200&ssl=1","width":350,"height":200,"srcset":"https:\/\/i0.wp.com\/www.kanenberg.com.br\/familia\/wp-content\/uploads\/2026\/08\/Schmidtsthei.jpg?resize=350%2C200&ssl=1 1x, https:\/\/i0.wp.com\/www.kanenberg.com.br\/familia\/wp-content\/uploads\/2026\/08\/Schmidtsthei.jpg?resize=525%2C300&ssl=1 1.5x, https:\/\/i0.wp.com\/www.kanenberg.com.br\/familia\/wp-content\/uploads\/2026\/08\/Schmidtsthei.jpg?resize=700%2C400&ssl=1 2x, https:\/\/i0.wp.com\/www.kanenberg.com.br\/familia\/wp-content\/uploads\/2026\/08\/Schmidtsthei.jpg?resize=1050%2C600&ssl=1 3x, https:\/\/i0.wp.com\/www.kanenberg.com.br\/familia\/wp-content\/uploads\/2026\/08\/Schmidtsthei.jpg?resize=1400%2C800&ssl=1 4x"},"classes":[]},{"id":217,"url":"https:\/\/www.kanenberg.com.br\/familia\/a-dura-vida-de-nossos-antepassados\/","url_meta":{"origin":263,"position":5},"title":"A dura vida de nossos antepassados","author":"admin","date":"3 de fevereiro de 2019","format":false,"excerpt":"Rio Testo, hoje um distrito da cidade Blumenau, foi fundado pelo dr. Blumenau no ano de 1850 e colonizado entre 1860 e 1880, principalmente por colonos pomeranos. No seu pa\u00eds de origem quase todos eram pessoas pobres...","rel":"","context":"Em &quot;Pomerode&quot;","block_context":{"text":"Pomerode","link":"https:\/\/www.kanenberg.com.br\/familia\/category\/lugares\/brasil\/pomerode\/"},"img":{"alt_text":"","src":"","width":0,"height":0},"classes":[]}],"amp_enabled":true,"jetpack_featured_media_url":"","_links":{"self":[{"href":"https:\/\/www.kanenberg.com.br\/familia\/wp-json\/wp\/v2\/posts\/263","targetHints":{"allow":["GET"]}}],"collection":[{"href":"https:\/\/www.kanenberg.com.br\/familia\/wp-json\/wp\/v2\/posts"}],"about":[{"href":"https:\/\/www.kanenberg.com.br\/familia\/wp-json\/wp\/v2\/types\/post"}],"author":[{"embeddable":true,"href":"https:\/\/www.kanenberg.com.br\/familia\/wp-json\/wp\/v2\/users\/1"}],"replies":[{"embeddable":true,"href":"https:\/\/www.kanenberg.com.br\/familia\/wp-json\/wp\/v2\/comments?post=263"}],"version-history":[{"count":8,"href":"https:\/\/www.kanenberg.com.br\/familia\/wp-json\/wp\/v2\/posts\/263\/revisions"}],"predecessor-version":[{"id":698,"href":"https:\/\/www.kanenberg.com.br\/familia\/wp-json\/wp\/v2\/posts\/263\/revisions\/698"}],"wp:attachment":[{"href":"https:\/\/www.kanenberg.com.br\/familia\/wp-json\/wp\/v2\/media?parent=263"}],"wp:term":[{"taxonomy":"category","embeddable":true,"href":"https:\/\/www.kanenberg.com.br\/familia\/wp-json\/wp\/v2\/categories?post=263"},{"taxonomy":"post_tag","embeddable":true,"href":"https:\/\/www.kanenberg.com.br\/familia\/wp-json\/wp\/v2\/tags?post=263"}],"curies":[{"name":"wp","href":"https:\/\/api.w.org\/{rel}","templated":true}]}}