{"id":248,"date":"2019-02-03T11:31:15","date_gmt":"2019-02-03T13:31:15","guid":{"rendered":"https:\/\/familia.kanenberg.com.br\/?p=248"},"modified":"2026-08-02T13:38:44","modified_gmt":"2026-08-02T16:38:44","slug":"primeiros-moradores-pomerode","status":"publish","type":"post","link":"https:\/\/www.kanenberg.com.br\/familia\/primeiros-moradores-pomerode\/","title":{"rendered":"Rela\u00e7\u00e3o dos moradores da Linha Colonial Rio do Testo \u2013 Col\u00f4nia Blumenau"},"content":{"rendered":"<p style=\"text-align: justify;\">O documento cont\u00e9m um <strong>\u00cdndice Alfab\u00e9tico dos Moradores da Linha Colonial do Rio do Testo<\/strong>, reunindo sobrenomes conhecidos como Achterberg, Behling, Dalmann, Gr\u00fctzmacher, Hornburg, Kr\u00fcger, Siewert, Volkmann, entre outros. Tamb\u00e9m apresenta a <strong>Rela\u00e7\u00e3o de Moradores<\/strong>, informando a data de compra e o n\u00famero do lote de cada propriet\u00e1rio.<\/p>\n<p style=\"text-align: center;\"><a href=\"https:\/\/www.kanenberg.com.br\/familia\/wp-content\/uploads\/2019\/02\/primeiros_moradores_pomerode.pdf\">Rela\u00e7\u00e3o dos primeiros moradores do Rio do T\u00easto (Pomerode)<\/a> (PDF &#8211; 4,73Mb)<\/p>\n<figure id=\"attachment_1245\" aria-describedby=\"caption-attachment-1245\" style=\"width: 906px\" class=\"wp-caption aligncenter\"><img loading=\"lazy\" decoding=\"async\" data-attachment-id=\"1245\" data-permalink=\"https:\/\/www.kanenberg.com.br\/familia\/primeiros-moradores-pomerode\/relacao_pomerode-2\/\" data-orig-file=\"https:\/\/www.kanenberg.com.br\/familia\/wp-content\/uploads\/2019\/02\/relacao_pomerode-1.jpg\" data-orig-size=\"906,1736\" data-comments-opened=\"1\" data-image-meta=\"{&quot;aperture&quot;:&quot;0&quot;,&quot;credit&quot;:&quot;&quot;,&quot;camera&quot;:&quot;&quot;,&quot;caption&quot;:&quot;&quot;,&quot;created_timestamp&quot;:&quot;0&quot;,&quot;copyright&quot;:&quot;&quot;,&quot;focal_length&quot;:&quot;0&quot;,&quot;iso&quot;:&quot;0&quot;,&quot;shutter_speed&quot;:&quot;0&quot;,&quot;title&quot;:&quot;&quot;,&quot;orientation&quot;:&quot;0&quot;,&quot;alt&quot;:&quot;&quot;}\" data-image-title=\"Rio do T\u00easto &amp;#8211; Primeiros Moradores e seus Lotes\" data-image-description=\"\" data-image-caption=\"&lt;p&gt;Rio do T\u00easto &amp;#8211; Primeiros Moradores e seus Lotes&lt;\/p&gt;\n\" data-large-file=\"https:\/\/www.kanenberg.com.br\/familia\/wp-content\/uploads\/2019\/02\/relacao_pomerode-1-534x1024.jpg\" class=\"wp-image-1245 size-full\" src=\"https:\/\/www.kanenberg.com.br\/familia\/wp-content\/uploads\/2019\/02\/relacao_pomerode-1.jpg\" alt=\"Rio do T\u00easto - Primeiros Moradores e seus Lotes\" width=\"906\" height=\"1736\" srcset=\"https:\/\/www.kanenberg.com.br\/familia\/wp-content\/uploads\/2019\/02\/relacao_pomerode-1.jpg 906w, https:\/\/www.kanenberg.com.br\/familia\/wp-content\/uploads\/2019\/02\/relacao_pomerode-1-157x300.jpg 157w, https:\/\/www.kanenberg.com.br\/familia\/wp-content\/uploads\/2019\/02\/relacao_pomerode-1-534x1024.jpg 534w, https:\/\/www.kanenberg.com.br\/familia\/wp-content\/uploads\/2019\/02\/relacao_pomerode-1-768x1472.jpg 768w, https:\/\/www.kanenberg.com.br\/familia\/wp-content\/uploads\/2019\/02\/relacao_pomerode-1-802x1536.jpg 802w\" sizes=\"auto, (max-width: 906px) 100vw, 906px\" \/><figcaption id=\"caption-attachment-1245\" class=\"wp-caption-text\">Rio do T\u00easto &#8211; Primeiros Moradores e seus Lotes<\/figcaption><\/figure>\n<p style=\"text-align: justify;\">A regi\u00e3o onde hoje se localiza o munic\u00edpio de Pomerode integrava a Col\u00f4nia Blumenau, empreendimento privado de coloniza\u00e7\u00e3o do Vale do Itaja\u00ed-A\u00e7u por imigrantes alem\u00e3es. A ocupa\u00e7\u00e3o dos primeiros lotes coloniais ao longo do Rio do Testo, dando in\u00edcio ao que mais tarde se tornaria o munic\u00edpio de Pomerode, ocorreu em 1861, apenas onze anos ap\u00f3s a funda\u00e7\u00e3o da Col\u00f4nia Blumenau. Essa ocupa\u00e7\u00e3o fazia parte da estrat\u00e9gia de estabelecer uma liga\u00e7\u00e3o terrestre com a Col\u00f4nia Dona Francisca, atual Joinville, possibilitando o incremento do com\u00e9rcio e da comunica\u00e7\u00e3o entre as duas col\u00f4nias.<\/p>\n<p style=\"text-align: justify;\">As regi\u00f5es de imigra\u00e7\u00e3o frequentemente recebiam o nome da localidade de origem de seus colonizadores. Foi o que ocorreu com os primeiros lotes ocupados na margem do Rio do Testo, pr\u00f3ximos \u00e0 sua conflu\u00eancia com o Rio Itaja\u00ed-A\u00e7u, em uma \u00e1rea que ainda hoje pertence ao munic\u00edpio de Blumenau. Ali foram inicialmente assentadas seis fam\u00edlias provenientes do Gr\u00e3o-Ducado de Baden, raz\u00e3o pela qual a localidade passou a ser denominada <strong>Badenfurt<\/strong>.<\/p>\n<p style=\"text-align: justify;\">Da mesma forma, o nome <strong>Pomerode<\/strong> tem origem na proced\u00eancia de grande parte de seus primeiros colonizadores. Nos trechos m\u00e9dio e superior do Rio do Testo, onde hoje se localiza o munic\u00edpio de Pomerode, os lotes coloniais foram ocupados predominantemente por imigrantes oriundos da Pomer\u00e2nia, ent\u00e3o uma prov\u00edncia do Reino da Pr\u00fassia, situada ao sul do Mar B\u00e1ltico.<\/p>\n<p style=\"text-align: justify;\">O nome da Linha Colonial Rio do Testo foi oficialmente alterado para <strong>Pomerode<\/strong> por meio da Lei Estadual n\u00ba 380, de 19 de dezembro de 1958, quando ocorreu a emancipa\u00e7\u00e3o pol\u00edtico-administrativa do munic\u00edpio.<\/p>\n<p><strong>Fonte<\/strong>: <a href=\"http:\/\/pergamum.blumenau.sc.gov.br:8084\/pergamumweb\/vinculos\/000002\/00000230.pdf\" target=\"_blank\" rel=\"noopener\">Arquivo Hist\u00f3rico Prof. Jos\u00e9 Ferreira da Silva<\/a><\/p>\n","protected":false},"excerpt":{"rendered":"<p>O documento cont\u00e9m um \u00cdndice Alfab\u00e9tico dos Moradores da Linha Colonial do Rio do Testo, reunindo sobrenomes conhecidos como Achterberg,[&#8230;]<\/p>\n","protected":false},"author":1,"featured_media":0,"comment_status":"open","ping_status":"open","sticky":false,"template":"","format":"standard","meta":{"_exactmetrics_skip_tracking":false,"_jetpack_newsletter_access":"","_jetpack_dont_email_post_to_subs":false,"_jetpack_newsletter_tier_id":0,"_jetpack_memberships_contains_paywalled_content":false,"_jetpack_feature_clip_id":0,"_jetpack_memberships_contains_paid_content":false,"footnotes":"","jetpack_publicize_message":"","jetpack_publicize_feature_enabled":true,"jetpack_social_post_already_shared":false,"jetpack_social_options":{"image_generator_settings":{"template":"highway","default_image_id":0,"font":"","enabled":false},"version":2},"jetpack_post_was_ever_published":false},"categories":[35],"tags":[36,37],"class_list":["post-248","post","type-post","status-publish","format-standard","hentry","category-pomerode","tag-pomerode","tag-rio-do-testo"],"jetpack_publicize_connections":[],"jetpack_sharing_enabled":true,"jetpack_shortlink":"https:\/\/wp.me\/paCYDp-40","jetpack_likes_enabled":true,"jetpack-related-posts":[{"id":263,"url":"https:\/\/www.kanenberg.com.br\/familia\/criacao-da-associacao-hospitalar\/","url_meta":{"origin":248,"position":0},"title":"Cria\u00e7\u00e3o da Associa\u00e7\u00e3o Hospitalar","author":"admin","date":"3 de fevereiro de 2019","format":false,"excerpt":"No ano de 1949, alguns cidad\u00e3os moradores de Pomerode se reuniram, entre eles Augusto Guilherme Schwanke, Lauro Harbs, Max Jacobsen, Mario Jung, e resolveram construir e fundar a Associa\u00e7\u00e3o Hospitalar.","rel":"","context":"Em &quot;Pomerode&quot;","block_context":{"text":"Pomerode","link":"https:\/\/www.kanenberg.com.br\/familia\/category\/lugares\/brasil\/pomerode\/"},"img":{"alt_text":"Schwester Anita Guenther","src":"https:\/\/i0.wp.com\/www.kanenberg.com.br\/familia\/wp-content\/uploads\/2019\/02\/schwester-anita.jpg?resize=350%2C200&ssl=1","width":350,"height":200},"classes":[]},{"id":1332,"url":"https:\/\/www.kanenberg.com.br\/familia\/melhorias-na-estrada-para-blumenau\/","url_meta":{"origin":248,"position":1},"title":"Melhorias na estrada para Blumenau","author":"admin","date":"30 de agosto de 2026","format":false,"excerpt":"Alargamento de um trecho de estrada em Testo Central Alto, curva da estrada na beira do rio, ocorrido no ano de 1929.","rel":"","context":"Em &quot;Blumenau&quot;","block_context":{"text":"Blumenau","link":"https:\/\/www.kanenberg.com.br\/familia\/category\/lugares\/brasil\/blumenau\/"},"img":{"alt_text":"Melhorias na estrada para Blumenau","src":"https:\/\/i0.wp.com\/www.kanenberg.com.br\/familia\/wp-content\/uploads\/2026\/08\/Melhorias_Estrada_Bnu.jpg?resize=350%2C200&ssl=1","width":350,"height":200,"srcset":"https:\/\/i0.wp.com\/www.kanenberg.com.br\/familia\/wp-content\/uploads\/2026\/08\/Melhorias_Estrada_Bnu.jpg?resize=350%2C200&ssl=1 1x, https:\/\/i0.wp.com\/www.kanenberg.com.br\/familia\/wp-content\/uploads\/2026\/08\/Melhorias_Estrada_Bnu.jpg?resize=525%2C300&ssl=1 1.5x, https:\/\/i0.wp.com\/www.kanenberg.com.br\/familia\/wp-content\/uploads\/2026\/08\/Melhorias_Estrada_Bnu.jpg?resize=700%2C400&ssl=1 2x, https:\/\/i0.wp.com\/www.kanenberg.com.br\/familia\/wp-content\/uploads\/2026\/08\/Melhorias_Estrada_Bnu.jpg?resize=1050%2C600&ssl=1 3x, https:\/\/i0.wp.com\/www.kanenberg.com.br\/familia\/wp-content\/uploads\/2026\/08\/Melhorias_Estrada_Bnu.jpg?resize=1400%2C800&ssl=1 4x"},"classes":[]},{"id":1323,"url":"https:\/\/www.kanenberg.com.br\/familia\/pomerode_antes_de_ser_pomerode\/","url_meta":{"origin":248,"position":2},"title":"Pomerode antes de ser Pomerode","author":"admin","date":"28 de agosto de 2026","format":false,"excerpt":"As fotografias antigas t\u00eam um valor especial justamente por nos permitirem voltar no tempo e observar aquilo que os documentos escritos muitas vezes n\u00e3o conseguem revelar: as paisagens, as constru\u00e7\u00f5es, os caminhos, o trabalho e o cotidiano das pessoas que ajudaram a construir uma comunidade. Neste post podemos ver um\u2026","rel":"","context":"Em &quot;Fotos&quot;","block_context":{"text":"Fotos","link":"https:\/\/www.kanenberg.com.br\/familia\/category\/galerias\/fotos\/"},"img":{"alt_text":"Constru\u00e7\u00e3o de um boeiro no logar Rio do Testo","src":"https:\/\/i0.wp.com\/www.kanenberg.com.br\/familia\/wp-content\/uploads\/2026\/08\/IHG-FOT-3542-FRENTE-scaled-1.jpg?resize=350%2C200&ssl=1","width":350,"height":200,"srcset":"https:\/\/i0.wp.com\/www.kanenberg.com.br\/familia\/wp-content\/uploads\/2026\/08\/IHG-FOT-3542-FRENTE-scaled-1.jpg?resize=350%2C200&ssl=1 1x, https:\/\/i0.wp.com\/www.kanenberg.com.br\/familia\/wp-content\/uploads\/2026\/08\/IHG-FOT-3542-FRENTE-scaled-1.jpg?resize=525%2C300&ssl=1 1.5x, https:\/\/i0.wp.com\/www.kanenberg.com.br\/familia\/wp-content\/uploads\/2026\/08\/IHG-FOT-3542-FRENTE-scaled-1.jpg?resize=700%2C400&ssl=1 2x, https:\/\/i0.wp.com\/www.kanenberg.com.br\/familia\/wp-content\/uploads\/2026\/08\/IHG-FOT-3542-FRENTE-scaled-1.jpg?resize=1050%2C600&ssl=1 3x, https:\/\/i0.wp.com\/www.kanenberg.com.br\/familia\/wp-content\/uploads\/2026\/08\/IHG-FOT-3542-FRENTE-scaled-1.jpg?resize=1400%2C800&ssl=1 4x"},"classes":[]},{"id":254,"url":"https:\/\/www.kanenberg.com.br\/familia\/fotos-pomerode\/","url_meta":{"origin":248,"position":3},"title":"Rio do T\u00easto, Pomerode, Santa Catarina","author":"admin","date":"3 de fevereiro de 2019","format":false,"excerpt":"Fotos da cidade de Pomerode (antiga Rio do T\u00easto). Pomerode \u00e9 um munic\u00edpio do estado de Santa Catarina, no Brasil. Localizado na Mesorregi\u00e3o do Vale do Itaja\u00ed e na Microrregi\u00e3o de Blumenau \u00e9 conhecido por ser \"A cidade mais alem\u00e3 do Brasil\". Al\u00e9m do portugu\u00eas, grande parte da popula\u00e7\u00e3o local\u2026","rel":"","context":"Em &quot;Fotos&quot;","block_context":{"text":"Fotos","link":"https:\/\/www.kanenberg.com.br\/familia\/category\/galerias\/fotos\/"},"img":{"alt_text":"Pomerode - Cria\u00e7\u00e3o da Associa\u00e7\u00e3o Hospitalar","src":"https:\/\/i0.wp.com\/www.kanenberg.com.br\/familia\/wp-content\/uploads\/2019\/02\/pomerode_hospital_1.jpg?resize=350%2C200&ssl=1","width":350,"height":200},"classes":[]},{"id":1240,"url":"https:\/\/www.kanenberg.com.br\/familia\/ginasio-dr-blumenau\/","url_meta":{"origin":248,"position":4},"title":"Do Gin\u00e1sio Dr. Blumenau ao Col\u00e9gio Sinodal: A Hist\u00f3ria de Forma\u00e7\u00e3o e Tradi\u00e7\u00e3o no Cora\u00e7\u00e3o de Pomerode","author":"admin","date":"2 de agosto de 2026","format":false,"excerpt":"A trajet\u00f3ria da institui\u00e7\u00e3o educacional que nasceu como Gin\u00e1sio Dr. Blumenau na d\u00e9cada de 1960 e que hoje \u00e9 o Col\u00e9gio Sinodal Doutor Blumenau.","rel":"","context":"Em &quot;Pomerode&quot;","block_context":{"text":"Pomerode","link":"https:\/\/www.kanenberg.com.br\/familia\/category\/lugares\/brasil\/pomerode\/"},"img":{"alt_text":"Dr. Blumenau","src":"https:\/\/i0.wp.com\/www.kanenberg.com.br\/familia\/wp-content\/uploads\/2026\/08\/Dr.-Blumenau.jpg?resize=350%2C200&ssl=1","width":350,"height":200,"srcset":"https:\/\/i0.wp.com\/www.kanenberg.com.br\/familia\/wp-content\/uploads\/2026\/08\/Dr.-Blumenau.jpg?resize=350%2C200&ssl=1 1x, https:\/\/i0.wp.com\/www.kanenberg.com.br\/familia\/wp-content\/uploads\/2026\/08\/Dr.-Blumenau.jpg?resize=525%2C300&ssl=1 1.5x, https:\/\/i0.wp.com\/www.kanenberg.com.br\/familia\/wp-content\/uploads\/2026\/08\/Dr.-Blumenau.jpg?resize=700%2C400&ssl=1 2x, https:\/\/i0.wp.com\/www.kanenberg.com.br\/familia\/wp-content\/uploads\/2026\/08\/Dr.-Blumenau.jpg?resize=1050%2C600&ssl=1 3x, https:\/\/i0.wp.com\/www.kanenberg.com.br\/familia\/wp-content\/uploads\/2026\/08\/Dr.-Blumenau.jpg?resize=1400%2C800&ssl=1 4x"},"classes":[]},{"id":217,"url":"https:\/\/www.kanenberg.com.br\/familia\/a-dura-vida-de-nossos-antepassados\/","url_meta":{"origin":248,"position":5},"title":"A dura vida de nossos antepassados","author":"admin","date":"3 de fevereiro de 2019","format":false,"excerpt":"Rio Testo, hoje um distrito da cidade Blumenau, foi fundado pelo dr. Blumenau no ano de 1850 e colonizado entre 1860 e 1880, principalmente por colonos pomeranos. No seu pa\u00eds de origem quase todos eram pessoas pobres...","rel":"","context":"Em &quot;Pomerode&quot;","block_context":{"text":"Pomerode","link":"https:\/\/www.kanenberg.com.br\/familia\/category\/lugares\/brasil\/pomerode\/"},"img":{"alt_text":"","src":"","width":0,"height":0},"classes":[]}],"amp_enabled":true,"jetpack_featured_media_url":"","_links":{"self":[{"href":"https:\/\/www.kanenberg.com.br\/familia\/wp-json\/wp\/v2\/posts\/248","targetHints":{"allow":["GET"]}}],"collection":[{"href":"https:\/\/www.kanenberg.com.br\/familia\/wp-json\/wp\/v2\/posts"}],"about":[{"href":"https:\/\/www.kanenberg.com.br\/familia\/wp-json\/wp\/v2\/types\/post"}],"author":[{"embeddable":true,"href":"https:\/\/www.kanenberg.com.br\/familia\/wp-json\/wp\/v2\/users\/1"}],"replies":[{"embeddable":true,"href":"https:\/\/www.kanenberg.com.br\/familia\/wp-json\/wp\/v2\/comments?post=248"}],"version-history":[{"count":5,"href":"https:\/\/www.kanenberg.com.br\/familia\/wp-json\/wp\/v2\/posts\/248\/revisions"}],"predecessor-version":[{"id":1246,"href":"https:\/\/www.kanenberg.com.br\/familia\/wp-json\/wp\/v2\/posts\/248\/revisions\/1246"}],"wp:attachment":[{"href":"https:\/\/www.kanenberg.com.br\/familia\/wp-json\/wp\/v2\/media?parent=248"}],"wp:term":[{"taxonomy":"category","embeddable":true,"href":"https:\/\/www.kanenberg.com.br\/familia\/wp-json\/wp\/v2\/categories?post=248"},{"taxonomy":"post_tag","embeddable":true,"href":"https:\/\/www.kanenberg.com.br\/familia\/wp-json\/wp\/v2\/tags?post=248"}],"curies":[{"name":"wp","href":"https:\/\/api.w.org\/{rel}","templated":true}]}}