{"id":217,"date":"2019-02-03T17:48:49","date_gmt":"2019-02-03T19:48:49","guid":{"rendered":"https:\/\/familia.kanenberg.com.br\/?p=217"},"modified":"2019-02-03T17:48:49","modified_gmt":"2019-02-03T19:48:49","slug":"a-dura-vida-de-nossos-antepassados","status":"publish","type":"post","link":"https:\/\/www.kanenberg.com.br\/familia\/a-dura-vida-de-nossos-antepassados\/","title":{"rendered":"A dura vida de nossos antepassados"},"content":{"rendered":"<p style=\"text-align: justify;\">Rio do Testo, hoje um distrito da cidade Blumenau, foi fundado pelo dr. Blumenau no ano de 1850 e colonizado entre 1860 e 1880, principalmente por colonos pomeranos. No seu pa\u00eds de origem quase todos eram pessoas pobres, pois trabalhavam como diaristas para os grandes propriet\u00e1rios e desta forma aceitaram f\u00e1cil o convite da emigra\u00e7\u00e3o. Eles nem se importaram em abrir m\u00e3o de muitas coisas e tampouco com as dificuldades que poderiam enfrentar no pa\u00eds de destino. Tinham apenas o firme prop\u00f3sito de serem propriet\u00e1rios de terras em algum lugar. Chegaram aqui totalmente desprovidos, pois o pouco dinheiro que tinham j\u00e1 haviam gasto durante a viagem e nesta situa\u00e7\u00e3o entraram no meio da mata. Apesar de no in\u00edcio receberem alimentos do governo para a sobreviv\u00eancia, o come\u00e7o deste povo foi muito dif\u00edcil, pois n\u00e3o conheciam os m\u00e9todos de trabalho do Brasil. Al\u00e9m disso, desconheciam os perigos que deveriam enfrentar no meio da mata. Muitos morreram na derrubada de \u00e1rvores, outros de picadas de cobras, al\u00e9m do constante perigo de serem atacados por on\u00e7as ou mesmo pelo enfrentamento com os \u00edndios. Pudemos imaginar quantas e quantas l\u00e1grimas n\u00e3o foram derramadas! Que vontade tiveram de voltar ao pa\u00eds de origem, por\u00e9m, para isto faltava o dinheiro. Desta forma foram obrigados a permanecer aqui e se adaptar \u00e0s novas condi\u00e7\u00f5es. Para os homens a adapta\u00e7\u00e3o foi mais f\u00e1cil do que para as mulheres, que pelo resto de suas vidas sentiram muita saudade da antiga p\u00e1tria. Para amenizar um pouco a saudade, passaram a denominar os rios e lugares com nomes da antiga p\u00e1tria. O de maior destaque foi Pomerode, seguido de Rega e Rega de Cima, pois l\u00e1, tr\u00eas rios e tr\u00eas regi\u00f5es levaram o nome de Rega. Inclusive, a estrada que passava no meio da coloniza\u00e7\u00e3o foi chamada de \u201cPommerstraot\u201d (Estrada dos Pomeranos).<\/p>\n<p style=\"text-align: right;\"><em>Autor: Johann Ehlert (professor)<\/em><\/p>\n","protected":false},"excerpt":{"rendered":"<p>Rio Testo, hoje um distrito da cidade Blumenau, foi fundado pelo dr. Blumenau no ano de 1850 e colonizado entre 1860 e 1880, principalmente por colonos pomeranos. No seu pa\u00eds de origem quase todos eram pessoas pobres&#8230;<\/p>\n","protected":false},"author":1,"featured_media":0,"comment_status":"open","ping_status":"open","sticky":false,"template":"","format":"standard","meta":{"_exactmetrics_skip_tracking":false,"_jetpack_newsletter_access":"","_jetpack_dont_email_post_to_subs":false,"_jetpack_newsletter_tier_id":0,"_jetpack_memberships_contains_paywalled_content":false,"_jetpack_feature_clip_id":0,"_jetpack_memberships_contains_paid_content":false,"footnotes":"","jetpack_publicize_message":"","jetpack_publicize_feature_enabled":true,"jetpack_social_post_already_shared":false,"jetpack_social_options":{"image_generator_settings":{"template":"highway","default_image_id":0,"font":"","enabled":false},"version":2},"jetpack_post_was_ever_published":false},"categories":[35],"tags":[36],"class_list":["post-217","post","type-post","status-publish","format-standard","hentry","category-pomerode","tag-pomerode"],"jetpack_publicize_connections":[],"jetpack_sharing_enabled":true,"jetpack_shortlink":"https:\/\/wp.me\/paCYDp-3v","jetpack_likes_enabled":true,"jetpack-related-posts":[{"id":1240,"url":"https:\/\/www.kanenberg.com.br\/familia\/ginasio-dr-blumenau\/","url_meta":{"origin":217,"position":0},"title":"Do Gin\u00e1sio Dr. Blumenau ao Col\u00e9gio Sinodal: A Hist\u00f3ria de Forma\u00e7\u00e3o e Tradi\u00e7\u00e3o no Cora\u00e7\u00e3o de Pomerode","author":"admin","date":"2 de agosto de 2026","format":false,"excerpt":"A trajet\u00f3ria da institui\u00e7\u00e3o educacional que nasceu como Gin\u00e1sio Dr. Blumenau na d\u00e9cada de 1960 e que hoje \u00e9 o Col\u00e9gio Sinodal Doutor Blumenau.","rel":"","context":"Em &quot;Pomerode&quot;","block_context":{"text":"Pomerode","link":"https:\/\/www.kanenberg.com.br\/familia\/category\/lugares\/brasil\/pomerode\/"},"img":{"alt_text":"Dr. Blumenau","src":"https:\/\/i0.wp.com\/www.kanenberg.com.br\/familia\/wp-content\/uploads\/2026\/08\/Dr.-Blumenau.jpg?resize=350%2C200&ssl=1","width":350,"height":200,"srcset":"https:\/\/i0.wp.com\/www.kanenberg.com.br\/familia\/wp-content\/uploads\/2026\/08\/Dr.-Blumenau.jpg?resize=350%2C200&ssl=1 1x, https:\/\/i0.wp.com\/www.kanenberg.com.br\/familia\/wp-content\/uploads\/2026\/08\/Dr.-Blumenau.jpg?resize=525%2C300&ssl=1 1.5x, https:\/\/i0.wp.com\/www.kanenberg.com.br\/familia\/wp-content\/uploads\/2026\/08\/Dr.-Blumenau.jpg?resize=700%2C400&ssl=1 2x, https:\/\/i0.wp.com\/www.kanenberg.com.br\/familia\/wp-content\/uploads\/2026\/08\/Dr.-Blumenau.jpg?resize=1050%2C600&ssl=1 3x, https:\/\/i0.wp.com\/www.kanenberg.com.br\/familia\/wp-content\/uploads\/2026\/08\/Dr.-Blumenau.jpg?resize=1400%2C800&ssl=1 4x"},"classes":[]},{"id":1332,"url":"https:\/\/www.kanenberg.com.br\/familia\/melhorias-na-estrada-para-blumenau\/","url_meta":{"origin":217,"position":1},"title":"Melhorias na estrada para Blumenau","author":"admin","date":"30 de agosto de 2026","format":false,"excerpt":"Alargamento de um trecho de estrada em Testo Central Alto, curva da estrada na beira do rio, ocorrido no ano de 1929.","rel":"","context":"Em &quot;Blumenau&quot;","block_context":{"text":"Blumenau","link":"https:\/\/www.kanenberg.com.br\/familia\/category\/lugares\/brasil\/blumenau\/"},"img":{"alt_text":"Melhorias na estrada para Blumenau","src":"https:\/\/i0.wp.com\/www.kanenberg.com.br\/familia\/wp-content\/uploads\/2026\/08\/Melhorias_Estrada_Bnu.jpg?resize=350%2C200&ssl=1","width":350,"height":200,"srcset":"https:\/\/i0.wp.com\/www.kanenberg.com.br\/familia\/wp-content\/uploads\/2026\/08\/Melhorias_Estrada_Bnu.jpg?resize=350%2C200&ssl=1 1x, https:\/\/i0.wp.com\/www.kanenberg.com.br\/familia\/wp-content\/uploads\/2026\/08\/Melhorias_Estrada_Bnu.jpg?resize=525%2C300&ssl=1 1.5x, https:\/\/i0.wp.com\/www.kanenberg.com.br\/familia\/wp-content\/uploads\/2026\/08\/Melhorias_Estrada_Bnu.jpg?resize=700%2C400&ssl=1 2x, https:\/\/i0.wp.com\/www.kanenberg.com.br\/familia\/wp-content\/uploads\/2026\/08\/Melhorias_Estrada_Bnu.jpg?resize=1050%2C600&ssl=1 3x, https:\/\/i0.wp.com\/www.kanenberg.com.br\/familia\/wp-content\/uploads\/2026\/08\/Melhorias_Estrada_Bnu.jpg?resize=1400%2C800&ssl=1 4x"},"classes":[]},{"id":248,"url":"https:\/\/www.kanenberg.com.br\/familia\/primeiros-moradores-pomerode\/","url_meta":{"origin":217,"position":2},"title":"Rela\u00e7\u00e3o dos moradores da Linha Colonial Rio do Testo \u2013 Col\u00f4nia Blumenau","author":"admin","date":"3 de fevereiro de 2019","format":false,"excerpt":"O documento cont\u00e9m um \u00cdndice Alfab\u00e9tico dos Moradores da Linha Colonial do Rio do Testo, reunindo sobrenomes conhecidos como Achterberg, Behling, Dalmann, Gr\u00fctzmacher, Hornburg, Kr\u00fcger, Siewert, Volkmann, entre outros. Tamb\u00e9m apresenta a Rela\u00e7\u00e3o de Moradores, informando a data de compra e o n\u00famero do lote de cada propriet\u00e1rio. Rela\u00e7\u00e3o dos\u2026","rel":"","context":"Em &quot;Pomerode&quot;","block_context":{"text":"Pomerode","link":"https:\/\/www.kanenberg.com.br\/familia\/category\/lugares\/brasil\/pomerode\/"},"img":{"alt_text":"Rio do T\u00easto - Primeiros Moradores e seus Lotes","src":"https:\/\/i0.wp.com\/www.kanenberg.com.br\/familia\/wp-content\/uploads\/2019\/02\/relacao_pomerode-1.jpg?resize=350%2C200&ssl=1","width":350,"height":200,"srcset":"https:\/\/i0.wp.com\/www.kanenberg.com.br\/familia\/wp-content\/uploads\/2019\/02\/relacao_pomerode-1.jpg?resize=350%2C200&ssl=1 1x, https:\/\/i0.wp.com\/www.kanenberg.com.br\/familia\/wp-content\/uploads\/2019\/02\/relacao_pomerode-1.jpg?resize=525%2C300&ssl=1 1.5x, https:\/\/i0.wp.com\/www.kanenberg.com.br\/familia\/wp-content\/uploads\/2019\/02\/relacao_pomerode-1.jpg?resize=700%2C400&ssl=1 2x"},"classes":[]},{"id":263,"url":"https:\/\/www.kanenberg.com.br\/familia\/criacao-da-associacao-hospitalar\/","url_meta":{"origin":217,"position":3},"title":"Cria\u00e7\u00e3o da Associa\u00e7\u00e3o Hospitalar","author":"admin","date":"3 de fevereiro de 2019","format":false,"excerpt":"No ano de 1949, alguns cidad\u00e3os moradores de Pomerode se reuniram, entre eles Augusto Guilherme Schwanke, Lauro Harbs, Max Jacobsen, Mario Jung, e resolveram construir e fundar a Associa\u00e7\u00e3o Hospitalar.","rel":"","context":"Em &quot;Pomerode&quot;","block_context":{"text":"Pomerode","link":"https:\/\/www.kanenberg.com.br\/familia\/category\/lugares\/brasil\/pomerode\/"},"img":{"alt_text":"Schwester Anita Guenther","src":"https:\/\/i0.wp.com\/www.kanenberg.com.br\/familia\/wp-content\/uploads\/2019\/02\/schwester-anita.jpg?resize=350%2C200&ssl=1","width":350,"height":200},"classes":[]},{"id":1323,"url":"https:\/\/www.kanenberg.com.br\/familia\/pomerode_antes_de_ser_pomerode\/","url_meta":{"origin":217,"position":4},"title":"Pomerode antes de ser Pomerode","author":"admin","date":"28 de agosto de 2026","format":false,"excerpt":"As fotografias antigas t\u00eam um valor especial justamente por nos permitirem voltar no tempo e observar aquilo que os documentos escritos muitas vezes n\u00e3o conseguem revelar: as paisagens, as constru\u00e7\u00f5es, os caminhos, o trabalho e o cotidiano das pessoas que ajudaram a construir uma comunidade. Neste post podemos ver um\u2026","rel":"","context":"Em &quot;Fotos&quot;","block_context":{"text":"Fotos","link":"https:\/\/www.kanenberg.com.br\/familia\/category\/galerias\/fotos\/"},"img":{"alt_text":"Constru\u00e7\u00e3o de um boeiro no logar Rio do Testo","src":"https:\/\/i0.wp.com\/www.kanenberg.com.br\/familia\/wp-content\/uploads\/2026\/08\/IHG-FOT-3542-FRENTE-scaled-1.jpg?resize=350%2C200&ssl=1","width":350,"height":200,"srcset":"https:\/\/i0.wp.com\/www.kanenberg.com.br\/familia\/wp-content\/uploads\/2026\/08\/IHG-FOT-3542-FRENTE-scaled-1.jpg?resize=350%2C200&ssl=1 1x, https:\/\/i0.wp.com\/www.kanenberg.com.br\/familia\/wp-content\/uploads\/2026\/08\/IHG-FOT-3542-FRENTE-scaled-1.jpg?resize=525%2C300&ssl=1 1.5x, https:\/\/i0.wp.com\/www.kanenberg.com.br\/familia\/wp-content\/uploads\/2026\/08\/IHG-FOT-3542-FRENTE-scaled-1.jpg?resize=700%2C400&ssl=1 2x, https:\/\/i0.wp.com\/www.kanenberg.com.br\/familia\/wp-content\/uploads\/2026\/08\/IHG-FOT-3542-FRENTE-scaled-1.jpg?resize=1050%2C600&ssl=1 3x, https:\/\/i0.wp.com\/www.kanenberg.com.br\/familia\/wp-content\/uploads\/2026\/08\/IHG-FOT-3542-FRENTE-scaled-1.jpg?resize=1400%2C800&ssl=1 4x"},"classes":[]},{"id":640,"url":"https:\/\/www.kanenberg.com.br\/familia\/ricardo-thomsen-concessoes-de-terras\/","url_meta":{"origin":217,"position":5},"title":"Ricardo Thomsen &#8211; Concess\u00f5es de terras","author":"admin","date":"6 de mar\u00e7o de 2019","format":false,"excerpt":"Consta publicado na edi\u00e7\u00e3o de n\u00ba 32 do Jornal Republica de Florian\u00f3polis, p\u00e1gina 2, do dia 6 de novembro de 1918 um despacho do Governador do Estado de Santa Catarina, assignando concess\u00f5es de terras para Ricardo Thomsen de Blumenau.","rel":"","context":"Em &quot;Blumenau&quot;","block_context":{"text":"Blumenau","link":"https:\/\/www.kanenberg.com.br\/familia\/category\/lugares\/brasil\/blumenau\/"},"img":{"alt_text":"Jornal Republica - Concess\u00f5es de terras para Ricardo Thomsen","src":"https:\/\/i0.wp.com\/www.kanenberg.com.br\/familia\/wp-content\/uploads\/2019\/03\/republica_ricardo_thomsen.jpg?resize=350%2C200&ssl=1","width":350,"height":200,"srcset":"https:\/\/i0.wp.com\/www.kanenberg.com.br\/familia\/wp-content\/uploads\/2019\/03\/republica_ricardo_thomsen.jpg?resize=350%2C200&ssl=1 1x, https:\/\/i0.wp.com\/www.kanenberg.com.br\/familia\/wp-content\/uploads\/2019\/03\/republica_ricardo_thomsen.jpg?resize=525%2C300&ssl=1 1.5x, https:\/\/i0.wp.com\/www.kanenberg.com.br\/familia\/wp-content\/uploads\/2019\/03\/republica_ricardo_thomsen.jpg?resize=700%2C400&ssl=1 2x, https:\/\/i0.wp.com\/www.kanenberg.com.br\/familia\/wp-content\/uploads\/2019\/03\/republica_ricardo_thomsen.jpg?resize=1050%2C600&ssl=1 3x"},"classes":[]}],"amp_enabled":true,"jetpack_featured_media_url":"","_links":{"self":[{"href":"https:\/\/www.kanenberg.com.br\/familia\/wp-json\/wp\/v2\/posts\/217","targetHints":{"allow":["GET"]}}],"collection":[{"href":"https:\/\/www.kanenberg.com.br\/familia\/wp-json\/wp\/v2\/posts"}],"about":[{"href":"https:\/\/www.kanenberg.com.br\/familia\/wp-json\/wp\/v2\/types\/post"}],"author":[{"embeddable":true,"href":"https:\/\/www.kanenberg.com.br\/familia\/wp-json\/wp\/v2\/users\/1"}],"replies":[{"embeddable":true,"href":"https:\/\/www.kanenberg.com.br\/familia\/wp-json\/wp\/v2\/comments?post=217"}],"version-history":[{"count":4,"href":"https:\/\/www.kanenberg.com.br\/familia\/wp-json\/wp\/v2\/posts\/217\/revisions"}],"predecessor-version":[{"id":279,"href":"https:\/\/www.kanenberg.com.br\/familia\/wp-json\/wp\/v2\/posts\/217\/revisions\/279"}],"wp:attachment":[{"href":"https:\/\/www.kanenberg.com.br\/familia\/wp-json\/wp\/v2\/media?parent=217"}],"wp:term":[{"taxonomy":"category","embeddable":true,"href":"https:\/\/www.kanenberg.com.br\/familia\/wp-json\/wp\/v2\/categories?post=217"},{"taxonomy":"post_tag","embeddable":true,"href":"https:\/\/www.kanenberg.com.br\/familia\/wp-json\/wp\/v2\/tags?post=217"}],"curies":[{"name":"wp","href":"https:\/\/api.w.org\/{rel}","templated":true}]}}