{"id":1335,"date":"2026-09-04T12:25:22","date_gmt":"2026-09-04T15:25:22","guid":{"rendered":"https:\/\/www.kanenberg.com.br\/familia\/?p=1335"},"modified":"2026-09-04T12:25:22","modified_gmt":"2026-09-04T15:25:22","slug":"o-gentilico-barriga-verde","status":"publish","type":"post","link":"https:\/\/www.kanenberg.com.br\/familia\/o-gentilico-barriga-verde\/","title":{"rendered":"O gent\u00edlico barriga-verde"},"content":{"rendered":"<p style=\"text-align: justify;\">O gent\u00edlico <strong>&#8220;barriga-verde&#8221;<\/strong> \u00e9 uma das denomina\u00e7\u00f5es regionais mais famosas e orgulhosas do Brasil. Utilizado para se referir a quem nasce no estado de Santa Catarina, o termo carrega s\u00e9culos de hist\u00f3ria, misturando tradi\u00e7\u00f5es militares, contextos pol\u00edticos e at\u00e9 teorias ligadas \u00e0 culin\u00e1ria e \u00e0 bot\u00e2nica.<\/p>\n<p style=\"text-align: center;\"><img loading=\"lazy\" decoding=\"async\" data-attachment-id=\"1336\" data-permalink=\"https:\/\/www.kanenberg.com.br\/familia\/o-gentilico-barriga-verde\/barriga_verde\/\" data-orig-file=\"https:\/\/www.kanenberg.com.br\/familia\/wp-content\/uploads\/2026\/08\/barriga_verde.jpg\" data-orig-size=\"408,574\" data-comments-opened=\"1\" data-image-meta=\"{&quot;aperture&quot;:&quot;0&quot;,&quot;credit&quot;:&quot;&quot;,&quot;camera&quot;:&quot;&quot;,&quot;caption&quot;:&quot;&quot;,&quot;created_timestamp&quot;:&quot;0&quot;,&quot;copyright&quot;:&quot;&quot;,&quot;focal_length&quot;:&quot;0&quot;,&quot;iso&quot;:&quot;0&quot;,&quot;shutter_speed&quot;:&quot;0&quot;,&quot;title&quot;:&quot;&quot;,&quot;orientation&quot;:&quot;0&quot;,&quot;alt&quot;:&quot;&quot;}\" data-image-title=\"barriga-verde\" data-image-description=\"\" data-image-caption=\"\" data-large-file=\"https:\/\/www.kanenberg.com.br\/familia\/wp-content\/uploads\/2026\/08\/barriga_verde.jpg\" class=\"aligncenter size-full wp-image-1336\" src=\"https:\/\/www.kanenberg.com.br\/familia\/wp-content\/uploads\/2026\/08\/barriga_verde.jpg\" alt=\"barriga-verde\" width=\"408\" height=\"574\" srcset=\"https:\/\/www.kanenberg.com.br\/familia\/wp-content\/uploads\/2026\/08\/barriga_verde.jpg 408w, https:\/\/www.kanenberg.com.br\/familia\/wp-content\/uploads\/2026\/08\/barriga_verde-213x300.jpg 213w\" sizes=\"auto, (max-width: 408px) 100vw, 408px\" \/><\/p>\n<p style=\"text-align: justify;\">Abaixo, apresento um panorama detalhado sobre as origens e o significado dessa express\u00e3o.<\/p>\n<h2>As Origens do Termo &#8220;Barriga-Verde&#8221;<\/h2>\n<p style=\"text-align: justify;\">Embora existam algumas lendas populares, a vers\u00e3o hist\u00f3rica mais aceita e documentada remonta ao s\u00e9culo XVIII e tem car\u00e1ter militar.<\/p>\n<ol>\n<li>\n<h3><strong> O Regimento Militar de 1737 (A Vers\u00e3o Principal)<\/strong><\/h3>\n<\/li>\n<\/ol>\n<p style=\"text-align: justify;\">A explica\u00e7\u00e3o mais s\u00f3lida aponta para o ano de <strong>1737<\/strong>, quando foi criado o <strong>Regimento de Mil\u00edcias de Infantaria da Comarca de Paranagu\u00e1 e Paranapanema<\/strong>, que mais tarde deu origem ao Regimento de Linha de Santa Catarina.<\/p>\n<p style=\"text-align: justify;\">Por determina\u00e7\u00e3o de Silva Paes, o primeiro governador da Capitania de Santa Catarina, os soldados desse regimento usavam um uniforme militar bastante caracter\u00edstico:<\/p>\n<ul>\n<li>\n<p style=\"text-align: justify;\">Um colete de brim ou veludo de cor <strong>verde-escura<\/strong> sobre a camisa branca.<\/p>\n<\/li>\n<li>\n<p style=\"text-align: justify;\">Esse colete cobria toda a regi\u00e3o abdominal dos combatentes.<\/p>\n<\/li>\n<\/ul>\n<p style=\"text-align: justify;\">Como os soldados estavam sempre circulando pela regi\u00e3o litor\u00e2nea e pelas fronteiras da capitania, a popula\u00e7\u00e3o local e os visitantes come\u00e7aram a associar a imagem daqueles homens \u00e0 &#8220;barriga verde&#8221; do uniforme. Com o tempo, o apelido que antes era exclusivo dos militares passou a identificar todo o povo da prov\u00edncia.<\/p>\n<ol start=\"2\">\n<li>\n<h3><strong>A Influ\u00eancia dos A\u00e7orianos e a Tradi\u00e7\u00e3o Portuguesa<\/strong><\/h3>\n<\/li>\n<\/ol>\n<p style=\"text-align: justify;\">Outra vertente hist\u00f3rica refor\u00e7a que o termo pode ter cruzado o Oceano Atl\u00e2ntico. Em Portugal, especificamente na regi\u00e3o do Minho, os moradores j\u00e1 utilizavam a express\u00e3o &#8220;barriga-verde&#8221; para designar as pessoas que viviam no litoral.<\/p>\n<p style=\"text-align: justify;\">Como Santa Catarina recebeu uma forte imigra\u00e7\u00e3o a\u00e7oriana a partir de 1748, \u00e9 muito prov\u00e1vel que os imigrantes tenham trazido a express\u00e3o na bagagem e a reaplicado no novo territ\u00f3rio, facilitada pela coincid\u00eancia com o uniforme dos soldados locais.<\/p>\n<h2>Outras Teorias e Hip\u00f3teses Populares<\/h2>\n<p style=\"text-align: justify;\">Embora tenham menos for\u00e7a documental, o folclore catarinense preserva outras justificativas curiosas para o termo:<\/p>\n<ul>\n<li>\n<p style=\"text-align: justify;\"><strong>A erva-mate:<\/strong> Alguns antigos relatos sugeriam que os habitantes da regi\u00e3o consumiam tanto chimarr\u00e3o que a fus\u00e3o da bebida acabava por &#8220;esverdear&#8221; a regi\u00e3o da barriga \u2014 uma explica\u00e7\u00e3o puramente folcl\u00f3rica e sem base biol\u00f3gica.<\/p>\n<\/li>\n<li>\n<p style=\"text-align: justify;\"><strong>A atividade pesqueira:<\/strong> Outra teoria mencionava os pescadores coloniais que, ao transportarem redes cheias de algas e peixes encostadas ao ventre, ficavam com as roupas manchadas de verde.<\/p>\n<\/li>\n<\/ul>\n<h2>De Apelido Pejorativo a S\u00edmbolo de Orgulho<\/h2>\n<p style=\"text-align: justify;\">Nem sempre o termo foi visto com bons olhos. No s\u00e9culo XIX, durante o Imp\u00e9rio e em per\u00edodos de conflitos como a Revolu\u00e7\u00e3o Farroupilha, &#8220;barriga-verde&#8221; chegou a ser usado de forma pejorativa por prov\u00edncias vizinhas para diminuir os combatentes ou os cidad\u00e3os catarinenses.<\/p>\n<p style=\"text-align: justify;\">No entanto, o povo de Santa Catarina ressignificou a express\u00e3o. O que era um apelido de caserna ou uma provoca\u00e7\u00e3o externa transformou-se em um <strong>s\u00edmbolo de identidade, resili\u00eancia e honra<\/strong>.<\/p>\n<p style=\"text-align: justify;\"><strong>Fato Hist\u00f3rico<\/strong>: A for\u00e7a do termo \u00e9 t\u00e3o grande que ele foi oficializado na cultura do estado. O dia <strong>11 de agosto<\/strong> \u00e9 o &#8220;Dia do Barriga-Verde&#8221; (institu\u00eddo pela Lei Estadual n\u00ba 12.871\/2004), data que coincide com a cria\u00e7\u00e3o da Capitania de Santa Catarina, em 1738.<\/p>\n<p style=\"text-align: justify;\">Hoje, ser chamado de barriga-verde \u00e9 sin\u00f4nimo de pertencer a uma terra rica em diversidade cultural, belas paisagens e forte esp\u00edrito comunit\u00e1rio.<\/p>\n","protected":false},"excerpt":{"rendered":"<p>O gent\u00edlico &#8220;barriga-verde&#8221; \u00e9 uma das denomina\u00e7\u00f5es regionais mais famosas e orgulhosas do Brasil. Utilizado para se referir a quem nasce no estado de Santa Catarina, o termo carrega s\u00e9culos de hist\u00f3ria, misturando tradi\u00e7\u00f5es militares, contextos pol\u00edticos e at\u00e9 teorias ligadas \u00e0 culin\u00e1ria e \u00e0 bot\u00e2nica.<\/p>\n","protected":false},"author":1,"featured_media":0,"comment_status":"open","ping_status":"open","sticky":false,"template":"","format":"standard","meta":{"_exactmetrics_skip_tracking":false,"_jetpack_newsletter_access":"","_jetpack_dont_email_post_to_subs":false,"_jetpack_newsletter_tier_id":0,"_jetpack_memberships_contains_paywalled_content":false,"_jetpack_feature_clip_id":0,"_jetpack_memberships_contains_paid_content":false,"footnotes":"","jetpack_publicize_message":"","jetpack_publicize_feature_enabled":true,"jetpack_social_post_already_shared":true,"jetpack_social_options":{"image_generator_settings":{"template":"highway","default_image_id":0,"font":"","enabled":false},"version":2},"jetpack_post_was_ever_published":false},"categories":[11],"tags":[76,139],"class_list":["post-1335","post","type-post","status-publish","format-standard","hentry","category-curiosidades","tag-curiosidades","tag-santa-catarina"],"jetpack_publicize_connections":[],"jetpack_sharing_enabled":true,"jetpack_shortlink":"https:\/\/wp.me\/paCYDp-lx","jetpack_likes_enabled":true,"jetpack-related-posts":[{"id":1106,"url":"https:\/\/www.kanenberg.com.br\/familia\/expedicionario-harry-thomsen\/","url_meta":{"origin":1335,"position":0},"title":"Expedicion\u00e1rio Harry Thomsen","author":"admin","date":"9 de outubro de 2025","format":false,"excerpt":"Harry participou ativamente da Segunda Guerra Mundial, combatendo na It\u00e1lia por meio do 1\u00ba Regimento de Infantaria, onde serviu como soldado","rel":"","context":"Em &quot;Thomsen&quot;","block_context":{"text":"Thomsen","link":"https:\/\/www.kanenberg.com.br\/familia\/category\/familias\/thomsen\/"},"img":{"alt_text":"Expedicion\u00e1rios da cidade de Indaial\/SC","src":"https:\/\/i0.wp.com\/www.kanenberg.com.br\/familia\/wp-content\/uploads\/2025\/10\/Imagem-do-WhatsApp-de-2025-10-10-as-17.29.46_1c5f3b36.jpg?resize=350%2C200&ssl=1","width":350,"height":200,"srcset":"https:\/\/i0.wp.com\/www.kanenberg.com.br\/familia\/wp-content\/uploads\/2025\/10\/Imagem-do-WhatsApp-de-2025-10-10-as-17.29.46_1c5f3b36.jpg?resize=350%2C200&ssl=1 1x, https:\/\/i0.wp.com\/www.kanenberg.com.br\/familia\/wp-content\/uploads\/2025\/10\/Imagem-do-WhatsApp-de-2025-10-10-as-17.29.46_1c5f3b36.jpg?resize=525%2C300&ssl=1 1.5x, https:\/\/i0.wp.com\/www.kanenberg.com.br\/familia\/wp-content\/uploads\/2025\/10\/Imagem-do-WhatsApp-de-2025-10-10-as-17.29.46_1c5f3b36.jpg?resize=700%2C400&ssl=1 2x, https:\/\/i0.wp.com\/www.kanenberg.com.br\/familia\/wp-content\/uploads\/2025\/10\/Imagem-do-WhatsApp-de-2025-10-10-as-17.29.46_1c5f3b36.jpg?resize=1050%2C600&ssl=1 3x"},"classes":[]},{"id":1069,"url":"https:\/\/www.kanenberg.com.br\/familia\/braco-trombudo-jo-soares\/","url_meta":{"origin":1335,"position":1},"title":"Bra\u00e7o do Trombudo no Programa J\u00f4 Soares","author":"admin","date":"27 de agosto de 2026","format":false,"excerpt":"Em 17 de abril de 2010, Bra\u00e7o do Trombudo ganhou destaque no Programa do J\u00f4 Soares, com uma mat\u00e9ria intitulada \"Bra\u00e7o do Trombudo: voc\u00ea sabe onde fica?\", que foi a primeira de uma s\u00e9rie sobre cidades de nomes curiosos.","rel":"","context":"Em &quot;Bra\u00e7o do Trombudo&quot;","block_context":{"text":"Bra\u00e7o do Trombudo","link":"https:\/\/www.kanenberg.com.br\/familia\/category\/lugares\/brasil\/braco-do-trombudo\/"},"img":{"alt_text":"","src":"https:\/\/i0.wp.com\/www.kanenberg.com.br\/familia\/wp-content\/uploads\/2026\/08\/btrombudo_jo_soares.jpg?resize=350%2C200&ssl=1","width":350,"height":200,"srcset":"https:\/\/i0.wp.com\/www.kanenberg.com.br\/familia\/wp-content\/uploads\/2026\/08\/btrombudo_jo_soares.jpg?resize=350%2C200&ssl=1 1x, https:\/\/i0.wp.com\/www.kanenberg.com.br\/familia\/wp-content\/uploads\/2026\/08\/btrombudo_jo_soares.jpg?resize=525%2C300&ssl=1 1.5x, https:\/\/i0.wp.com\/www.kanenberg.com.br\/familia\/wp-content\/uploads\/2026\/08\/btrombudo_jo_soares.jpg?resize=700%2C400&ssl=1 2x, https:\/\/i0.wp.com\/www.kanenberg.com.br\/familia\/wp-content\/uploads\/2026\/08\/btrombudo_jo_soares.jpg?resize=1050%2C600&ssl=1 3x, https:\/\/i0.wp.com\/www.kanenberg.com.br\/familia\/wp-content\/uploads\/2026\/08\/btrombudo_jo_soares.jpg?resize=1400%2C800&ssl=1 4x"},"classes":[]},{"id":1264,"url":"https:\/\/www.kanenberg.com.br\/familia\/1873-um-pequeno-bolso\/","url_meta":{"origin":1335,"position":2},"title":"1873: um pequeno bolso e uma grande coincid\u00eancia na hist\u00f3ria da fam\u00edlia Kannenberg","author":"admin","date":"12 de agosto de 2026","format":false,"excerpt":"Existem detalhes aparentemente insignificantes do nosso cotidiano que, quando observados com aten\u00e7\u00e3o, podem nos transportar para um passado muito distante. Um desses detalhes est\u00e1 presente em praticamente toda cal\u00e7a jeans: aquele pequeno bolso localizado dentro do bolso frontal.","rel":"","context":"Em &quot;Curiosidades&quot;","block_context":{"text":"Curiosidades","link":"https:\/\/www.kanenberg.com.br\/familia\/category\/outros\/curiosidades\/"},"img":{"alt_text":"Pequeno bolso da cal\u00e7a jeans e a imigra\u00e7\u00e3o da fam\u00edlia Kannenberg","src":"https:\/\/i0.wp.com\/www.kanenberg.com.br\/familia\/wp-content\/uploads\/2026\/08\/kannenberg_jeans.jpg?resize=350%2C200&ssl=1","width":350,"height":200,"srcset":"https:\/\/i0.wp.com\/www.kanenberg.com.br\/familia\/wp-content\/uploads\/2026\/08\/kannenberg_jeans.jpg?resize=350%2C200&ssl=1 1x, https:\/\/i0.wp.com\/www.kanenberg.com.br\/familia\/wp-content\/uploads\/2026\/08\/kannenberg_jeans.jpg?resize=525%2C300&ssl=1 1.5x, https:\/\/i0.wp.com\/www.kanenberg.com.br\/familia\/wp-content\/uploads\/2026\/08\/kannenberg_jeans.jpg?resize=700%2C400&ssl=1 2x, https:\/\/i0.wp.com\/www.kanenberg.com.br\/familia\/wp-content\/uploads\/2026\/08\/kannenberg_jeans.jpg?resize=1050%2C600&ssl=1 3x, https:\/\/i0.wp.com\/www.kanenberg.com.br\/familia\/wp-content\/uploads\/2026\/08\/kannenberg_jeans.jpg?resize=1400%2C800&ssl=1 4x"},"classes":[]},{"id":850,"url":"https:\/\/www.kanenberg.com.br\/familia\/brandt-emigracao\/","url_meta":{"origin":1335,"position":3},"title":"Emigra\u00e7\u00e3o da Fam\u00edlia Brandt","author":"admin","date":"17 de dezembro de 2019","format":false,"excerpt":"Em 7 DE ABRIL DE 1872 emigrantes da fam\u00edlia HERMANN BRANDT embarcaram, no porto do Hamburgo na Alemanha, a bordo do navio veleiro Franklin, de bandeira alem\u00e3, da Louis Knorr & Cia, sob o comando do capit\u00e3o T\u00f6njes, com destino ao porto de Dona Francisca\/Blumenau.","rel":"","context":"Em &quot;Brandt&quot;","block_context":{"text":"Brandt","link":"https:\/\/www.kanenberg.com.br\/familia\/category\/familias\/brandt\/"},"img":{"alt_text":"Franklin Schiffe","src":"https:\/\/i0.wp.com\/www.kanenberg.com.br\/familia\/wp-content\/uploads\/2019\/12\/Franklin-Schiffe.jpg?resize=350%2C200&ssl=1","width":350,"height":200,"srcset":"https:\/\/i0.wp.com\/www.kanenberg.com.br\/familia\/wp-content\/uploads\/2019\/12\/Franklin-Schiffe.jpg?resize=350%2C200&ssl=1 1x, https:\/\/i0.wp.com\/www.kanenberg.com.br\/familia\/wp-content\/uploads\/2019\/12\/Franklin-Schiffe.jpg?resize=525%2C300&ssl=1 1.5x, https:\/\/i0.wp.com\/www.kanenberg.com.br\/familia\/wp-content\/uploads\/2019\/12\/Franklin-Schiffe.jpg?resize=700%2C400&ssl=1 2x, https:\/\/i0.wp.com\/www.kanenberg.com.br\/familia\/wp-content\/uploads\/2019\/12\/Franklin-Schiffe.jpg?resize=1050%2C600&ssl=1 3x, https:\/\/i0.wp.com\/www.kanenberg.com.br\/familia\/wp-content\/uploads\/2019\/12\/Franklin-Schiffe.jpg?resize=1400%2C800&ssl=1 4x"},"classes":[]},{"id":644,"url":"https:\/\/www.kanenberg.com.br\/familia\/otto-boddenberg-movimento-forense\/","url_meta":{"origin":1335,"position":4},"title":"Otto Boddenberg &#8211; Movimento forense","author":"admin","date":"6 de mar\u00e7o de 2019","format":false,"excerpt":"Consta publicado na edi\u00e7\u00e3o de n\u00ba 32 do Jornal Republica de Florian\u00f3polis, p\u00e1gina 2, do dia 6 de novembro de 1918 um despacho do Governador do Estado de Santa Catarina, assignando concess\u00f5es de terras para Ricardo Thomsen de Blumenau.","rel":"","context":"Em &quot;Blumenau&quot;","block_context":{"text":"Blumenau","link":"https:\/\/www.kanenberg.com.br\/familia\/category\/lugares\/brasil\/blumenau\/"},"img":{"alt_text":"Gazeta do Commercio - Movimento Forense - Otto Boddenberg","src":"https:\/\/i0.wp.com\/www.kanenberg.com.br\/familia\/wp-content\/uploads\/2019\/03\/gazeta_otto_boddenberg.jpg?resize=350%2C200&ssl=1","width":350,"height":200,"srcset":"https:\/\/i0.wp.com\/www.kanenberg.com.br\/familia\/wp-content\/uploads\/2019\/03\/gazeta_otto_boddenberg.jpg?resize=350%2C200&ssl=1 1x, https:\/\/i0.wp.com\/www.kanenberg.com.br\/familia\/wp-content\/uploads\/2019\/03\/gazeta_otto_boddenberg.jpg?resize=525%2C300&ssl=1 1.5x, https:\/\/i0.wp.com\/www.kanenberg.com.br\/familia\/wp-content\/uploads\/2019\/03\/gazeta_otto_boddenberg.jpg?resize=700%2C400&ssl=1 2x, https:\/\/i0.wp.com\/www.kanenberg.com.br\/familia\/wp-content\/uploads\/2019\/03\/gazeta_otto_boddenberg.jpg?resize=1050%2C600&ssl=1 3x"},"classes":[]},{"id":194,"url":"https:\/\/www.kanenberg.com.br\/familia\/klotz-imigracao\/","url_meta":{"origin":1335,"position":5},"title":"Imigra\u00e7\u00e3o da Fam\u00edlia Klotz","author":"admin","date":"2 de mar\u00e7o de 2019","format":false,"excerpt":"Registro da chegada em 11\/Maio\/1879 no porto do Rio de Janeiro dos imigrantes Wilhelm Klotz com 34 anos e de sua esposa Wilhelmine com 28 anos e os filhos...","rel":"","context":"Em &quot;Klotz&quot;","block_context":{"text":"Klotz","link":"https:\/\/www.kanenberg.com.br\/familia\/category\/familias\/klotz\/"},"img":{"alt_text":"Bremen","src":"https:\/\/i0.wp.com\/www.kanenberg.com.br\/familia\/wp-content\/uploads\/2019\/02\/bremen-ports.jpg?resize=350%2C200&ssl=1","width":350,"height":200,"srcset":"https:\/\/i0.wp.com\/www.kanenberg.com.br\/familia\/wp-content\/uploads\/2019\/02\/bremen-ports.jpg?resize=350%2C200&ssl=1 1x, https:\/\/i0.wp.com\/www.kanenberg.com.br\/familia\/wp-content\/uploads\/2019\/02\/bremen-ports.jpg?resize=525%2C300&ssl=1 1.5x"},"classes":[]}],"amp_enabled":true,"jetpack_featured_media_url":"","_links":{"self":[{"href":"https:\/\/www.kanenberg.com.br\/familia\/wp-json\/wp\/v2\/posts\/1335","targetHints":{"allow":["GET"]}}],"collection":[{"href":"https:\/\/www.kanenberg.com.br\/familia\/wp-json\/wp\/v2\/posts"}],"about":[{"href":"https:\/\/www.kanenberg.com.br\/familia\/wp-json\/wp\/v2\/types\/post"}],"author":[{"embeddable":true,"href":"https:\/\/www.kanenberg.com.br\/familia\/wp-json\/wp\/v2\/users\/1"}],"replies":[{"embeddable":true,"href":"https:\/\/www.kanenberg.com.br\/familia\/wp-json\/wp\/v2\/comments?post=1335"}],"version-history":[{"count":1,"href":"https:\/\/www.kanenberg.com.br\/familia\/wp-json\/wp\/v2\/posts\/1335\/revisions"}],"predecessor-version":[{"id":1337,"href":"https:\/\/www.kanenberg.com.br\/familia\/wp-json\/wp\/v2\/posts\/1335\/revisions\/1337"}],"wp:attachment":[{"href":"https:\/\/www.kanenberg.com.br\/familia\/wp-json\/wp\/v2\/media?parent=1335"}],"wp:term":[{"taxonomy":"category","embeddable":true,"href":"https:\/\/www.kanenberg.com.br\/familia\/wp-json\/wp\/v2\/categories?post=1335"},{"taxonomy":"post_tag","embeddable":true,"href":"https:\/\/www.kanenberg.com.br\/familia\/wp-json\/wp\/v2\/tags?post=1335"}],"curies":[{"name":"wp","href":"https:\/\/api.w.org\/{rel}","templated":true}]}}