{"id":1323,"date":"2026-08-28T13:37:09","date_gmt":"2026-08-28T16:37:09","guid":{"rendered":"https:\/\/www.kanenberg.com.br\/familia\/?p=1323"},"modified":"2026-08-28T13:37:09","modified_gmt":"2026-08-28T16:37:09","slug":"pomerode_antes_de_ser_pomerode","status":"publish","type":"post","link":"https:\/\/www.kanenberg.com.br\/familia\/pomerode_antes_de_ser_pomerode\/","title":{"rendered":"Pomerode antes de ser Pomerode"},"content":{"rendered":"<p style=\"text-align: justify;\">Muito antes de se tornar o munic\u00edpio que conhecemos hoje, Pomerode era o <strong>distrito de Rio do Testo<\/strong>, pertencente ao munic\u00edpio de Blumenau. Foi nesse cen\u00e1rio, ainda marcado pelas caracter\u00edsticas de uma comunidade rural formada por imigrantes e seus descendentes, que a hist\u00f3ria da futura cidade come\u00e7ou a ganhar forma.<\/p>\n<p style=\"text-align: justify;\">As fotografias antigas t\u00eam um valor especial justamente por nos permitirem voltar no tempo e observar aquilo que os documentos escritos muitas vezes n\u00e3o conseguem revelar: as paisagens, as constru\u00e7\u00f5es, os caminhos, o trabalho e o cotidiano das pessoas que ajudaram a construir uma comunidade.<\/p>\n<p style=\"text-align: justify;\">As duas imagens apresentadas neste post fazem parte do <strong>Acervo Fotogr\u00e1fico do Instituto Hist\u00f3rico e Geogr\u00e1fico de Santa Catarina (IHGSC)<\/strong> e s\u00e3o verdadeiros registros de um passado que merece ser preservado. Uma delas apresenta uma <strong>vista panor\u00e2mica do antigo distrito de Rio do Testo<\/strong>, mostrando a paisagem rural, as edifica\u00e7\u00f5es e a igreja que se destacava em meio \u00e0 comunidade. A outra registra uma cena ainda mais singular: a <strong>constru\u00e7\u00e3o de um \u201cboeiro\u201d no logar Rio do Testo<\/strong>, revelando o trabalho bra\u00e7al e as t\u00e9cnicas utilizadas na implanta\u00e7\u00e3o da infraestrutura daquela \u00e9poca.<\/p>\n<p style=\"text-align: justify;\">A primeira fotografia est\u00e1 catalogada pelo IHGSC sob o n\u00famero IHG-FOT-4775 e \u00e9 atribu\u00edda ao fot\u00f3grafo H. A. Antweiler, de Blumenau. A segunda, catalogada como IHG-FOT-3542, \u00e9 datada aproximadamente entre 1890 e 1920 e tem como autoria August Schmidt Photograf., de Blumenau. Ambas pertencem \u00e0 Fam\u00edlia Boiteux, cuja cole\u00e7\u00e3o integra o acervo do Instituto.<\/p>\n<p style=\"text-align: justify;\">S\u00e3o, portanto, muito mais do que fotografias antigas. S\u00e3o <strong>fragmentos visuais da hist\u00f3ria de Pomerode<\/strong>, testemunhos de um tempo em que a cidade ainda estava sendo constru\u00edda \u2014 n\u00e3o apenas em suas estradas e edifica\u00e7\u00f5es, mas tamb\u00e9m na vida de suas fam\u00edlias e na forma\u00e7\u00e3o da comunidade.<\/p>\n<p style=\"text-align: justify;\">Olhar para essas imagens \u00e9, de certa maneira, olhar para as origens de Pomerode e imaginar como era aquele lugar antes que o nome da cidade, tal como conhecemos hoje, existisse.<\/p>\n<p style=\"text-align: justify;\"><strong>Fonte das fotografias<\/strong>: <a href=\"https:\/\/ihgsc.org\/\" target=\"_blank\" rel=\"noopener\">Instituto Hist\u00f3rico e Geogr\u00e1fico de Santa Catarina \u2013 IHGSC<\/a>, Acervo Fotogr\u00e1fico.<\/p>\n<h2>Cart\u00e3o-postal fotogr\u00e1fico &#8211; Vista panor\u00e2mica<\/h2>\n<figure id=\"attachment_1324\" aria-describedby=\"caption-attachment-1324\" style=\"width: 2560px\" class=\"wp-caption aligncenter\"><img loading=\"lazy\" decoding=\"async\" data-attachment-id=\"1324\" data-permalink=\"https:\/\/www.kanenberg.com.br\/familia\/pomerode_antes_de_ser_pomerode\/ihg-fot-4775-frente-scaled\/\" data-orig-file=\"https:\/\/www.kanenberg.com.br\/familia\/wp-content\/uploads\/2026\/08\/IHG-FOT-4775-FRENTE-scaled-1.jpg\" data-orig-size=\"2560,1724\" data-comments-opened=\"1\" data-image-meta=\"{&quot;aperture&quot;:&quot;0&quot;,&quot;credit&quot;:&quot;&quot;,&quot;camera&quot;:&quot;&quot;,&quot;caption&quot;:&quot;&quot;,&quot;created_timestamp&quot;:&quot;0&quot;,&quot;copyright&quot;:&quot;&quot;,&quot;focal_length&quot;:&quot;0&quot;,&quot;iso&quot;:&quot;0&quot;,&quot;shutter_speed&quot;:&quot;0&quot;,&quot;title&quot;:&quot;&quot;,&quot;orientation&quot;:&quot;0&quot;,&quot;alt&quot;:&quot;&quot;}\" data-image-title=\"Vista panor\u00e2mica do distrito de Rio do Testo, atual cidade de Pomerode (frente)\" data-image-description=\"\" data-image-caption=\"&lt;p&gt;Vista panor\u00e2mica do distrito de Rio do Testo, atual cidade de Pomerode (frente)&lt;\/p&gt;\n\" data-large-file=\"https:\/\/www.kanenberg.com.br\/familia\/wp-content\/uploads\/2026\/08\/IHG-FOT-4775-FRENTE-scaled-1-1024x690.jpg\" class=\"size-full wp-image-1324\" src=\"https:\/\/www.kanenberg.com.br\/familia\/wp-content\/uploads\/2026\/08\/IHG-FOT-4775-FRENTE-scaled-1.jpg\" alt=\"Vista panor\u00e2mica do distrito de Rio do Testo, atual cidade de Pomerode (frente)\" width=\"2560\" height=\"1724\" srcset=\"https:\/\/www.kanenberg.com.br\/familia\/wp-content\/uploads\/2026\/08\/IHG-FOT-4775-FRENTE-scaled-1.jpg 2560w, https:\/\/www.kanenberg.com.br\/familia\/wp-content\/uploads\/2026\/08\/IHG-FOT-4775-FRENTE-scaled-1-300x202.jpg 300w, https:\/\/www.kanenberg.com.br\/familia\/wp-content\/uploads\/2026\/08\/IHG-FOT-4775-FRENTE-scaled-1-1024x690.jpg 1024w, https:\/\/www.kanenberg.com.br\/familia\/wp-content\/uploads\/2026\/08\/IHG-FOT-4775-FRENTE-scaled-1-768x517.jpg 768w, https:\/\/www.kanenberg.com.br\/familia\/wp-content\/uploads\/2026\/08\/IHG-FOT-4775-FRENTE-scaled-1-1536x1034.jpg 1536w, https:\/\/www.kanenberg.com.br\/familia\/wp-content\/uploads\/2026\/08\/IHG-FOT-4775-FRENTE-scaled-1-2048x1379.jpg 2048w, https:\/\/www.kanenberg.com.br\/familia\/wp-content\/uploads\/2026\/08\/IHG-FOT-4775-FRENTE-scaled-1-120x80.jpg 120w\" sizes=\"auto, (max-width: 2560px) 100vw, 2560px\" \/><figcaption id=\"caption-attachment-1324\" class=\"wp-caption-text\">Vista panor\u00e2mica do distrito de Rio do Testo, atual cidade de Pomerode (frente)<\/figcaption><\/figure>\n<figure id=\"attachment_1326\" aria-describedby=\"caption-attachment-1326\" style=\"width: 2560px\" class=\"wp-caption aligncenter\"><img loading=\"lazy\" decoding=\"async\" data-attachment-id=\"1326\" data-permalink=\"https:\/\/www.kanenberg.com.br\/familia\/pomerode_antes_de_ser_pomerode\/ihg-fot-4775-verso-scaled\/\" data-orig-file=\"https:\/\/www.kanenberg.com.br\/familia\/wp-content\/uploads\/2026\/08\/IHG-FOT-4775-VERSO-scaled-1.jpg\" data-orig-size=\"2560,1728\" data-comments-opened=\"1\" data-image-meta=\"{&quot;aperture&quot;:&quot;0&quot;,&quot;credit&quot;:&quot;&quot;,&quot;camera&quot;:&quot;&quot;,&quot;caption&quot;:&quot;&quot;,&quot;created_timestamp&quot;:&quot;1781613138&quot;,&quot;copyright&quot;:&quot;&quot;,&quot;focal_length&quot;:&quot;0&quot;,&quot;iso&quot;:&quot;0&quot;,&quot;shutter_speed&quot;:&quot;0&quot;,&quot;title&quot;:&quot;&quot;,&quot;orientation&quot;:&quot;0&quot;,&quot;alt&quot;:&quot;&quot;}\" data-image-title=\"Verso do cart\u00e3o-postal\" data-image-description=\"\" data-image-caption=\"&lt;p&gt;Verso do cart\u00e3o-postal&lt;\/p&gt;\n\" data-large-file=\"https:\/\/www.kanenberg.com.br\/familia\/wp-content\/uploads\/2026\/08\/IHG-FOT-4775-VERSO-scaled-1-1024x691.jpg\" class=\"size-full wp-image-1326\" src=\"https:\/\/www.kanenberg.com.br\/familia\/wp-content\/uploads\/2026\/08\/IHG-FOT-4775-VERSO-scaled-1.jpg\" alt=\"Verso do cart\u00e3o-postal\" width=\"2560\" height=\"1728\" srcset=\"https:\/\/www.kanenberg.com.br\/familia\/wp-content\/uploads\/2026\/08\/IHG-FOT-4775-VERSO-scaled-1.jpg 2560w, https:\/\/www.kanenberg.com.br\/familia\/wp-content\/uploads\/2026\/08\/IHG-FOT-4775-VERSO-scaled-1-300x203.jpg 300w, https:\/\/www.kanenberg.com.br\/familia\/wp-content\/uploads\/2026\/08\/IHG-FOT-4775-VERSO-scaled-1-1024x691.jpg 1024w, https:\/\/www.kanenberg.com.br\/familia\/wp-content\/uploads\/2026\/08\/IHG-FOT-4775-VERSO-scaled-1-768x518.jpg 768w, https:\/\/www.kanenberg.com.br\/familia\/wp-content\/uploads\/2026\/08\/IHG-FOT-4775-VERSO-scaled-1-1536x1037.jpg 1536w, https:\/\/www.kanenberg.com.br\/familia\/wp-content\/uploads\/2026\/08\/IHG-FOT-4775-VERSO-scaled-1-2048x1382.jpg 2048w, https:\/\/www.kanenberg.com.br\/familia\/wp-content\/uploads\/2026\/08\/IHG-FOT-4775-VERSO-scaled-1-120x80.jpg 120w\" sizes=\"auto, (max-width: 2560px) 100vw, 2560px\" \/><figcaption id=\"caption-attachment-1326\" class=\"wp-caption-text\">Verso do cart\u00e3o-postal<\/figcaption><\/figure>\n<p style=\"text-align: justify;\">Vista panor\u00e2mica e em perspectiva da paisagem rural de Pommeroda (atual munic\u00edpio de Pomerode), antigo distrito de Rio do Testo pertencente a Blumenau, no estado de Santa Catarina.<\/p>\n<p style=\"text-align: justify;\">Em primeiro plano, a composi\u00e7\u00e3o apresenta um terreno agr\u00edcola plano delimitado por cerca de madeira, composto por \u00e1reas de cultivo e animais pastando no campo situado \u00e0 direita. No plano m\u00e9dio, sobressai \u00e0 esquerda a edifica\u00e7\u00e3o da Igreja Evang\u00e9lica de Confiss\u00e3o Luterana, s\u00edmbolo da f\u00e9 e da forma\u00e7\u00e3o cultural da comunidade de imigrantes alem\u00e3es e pomeranos no Vale do Itaja\u00ed, caracterizada por sua nave retangular e torre \u00fanica esguia arrematada por agulha piramidal. Do lado direito, alinha-se um conjunto de habita\u00e7\u00f5es rurais e galp\u00f5es de arquitetura tradicional cercados por \u00e1reas de pastagem.<\/p>\n<p style=\"text-align: justify;\">No plano de fundo, o cen\u00e1rio \u00e9 dominado pela encosta \u00edngreme de um morro totalmente recoberto por densa floresta de mata atl\u00e2ntica nativa sob o c\u00e9u claro. Na margem inferior da moldura do cart\u00e3o-postal, consta impressa em caracteres escuros a legenda &#8220;ESTADO de STA. CATHARINA.&#8221;.<\/p>\n<h2>Constru\u00e7\u00e3o de um boeiro no logar Rio do Testo<\/h2>\n<figure id=\"attachment_1327\" aria-describedby=\"caption-attachment-1327\" style=\"width: 2560px\" class=\"wp-caption aligncenter\"><img loading=\"lazy\" decoding=\"async\" data-attachment-id=\"1327\" data-permalink=\"https:\/\/www.kanenberg.com.br\/familia\/pomerode_antes_de_ser_pomerode\/ihg-fot-3542-frente-scaled\/\" data-orig-file=\"https:\/\/www.kanenberg.com.br\/familia\/wp-content\/uploads\/2026\/08\/IHG-FOT-3542-FRENTE-scaled-1.jpg\" data-orig-size=\"2560,2044\" data-comments-opened=\"1\" data-image-meta=\"{&quot;aperture&quot;:&quot;0&quot;,&quot;credit&quot;:&quot;&quot;,&quot;camera&quot;:&quot;&quot;,&quot;caption&quot;:&quot;&quot;,&quot;created_timestamp&quot;:&quot;0&quot;,&quot;copyright&quot;:&quot;&quot;,&quot;focal_length&quot;:&quot;0&quot;,&quot;iso&quot;:&quot;0&quot;,&quot;shutter_speed&quot;:&quot;0&quot;,&quot;title&quot;:&quot;&quot;,&quot;orientation&quot;:&quot;0&quot;,&quot;alt&quot;:&quot;&quot;}\" data-image-title=\"Constru\u00e7\u00e3o de um boeiro no logar Rio do Testo\" data-image-description=\"\" data-image-caption=\"&lt;p&gt;Constru\u00e7\u00e3o de um boeiro no logar Rio do Testo&lt;\/p&gt;\n\" data-large-file=\"https:\/\/www.kanenberg.com.br\/familia\/wp-content\/uploads\/2026\/08\/IHG-FOT-3542-FRENTE-scaled-1-1024x818.jpg\" class=\"size-full wp-image-1327\" src=\"https:\/\/www.kanenberg.com.br\/familia\/wp-content\/uploads\/2026\/08\/IHG-FOT-3542-FRENTE-scaled-1.jpg\" alt=\"Constru\u00e7\u00e3o de um boeiro no logar Rio do Testo\" width=\"2560\" height=\"2044\" srcset=\"https:\/\/www.kanenberg.com.br\/familia\/wp-content\/uploads\/2026\/08\/IHG-FOT-3542-FRENTE-scaled-1.jpg 2560w, https:\/\/www.kanenberg.com.br\/familia\/wp-content\/uploads\/2026\/08\/IHG-FOT-3542-FRENTE-scaled-1-300x240.jpg 300w, https:\/\/www.kanenberg.com.br\/familia\/wp-content\/uploads\/2026\/08\/IHG-FOT-3542-FRENTE-scaled-1-1024x818.jpg 1024w, https:\/\/www.kanenberg.com.br\/familia\/wp-content\/uploads\/2026\/08\/IHG-FOT-3542-FRENTE-scaled-1-768x613.jpg 768w, https:\/\/www.kanenberg.com.br\/familia\/wp-content\/uploads\/2026\/08\/IHG-FOT-3542-FRENTE-scaled-1-1536x1226.jpg 1536w, https:\/\/www.kanenberg.com.br\/familia\/wp-content\/uploads\/2026\/08\/IHG-FOT-3542-FRENTE-scaled-1-2048x1635.jpg 2048w\" sizes=\"auto, (max-width: 2560px) 100vw, 2560px\" \/><figcaption id=\"caption-attachment-1327\" class=\"wp-caption-text\">Constru\u00e7\u00e3o de um boeiro no logar Rio do Testo<\/figcaption><\/figure>\n<p style=\"text-align: justify;\">Cena hist\u00f3rica de engenharia primitiva voltada ao desenvolvimento da infraestrutura colonial no Vale do Itaja\u00ed, retratando de forma detalhada a &#8220;Constru\u00e7\u00e3o de um boeiro no logar Rio do Testo. (Pomerode)&#8221;. A captura ocorre no interior de uma profunda escava\u00e7\u00e3o realizada entre duas grandes encostas verticais de terra batida, onde a estrutura de escoamento \u00e9 edificada de modo artesanal por meio do encaixe manual de pedras brutas e talhadas. No centro e plano m\u00e9dio desse corte geogr\u00e1fico, cinco trabalhadores masculinos posicionam-se em diferentes n\u00edveis da obra trajando vestu\u00e1rios t\u00edpicos do final do s\u00e9culo XIX e in\u00edcio do s\u00e9culo XX, que compreendem camisas claras de mangas compridas, coletes escuros, cal\u00e7as de trabalho robustas, botas, chap\u00e9us de abas largas e boinas. Tr\u00eas oper\u00e1rios encontram-se diretamente sobre ou junto \u00e0 estrutura de alvenaria de pedra em primeiro plano, portando ferramentas manuais de escava\u00e7\u00e3o e manejo, como p\u00e1s e longos cabos de madeira, enquanto outros dois indiv\u00edduos observam o progresso a partir de patamares elevados nas paredes de terra ao fundo.<\/p>\n<p style=\"text-align: justify;\">A organiza\u00e7\u00e3o espacial da cena evidencia a complexidade e a rusticidade do trabalho bra\u00e7al da \u00e9poca, revelando diversas pranchas, vigas e troncos de madeira dispostos diagonalmente ao longo do fosso para atuar como passarelas de movimenta\u00e7\u00e3o ou escoras de sustenta\u00e7\u00e3o contra poss\u00edveis desmoronamentos. Entre os dois grandes maci\u00e7os de terra escavados, a perspectiva visual estende-se em dire\u00e7\u00e3o ao plano de fundo, onde se descortina um vale aberto composto por \u00e1reas de vegeta\u00e7\u00e3o rasteira e clareiras que sobem em dire\u00e7\u00e3o \u00e0s cumeeiras dos morros, os quais aparecem densamente cobertos por mata fechada sob um c\u00e9u claro de alta luminosidade. A ilumina\u00e7\u00e3o natural incide de forma direta na abertura do terreno, acentuando as texturas rugosas das rochas empilhadas, o aspecto poroso das barreiras de terra e as fei\u00e7\u00f5es dos colonos que atuavam no antigo Distrito do Rio do Testo, territ\u00f3rio que na ocasi\u00e3o integrava o munic\u00edpio de Blumenau.<\/p>\n","protected":false},"excerpt":{"rendered":"<p>As fotografias antigas t\u00eam um valor especial justamente por nos permitirem voltar no tempo e observar aquilo que os documentos escritos muitas vezes n\u00e3o conseguem revelar: as paisagens, as constru\u00e7\u00f5es, os caminhos, o trabalho e o cotidiano das pessoas que ajudaram a construir uma comunidade. Neste post podemos ver um Cart\u00e3o-postal fotogr\u00e1fico &#8211; Vista panor\u00e2mica de Rio do Testo e uma foto da Constru\u00e7\u00e3o de um boeiro.<\/p>\n","protected":false},"author":1,"featured_media":0,"comment_status":"open","ping_status":"open","sticky":false,"template":"","format":"standard","meta":{"_exactmetrics_skip_tracking":false,"_jetpack_newsletter_access":"","_jetpack_dont_email_post_to_subs":false,"_jetpack_newsletter_tier_id":0,"_jetpack_memberships_contains_paywalled_content":false,"_jetpack_feature_clip_id":0,"_jetpack_memberships_contains_paid_content":false,"footnotes":"","jetpack_publicize_message":"","jetpack_publicize_feature_enabled":true,"jetpack_social_post_already_shared":true,"jetpack_social_options":{"image_generator_settings":{"template":"highway","default_image_id":0,"font":"","enabled":false},"version":2},"jetpack_post_was_ever_published":false},"categories":[22,35],"tags":[36,37],"class_list":["post-1323","post","type-post","status-publish","format-standard","hentry","category-fotos","category-pomerode","tag-pomerode","tag-rio-do-testo"],"jetpack_publicize_connections":[],"jetpack_sharing_enabled":true,"jetpack_shortlink":"https:\/\/wp.me\/paCYDp-ll","jetpack_likes_enabled":true,"jetpack-related-posts":[{"id":248,"url":"https:\/\/www.kanenberg.com.br\/familia\/primeiros-moradores-pomerode\/","url_meta":{"origin":1323,"position":0},"title":"Rela\u00e7\u00e3o dos moradores da Linha Colonial Rio do Testo \u2013 Col\u00f4nia Blumenau","author":"admin","date":"3 de fevereiro de 2019","format":false,"excerpt":"O documento cont\u00e9m um \u00cdndice Alfab\u00e9tico dos Moradores da Linha Colonial do Rio do Testo, reunindo sobrenomes conhecidos como Achterberg, Behling, Dalmann, Gr\u00fctzmacher, Hornburg, Kr\u00fcger, Siewert, Volkmann, entre outros. Tamb\u00e9m apresenta a Rela\u00e7\u00e3o de Moradores, informando a data de compra e o n\u00famero do lote de cada propriet\u00e1rio. Rela\u00e7\u00e3o dos\u2026","rel":"","context":"Em &quot;Pomerode&quot;","block_context":{"text":"Pomerode","link":"https:\/\/www.kanenberg.com.br\/familia\/category\/lugares\/brasil\/pomerode\/"},"img":{"alt_text":"Rio do T\u00easto - Primeiros Moradores e seus Lotes","src":"https:\/\/i0.wp.com\/www.kanenberg.com.br\/familia\/wp-content\/uploads\/2019\/02\/relacao_pomerode-1.jpg?resize=350%2C200&ssl=1","width":350,"height":200,"srcset":"https:\/\/i0.wp.com\/www.kanenberg.com.br\/familia\/wp-content\/uploads\/2019\/02\/relacao_pomerode-1.jpg?resize=350%2C200&ssl=1 1x, https:\/\/i0.wp.com\/www.kanenberg.com.br\/familia\/wp-content\/uploads\/2019\/02\/relacao_pomerode-1.jpg?resize=525%2C300&ssl=1 1.5x, https:\/\/i0.wp.com\/www.kanenberg.com.br\/familia\/wp-content\/uploads\/2019\/02\/relacao_pomerode-1.jpg?resize=700%2C400&ssl=1 2x"},"classes":[]},{"id":254,"url":"https:\/\/www.kanenberg.com.br\/familia\/fotos-pomerode\/","url_meta":{"origin":1323,"position":1},"title":"Rio do T\u00easto, Pomerode, Santa Catarina","author":"admin","date":"3 de fevereiro de 2019","format":false,"excerpt":"Fotos da cidade de Pomerode (antiga Rio do T\u00easto). Pomerode \u00e9 um munic\u00edpio do estado de Santa Catarina, no Brasil. Localizado na Mesorregi\u00e3o do Vale do Itaja\u00ed e na Microrregi\u00e3o de Blumenau \u00e9 conhecido por ser \"A cidade mais alem\u00e3 do Brasil\". Al\u00e9m do portugu\u00eas, grande parte da popula\u00e7\u00e3o local\u2026","rel":"","context":"Em &quot;Fotos&quot;","block_context":{"text":"Fotos","link":"https:\/\/www.kanenberg.com.br\/familia\/category\/galerias\/fotos\/"},"img":{"alt_text":"Pomerode - Cria\u00e7\u00e3o da Associa\u00e7\u00e3o Hospitalar","src":"https:\/\/i0.wp.com\/www.kanenberg.com.br\/familia\/wp-content\/uploads\/2019\/02\/pomerode_hospital_1.jpg?resize=350%2C200&ssl=1","width":350,"height":200},"classes":[]},{"id":1240,"url":"https:\/\/www.kanenberg.com.br\/familia\/ginasio-dr-blumenau\/","url_meta":{"origin":1323,"position":2},"title":"Do Gin\u00e1sio Dr. Blumenau ao Col\u00e9gio Sinodal: A Hist\u00f3ria de Forma\u00e7\u00e3o e Tradi\u00e7\u00e3o no Cora\u00e7\u00e3o de Pomerode","author":"admin","date":"2 de agosto de 2026","format":false,"excerpt":"A trajet\u00f3ria da institui\u00e7\u00e3o educacional que nasceu como Gin\u00e1sio Dr. Blumenau na d\u00e9cada de 1960 e que hoje \u00e9 o Col\u00e9gio Sinodal Doutor Blumenau.","rel":"","context":"Em &quot;Pomerode&quot;","block_context":{"text":"Pomerode","link":"https:\/\/www.kanenberg.com.br\/familia\/category\/lugares\/brasil\/pomerode\/"},"img":{"alt_text":"Dr. Blumenau","src":"https:\/\/i0.wp.com\/www.kanenberg.com.br\/familia\/wp-content\/uploads\/2026\/08\/Dr.-Blumenau.jpg?resize=350%2C200&ssl=1","width":350,"height":200,"srcset":"https:\/\/i0.wp.com\/www.kanenberg.com.br\/familia\/wp-content\/uploads\/2026\/08\/Dr.-Blumenau.jpg?resize=350%2C200&ssl=1 1x, https:\/\/i0.wp.com\/www.kanenberg.com.br\/familia\/wp-content\/uploads\/2026\/08\/Dr.-Blumenau.jpg?resize=525%2C300&ssl=1 1.5x, https:\/\/i0.wp.com\/www.kanenberg.com.br\/familia\/wp-content\/uploads\/2026\/08\/Dr.-Blumenau.jpg?resize=700%2C400&ssl=1 2x, https:\/\/i0.wp.com\/www.kanenberg.com.br\/familia\/wp-content\/uploads\/2026\/08\/Dr.-Blumenau.jpg?resize=1050%2C600&ssl=1 3x, https:\/\/i0.wp.com\/www.kanenberg.com.br\/familia\/wp-content\/uploads\/2026\/08\/Dr.-Blumenau.jpg?resize=1400%2C800&ssl=1 4x"},"classes":[]},{"id":263,"url":"https:\/\/www.kanenberg.com.br\/familia\/criacao-da-associacao-hospitalar\/","url_meta":{"origin":1323,"position":3},"title":"Cria\u00e7\u00e3o da Associa\u00e7\u00e3o Hospitalar","author":"admin","date":"3 de fevereiro de 2019","format":false,"excerpt":"No ano de 1949, alguns cidad\u00e3os moradores de Pomerode se reuniram, entre eles Augusto Guilherme Schwanke, Lauro Harbs, Max Jacobsen, Mario Jung, e resolveram construir e fundar a Associa\u00e7\u00e3o Hospitalar.","rel":"","context":"Em &quot;Pomerode&quot;","block_context":{"text":"Pomerode","link":"https:\/\/www.kanenberg.com.br\/familia\/category\/lugares\/brasil\/pomerode\/"},"img":{"alt_text":"Schwester Anita Guenther","src":"https:\/\/i0.wp.com\/www.kanenberg.com.br\/familia\/wp-content\/uploads\/2019\/02\/schwester-anita.jpg?resize=350%2C200&ssl=1","width":350,"height":200},"classes":[]},{"id":1332,"url":"https:\/\/www.kanenberg.com.br\/familia\/melhorias-na-estrada-para-blumenau\/","url_meta":{"origin":1323,"position":4},"title":"Melhorias na estrada para Blumenau","author":"admin","date":"30 de agosto de 2026","format":false,"excerpt":"Alargamento de um trecho de estrada em Testo Central Alto, curva da estrada na beira do rio, ocorrido no ano de 1929.","rel":"","context":"Em &quot;Blumenau&quot;","block_context":{"text":"Blumenau","link":"https:\/\/www.kanenberg.com.br\/familia\/category\/lugares\/brasil\/blumenau\/"},"img":{"alt_text":"Melhorias na estrada para Blumenau","src":"https:\/\/i0.wp.com\/www.kanenberg.com.br\/familia\/wp-content\/uploads\/2026\/08\/Melhorias_Estrada_Bnu.jpg?resize=350%2C200&ssl=1","width":350,"height":200,"srcset":"https:\/\/i0.wp.com\/www.kanenberg.com.br\/familia\/wp-content\/uploads\/2026\/08\/Melhorias_Estrada_Bnu.jpg?resize=350%2C200&ssl=1 1x, https:\/\/i0.wp.com\/www.kanenberg.com.br\/familia\/wp-content\/uploads\/2026\/08\/Melhorias_Estrada_Bnu.jpg?resize=525%2C300&ssl=1 1.5x, https:\/\/i0.wp.com\/www.kanenberg.com.br\/familia\/wp-content\/uploads\/2026\/08\/Melhorias_Estrada_Bnu.jpg?resize=700%2C400&ssl=1 2x, https:\/\/i0.wp.com\/www.kanenberg.com.br\/familia\/wp-content\/uploads\/2026\/08\/Melhorias_Estrada_Bnu.jpg?resize=1050%2C600&ssl=1 3x, https:\/\/i0.wp.com\/www.kanenberg.com.br\/familia\/wp-content\/uploads\/2026\/08\/Melhorias_Estrada_Bnu.jpg?resize=1400%2C800&ssl=1 4x"},"classes":[]},{"id":1250,"url":"https:\/\/www.kanenberg.com.br\/familia\/ponte-pensil-schmidt\/","url_meta":{"origin":1323,"position":5},"title":"Ponte P\u00eansil Schmidt (Schmidts Steg)","author":"admin","date":"20 de agosto de 2026","format":false,"excerpt":"A famosa ponte p\u00eansil de Pomerode fica na Rua Johanes Roedel, ligando-a \u00e0 Rua Luiz Abry. Popularmente chamada de \"Pinguela do Schmidt\", a travessia ganhou esse apelido porque, ao que tudo indica, contou com a participa\u00e7\u00e3o direta da pr\u00f3pria Porcelana Schmidt em sua constru\u00e7\u00e3o para facilitar o acesso de seus\u2026","rel":"","context":"Em &quot;Pomerode&quot;","block_context":{"text":"Pomerode","link":"https:\/\/www.kanenberg.com.br\/familia\/category\/lugares\/brasil\/pomerode\/"},"img":{"alt_text":"Schmidtsthei","src":"https:\/\/i0.wp.com\/www.kanenberg.com.br\/familia\/wp-content\/uploads\/2026\/08\/Schmidtsthei.jpg?resize=350%2C200&ssl=1","width":350,"height":200,"srcset":"https:\/\/i0.wp.com\/www.kanenberg.com.br\/familia\/wp-content\/uploads\/2026\/08\/Schmidtsthei.jpg?resize=350%2C200&ssl=1 1x, https:\/\/i0.wp.com\/www.kanenberg.com.br\/familia\/wp-content\/uploads\/2026\/08\/Schmidtsthei.jpg?resize=525%2C300&ssl=1 1.5x, https:\/\/i0.wp.com\/www.kanenberg.com.br\/familia\/wp-content\/uploads\/2026\/08\/Schmidtsthei.jpg?resize=700%2C400&ssl=1 2x, https:\/\/i0.wp.com\/www.kanenberg.com.br\/familia\/wp-content\/uploads\/2026\/08\/Schmidtsthei.jpg?resize=1050%2C600&ssl=1 3x, https:\/\/i0.wp.com\/www.kanenberg.com.br\/familia\/wp-content\/uploads\/2026\/08\/Schmidtsthei.jpg?resize=1400%2C800&ssl=1 4x"},"classes":[]}],"amp_enabled":true,"jetpack_featured_media_url":"","_links":{"self":[{"href":"https:\/\/www.kanenberg.com.br\/familia\/wp-json\/wp\/v2\/posts\/1323","targetHints":{"allow":["GET"]}}],"collection":[{"href":"https:\/\/www.kanenberg.com.br\/familia\/wp-json\/wp\/v2\/posts"}],"about":[{"href":"https:\/\/www.kanenberg.com.br\/familia\/wp-json\/wp\/v2\/types\/post"}],"author":[{"embeddable":true,"href":"https:\/\/www.kanenberg.com.br\/familia\/wp-json\/wp\/v2\/users\/1"}],"replies":[{"embeddable":true,"href":"https:\/\/www.kanenberg.com.br\/familia\/wp-json\/wp\/v2\/comments?post=1323"}],"version-history":[{"count":4,"href":"https:\/\/www.kanenberg.com.br\/familia\/wp-json\/wp\/v2\/posts\/1323\/revisions"}],"predecessor-version":[{"id":1330,"href":"https:\/\/www.kanenberg.com.br\/familia\/wp-json\/wp\/v2\/posts\/1323\/revisions\/1330"}],"wp:attachment":[{"href":"https:\/\/www.kanenberg.com.br\/familia\/wp-json\/wp\/v2\/media?parent=1323"}],"wp:term":[{"taxonomy":"category","embeddable":true,"href":"https:\/\/www.kanenberg.com.br\/familia\/wp-json\/wp\/v2\/categories?post=1323"},{"taxonomy":"post_tag","embeddable":true,"href":"https:\/\/www.kanenberg.com.br\/familia\/wp-json\/wp\/v2\/tags?post=1323"}],"curies":[{"name":"wp","href":"https:\/\/api.w.org\/{rel}","templated":true}]}}