{"id":1071,"date":"2024-11-04T22:04:04","date_gmt":"2024-11-05T01:04:04","guid":{"rendered":"https:\/\/www.kanenberg.com.br\/familia\/?p=1071"},"modified":"2024-11-04T22:04:04","modified_gmt":"2024-11-05T01:04:04","slug":"comunidade-luterana-km20","status":"publish","type":"post","link":"https:\/\/www.kanenberg.com.br\/familia\/comunidade-luterana-km20\/","title":{"rendered":"Comunidade Evang\u00e9lica Luterana de Bra\u00e7o do Trombudo Km20"},"content":{"rendered":"<p style=\"text-align: justify;\">Um pouco da hist\u00f3ria da Comunidade Evag\u00e9lica Luterana de Bra\u00e7o do Trombudo, Km20.<\/p>\n<figure id=\"attachment_1072\" aria-describedby=\"caption-attachment-1072\" style=\"width: 526px\" class=\"wp-caption aligncenter\"><a href=\"https:\/\/www.kanenberg.com.br\/familia\/wp-content\/uploads\/2024\/11\/igreja-km20_1952.jpg\"><img loading=\"lazy\" decoding=\"async\" data-attachment-id=\"1072\" data-permalink=\"https:\/\/www.kanenberg.com.br\/familia\/comunidade-luterana-km20\/igreja-km20_1952\/\" data-orig-file=\"https:\/\/www.kanenberg.com.br\/familia\/wp-content\/uploads\/2024\/11\/igreja-km20_1952.jpg\" data-orig-size=\"526,694\" data-comments-opened=\"1\" data-image-meta=\"{&quot;aperture&quot;:&quot;0&quot;,&quot;credit&quot;:&quot;&quot;,&quot;camera&quot;:&quot;&quot;,&quot;caption&quot;:&quot;&quot;,&quot;created_timestamp&quot;:&quot;0&quot;,&quot;copyright&quot;:&quot;&quot;,&quot;focal_length&quot;:&quot;0&quot;,&quot;iso&quot;:&quot;0&quot;,&quot;shutter_speed&quot;:&quot;0&quot;,&quot;title&quot;:&quot;&quot;,&quot;orientation&quot;:&quot;0&quot;}\" data-image-title=\"Igreja da Comunidade Evang\u00e9lica Luterana de Bra\u00e7o do Trombudo Km20 &amp;#8211; Ano de 1952\" data-image-description=\"&lt;p&gt;Igreja da Comunidade Evang\u00e9lica Luterana de Bra\u00e7o do Trombudo Km20 &amp;#8211; Ano de 1952&lt;\/p&gt;\n\" data-image-caption=\"&lt;p&gt;Igreja da Comunidade Evang\u00e9lica Luterana de Bra\u00e7o do Trombudo Km20 &amp;#8211; Ano de 1952&lt;\/p&gt;\n\" data-large-file=\"https:\/\/www.kanenberg.com.br\/familia\/wp-content\/uploads\/2024\/11\/igreja-km20_1952.jpg\" class=\"size-full wp-image-1072\" src=\"https:\/\/www.kanenberg.com.br\/familia\/wp-content\/uploads\/2024\/11\/igreja-km20_1952.jpg\" alt=\"Igreja da Comunidade Evang\u00e9lica Luterana de Bra\u00e7o do Trombudo Km20 - Ano de 1952\" width=\"526\" height=\"694\" srcset=\"https:\/\/www.kanenberg.com.br\/familia\/wp-content\/uploads\/2024\/11\/igreja-km20_1952.jpg 526w, https:\/\/www.kanenberg.com.br\/familia\/wp-content\/uploads\/2024\/11\/igreja-km20_1952-227x300.jpg 227w\" sizes=\"auto, (max-width: 526px) 100vw, 526px\" \/><\/a><figcaption id=\"caption-attachment-1072\" class=\"wp-caption-text\">Igreja da Comunidade Evang\u00e9lica Luterana de Bra\u00e7o do Trombudo Km20 &#8211; Ano de 1952<\/figcaption><\/figure>\n<h3 style=\"text-align: center;\"><span style=\"color: #000080;\">Carta do lan\u00e7amento da pedra angular<\/span><\/h3>\n<p style=\"text-align: left;\">Abaixo segue o texto da carta escrita por ocasi\u00e3o do lan\u00e7amento da pedra fundamental da igreja da comunidade luterana de Bra\u00e7o do Trombudo, Km 20.<\/p>\n<blockquote>\n<h3><span style=\"color: #800000;\">Mem\u00f3ria para o lan\u00e7amento da pedra angular da igreja Evang\u00e9lica em Bra\u00e7o do Trombudo km 20, na data de 18 de Abril de 1948.<\/span><\/h3>\n<p style=\"text-align: justify;\"><span style=\"color: #800000;\">A Comunidade Evang\u00e9lica de Trombudo Central tinha o seu <strong>primeiro culto no dia 10 de maio de 1916<\/strong>, realizado pelo Pastor Heinrich Radlach, que visitou esta zona a primeira vez. At\u00e9 fevereiro de 1934 Trombudo formava uma parte da par\u00f3quia Belle-Allian\u00e7a, alias Rio do Sul ou Suedarm. Formavam-se nesta zona sempre novos postos de culto, crescendo a popula\u00e7\u00e3o constantemente, entre os quais Bra\u00e7o do Trombudo &#8211; Km 20 foi fundado no dia <strong>05 de dezembro de 1924<\/strong>. O primeiro culto foi na escola particular, pertencendo a reuni\u00e3o escolar de km 20, a qual os colonos instalaram na data de 23\/11\/1924 sob a dire\u00e7\u00e3o do Sr. Adolf Boeving transformaram numa &#8220;Reuni\u00e3o Geral&#8221;, que tem ainda por fim de manter e garantir os seus interesses culturais. A sua diretoria foi composta pelos Sr. Edmund Teske, Ewald Brennscheidt, Richard Teske e Adolf Boeving. Era o Pastor Poeschl que prestou o primeiro servi\u00e7o predical: ele porem foi somente um ano como Pastor Evang\u00e9lico em Rio do Sul. Desde mar\u00e7o de 1926 a Par\u00f3quia de Rio do Sul foi dirigida pelo Pastor Leonhard Grau que depois quase 11 anos de servi\u00e7o em e para sua Par\u00f3quia faleceu na data de 12\/11\/1936 e foi sepultado na Igreja Evang\u00e9lica de Rio do Sul.<\/span><\/p>\n<p style=\"text-align: justify;\"><span style=\"color: #800000;\">Em 1934 Trombudo Central se tornou Par\u00f3quia aut\u00f4noma e por isso Trombudo km 20 Comunidade desta nova Par\u00f3quia, fundada com a vinda do nosso pastor atual Richard Laun, o qual realizou neste lugar o primeiro culto na data de 11\/02\/1934. Se bem que o tempo da Segunda Guerra Mundial trouxesse muitas dificuldades para o desenvolvimento da nossa comunidade, o nosso Pastor foi separado de n\u00f3s por mais do que 3 anos, podemos felizmente constatar que a Comunidade n\u00e3o somente exterior mas tamb\u00e9m interiormente cresceu apesar da marcha do materialismo e do crescimento da impiedade e ruindade no mundo inteiro.<\/span><\/p>\n<p style=\"text-align: justify;\"><span style=\"color: #800000;\">A administra\u00e7\u00e3o da comunidade foi sucessivamente desde 1925 nas m\u00e3os dos senhores: Adolf Boeving, Otto Heidrich, Arthur Siewerdt, Hugo Fey e est\u00e1 dirigida hoje pelo presidente Sr. Conrad Rinnert. Cada um deles conforme a sua qualidade e maneira prestaram bons servi\u00e7os para o progresso da nossa Comunidade e a fidelidade deles contribui tamb\u00e9m que hoje podemos p\u00f4r a pedra angular para uma igreja nova e massiva.<\/span><\/p>\n<p style=\"text-align: justify;\"><span style=\"color: #800000;\">N\u00e3o queremos esquecer mencionar o nosso fiel, piedoso e alegre tesoureiro Sr. Julius Knappmann (apelido Muenchhausen) que cumpriu os seus servi\u00e7os como exemplo para muitos e desejamos que ele seja capaz de administrar este cargo ainda muitos anos.<\/span><\/p>\n<p style=\"text-align: justify;\"><span style=\"color: #800000;\">Trombudo km 20 \u00e9 para nosso Sinodo Evang\u00e9lico de S. Catarina e Paran\u00e1, por assim dizer uma fortaleza Evang\u00e9lica, porque ela \u00e9 a primeira Comunidade Evang\u00e9lica no Estado de S. Catarina neste lado do Sul, porque de S\u00e3o Sebasti\u00e3o do Ca\u00ed at\u00e9 Serra Alta (Serril) a zona esta povoada somente por gente cat\u00f3lica e de origem luso ou \u00edtalo-brasileira.<\/span><\/p>\n<p style=\"text-align: justify;\"><span style=\"color: #800000;\">O terreno para igreja e escola desde j\u00e1 muito tempo foi escolhido neste ponto pelo nosso colaborador e construtor Adolf Boeving e em consentimento do Sr. Carlos Voigt trensferido a Par\u00f3quia Evang\u00e9lica de Trombudo Central. Como primeira contribui\u00e7\u00e3o para a constru\u00e7\u00e3o da sua igreja a comunidade fizxou a import\u00e2ncia de Cr$ 1.000,00 (1 Conto de r\u00e9is) por membro e o desejo geral de ter uma igreja digna achou sua express\u00e3o tamb\u00e9m no fato da unanimidade no aceitar deste proposto na assembl\u00e9ia geral.<\/span><br \/>\n<span style=\"color: #800000;\">A comiss\u00e3o para a constru\u00e7\u00e3o da igreja se comp\u00f5e de: Helmuth Kress, Arthur Spiess, Hermann Doering, Jo\u00e3o Boeving.<\/span><\/p>\n<p style=\"text-align: justify;\"><span style=\"color: #800000;\">No tempo do lan\u00e7amento da pedra fundamental para esta igreja o nosso munic\u00edpio est\u00e1 dirigido pelo seu Prefeito o Digno Sr. Wenceslau Borini, industrial marcante da nossa comarca. O Governador do Estado \u00e9 sua Excel\u00eancia Dr. Aderbal Ramos e Chefe da Na\u00e7\u00e3o General Eurico Gaspar Dutra.<\/span><br \/>\n<span style=\"color: #800000;\">Os habitantes de Trombudo km 20 s\u00e3o em sua maioria colonos diligentes e trabalhosos que vieram da zona de Blumenau ou de Anit\u00e1polis e cujos antepassados imigraram de Westfalen, Pommern, Holstein ou da zona de Hundruck, em Alemanha.<\/span><\/p>\n<p style=\"text-align: justify;\"><span style=\"color: #800000;\">A ind\u00fastria est\u00e1 representada por uma fecularia da firma Germano Schroeder S.A. e por diversas serrarias.<\/span><\/p>\n<p style=\"text-align: justify;\"><span style=\"color: #800000;\">O comercio tem seus representantes nas casas de Germano Scroeder S.A., Alwin Rahn (antigamente professor estimado em nosso lugar), Ewaldo Gaertner, Adolfo Knauel e tamb\u00e9m diversos profissionais garantem o progresso de nosso lugar e sabemos que ainda muitos se acham entre n\u00f3s que por sua capacidade e seu car\u00e1ter reto elevar\u00e3o esta a nossa zona de Bra\u00e7o do Trombudo km 20.<\/span><\/p>\n<p style=\"text-align: justify;\"><span style=\"color: #800000;\">Em nome do Alt\u00edssimo pomos esta mem\u00f3ria na pedra angular e pedimos ao eterno Deus que ele seja prote\u00e7\u00e3o e ajuda desta igreja. Ele queira edificar seu reino entre n\u00f3s pela sua palavra da Cruz de Cristo, anunciada nesta casa e dar-nos a paz, a qual o mundo n\u00e3o e nunca \u00e9 capaz de trazer-nos.<\/span><\/p>\n<p style=\"text-align: justify;\"><span style=\"color: #800000;\">Sua palavra divina queira penetrar nos cora\u00e7\u00f5es de cada um de n\u00f3s afim de que pelo servi\u00e7o nesta igreja se torne cada casa numa casa divina e tamb\u00e9m a nossa juventude nunca perca o caminho que unicamente conduz a vida verdadeira.<\/span><\/p>\n<p><span style=\"color: #800000;\">Assim Seja &#8212; Am\u00e9m<\/span><\/p>\n<p><span style=\"color: #800000;\">Bra\u00e7o do Trombudo Km 20, 18 de abril de 1948.<\/span><\/p>\n<p>&nbsp;<\/p><\/blockquote>\n<h3 style=\"text-align: center;\"><span style=\"color: #000080;\">Resumo da Carta e Mem\u00f3ria da Pedra Fundamental<\/span><\/h3>\n<p><strong>Fundamenta\u00e7\u00e3o e Crescimento da Comunidade:<\/strong><\/p>\n<ul>\n<li><strong>Origem<\/strong>: A comunidade evang\u00e9lica em Bra\u00e7o do Trombudo km 20 teve seus primeiros cultos em 1924, sob a lideran\u00e7a de colonos alem\u00e3es.<\/li>\n<li><strong>Desenvolvimento<\/strong>: A comunidade cresceu e em 1934 tornou-se parte da Par\u00f3quia de Trombudo Central.<\/li>\n<li><strong>Dificuldades e Crescimento<\/strong>: Apesar das dificuldades da Segunda Guerra Mundial, a comunidade continuou a crescer, tanto em n\u00famero quanto em f\u00e9.<\/li>\n<\/ul>\n<p><strong>Constru\u00e7\u00e3o da Igreja:<\/strong><\/p>\n<ul>\n<li><strong>Decis\u00e3o e Contribui\u00e7\u00e3o<\/strong>: A comunidade decidiu construir uma nova igreja e cada membro contribuiu com um valor significativo para a obra.<\/li>\n<li><strong>Comiss\u00e3o e Terreno<\/strong>: Foi formada uma comiss\u00e3o para supervisionar a constru\u00e7\u00e3o e o terreno foi doado por membros da comunidade.<\/li>\n<li><strong>Data da Pedra Fundamental<\/strong>: A pedra fundamental foi lan\u00e7ada em 18 de abril de 1948.<\/li>\n<\/ul>\n<p><strong>Contexto Hist\u00f3rico e Social:<\/strong><\/p>\n<ul>\n<li><strong>L\u00edderes<\/strong>: O texto menciona l\u00edderes religiosos, pol\u00edticos e comunit\u00e1rios da \u00e9poca.<\/li>\n<li><strong>Origem dos Colonos<\/strong>: A maioria dos colonos eram alem\u00e3es que se estabeleceram na regi\u00e3o.<\/li>\n<li><strong>Economia<\/strong>: A economia local era baseada na agricultura e em pequenas ind\u00fastrias.<\/li>\n<\/ul>\n<p><strong>Prop\u00f3sitos e Esperan\u00e7as:<\/strong><\/p>\n<ul>\n<li><strong>F\u00e9 e Espiritualidade<\/strong>: A igreja era vista como um lugar de fortalecimento da f\u00e9 e de encontro com Deus.<\/li>\n<li><strong>Futuro<\/strong>: A comunidade expressou a esperan\u00e7a de que a igreja fosse um centro de vida espiritual e um guia para as futuras gera\u00e7\u00f5es.<\/li>\n<\/ul>\n<p style=\"text-align: justify;\"><strong>Em resumo<\/strong>, a mem\u00f3ria da pedra fundamental da igreja evang\u00e9lica em Bra\u00e7o do Trombudo km 20 registra a hist\u00f3ria de uma comunidade de f\u00e9 que, atrav\u00e9s de desafios e crescimento, construiu um lugar de culto e encontro espiritual. O texto destaca a import\u00e2ncia da f\u00e9, da comunidade e da perseveran\u00e7a dos colonos alem\u00e3es que se estabeleceram na regi\u00e3o.<\/p>\n<p>&nbsp;<\/p>\n<h3 style=\"text-align: center;\"><span style=\"color: #000080;\">5 de dezembro de 1924<\/span><\/h3>\n<ul>\n<li><strong>Funda\u00e7\u00e3o de Bra\u00e7o do Trombudo Km 20<\/strong>: O dia 5 de dezembro de 1924, foi marcado pela funda\u00e7\u00e3o de um novo local, um novo assentamento, ou uma nova comunidade: Bra\u00e7o do Trombudo Km 20.<\/li>\n<li><strong>Primeiro Culto<\/strong>: Logo em seguida, ocorreu o primeiro culto realizado nesse local, em uma escola particular.<\/li>\n<\/ul>\n<p><strong>O que provavelmente aconteceu?<\/strong><\/p>\n<p style=\"text-align: justify;\">\u00c9 bem prov\u00e1vel que, at\u00e9 5 de dezembro de 1924, j\u00e1 existisse um grupo de colonos vivendo e trabalhando naquela regi\u00e3o. Eles j\u00e1 haviam, inclusive, instalado uma escola em 23 de novembro do mesmo ano. <strong>A data de 5 de dezembro marca, portanto, um momento formal de reconhecimento e estabelecimento desse novo n\u00facleo populacional.<\/strong><\/p>\n<p><strong>Por que essa data \u00e9 importante?<\/strong><\/p>\n<ul>\n<li><strong>Registro Hist\u00f3rico<\/strong>: Essa data serve como um marco inicial para contar a hist\u00f3ria da comunidade de Bra\u00e7o do Trombudo Km 20.<\/li>\n<li><strong>Identidade Coletiva<\/strong>: A data de funda\u00e7\u00e3o ajuda a construir uma identidade coletiva para os moradores, um senso de pertencimento a um lugar e a uma hist\u00f3ria em comum.<\/li>\n<li><strong>Base para Comemora\u00e7\u00f5es<\/strong>: A data de funda\u00e7\u00e3o \u00e9 frequentemente utilizada para celebrar anivers\u00e1rios da comunidade, organizando eventos e atividades que refor\u00e7am os la\u00e7os entre os moradores.<\/li>\n<\/ul>\n<p><strong>Em resumo:<\/strong><\/p>\n<p style=\"text-align: justify;\">Embora o texto n\u00e3o especifique exatamente o que aconteceu no dia 5 de dezembro de 1924 para marcar a funda\u00e7\u00e3o de Bra\u00e7o do Trombudo Km 20, podemos inferir que foi um momento importante para formalizar a exist\u00eancia da comunidade e dar in\u00edcio a sua hist\u00f3ria.<\/p>\n","protected":false},"excerpt":{"rendered":"<p>Um pouco da hist\u00f3ria da Comunidade Evag\u00e9lica Luterana de Bra\u00e7o do Trombudo, Km20.<\/p>\n","protected":false},"author":1,"featured_media":0,"comment_status":"open","ping_status":"open","sticky":false,"template":"","format":"standard","meta":{"_exactmetrics_skip_tracking":false,"_jetpack_newsletter_access":"","_jetpack_dont_email_post_to_subs":false,"_jetpack_newsletter_tier_id":0,"_jetpack_memberships_contains_paywalled_content":false,"_jetpack_feature_clip_id":0,"_jetpack_memberships_contains_paid_content":false,"footnotes":"","jetpack_publicize_message":"","jetpack_publicize_feature_enabled":true,"jetpack_social_post_already_shared":true,"jetpack_social_options":{"image_generator_settings":{"template":"highway","default_image_id":0,"font":"","enabled":false},"version":2},"jetpack_post_was_ever_published":false},"categories":[107],"tags":[108,65,109],"class_list":["post-1071","post","type-post","status-publish","format-standard","hentry","category-braco-do-trombudo","tag-braco-do-trombudo","tag-comunidade-evangelica","tag-igreja"],"jetpack_publicize_connections":[],"jetpack_sharing_enabled":true,"jetpack_shortlink":"https:\/\/wp.me\/paCYDp-hh","jetpack_likes_enabled":true,"jetpack-related-posts":[{"id":1064,"url":"https:\/\/www.kanenberg.com.br\/familia\/historia-cultura-braco-do-trombudo\/","url_meta":{"origin":1071,"position":0},"title":"A Hist\u00f3ria e a Cultura de Bra\u00e7o do Trombudo","author":"admin","date":"4 de novembro de 2024","format":false,"excerpt":"Bra\u00e7o do Trombudo \u00e9 uma cidade rica em hist\u00f3ria e cultura, localizada em Santa Catarina. A origem de seu nome remonta \u00e0s observa\u00e7\u00f5es dos primeiros imigrantes alem\u00e3es, que chegaram \u00e0 regi\u00e3o por volta de 1920 e 1921, vindos de Blumenau e arredores. Percorrendo cerca de 101 quil\u00f4metros e seguindo o\u2026","rel":"","context":"Em &quot;Bra\u00e7o do Trombudo&quot;","block_context":{"text":"Bra\u00e7o do Trombudo","link":"https:\/\/www.kanenberg.com.br\/familia\/category\/lugares\/brasil\/braco-do-trombudo\/"},"img":{"alt_text":"Bra\u00e7o do Trombudo - Vista A\u00e9rea","src":"https:\/\/i0.wp.com\/www.kanenberg.com.br\/familia\/wp-content\/uploads\/2024\/11\/Vista-Aerea-600x400.jpg?resize=350%2C200&ssl=1","width":350,"height":200,"srcset":"https:\/\/i0.wp.com\/www.kanenberg.com.br\/familia\/wp-content\/uploads\/2024\/11\/Vista-Aerea-600x400.jpg?resize=350%2C200&ssl=1 1x, https:\/\/i0.wp.com\/www.kanenberg.com.br\/familia\/wp-content\/uploads\/2024\/11\/Vista-Aerea-600x400.jpg?resize=525%2C300&ssl=1 1.5x"},"classes":[]},{"id":1069,"url":"https:\/\/www.kanenberg.com.br\/familia\/braco-trombudo-jo-soares\/","url_meta":{"origin":1071,"position":1},"title":"Bra\u00e7o do Trombudo no Programa J\u00f4 Soares","author":"admin","date":"27 de agosto de 2026","format":false,"excerpt":"Em 17 de abril de 2010, Bra\u00e7o do Trombudo ganhou destaque no Programa do J\u00f4 Soares, com uma mat\u00e9ria intitulada \"Bra\u00e7o do Trombudo: voc\u00ea sabe onde fica?\", que foi a primeira de uma s\u00e9rie sobre cidades de nomes curiosos.","rel":"","context":"Em &quot;Bra\u00e7o do Trombudo&quot;","block_context":{"text":"Bra\u00e7o do Trombudo","link":"https:\/\/www.kanenberg.com.br\/familia\/category\/lugares\/brasil\/braco-do-trombudo\/"},"img":{"alt_text":"","src":"https:\/\/i0.wp.com\/www.kanenberg.com.br\/familia\/wp-content\/uploads\/2026\/08\/btrombudo_jo_soares.jpg?resize=350%2C200&ssl=1","width":350,"height":200,"srcset":"https:\/\/i0.wp.com\/www.kanenberg.com.br\/familia\/wp-content\/uploads\/2026\/08\/btrombudo_jo_soares.jpg?resize=350%2C200&ssl=1 1x, https:\/\/i0.wp.com\/www.kanenberg.com.br\/familia\/wp-content\/uploads\/2026\/08\/btrombudo_jo_soares.jpg?resize=525%2C300&ssl=1 1.5x, https:\/\/i0.wp.com\/www.kanenberg.com.br\/familia\/wp-content\/uploads\/2026\/08\/btrombudo_jo_soares.jpg?resize=700%2C400&ssl=1 2x, https:\/\/i0.wp.com\/www.kanenberg.com.br\/familia\/wp-content\/uploads\/2026\/08\/btrombudo_jo_soares.jpg?resize=1050%2C600&ssl=1 3x, https:\/\/i0.wp.com\/www.kanenberg.com.br\/familia\/wp-content\/uploads\/2026\/08\/btrombudo_jo_soares.jpg?resize=1400%2C800&ssl=1 4x"},"classes":[]},{"id":1074,"url":"https:\/\/www.kanenberg.com.br\/familia\/blumenauense-braco-do-trombudo\/","url_meta":{"origin":1071,"position":2},"title":"Blumenauense nascido em Bra\u00e7o do Trombudo","author":"admin","date":"4 de novembro de 2024","format":false,"excerpt":"Todos que nasceram at\u00e9 o ano de 1930, no territ\u00f3rio amarelo, eram blumenauenses e compartilham uma mesma hist\u00f3ria. Algumas localidades, a partir de suas lideran\u00e7as, tentam mudar isso, nem que seja para omitir a hist\u00f3ria do local.","rel":"","context":"Em &quot;Bra\u00e7o do Trombudo&quot;","block_context":{"text":"Bra\u00e7o do Trombudo","link":"https:\/\/www.kanenberg.com.br\/familia\/category\/lugares\/brasil\/braco-do-trombudo\/"},"img":{"alt_text":"Territ\u00f3rio de Blumenau at\u00e9 1930","src":"https:\/\/i0.wp.com\/www.kanenberg.com.br\/familia\/wp-content\/uploads\/2024\/11\/blumenauense-600x400.jpg?resize=350%2C200&ssl=1","width":350,"height":200,"srcset":"https:\/\/i0.wp.com\/www.kanenberg.com.br\/familia\/wp-content\/uploads\/2024\/11\/blumenauense-600x400.jpg?resize=350%2C200&ssl=1 1x, https:\/\/i0.wp.com\/www.kanenberg.com.br\/familia\/wp-content\/uploads\/2024\/11\/blumenauense-600x400.jpg?resize=525%2C300&ssl=1 1.5x"},"classes":[]},{"id":296,"url":"https:\/\/www.kanenberg.com.br\/familia\/genealogia-familia-kannenberg\/","url_meta":{"origin":1071,"position":3},"title":"Genealogia da fam\u00edlia Kannenberg","author":"admin","date":"11 de fevereiro de 2019","format":false,"excerpt":"Breve descri\u00e7\u00e3o geneal\u00f3gica da fam\u00edlia Kannenberg, do ancestral mais antigo aos descendentes mais recentes.","rel":"","context":"Em &quot;Kannenberg&quot;","block_context":{"text":"Kannenberg","link":"https:\/\/www.kanenberg.com.br\/familia\/category\/familias\/kannenberg\/"},"img":{"alt_text":"Genealogia","src":"https:\/\/i0.wp.com\/www.kanenberg.com.br\/familia\/wp-content\/uploads\/2019\/02\/genealogia-255x300.png?resize=350%2C200&ssl=1","width":350,"height":200},"classes":[]},{"id":579,"url":"https:\/\/www.kanenberg.com.br\/familia\/socios-fundadores-comunidade-evangelica-timbo\/","url_meta":{"origin":1071,"position":4},"title":"Lista dos s\u00f3cios fundadores da Comunidade Evang\u00e9lica de Timb\u00f3","author":"admin","date":"6 de mar\u00e7o de 2019","format":false,"excerpt":"Lista dos s\u00f3cios fundadores da Comunidade Evang\u00e9lica de Timb\u00f3 (24\/09\/1887). Constam os nomes de August Jahn e Carl Kannenberg al\u00e9m de sobrenomes como Klitzke, Butzke, Erdmann, Brandt, Krueger e Klug. Todos esses sobrenomes de alguma forma tem liga\u00e7\u00f5es de parentesco com os Kannenberg. Lembrando que August Jahn \u00e9 sogro de\u2026","rel":"","context":"Em &quot;Kannenberg&quot;","block_context":{"text":"Kannenberg","link":"https:\/\/www.kanenberg.com.br\/familia\/category\/familias\/kannenberg\/"},"img":{"alt_text":"Lista dos s\u00f3cios fundadores da Comunidade Evang\u00e9lica de Timb\u00f3 (24\/09\/1887)","src":"https:\/\/i0.wp.com\/www.kanenberg.com.br\/familia\/wp-content\/uploads\/2019\/03\/socios_fund_com_evang_timbo-747x1024.png?resize=350%2C200&ssl=1","width":350,"height":200},"classes":[]},{"id":508,"url":"https:\/\/www.kanenberg.com.br\/familia\/memorial-de-imagens\/","url_meta":{"origin":1071,"position":5},"title":"Memorial de imagens","author":"admin","date":"6 de mar\u00e7o de 2019","format":false,"excerpt":"Seguem fotos de ancestrais de diversas as fam\u00edlias em especial daqueles que j\u00e1 faleceram e deixaram saudades, registros fotogr\u00e1ficos de locais e outros. A maioria destas fotos foram fornecidas por descendentes. Agradecimentos especiais a todos que colaboraram com este acervo. Por uma quest\u00e3o de privacidade algumas pessoas ainda vivas n\u00e3o\u2026","rel":"","context":"Em &quot;Fotos&quot;","block_context":{"text":"Fotos","link":"https:\/\/www.kanenberg.com.br\/familia\/category\/galerias\/fotos\/"},"img":{"alt_text":"Wiland Heinz","src":"https:\/\/i0.wp.com\/www.kanenberg.com.br\/familia\/wp-content\/uploads\/2019\/03\/50818518_556950134805102_3493803239273398272_o-e1551886008977.jpg?resize=350%2C200&ssl=1","width":350,"height":200,"srcset":"https:\/\/i0.wp.com\/www.kanenberg.com.br\/familia\/wp-content\/uploads\/2019\/03\/50818518_556950134805102_3493803239273398272_o-e1551886008977.jpg?resize=350%2C200&ssl=1 1x, https:\/\/i0.wp.com\/www.kanenberg.com.br\/familia\/wp-content\/uploads\/2019\/03\/50818518_556950134805102_3493803239273398272_o-e1551886008977.jpg?resize=525%2C300&ssl=1 1.5x, https:\/\/i0.wp.com\/www.kanenberg.com.br\/familia\/wp-content\/uploads\/2019\/03\/50818518_556950134805102_3493803239273398272_o-e1551886008977.jpg?resize=700%2C400&ssl=1 2x"},"classes":[]}],"amp_enabled":true,"jetpack_featured_media_url":"","_links":{"self":[{"href":"https:\/\/www.kanenberg.com.br\/familia\/wp-json\/wp\/v2\/posts\/1071","targetHints":{"allow":["GET"]}}],"collection":[{"href":"https:\/\/www.kanenberg.com.br\/familia\/wp-json\/wp\/v2\/posts"}],"about":[{"href":"https:\/\/www.kanenberg.com.br\/familia\/wp-json\/wp\/v2\/types\/post"}],"author":[{"embeddable":true,"href":"https:\/\/www.kanenberg.com.br\/familia\/wp-json\/wp\/v2\/users\/1"}],"replies":[{"embeddable":true,"href":"https:\/\/www.kanenberg.com.br\/familia\/wp-json\/wp\/v2\/comments?post=1071"}],"version-history":[{"count":5,"href":"https:\/\/www.kanenberg.com.br\/familia\/wp-json\/wp\/v2\/posts\/1071\/revisions"}],"predecessor-version":[{"id":1080,"href":"https:\/\/www.kanenberg.com.br\/familia\/wp-json\/wp\/v2\/posts\/1071\/revisions\/1080"}],"wp:attachment":[{"href":"https:\/\/www.kanenberg.com.br\/familia\/wp-json\/wp\/v2\/media?parent=1071"}],"wp:term":[{"taxonomy":"category","embeddable":true,"href":"https:\/\/www.kanenberg.com.br\/familia\/wp-json\/wp\/v2\/categories?post=1071"},{"taxonomy":"post_tag","embeddable":true,"href":"https:\/\/www.kanenberg.com.br\/familia\/wp-json\/wp\/v2\/tags?post=1071"}],"curies":[{"name":"wp","href":"https:\/\/api.w.org\/{rel}","templated":true}]}}