{"id":1069,"date":"2026-08-27T21:08:43","date_gmt":"2026-08-28T00:08:43","guid":{"rendered":"https:\/\/www.kanenberg.com.br\/familia\/?p=1069"},"modified":"2026-08-27T21:08:43","modified_gmt":"2026-08-28T00:08:43","slug":"braco-trombudo-jo-soares","status":"publish","type":"post","link":"https:\/\/www.kanenberg.com.br\/familia\/braco-trombudo-jo-soares\/","title":{"rendered":"Bra\u00e7o do Trombudo no Programa J\u00f4 Soares"},"content":{"rendered":"<p style=\"text-align: justify;\">A cidade de <strong>Bra\u00e7o do Trombudo<\/strong>, em Santa Catarina, foi destaque no <strong>Programa do J\u00f4 Soares<\/strong>, exibido em 17 de abril de 2010, com a mat\u00e9ria intitulada: &#8220;<strong>Bra\u00e7o do Trombudo: voc\u00ea sabe onde fica?<\/strong>&#8220;.<\/p>\n<p style=\"text-align: center;\"><a href=\"http:\/\/youtu.be\/7iV76SEw6H0\"><img loading=\"lazy\" decoding=\"async\" data-attachment-id=\"1321\" data-permalink=\"https:\/\/www.kanenberg.com.br\/familia\/braco-trombudo-jo-soares\/btrombudo_jo_soares\/\" data-orig-file=\"https:\/\/www.kanenberg.com.br\/familia\/wp-content\/uploads\/2026\/08\/btrombudo_jo_soares.jpg\" data-orig-size=\"1448,1086\" data-comments-opened=\"1\" data-image-meta=\"{&quot;aperture&quot;:&quot;0&quot;,&quot;credit&quot;:&quot;&quot;,&quot;camera&quot;:&quot;&quot;,&quot;caption&quot;:&quot;&quot;,&quot;created_timestamp&quot;:&quot;0&quot;,&quot;copyright&quot;:&quot;&quot;,&quot;focal_length&quot;:&quot;0&quot;,&quot;iso&quot;:&quot;0&quot;,&quot;shutter_speed&quot;:&quot;0&quot;,&quot;title&quot;:&quot;&quot;,&quot;orientation&quot;:&quot;0&quot;,&quot;alt&quot;:&quot;&quot;}\" data-image-title=\"btrombudo_jo_soares\" data-image-description=\"\" data-image-caption=\"\" data-large-file=\"https:\/\/www.kanenberg.com.br\/familia\/wp-content\/uploads\/2026\/08\/btrombudo_jo_soares-1024x768.jpg\" class=\"aligncenter size-full wp-image-1321\" src=\"https:\/\/www.kanenberg.com.br\/familia\/wp-content\/uploads\/2026\/08\/btrombudo_jo_soares.jpg\" alt=\"\" width=\"1448\" height=\"1086\" srcset=\"https:\/\/www.kanenberg.com.br\/familia\/wp-content\/uploads\/2026\/08\/btrombudo_jo_soares.jpg 1448w, https:\/\/www.kanenberg.com.br\/familia\/wp-content\/uploads\/2026\/08\/btrombudo_jo_soares-300x225.jpg 300w, https:\/\/www.kanenberg.com.br\/familia\/wp-content\/uploads\/2026\/08\/btrombudo_jo_soares-1024x768.jpg 1024w, https:\/\/www.kanenberg.com.br\/familia\/wp-content\/uploads\/2026\/08\/btrombudo_jo_soares-768x576.jpg 768w\" sizes=\"auto, (max-width: 1448px) 100vw, 1448px\" \/><\/a><\/p>\n<p style=\"text-align: justify;\">Essa foi a primeira de uma s\u00e9rie de reportagens que visitaram e apresentaram cidades com nomes curiosos.<\/p>\n<p style=\"text-align: justify;\">Infelizmente, desde a exibi\u00e7\u00e3o da mat\u00e9ria, algumas das pessoas que participaram j\u00e1 faleceram, como o pr\u00f3prio <strong>J\u00f4 Soares<\/strong>, que nos deixou em agosto de 2022, o farmac\u00eautico <strong>Sr. Edmundo Gandolfi<\/strong>, falecido em junho de 2017, e a Secret\u00e1ria de Turismo <strong>Carice Wolniewicz<\/strong>, que faleceu em abril de 2022.<\/p>\n<p style=\"text-align: justify;\">Para finalizar, quem nasce em Bra\u00e7o do Trombudo \u00e9 chamado de Bra\u00e7o-trombudense, enquanto quem nasce em Trombudo Central \u00e9 conhecido como Trombudense.<\/p>\n<p><span class=\"embed-youtube\" style=\"text-align:center; display: block;\"><iframe loading=\"lazy\" class=\"youtube-player\" width=\"840\" height=\"473\" src=\"https:\/\/www.youtube.com\/embed\/7iV76SEw6H0?version=3&#038;rel=1&#038;showsearch=0&#038;showinfo=1&#038;iv_load_policy=1&#038;fs=1&#038;hl=pt-BR&#038;autohide=2&#038;wmode=transparent\" allowfullscreen=\"true\" style=\"border:0;\" sandbox=\"allow-scripts allow-same-origin allow-popups allow-presentation allow-popups-to-escape-sandbox\"><\/iframe><\/span><\/p>\n","protected":false},"excerpt":{"rendered":"<p>Em 17 de abril de 2010, Bra\u00e7o do Trombudo ganhou destaque no Programa do J\u00f4 Soares, com uma mat\u00e9ria intitulada &#8220;Bra\u00e7o do Trombudo: voc\u00ea sabe onde fica?&#8221;, que foi a primeira de uma s\u00e9rie sobre cidades de nomes curiosos.<\/p>\n","protected":false},"author":1,"featured_media":0,"comment_status":"open","ping_status":"open","sticky":false,"template":"","format":"standard","meta":{"_exactmetrics_skip_tracking":false,"_jetpack_newsletter_access":"","_jetpack_dont_email_post_to_subs":false,"_jetpack_newsletter_tier_id":0,"_jetpack_memberships_contains_paywalled_content":false,"_jetpack_feature_clip_id":0,"_jetpack_memberships_contains_paid_content":false,"footnotes":"","jetpack_publicize_message":"","jetpack_publicize_feature_enabled":true,"jetpack_social_post_already_shared":true,"jetpack_social_options":{"image_generator_settings":{"template":"highway","default_image_id":0,"font":"","enabled":false},"version":2},"jetpack_post_was_ever_published":false},"categories":[107,56],"tags":[108,139],"class_list":["post-1069","post","type-post","status-publish","format-standard","hentry","category-braco-do-trombudo","category-videos","tag-braco-do-trombudo","tag-santa-catarina"],"jetpack_publicize_connections":[],"jetpack_sharing_enabled":true,"jetpack_shortlink":"https:\/\/wp.me\/paCYDp-hf","jetpack_likes_enabled":true,"jetpack-related-posts":[{"id":1064,"url":"https:\/\/www.kanenberg.com.br\/familia\/historia-cultura-braco-do-trombudo\/","url_meta":{"origin":1069,"position":0},"title":"A Hist\u00f3ria e a Cultura de Bra\u00e7o do Trombudo","author":"admin","date":"4 de novembro de 2024","format":false,"excerpt":"Bra\u00e7o do Trombudo \u00e9 uma cidade rica em hist\u00f3ria e cultura, localizada em Santa Catarina. A origem de seu nome remonta \u00e0s observa\u00e7\u00f5es dos primeiros imigrantes alem\u00e3es, que chegaram \u00e0 regi\u00e3o por volta de 1920 e 1921, vindos de Blumenau e arredores. Percorrendo cerca de 101 quil\u00f4metros e seguindo o\u2026","rel":"","context":"Em &quot;Bra\u00e7o do Trombudo&quot;","block_context":{"text":"Bra\u00e7o do Trombudo","link":"https:\/\/www.kanenberg.com.br\/familia\/category\/lugares\/brasil\/braco-do-trombudo\/"},"img":{"alt_text":"Bra\u00e7o do Trombudo - Vista A\u00e9rea","src":"https:\/\/i0.wp.com\/www.kanenberg.com.br\/familia\/wp-content\/uploads\/2024\/11\/Vista-Aerea-600x400.jpg?resize=350%2C200&ssl=1","width":350,"height":200,"srcset":"https:\/\/i0.wp.com\/www.kanenberg.com.br\/familia\/wp-content\/uploads\/2024\/11\/Vista-Aerea-600x400.jpg?resize=350%2C200&ssl=1 1x, https:\/\/i0.wp.com\/www.kanenberg.com.br\/familia\/wp-content\/uploads\/2024\/11\/Vista-Aerea-600x400.jpg?resize=525%2C300&ssl=1 1.5x"},"classes":[]},{"id":1074,"url":"https:\/\/www.kanenberg.com.br\/familia\/blumenauense-braco-do-trombudo\/","url_meta":{"origin":1069,"position":1},"title":"Blumenauense nascido em Bra\u00e7o do Trombudo","author":"admin","date":"4 de novembro de 2024","format":false,"excerpt":"Todos que nasceram at\u00e9 o ano de 1930, no territ\u00f3rio amarelo, eram blumenauenses e compartilham uma mesma hist\u00f3ria. Algumas localidades, a partir de suas lideran\u00e7as, tentam mudar isso, nem que seja para omitir a hist\u00f3ria do local.","rel":"","context":"Em &quot;Bra\u00e7o do Trombudo&quot;","block_context":{"text":"Bra\u00e7o do Trombudo","link":"https:\/\/www.kanenberg.com.br\/familia\/category\/lugares\/brasil\/braco-do-trombudo\/"},"img":{"alt_text":"Territ\u00f3rio de Blumenau at\u00e9 1930","src":"https:\/\/i0.wp.com\/www.kanenberg.com.br\/familia\/wp-content\/uploads\/2024\/11\/blumenauense-600x400.jpg?resize=350%2C200&ssl=1","width":350,"height":200,"srcset":"https:\/\/i0.wp.com\/www.kanenberg.com.br\/familia\/wp-content\/uploads\/2024\/11\/blumenauense-600x400.jpg?resize=350%2C200&ssl=1 1x, https:\/\/i0.wp.com\/www.kanenberg.com.br\/familia\/wp-content\/uploads\/2024\/11\/blumenauense-600x400.jpg?resize=525%2C300&ssl=1 1.5x"},"classes":[]},{"id":1071,"url":"https:\/\/www.kanenberg.com.br\/familia\/comunidade-luterana-km20\/","url_meta":{"origin":1069,"position":2},"title":"Comunidade Evang\u00e9lica Luterana de Bra\u00e7o do Trombudo Km20","author":"admin","date":"4 de novembro de 2024","format":false,"excerpt":"Um pouco da hist\u00f3ria da Comunidade Evag\u00e9lica Luterana de Bra\u00e7o do Trombudo, Km20.","rel":"","context":"Em &quot;Bra\u00e7o do Trombudo&quot;","block_context":{"text":"Bra\u00e7o do Trombudo","link":"https:\/\/www.kanenberg.com.br\/familia\/category\/lugares\/brasil\/braco-do-trombudo\/"},"img":{"alt_text":"Igreja da Comunidade Evang\u00e9lica Luterana de Bra\u00e7o do Trombudo Km20 - Ano de 1952","src":"https:\/\/i0.wp.com\/www.kanenberg.com.br\/familia\/wp-content\/uploads\/2024\/11\/igreja-km20_1952.jpg?resize=350%2C200&ssl=1","width":350,"height":200,"srcset":"https:\/\/i0.wp.com\/www.kanenberg.com.br\/familia\/wp-content\/uploads\/2024\/11\/igreja-km20_1952.jpg?resize=350%2C200&ssl=1 1x, https:\/\/i0.wp.com\/www.kanenberg.com.br\/familia\/wp-content\/uploads\/2024\/11\/igreja-km20_1952.jpg?resize=525%2C300&ssl=1 1.5x"},"classes":[]},{"id":296,"url":"https:\/\/www.kanenberg.com.br\/familia\/genealogia-familia-kannenberg\/","url_meta":{"origin":1069,"position":3},"title":"Genealogia da fam\u00edlia Kannenberg","author":"admin","date":"11 de fevereiro de 2019","format":false,"excerpt":"Breve descri\u00e7\u00e3o geneal\u00f3gica da fam\u00edlia Kannenberg, do ancestral mais antigo aos descendentes mais recentes.","rel":"","context":"Em &quot;Kannenberg&quot;","block_context":{"text":"Kannenberg","link":"https:\/\/www.kanenberg.com.br\/familia\/category\/familias\/kannenberg\/"},"img":{"alt_text":"Genealogia","src":"https:\/\/i0.wp.com\/www.kanenberg.com.br\/familia\/wp-content\/uploads\/2019\/02\/genealogia-255x300.png?resize=350%2C200&ssl=1","width":350,"height":200},"classes":[]},{"id":508,"url":"https:\/\/www.kanenberg.com.br\/familia\/memorial-de-imagens\/","url_meta":{"origin":1069,"position":4},"title":"Memorial de imagens","author":"admin","date":"6 de mar\u00e7o de 2019","format":false,"excerpt":"Seguem fotos de ancestrais de diversas as fam\u00edlias em especial daqueles que j\u00e1 faleceram e deixaram saudades, registros fotogr\u00e1ficos de locais e outros. A maioria destas fotos foram fornecidas por descendentes. Agradecimentos especiais a todos que colaboraram com este acervo. Por uma quest\u00e3o de privacidade algumas pessoas ainda vivas n\u00e3o\u2026","rel":"","context":"Em &quot;Fotos&quot;","block_context":{"text":"Fotos","link":"https:\/\/www.kanenberg.com.br\/familia\/category\/galerias\/fotos\/"},"img":{"alt_text":"Wiland Heinz","src":"https:\/\/i0.wp.com\/www.kanenberg.com.br\/familia\/wp-content\/uploads\/2019\/03\/50818518_556950134805102_3493803239273398272_o-e1551886008977.jpg?resize=350%2C200&ssl=1","width":350,"height":200,"srcset":"https:\/\/i0.wp.com\/www.kanenberg.com.br\/familia\/wp-content\/uploads\/2019\/03\/50818518_556950134805102_3493803239273398272_o-e1551886008977.jpg?resize=350%2C200&ssl=1 1x, https:\/\/i0.wp.com\/www.kanenberg.com.br\/familia\/wp-content\/uploads\/2019\/03\/50818518_556950134805102_3493803239273398272_o-e1551886008977.jpg?resize=525%2C300&ssl=1 1.5x, https:\/\/i0.wp.com\/www.kanenberg.com.br\/familia\/wp-content\/uploads\/2019\/03\/50818518_556950134805102_3493803239273398272_o-e1551886008977.jpg?resize=700%2C400&ssl=1 2x"},"classes":[]},{"id":1128,"url":"https:\/\/www.kanenberg.com.br\/familia\/1-encontro-da-familia-kannenberg\/","url_meta":{"origin":1069,"position":5},"title":"1\u00ba Encontro da Fam\u00edlia Kannenberg","author":"admin","date":"9 de outubro de 2025","format":false,"excerpt":"O Primeiro Encontro da Fam\u00edlia Kannenberg ocorreu em 13 de julho de 2024, no Restaurante Kiosk Km5, na cidade de Trombudo Central, Santa Catarina, Brasil. Este evento foi fruto de um esfor\u00e7o coletivo, em especial pela brilhante organiza\u00e7\u00e3o e ideia de Leopoldo Kannenberg Filho, com as colabora\u00e7\u00f5es de Carin Heinz,\u2026","rel":"","context":"Em &quot;Kannenberg&quot;","block_context":{"text":"Kannenberg","link":"https:\/\/www.kanenberg.com.br\/familia\/category\/familias\/kannenberg\/"},"img":{"alt_text":"1\u00ba Encontro da Fam\u00edlia Kannenberg","src":"https:\/\/i0.wp.com\/www.kanenberg.com.br\/familia\/wp-content\/uploads\/2025\/10\/Imagem-do-WhatsApp-de-2024-07-13-as-11.25.22_beefdc82.jpg?resize=350%2C200&ssl=1","width":350,"height":200,"srcset":"https:\/\/i0.wp.com\/www.kanenberg.com.br\/familia\/wp-content\/uploads\/2025\/10\/Imagem-do-WhatsApp-de-2024-07-13-as-11.25.22_beefdc82.jpg?resize=350%2C200&ssl=1 1x, https:\/\/i0.wp.com\/www.kanenberg.com.br\/familia\/wp-content\/uploads\/2025\/10\/Imagem-do-WhatsApp-de-2024-07-13-as-11.25.22_beefdc82.jpg?resize=525%2C300&ssl=1 1.5x, https:\/\/i0.wp.com\/www.kanenberg.com.br\/familia\/wp-content\/uploads\/2025\/10\/Imagem-do-WhatsApp-de-2024-07-13-as-11.25.22_beefdc82.jpg?resize=700%2C400&ssl=1 2x, https:\/\/i0.wp.com\/www.kanenberg.com.br\/familia\/wp-content\/uploads\/2025\/10\/Imagem-do-WhatsApp-de-2024-07-13-as-11.25.22_beefdc82.jpg?resize=1050%2C600&ssl=1 3x, https:\/\/i0.wp.com\/www.kanenberg.com.br\/familia\/wp-content\/uploads\/2025\/10\/Imagem-do-WhatsApp-de-2024-07-13-as-11.25.22_beefdc82.jpg?resize=1400%2C800&ssl=1 4x"},"classes":[]}],"amp_enabled":true,"jetpack_featured_media_url":"","_links":{"self":[{"href":"https:\/\/www.kanenberg.com.br\/familia\/wp-json\/wp\/v2\/posts\/1069","targetHints":{"allow":["GET"]}}],"collection":[{"href":"https:\/\/www.kanenberg.com.br\/familia\/wp-json\/wp\/v2\/posts"}],"about":[{"href":"https:\/\/www.kanenberg.com.br\/familia\/wp-json\/wp\/v2\/types\/post"}],"author":[{"embeddable":true,"href":"https:\/\/www.kanenberg.com.br\/familia\/wp-json\/wp\/v2\/users\/1"}],"replies":[{"embeddable":true,"href":"https:\/\/www.kanenberg.com.br\/familia\/wp-json\/wp\/v2\/comments?post=1069"}],"version-history":[{"count":2,"href":"https:\/\/www.kanenberg.com.br\/familia\/wp-json\/wp\/v2\/posts\/1069\/revisions"}],"predecessor-version":[{"id":1322,"href":"https:\/\/www.kanenberg.com.br\/familia\/wp-json\/wp\/v2\/posts\/1069\/revisions\/1322"}],"wp:attachment":[{"href":"https:\/\/www.kanenberg.com.br\/familia\/wp-json\/wp\/v2\/media?parent=1069"}],"wp:term":[{"taxonomy":"category","embeddable":true,"href":"https:\/\/www.kanenberg.com.br\/familia\/wp-json\/wp\/v2\/categories?post=1069"},{"taxonomy":"post_tag","embeddable":true,"href":"https:\/\/www.kanenberg.com.br\/familia\/wp-json\/wp\/v2\/tags?post=1069"}],"curies":[{"name":"wp","href":"https:\/\/api.w.org\/{rel}","templated":true}]}}