{"id":100,"date":"2019-01-17T09:45:31","date_gmt":"2019-01-17T11:45:31","guid":{"rendered":"https:\/\/familia.kanenberg.com.br\/?p=100"},"modified":"2026-08-16T12:09:53","modified_gmt":"2026-08-16T15:09:53","slug":"aldeia-boddenberg","status":"publish","type":"post","link":"https:\/\/www.kanenberg.com.br\/familia\/aldeia-boddenberg\/","title":{"rendered":"A aldeia Boddenberg"},"content":{"rendered":"<p style=\"text-align: justify;\">BODDENBERG \u00e9 uma pequena aldeia em Steinb\u00fcchel perto de Neuboddenberg com cerca de 25 casas. A agricultura \u00e9 a atividade predominante da localidade. Um fazendeiro local anuncia seus produtos na entrada da aldeia (vide foto &#8220;Fam Klein&#8221;). O acesso \u00e0 aldeia \u00e9 poss\u00edvel atrav\u00e9s da rua &#8220;Auf den Reien&#8221; da Berliner Stra\u00dfe (B 51). Existem algumas linhas de \u00f4nibus para Neuboddenberg.<\/p>\n<p style=\"text-align: justify;\">Em 1248 era chamado de Budelynberg, depois recebeu os nomes Buttelenberg, Bottlenberg, Bottenberg etc.<\/p>\n<p style=\"text-align: justify;\">V\u00e1rios portadores do nome trouxeram certa fama na cidade:<\/p>\n<ul>\n<li><strong>Fritz Boddenberg<\/strong> (*30\/08\/1906): Representante Distrital de Rhein-Wupper-Kreis<\/li>\n<li><strong>Johannes Boddenberg<\/strong> (JoBo) (*1954 \u20202003): pequeno artista (vide fotos abaixo)<\/li>\n<li><strong>Peter Boddenberg<\/strong> (\u20201904): l\u00edder comunit\u00e1rio em L\u00fctzenkirchen<\/li>\n<li><strong>Robert Boddenberg<\/strong> (*1880 \u20201953): conselheiro de Opladen<\/li>\n<li><strong>Wilhelm Boddenberg<\/strong>: l\u00edder comunit\u00e1rio em L\u00fctzenkirchen<\/li>\n<li><strong>Willi (Wilhelm) Boddenberg<\/strong> (*1911 \u20201958): conselheiro de Opladen<\/li>\n<\/ul>\n<p style=\"text-align: justify;\">A aldeia fica na cidade de Leverkusen.<\/p>\n<p style=\"text-align: justify;\">Leverkusen \u00e9 uma cidade da Alemanha localizada na Ren\u00e2nia do Norte-Vestf\u00e1lia (Nordrhein-Westfalen). A cidade possui uma popula\u00e7\u00e3o de 161,341 (2005) e uma \u00e1rea de 78.85 km\u00b2, sendo conhecida por ser a terra natal do time de futebol alem\u00e3o Bayer 04 Leverkusen e a sede da empresa farmac\u00eautica Bayer.<\/p>\n<p style=\"text-align: justify;\">Leverkusen \u00e9 uma cidade independente (kreisfreie Stadt) ou distrito urbano (Stadtkreis), ou seja, possui estatuto de distrito (Kreis).<\/p>\n<div align=\"center\"><iframe loading=\"lazy\" style=\"border: 0;\" src=\"https:\/\/www.google.com\/maps\/embed?pb=!1m14!1m8!1m3!1d8295.61554308317!2d7.093949!3d51.052105!3m2!1i1024!2i768!4f13.1!3m3!1m2!1s0x47bf2a263c9a9943%3A0xa2760feec69bdb0!2sBoddenberg%2C+51377+Leverkusen%2C+Deutschland!5e1!3m2!1sde!2sbr!4v1547724445765\" width=\"600\" height=\"450\" frameborder=\"0\" allowfullscreen=\"allowfullscreen\"><span data-mce-type=\"bookmark\" style=\"display: inline-block; width: 0px; overflow: hidden; line-height: 0;\" class=\"mce_SELRES_start\">\ufeff<\/span><\/iframe><\/div>\n<figure id=\"attachment_114\" aria-describedby=\"caption-attachment-114\" style=\"width: 300px\" class=\"wp-caption aligncenter\"><img loading=\"lazy\" decoding=\"async\" data-attachment-id=\"114\" data-permalink=\"https:\/\/www.kanenberg.com.br\/familia\/vila_boddenberg_02\/\" data-orig-file=\"https:\/\/www.kanenberg.com.br\/familia\/wp-content\/uploads\/2019\/01\/vila_boddenberg_02.jpg\" data-orig-size=\"287,395\" data-comments-opened=\"1\" data-image-meta=\"{&quot;aperture&quot;:&quot;0&quot;,&quot;credit&quot;:&quot;&quot;,&quot;camera&quot;:&quot;&quot;,&quot;caption&quot;:&quot;&quot;,&quot;created_timestamp&quot;:&quot;0&quot;,&quot;copyright&quot;:&quot;&quot;,&quot;focal_length&quot;:&quot;0&quot;,&quot;iso&quot;:&quot;0&quot;,&quot;shutter_speed&quot;:&quot;0&quot;,&quot;title&quot;:&quot;&quot;,&quot;orientation&quot;:&quot;0&quot;}\" data-image-title=\"Vila Boddenberg &amp;#8211; Berliner Str\" data-image-description=\"\" data-image-caption=\"&lt;p&gt;Vila Boddenberg &amp;#8211; Berliner Str&lt;\/p&gt;\n\" data-large-file=\"https:\/\/www.kanenberg.com.br\/familia\/wp-content\/uploads\/2019\/01\/vila_boddenberg_02.jpg\" class=\"wp-image-114\" src=\"https:\/\/www.kanenberg.com.br\/familia\/wp-content\/uploads\/2019\/01\/vila_boddenberg_02.jpg\" alt=\"Vila Boddenberg - Berliner Str\" width=\"300\" height=\"413\" srcset=\"https:\/\/www.kanenberg.com.br\/familia\/wp-content\/uploads\/2019\/01\/vila_boddenberg_02.jpg 287w, https:\/\/www.kanenberg.com.br\/familia\/wp-content\/uploads\/2019\/01\/vila_boddenberg_02-218x300.jpg 218w\" sizes=\"auto, (max-width: 300px) 100vw, 300px\" \/><figcaption id=\"caption-attachment-114\" class=\"wp-caption-text\">Vila Boddenberg &#8211; Berliner Str<\/figcaption><\/figure>\n<figure id=\"attachment_113\" aria-describedby=\"caption-attachment-113\" style=\"width: 401px\" class=\"wp-caption aligncenter\"><img loading=\"lazy\" decoding=\"async\" data-attachment-id=\"113\" data-permalink=\"https:\/\/www.kanenberg.com.br\/familia\/vila_boddenberg_01\/\" data-orig-file=\"https:\/\/www.kanenberg.com.br\/familia\/wp-content\/uploads\/2019\/01\/vila_boddenberg_01.jpg\" data-orig-size=\"358,261\" data-comments-opened=\"1\" data-image-meta=\"{&quot;aperture&quot;:&quot;0&quot;,&quot;credit&quot;:&quot;&quot;,&quot;camera&quot;:&quot;&quot;,&quot;caption&quot;:&quot;&quot;,&quot;created_timestamp&quot;:&quot;0&quot;,&quot;copyright&quot;:&quot;&quot;,&quot;focal_length&quot;:&quot;0&quot;,&quot;iso&quot;:&quot;0&quot;,&quot;shutter_speed&quot;:&quot;0&quot;,&quot;title&quot;:&quot;&quot;,&quot;orientation&quot;:&quot;0&quot;}\" data-image-title=\"Vila Boddenberg &amp;#8211; Berliner Str\" data-image-description=\"\" data-image-caption=\"&lt;p&gt;Vila Boddenberg &amp;#8211; Berliner Str&lt;\/p&gt;\n\" data-large-file=\"https:\/\/www.kanenberg.com.br\/familia\/wp-content\/uploads\/2019\/01\/vila_boddenberg_01.jpg\" class=\"wp-image-113\" style=\"font-size: 1.0625rem;\" src=\"https:\/\/www.kanenberg.com.br\/familia\/wp-content\/uploads\/2019\/01\/vila_boddenberg_01.jpg\" alt=\"Vila Boddenberg - Berliner Str\" width=\"401\" height=\"292\" srcset=\"https:\/\/www.kanenberg.com.br\/familia\/wp-content\/uploads\/2019\/01\/vila_boddenberg_01.jpg 358w, https:\/\/www.kanenberg.com.br\/familia\/wp-content\/uploads\/2019\/01\/vila_boddenberg_01-300x219.jpg 300w\" sizes=\"auto, (max-width: 401px) 100vw, 401px\" \/><figcaption id=\"caption-attachment-113\" class=\"wp-caption-text\">Vila Boddenberg &#8211; Berliner Str<\/figcaption><\/figure>\n<figure id=\"attachment_110\" aria-describedby=\"caption-attachment-110\" style=\"width: 400px\" class=\"wp-caption aligncenter\"><img loading=\"lazy\" decoding=\"async\" data-attachment-id=\"110\" data-permalink=\"https:\/\/www.kanenberg.com.br\/familia\/vila_boddenberg_09\/\" data-orig-file=\"https:\/\/www.kanenberg.com.br\/familia\/wp-content\/uploads\/2019\/01\/vila_boddenberg_09.jpg\" data-orig-size=\"422,288\" data-comments-opened=\"1\" data-image-meta=\"{&quot;aperture&quot;:&quot;0&quot;,&quot;credit&quot;:&quot;&quot;,&quot;camera&quot;:&quot;&quot;,&quot;caption&quot;:&quot;&quot;,&quot;created_timestamp&quot;:&quot;0&quot;,&quot;copyright&quot;:&quot;&quot;,&quot;focal_length&quot;:&quot;0&quot;,&quot;iso&quot;:&quot;0&quot;,&quot;shutter_speed&quot;:&quot;0&quot;,&quot;title&quot;:&quot;&quot;,&quot;orientation&quot;:&quot;0&quot;}\" data-image-title=\"Vila Boddenberg\" data-image-description=\"\" data-image-caption=\"&lt;p&gt;Vila Boddenberg&lt;\/p&gt;\n\" data-large-file=\"https:\/\/www.kanenberg.com.br\/familia\/wp-content\/uploads\/2019\/01\/vila_boddenberg_09.jpg\" class=\"wp-image-110\" src=\"https:\/\/www.kanenberg.com.br\/familia\/wp-content\/uploads\/2019\/01\/vila_boddenberg_09.jpg\" alt=\"Vila Boddenberg\" width=\"400\" height=\"273\" srcset=\"https:\/\/www.kanenberg.com.br\/familia\/wp-content\/uploads\/2019\/01\/vila_boddenberg_09.jpg 422w, https:\/\/www.kanenberg.com.br\/familia\/wp-content\/uploads\/2019\/01\/vila_boddenberg_09-300x205.jpg 300w\" sizes=\"auto, (max-width: 400px) 100vw, 400px\" \/><figcaption id=\"caption-attachment-110\" class=\"wp-caption-text\">Vila Boddenberg<\/figcaption><\/figure>\n<figure id=\"attachment_109\" aria-describedby=\"caption-attachment-109\" style=\"width: 400px\" class=\"wp-caption aligncenter\"><img loading=\"lazy\" decoding=\"async\" data-attachment-id=\"109\" data-permalink=\"https:\/\/www.kanenberg.com.br\/familia\/vila_boddenberg_08\/\" data-orig-file=\"https:\/\/www.kanenberg.com.br\/familia\/wp-content\/uploads\/2019\/01\/vila_boddenberg_08.jpg\" data-orig-size=\"414,286\" data-comments-opened=\"1\" data-image-meta=\"{&quot;aperture&quot;:&quot;0&quot;,&quot;credit&quot;:&quot;&quot;,&quot;camera&quot;:&quot;&quot;,&quot;caption&quot;:&quot;&quot;,&quot;created_timestamp&quot;:&quot;0&quot;,&quot;copyright&quot;:&quot;&quot;,&quot;focal_length&quot;:&quot;0&quot;,&quot;iso&quot;:&quot;0&quot;,&quot;shutter_speed&quot;:&quot;0&quot;,&quot;title&quot;:&quot;&quot;,&quot;orientation&quot;:&quot;0&quot;}\" data-image-title=\"Vila Boddenberg &amp;#8211; Fam. Klein\" data-image-description=\"\" data-image-caption=\"&lt;p&gt;Vila Boddenberg &amp;#8211; Fam. Klein &amp;#8211; Rind. und Schweinefleisch aus eig. Erzeugung&lt;\/p&gt;\n\" data-large-file=\"https:\/\/www.kanenberg.com.br\/familia\/wp-content\/uploads\/2019\/01\/vila_boddenberg_08.jpg\" class=\"wp-image-109\" src=\"https:\/\/www.kanenberg.com.br\/familia\/wp-content\/uploads\/2019\/01\/vila_boddenberg_08.jpg\" alt=\"Vila Boddenberg - Fam. Klein\" width=\"400\" height=\"276\" srcset=\"https:\/\/www.kanenberg.com.br\/familia\/wp-content\/uploads\/2019\/01\/vila_boddenberg_08.jpg 414w, https:\/\/www.kanenberg.com.br\/familia\/wp-content\/uploads\/2019\/01\/vila_boddenberg_08-300x207.jpg 300w\" sizes=\"auto, (max-width: 400px) 100vw, 400px\" \/><figcaption id=\"caption-attachment-109\" class=\"wp-caption-text\">Vila Boddenberg &#8211; Fam. Klein<\/figcaption><\/figure>\n<figure id=\"attachment_108\" aria-describedby=\"caption-attachment-108\" style=\"width: 400px\" class=\"wp-caption aligncenter\"><img loading=\"lazy\" decoding=\"async\" data-attachment-id=\"108\" data-permalink=\"https:\/\/www.kanenberg.com.br\/familia\/vila_boddenberg_07\/\" data-orig-file=\"https:\/\/www.kanenberg.com.br\/familia\/wp-content\/uploads\/2019\/01\/vila_boddenberg_07.jpg\" data-orig-size=\"398,269\" data-comments-opened=\"1\" data-image-meta=\"{&quot;aperture&quot;:&quot;0&quot;,&quot;credit&quot;:&quot;&quot;,&quot;camera&quot;:&quot;&quot;,&quot;caption&quot;:&quot;&quot;,&quot;created_timestamp&quot;:&quot;0&quot;,&quot;copyright&quot;:&quot;&quot;,&quot;focal_length&quot;:&quot;0&quot;,&quot;iso&quot;:&quot;0&quot;,&quot;shutter_speed&quot;:&quot;0&quot;,&quot;title&quot;:&quot;&quot;,&quot;orientation&quot;:&quot;0&quot;}\" data-image-title=\"Vila Boddenberg &amp;#8211; Auf den Reien\" data-image-description=\"\" data-image-caption=\"&lt;p&gt;Vila Boddenberg &amp;#8211; Auf den Reien&lt;\/p&gt;\n\" data-large-file=\"https:\/\/www.kanenberg.com.br\/familia\/wp-content\/uploads\/2019\/01\/vila_boddenberg_07.jpg\" class=\"wp-image-108\" src=\"https:\/\/www.kanenberg.com.br\/familia\/wp-content\/uploads\/2019\/01\/vila_boddenberg_07.jpg\" alt=\"Vila Boddenberg - Auf den Reien\" width=\"400\" height=\"270\" srcset=\"https:\/\/www.kanenberg.com.br\/familia\/wp-content\/uploads\/2019\/01\/vila_boddenberg_07.jpg 398w, https:\/\/www.kanenberg.com.br\/familia\/wp-content\/uploads\/2019\/01\/vila_boddenberg_07-300x203.jpg 300w, https:\/\/www.kanenberg.com.br\/familia\/wp-content\/uploads\/2019\/01\/vila_boddenberg_07-120x80.jpg 120w\" sizes=\"auto, (max-width: 400px) 100vw, 400px\" \/><figcaption id=\"caption-attachment-108\" class=\"wp-caption-text\">Vila Boddenberg &#8211; Auf den Reien<\/figcaption><\/figure>\n<figure id=\"attachment_107\" aria-describedby=\"caption-attachment-107\" style=\"width: 400px\" class=\"wp-caption aligncenter\"><img loading=\"lazy\" decoding=\"async\" data-attachment-id=\"107\" data-permalink=\"https:\/\/www.kanenberg.com.br\/familia\/vila_boddenberg_06\/\" data-orig-file=\"https:\/\/www.kanenberg.com.br\/familia\/wp-content\/uploads\/2019\/01\/vila_boddenberg_06.jpg\" data-orig-size=\"403,276\" data-comments-opened=\"1\" data-image-meta=\"{&quot;aperture&quot;:&quot;0&quot;,&quot;credit&quot;:&quot;&quot;,&quot;camera&quot;:&quot;&quot;,&quot;caption&quot;:&quot;&quot;,&quot;created_timestamp&quot;:&quot;0&quot;,&quot;copyright&quot;:&quot;&quot;,&quot;focal_length&quot;:&quot;0&quot;,&quot;iso&quot;:&quot;0&quot;,&quot;shutter_speed&quot;:&quot;0&quot;,&quot;title&quot;:&quot;&quot;,&quot;orientation&quot;:&quot;0&quot;}\" data-image-title=\"Vila Boddenberg &amp;#8211; Berliner Str\" data-image-description=\"\" data-image-caption=\"&lt;p&gt;Vila Boddenberg &amp;#8211; Berliner Str&lt;\/p&gt;\n\" data-large-file=\"https:\/\/www.kanenberg.com.br\/familia\/wp-content\/uploads\/2019\/01\/vila_boddenberg_06.jpg\" class=\"wp-image-107\" src=\"https:\/\/www.kanenberg.com.br\/familia\/wp-content\/uploads\/2019\/01\/vila_boddenberg_06.jpg\" alt=\"Vila Boddenberg - Berliner Str\" width=\"400\" height=\"274\" srcset=\"https:\/\/www.kanenberg.com.br\/familia\/wp-content\/uploads\/2019\/01\/vila_boddenberg_06.jpg 403w, https:\/\/www.kanenberg.com.br\/familia\/wp-content\/uploads\/2019\/01\/vila_boddenberg_06-300x205.jpg 300w\" sizes=\"auto, (max-width: 400px) 100vw, 400px\" \/><figcaption id=\"caption-attachment-107\" class=\"wp-caption-text\">Vila Boddenberg &#8211; Berliner Str<\/figcaption><\/figure>\n<figure id=\"attachment_106\" aria-describedby=\"caption-attachment-106\" style=\"width: 400px\" class=\"wp-caption aligncenter\"><img loading=\"lazy\" decoding=\"async\" data-attachment-id=\"106\" data-permalink=\"https:\/\/www.kanenberg.com.br\/familia\/vila_boddenberg_05\/\" data-orig-file=\"https:\/\/www.kanenberg.com.br\/familia\/wp-content\/uploads\/2019\/01\/vila_boddenberg_05.jpg\" data-orig-size=\"424,289\" data-comments-opened=\"1\" data-image-meta=\"{&quot;aperture&quot;:&quot;0&quot;,&quot;credit&quot;:&quot;&quot;,&quot;camera&quot;:&quot;&quot;,&quot;caption&quot;:&quot;&quot;,&quot;created_timestamp&quot;:&quot;0&quot;,&quot;copyright&quot;:&quot;&quot;,&quot;focal_length&quot;:&quot;0&quot;,&quot;iso&quot;:&quot;0&quot;,&quot;shutter_speed&quot;:&quot;0&quot;,&quot;title&quot;:&quot;&quot;,&quot;orientation&quot;:&quot;0&quot;}\" data-image-title=\"Vila Boddenberg\" data-image-description=\"\" data-image-caption=\"&lt;p&gt;Vila Boddenberg&lt;\/p&gt;\n\" data-large-file=\"https:\/\/www.kanenberg.com.br\/familia\/wp-content\/uploads\/2019\/01\/vila_boddenberg_05.jpg\" class=\"wp-image-106\" src=\"https:\/\/www.kanenberg.com.br\/familia\/wp-content\/uploads\/2019\/01\/vila_boddenberg_05.jpg\" alt=\"Vila Boddenberg\" width=\"400\" height=\"273\" srcset=\"https:\/\/www.kanenberg.com.br\/familia\/wp-content\/uploads\/2019\/01\/vila_boddenberg_05.jpg 424w, https:\/\/www.kanenberg.com.br\/familia\/wp-content\/uploads\/2019\/01\/vila_boddenberg_05-300x204.jpg 300w\" sizes=\"auto, (max-width: 400px) 100vw, 400px\" \/><figcaption id=\"caption-attachment-106\" class=\"wp-caption-text\">Vila Boddenberg<\/figcaption><\/figure>\n<figure id=\"attachment_104\" aria-describedby=\"caption-attachment-104\" style=\"width: 400px\" class=\"wp-caption aligncenter\"><img loading=\"lazy\" decoding=\"async\" data-attachment-id=\"104\" data-permalink=\"https:\/\/www.kanenberg.com.br\/familia\/vila_boddenberg_03\/\" data-orig-file=\"https:\/\/www.kanenberg.com.br\/familia\/wp-content\/uploads\/2019\/01\/vila_boddenberg_03.jpg\" data-orig-size=\"403,290\" data-comments-opened=\"1\" data-image-meta=\"{&quot;aperture&quot;:&quot;0&quot;,&quot;credit&quot;:&quot;&quot;,&quot;camera&quot;:&quot;&quot;,&quot;caption&quot;:&quot;&quot;,&quot;created_timestamp&quot;:&quot;0&quot;,&quot;copyright&quot;:&quot;&quot;,&quot;focal_length&quot;:&quot;0&quot;,&quot;iso&quot;:&quot;0&quot;,&quot;shutter_speed&quot;:&quot;0&quot;,&quot;title&quot;:&quot;&quot;,&quot;orientation&quot;:&quot;0&quot;}\" data-image-title=\"Vila Boddenberg\" data-image-description=\"\" data-image-caption=\"&lt;p&gt;Vila Boddenberg&lt;\/p&gt;\n\" data-large-file=\"https:\/\/www.kanenberg.com.br\/familia\/wp-content\/uploads\/2019\/01\/vila_boddenberg_03.jpg\" class=\"wp-image-104\" src=\"https:\/\/www.kanenberg.com.br\/familia\/wp-content\/uploads\/2019\/01\/vila_boddenberg_03.jpg\" alt=\"Vila Boddenberg\" width=\"400\" height=\"288\" srcset=\"https:\/\/www.kanenberg.com.br\/familia\/wp-content\/uploads\/2019\/01\/vila_boddenberg_03.jpg 403w, https:\/\/www.kanenberg.com.br\/familia\/wp-content\/uploads\/2019\/01\/vila_boddenberg_03-300x216.jpg 300w\" sizes=\"auto, (max-width: 400px) 100vw, 400px\" \/><figcaption id=\"caption-attachment-104\" class=\"wp-caption-text\">Vila Boddenberg<\/figcaption><\/figure>\n<figure id=\"attachment_105\" aria-describedby=\"caption-attachment-105\" style=\"width: 400px\" class=\"wp-caption aligncenter\"><img loading=\"lazy\" decoding=\"async\" data-attachment-id=\"105\" data-permalink=\"https:\/\/www.kanenberg.com.br\/familia\/vila_boddenberg_04\/\" data-orig-file=\"https:\/\/www.kanenberg.com.br\/familia\/wp-content\/uploads\/2019\/01\/vila_boddenberg_04.jpg\" data-orig-size=\"400,271\" data-comments-opened=\"1\" data-image-meta=\"{&quot;aperture&quot;:&quot;0&quot;,&quot;credit&quot;:&quot;&quot;,&quot;camera&quot;:&quot;&quot;,&quot;caption&quot;:&quot;&quot;,&quot;created_timestamp&quot;:&quot;0&quot;,&quot;copyright&quot;:&quot;&quot;,&quot;focal_length&quot;:&quot;0&quot;,&quot;iso&quot;:&quot;0&quot;,&quot;shutter_speed&quot;:&quot;0&quot;,&quot;title&quot;:&quot;&quot;,&quot;orientation&quot;:&quot;0&quot;}\" data-image-title=\"Vila Boddenberg\" data-image-description=\"\" data-image-caption=\"&lt;p&gt;Vila Boddenberg&lt;\/p&gt;\n\" data-large-file=\"https:\/\/www.kanenberg.com.br\/familia\/wp-content\/uploads\/2019\/01\/vila_boddenberg_04.jpg\" class=\"wp-image-105\" src=\"https:\/\/www.kanenberg.com.br\/familia\/wp-content\/uploads\/2019\/01\/vila_boddenberg_04.jpg\" alt=\"Vila Boddenberg\" width=\"400\" height=\"271\" srcset=\"https:\/\/www.kanenberg.com.br\/familia\/wp-content\/uploads\/2019\/01\/vila_boddenberg_04.jpg 400w, https:\/\/www.kanenberg.com.br\/familia\/wp-content\/uploads\/2019\/01\/vila_boddenberg_04-300x203.jpg 300w, https:\/\/www.kanenberg.com.br\/familia\/wp-content\/uploads\/2019\/01\/vila_boddenberg_04-120x80.jpg 120w\" sizes=\"auto, (max-width: 400px) 100vw, 400px\" \/><figcaption id=\"caption-attachment-105\" class=\"wp-caption-text\">Vila Boddenberg<\/figcaption><\/figure>\n<figure id=\"attachment_111\" aria-describedby=\"caption-attachment-111\" style=\"width: 400px\" class=\"wp-caption aligncenter\"><img loading=\"lazy\" decoding=\"async\" data-attachment-id=\"111\" data-permalink=\"https:\/\/www.kanenberg.com.br\/familia\/vila_boddenberg_10\/\" data-orig-file=\"https:\/\/www.kanenberg.com.br\/familia\/wp-content\/uploads\/2019\/01\/vila_boddenberg_10.jpg\" data-orig-size=\"452,522\" data-comments-opened=\"1\" data-image-meta=\"{&quot;aperture&quot;:&quot;0&quot;,&quot;credit&quot;:&quot;&quot;,&quot;camera&quot;:&quot;&quot;,&quot;caption&quot;:&quot;&quot;,&quot;created_timestamp&quot;:&quot;0&quot;,&quot;copyright&quot;:&quot;&quot;,&quot;focal_length&quot;:&quot;0&quot;,&quot;iso&quot;:&quot;0&quot;,&quot;shutter_speed&quot;:&quot;0&quot;,&quot;title&quot;:&quot;&quot;,&quot;orientation&quot;:&quot;0&quot;}\" data-image-title=\"Bras\u00e3o de Leverkusen\" data-image-description=\"\" data-image-caption=\"&lt;p&gt;Bras\u00e3o de Leverkusen &amp;#8211; Note que o bras\u00e3o tem bastante semelhan\u00e7a com o atribu\u00eddo \u00e0 fam\u00edlia Boddenberg&lt;\/p&gt;\n\" data-large-file=\"https:\/\/www.kanenberg.com.br\/familia\/wp-content\/uploads\/2019\/01\/vila_boddenberg_10.jpg\" class=\"wp-image-111\" src=\"https:\/\/www.kanenberg.com.br\/familia\/wp-content\/uploads\/2019\/01\/vila_boddenberg_10.jpg\" alt=\"Bras\u00e3o de Leverkusen\" width=\"400\" height=\"462\" srcset=\"https:\/\/www.kanenberg.com.br\/familia\/wp-content\/uploads\/2019\/01\/vila_boddenberg_10.jpg 452w, https:\/\/www.kanenberg.com.br\/familia\/wp-content\/uploads\/2019\/01\/vila_boddenberg_10-260x300.jpg 260w\" sizes=\"auto, (max-width: 400px) 100vw, 400px\" \/><figcaption id=\"caption-attachment-111\" class=\"wp-caption-text\">Bras\u00e3o de Leverkusen<\/figcaption><\/figure>\n<figure id=\"attachment_112\" aria-describedby=\"caption-attachment-112\" style=\"width: 400px\" class=\"wp-caption aligncenter\"><img loading=\"lazy\" decoding=\"async\" data-attachment-id=\"112\" data-permalink=\"https:\/\/www.kanenberg.com.br\/familia\/vila_boddenberg_11\/\" data-orig-file=\"https:\/\/www.kanenberg.com.br\/familia\/wp-content\/uploads\/2019\/01\/vila_boddenberg_11.jpg\" data-orig-size=\"530,800\" data-comments-opened=\"1\" data-image-meta=\"{&quot;aperture&quot;:&quot;0&quot;,&quot;credit&quot;:&quot;&quot;,&quot;camera&quot;:&quot;&quot;,&quot;caption&quot;:&quot;&quot;,&quot;created_timestamp&quot;:&quot;0&quot;,&quot;copyright&quot;:&quot;&quot;,&quot;focal_length&quot;:&quot;0&quot;,&quot;iso&quot;:&quot;0&quot;,&quot;shutter_speed&quot;:&quot;0&quot;,&quot;title&quot;:&quot;&quot;,&quot;orientation&quot;:&quot;0&quot;}\" data-image-title=\"L\u00e1pide de Johann Boddenberg\" data-image-description=\"\" data-image-caption=\"&lt;p&gt;L\u00e1pide de Johann Boddenberg no Cemit\u00e9rio Quettingen&lt;\/p&gt;\n\" data-large-file=\"https:\/\/www.kanenberg.com.br\/familia\/wp-content\/uploads\/2019\/01\/vila_boddenberg_11.jpg\" class=\"wp-image-112\" src=\"https:\/\/www.kanenberg.com.br\/familia\/wp-content\/uploads\/2019\/01\/vila_boddenberg_11.jpg\" alt=\"L\u00e1pide de Johann Boddenberg no Cemit\u00e9rio Quettingen\" width=\"400\" height=\"604\" srcset=\"https:\/\/www.kanenberg.com.br\/familia\/wp-content\/uploads\/2019\/01\/vila_boddenberg_11.jpg 530w, https:\/\/www.kanenberg.com.br\/familia\/wp-content\/uploads\/2019\/01\/vila_boddenberg_11-199x300.jpg 199w\" sizes=\"auto, (max-width: 400px) 100vw, 400px\" \/><figcaption id=\"caption-attachment-112\" class=\"wp-caption-text\">L\u00e1pide de Johann Boddenberg no Cemit\u00e9rio Quettingen<\/figcaption><\/figure>\n","protected":false},"excerpt":{"rendered":"<p>BODDENBERG \u00e9 uma pequena aldeia em Steinb\u00fcchel perto de Neuboddenberg com cerca de 25 casas. A agricultura \u00e9 a atividade predominante da localidade.<\/p>\n","protected":false},"author":1,"featured_media":0,"comment_status":"open","ping_status":"open","sticky":false,"template":"","format":"standard","meta":{"_exactmetrics_skip_tracking":false,"_jetpack_newsletter_access":"","_jetpack_dont_email_post_to_subs":false,"_jetpack_newsletter_tier_id":0,"_jetpack_memberships_contains_paywalled_content":false,"_jetpack_feature_clip_id":0,"_jetpack_memberships_contains_paid_content":false,"footnotes":"","jetpack_publicize_message":"","jetpack_publicize_feature_enabled":true,"jetpack_social_post_already_shared":false,"jetpack_social_options":{"image_generator_settings":{"template":"highway","default_image_id":0,"font":"","enabled":false},"version":2},"jetpack_post_was_ever_published":false},"categories":[12,11],"tags":[14,13,15],"class_list":["post-100","post","type-post","status-publish","format-standard","hentry","category-boddenberg","category-curiosidades","tag-alemanha","tag-boddenberg","tag-renania"],"jetpack_publicize_connections":[],"jetpack_sharing_enabled":true,"jetpack_shortlink":"https:\/\/wp.me\/paCYDp-1C","jetpack_likes_enabled":true,"jetpack-related-posts":[{"id":163,"url":"https:\/\/www.kanenberg.com.br\/familia\/fotos-boddenberg-leverkusen-renania\/","url_meta":{"origin":100,"position":0},"title":"Boddenberg, Leverkusen, Ren\u00e2nia do Norte-Vestf\u00e1lia","author":"admin","date":"22 de janeiro de 2019","format":false,"excerpt":"Fotos da aldeia Boddenberg na cidade de Leverkusen na Ren\u00e2nia do Norte-Vestf\u00e1lia.","rel":"","context":"Em &quot;Fotos&quot;","block_context":{"text":"Fotos","link":"https:\/\/www.kanenberg.com.br\/familia\/category\/galerias\/fotos\/"},"img":{"alt_text":"Vila Boddenberg","src":"https:\/\/i0.wp.com\/www.kanenberg.com.br\/familia\/wp-content\/uploads\/2019\/01\/vila_boddenberg_04-300x203.jpg?resize=350%2C200&ssl=1","width":350,"height":200},"classes":[]},{"id":795,"url":"https:\/\/www.kanenberg.com.br\/familia\/romberg-robert-boddenberg\/","url_meta":{"origin":100,"position":1},"title":"Romberg &#8211; Terra natal de Robert Boddenberg","author":"admin","date":"23 de setembro de 2019","format":false,"excerpt":"Romberg \u00e9 uma aldeia na cidade de Waldbr\u00f6l, no Oberbergischer Kreis (distrito), no sul da Ren\u00e2nia do Norte-Vestf\u00e1lia (Alemanha), no distrito administrativo de Col\u00f4nia.","rel":"","context":"Em &quot;Alemanha&quot;","block_context":{"text":"Alemanha","link":"https:\/\/www.kanenberg.com.br\/familia\/category\/lugares\/alemanha\/"},"img":{"alt_text":"Romberg - Leverkusen","src":"https:\/\/i0.wp.com\/www.kanenberg.com.br\/familia\/wp-content\/uploads\/2019\/09\/romberg_leverkusen_03.jpg?resize=350%2C200&ssl=1","width":350,"height":200},"classes":[]},{"id":742,"url":"https:\/\/www.kanenberg.com.br\/familia\/boddenberg-bottenberg\/","url_meta":{"origin":100,"position":2},"title":"Boddenberg, Bottenberg ou Buttenberg?","author":"admin","date":"26 de mar\u00e7o de 2019","format":false,"excerpt":"Verificando a \u00e1rvore geneal\u00f3gica da fam\u00edlia Boddenberg (assim foi usado no sobrenome dos ancestrais mais antigos), observa-se muta\u00e7\u00f5es no decorrer de determinadas gera\u00e7\u00f5es para outras varia\u00e7\u00f5es como Bottenberg, Bottemberg ou at\u00e9 mesmo Buttenberg.","rel":"","context":"Em &quot;Boddenberg&quot;","block_context":{"text":"Boddenberg","link":"https:\/\/www.kanenberg.com.br\/familia\/category\/familias\/boddenberg\/"},"img":{"alt_text":"\u00d3bito - Alfonso Boddenberg","src":"https:\/\/i0.wp.com\/www.kanenberg.com.br\/familia\/wp-content\/uploads\/2019\/03\/obito_alfonso_boddenberg.jpg?resize=350%2C200&ssl=1","width":350,"height":200,"srcset":"https:\/\/i0.wp.com\/www.kanenberg.com.br\/familia\/wp-content\/uploads\/2019\/03\/obito_alfonso_boddenberg.jpg?resize=350%2C200&ssl=1 1x, https:\/\/i0.wp.com\/www.kanenberg.com.br\/familia\/wp-content\/uploads\/2019\/03\/obito_alfonso_boddenberg.jpg?resize=525%2C300&ssl=1 1.5x, https:\/\/i0.wp.com\/www.kanenberg.com.br\/familia\/wp-content\/uploads\/2019\/03\/obito_alfonso_boddenberg.jpg?resize=700%2C400&ssl=1 2x, https:\/\/i0.wp.com\/www.kanenberg.com.br\/familia\/wp-content\/uploads\/2019\/03\/obito_alfonso_boddenberg.jpg?resize=1050%2C600&ssl=1 3x"},"classes":[]},{"id":644,"url":"https:\/\/www.kanenberg.com.br\/familia\/otto-boddenberg-movimento-forense\/","url_meta":{"origin":100,"position":3},"title":"Otto Boddenberg &#8211; Movimento forense","author":"admin","date":"6 de mar\u00e7o de 2019","format":false,"excerpt":"Consta publicado na edi\u00e7\u00e3o de n\u00ba 32 do Jornal Republica de Florian\u00f3polis, p\u00e1gina 2, do dia 6 de novembro de 1918 um despacho do Governador do Estado de Santa Catarina, assignando concess\u00f5es de terras para Ricardo Thomsen de Blumenau.","rel":"","context":"Em &quot;Blumenau&quot;","block_context":{"text":"Blumenau","link":"https:\/\/www.kanenberg.com.br\/familia\/category\/lugares\/brasil\/blumenau\/"},"img":{"alt_text":"Gazeta do Commercio - Movimento Forense - Otto Boddenberg","src":"https:\/\/i0.wp.com\/www.kanenberg.com.br\/familia\/wp-content\/uploads\/2019\/03\/gazeta_otto_boddenberg.jpg?resize=350%2C200&ssl=1","width":350,"height":200,"srcset":"https:\/\/i0.wp.com\/www.kanenberg.com.br\/familia\/wp-content\/uploads\/2019\/03\/gazeta_otto_boddenberg.jpg?resize=350%2C200&ssl=1 1x, https:\/\/i0.wp.com\/www.kanenberg.com.br\/familia\/wp-content\/uploads\/2019\/03\/gazeta_otto_boddenberg.jpg?resize=525%2C300&ssl=1 1.5x, https:\/\/i0.wp.com\/www.kanenberg.com.br\/familia\/wp-content\/uploads\/2019\/03\/gazeta_otto_boddenberg.jpg?resize=700%2C400&ssl=1 2x, https:\/\/i0.wp.com\/www.kanenberg.com.br\/familia\/wp-content\/uploads\/2019\/03\/gazeta_otto_boddenberg.jpg?resize=1050%2C600&ssl=1 3x"},"classes":[]},{"id":1294,"url":"https:\/\/www.kanenberg.com.br\/familia\/sobrenome-boddenberg\/","url_meta":{"origin":100,"position":4},"title":"A origem e o significado do sobrenome Boddenberg","author":"admin","date":"16 de agosto de 2026","format":false,"excerpt":"O sobrenome Boddenberg \u00e9 de origem germ\u00e2nica, sendo um patron\u00edmico\/topon\u00edmico composto que combina uma raiz ligada a um nome pr\u00f3prio germ\u00e2nico antigo (como Bodo ou Botello) com o sufixo -berg (que significa \"montanha\" ou \"monte\" em alem\u00e3o).","rel":"","context":"Em &quot;Boddenberg&quot;","block_context":{"text":"Boddenberg","link":"https:\/\/www.kanenberg.com.br\/familia\/category\/familias\/boddenberg\/"},"img":{"alt_text":"Bras\u00e3o Boddenberg","src":"https:\/\/i0.wp.com\/www.kanenberg.com.br\/familia\/wp-content\/uploads\/2026\/08\/brasao.jpg?resize=350%2C200&ssl=1","width":350,"height":200},"classes":[]},{"id":508,"url":"https:\/\/www.kanenberg.com.br\/familia\/memorial-de-imagens\/","url_meta":{"origin":100,"position":5},"title":"Memorial de imagens","author":"admin","date":"6 de mar\u00e7o de 2019","format":false,"excerpt":"Seguem fotos de ancestrais de diversas as fam\u00edlias em especial daqueles que j\u00e1 faleceram e deixaram saudades, registros fotogr\u00e1ficos de locais e outros. A maioria destas fotos foram fornecidas por descendentes. Agradecimentos especiais a todos que colaboraram com este acervo. Por uma quest\u00e3o de privacidade algumas pessoas ainda vivas n\u00e3o\u2026","rel":"","context":"Em &quot;Fotos&quot;","block_context":{"text":"Fotos","link":"https:\/\/www.kanenberg.com.br\/familia\/category\/galerias\/fotos\/"},"img":{"alt_text":"Wiland Heinz","src":"https:\/\/i0.wp.com\/www.kanenberg.com.br\/familia\/wp-content\/uploads\/2019\/03\/50818518_556950134805102_3493803239273398272_o-e1551886008977.jpg?resize=350%2C200&ssl=1","width":350,"height":200,"srcset":"https:\/\/i0.wp.com\/www.kanenberg.com.br\/familia\/wp-content\/uploads\/2019\/03\/50818518_556950134805102_3493803239273398272_o-e1551886008977.jpg?resize=350%2C200&ssl=1 1x, https:\/\/i0.wp.com\/www.kanenberg.com.br\/familia\/wp-content\/uploads\/2019\/03\/50818518_556950134805102_3493803239273398272_o-e1551886008977.jpg?resize=525%2C300&ssl=1 1.5x, https:\/\/i0.wp.com\/www.kanenberg.com.br\/familia\/wp-content\/uploads\/2019\/03\/50818518_556950134805102_3493803239273398272_o-e1551886008977.jpg?resize=700%2C400&ssl=1 2x"},"classes":[]}],"amp_enabled":true,"jetpack_featured_media_url":"","_links":{"self":[{"href":"https:\/\/www.kanenberg.com.br\/familia\/wp-json\/wp\/v2\/posts\/100","targetHints":{"allow":["GET"]}}],"collection":[{"href":"https:\/\/www.kanenberg.com.br\/familia\/wp-json\/wp\/v2\/posts"}],"about":[{"href":"https:\/\/www.kanenberg.com.br\/familia\/wp-json\/wp\/v2\/types\/post"}],"author":[{"embeddable":true,"href":"https:\/\/www.kanenberg.com.br\/familia\/wp-json\/wp\/v2\/users\/1"}],"replies":[{"embeddable":true,"href":"https:\/\/www.kanenberg.com.br\/familia\/wp-json\/wp\/v2\/comments?post=100"}],"version-history":[{"count":4,"href":"https:\/\/www.kanenberg.com.br\/familia\/wp-json\/wp\/v2\/posts\/100\/revisions"}],"predecessor-version":[{"id":1299,"href":"https:\/\/www.kanenberg.com.br\/familia\/wp-json\/wp\/v2\/posts\/100\/revisions\/1299"}],"wp:attachment":[{"href":"https:\/\/www.kanenberg.com.br\/familia\/wp-json\/wp\/v2\/media?parent=100"}],"wp:term":[{"taxonomy":"category","embeddable":true,"href":"https:\/\/www.kanenberg.com.br\/familia\/wp-json\/wp\/v2\/categories?post=100"},{"taxonomy":"post_tag","embeddable":true,"href":"https:\/\/www.kanenberg.com.br\/familia\/wp-json\/wp\/v2\/tags?post=100"}],"curies":[{"name":"wp","href":"https:\/\/api.w.org\/{rel}","templated":true}]}}